{"id":65325,"date":"2022-09-19T10:22:42","date_gmt":"2022-09-19T15:22:42","guid":{"rendered":"https:\/\/www.grieta.org.mx\/?p=65325"},"modified":"2022-09-26T10:26:43","modified_gmt":"2022-09-26T15:26:43","slug":"ocupan-56-militares-cargos-de-alto-nivel-en-seguridad-publica","status":"publish","type":"post","link":"https:\/\/www.grieta.org.mx\/index.php\/2022\/09\/19\/ocupan-56-militares-cargos-de-alto-nivel-en-seguridad-publica\/","title":{"rendered":"Ocupan 56 militares cargos de alto nivel en seguridad p\u00fablica"},"content":{"rendered":"<p>Maritza P\u00e9rez\/El Economista<br \/>\n19 septiembre 2022<\/p>\n<blockquote><p>Que la Guardia Nacional forme parte de la Sedena fue un acto ilegal y fuera del marco constitucional, dijeron especialistas.<\/p><\/blockquote>\n<p>El proceso de militarizaci\u00f3n que lleva a cabo el presidente Andr\u00e9s Manuel L\u00f3pez Obrador, adem\u00e1s de ser un riesgo para la seguridad mexicana, pone en peligro las libertades, los derechos, la democracia, y legitimidad de las Fuerzas Armadas, advirtieron especialistas.<\/p>\n<p>Al participar en la mesa redonda sobre la Guardia Nacional: Militarizaci\u00f3n de la seguridad en M\u00e9xico, realizada por el Instituto M\u00e9xico del Centro Woodrow Wilson, Mar\u00eda Elena Morera, presidenta de Causa en Com\u00fan consider\u00f3 que actualmente M\u00e9xico est\u00e1 entrando en un proceso de militarismo que se ha ido construyendo a lo largo de este sexenio en dos niveles; primero, a nivel federal cuando cre\u00f3 la Guardia Nacional, la cual adquiri\u00f3 las 43 funciones que ten\u00eda la Polic\u00eda Federal, sin que esta se convirtiera en una instituci\u00f3n civil lo que, dijo, \u201crealmente fue un fraude a la Constituci\u00f3n\u201d.<\/p>\n<p>Por otro lado, explic\u00f3 que este proceso de militarizaci\u00f3n tambi\u00e9n se ha dado a nivel local, ya que se ha identificado que al menos 56 militares est\u00e1n ocupando cargos de alto nivel en secretar\u00edas de Seguridad P\u00fablica , tanto estatales como municipales, lo cual, es muestra de que estas instituciones est\u00e1n adquiriendo una cultura castrense y perdiendo las capacidades propias de una polic\u00eda.<\/p>\n<p>En este contexto, la experta tambi\u00e9n resalt\u00f3 que debido a las 150 responsabilidades civiles que el presidente le ha otorgado a las Fuerzas Armadas, entre construcci\u00f3n de obra p\u00fablica y control de aeropuertos y aduanas, \u00e9stas cuentan con un mayor control sobre el poder civil de lo que ten\u00edan en a\u00f1os anteriores.<\/p>\n<p>Las implicaciones, de expandir el poder de las Fuerzas Armadas sobre las fuerzas civiles, van desde que no mejore la seguridad p\u00fablica; el aumento de las violaciones a los derechos humanos, hasta la falta de transparencia, entre otras.<\/p>\n<p><a href=\"https:\/\/www.eleconomista.com.mx\/politica\/Ocupan-56-militares-cargos-de-alto-nivel-en-seguridad-publica-20220919-0159.html?utm_source=pocket_mylist\" rel=\"noopener\" target=\"_blank\">https:\/\/www.eleconomista.com.mx\/politica\/Ocupan-56-militares-cargos-de-alto-nivel-en-seguridad-publica-20220919-0159.html?utm_source=pocket_mylist<\/a><\/p>\n","protected":false},"excerpt":{"rendered":"<p>Maritza P\u00e9rez\/El Economista 19 septiembre 2022 Que la Guardia Nacional forme parte de la Sedena fue un acto ilegal y fuera del marco constitucional, dijeron especialistas. El proceso de militarizaci\u00f3n &hellip; <a href=\"https:\/\/www.grieta.org.mx\/index.php\/2022\/09\/19\/ocupan-56-militares-cargos-de-alto-nivel-en-seguridad-publica\/\" class=\"more-link\">Leer m\u00e1s<\/a><\/p>\n","protected":false},"author":2,"featured_media":65326,"comment_status":"closed","ping_status":"closed","sticky":false,"template":"","format":"standard","meta":{"ngg_post_thumbnail":0,"_jetpack_newsletter_access":"","_jetpack_dont_email_post_to_subs":false,"_jetpack_newsletter_tier_id":0,"_jetpack_memberships_contains_paywalled_content":false,"_jetpack_memberships_contains_paid_content":false,"footnotes":""},"categories":[80,912,2,83],"tags":[2974,3387,2295,1803,2444],"class_list":["post-65325","post","type-post","status-publish","format-standard","has-post-thumbnail","hentry","category-cintillo","category-militarizacion","category-noticias-nacionales","category-temas-nacionales","tag-aumento-de-la-militarizacion","tag-fuerzas-armadas-en-tareas-civiles","tag-guardia-nacional","tag-sedena","tag-violacion-derechos-humanos","entry"],"jetpack_featured_media_url":"https:\/\/www.grieta.org.mx\/wp-content\/uploads\/2022\/09\/guardia_nacional_x4x.jpg_185051853.webp","jetpack_sharing_enabled":true,"jetpack_shortlink":"https:\/\/wp.me\/p7ZJR4-gZD","jetpack_likes_enabled":false,"jetpack-related-posts":[{"id":65316,"url":"https:\/\/www.grieta.org.mx\/index.php\/2022\/09\/19\/militarizacion-afecta-directa-e-indirectamente-a-las-mujeres-en-mexico\/","url_meta":{"origin":65325,"position":0},"title":"Militarizaci\u00f3n afecta directa e indirectamente a las mujeres en M\u00e9xico","author":"grieta","date":"19 septiembre, 2022","format":false,"excerpt":"Redacci\u00f3n\/ContraR\u00e9plica 19 septiembre 2022 La posible integraci\u00f3n de la Guardia Nacional (GN) a la Secretar\u00eda de la Defensa Nacional (Sedena) ha causado diversos cuestionamientos de organizaciones civiles y oposici\u00f3n al actual gobierno de M\u00e9xico. El 15 de septiembre de 2022, mujeres de la colectiva Hasta Encontrarte se pronunciaron en contra\u2026","rel":"","context":"En &quot;CINTILLO&quot;","block_context":{"text":"CINTILLO","link":"https:\/\/www.grieta.org.mx\/index.php\/category\/cintillo\/"},"img":{"alt_text":"","src":"https:\/\/i0.wp.com\/www.grieta.org.mx\/wp-content\/uploads\/2022\/09\/11d042e513be5f5b0d5d0c87e5c3e8df.jpg?resize=350%2C200&ssl=1","width":350,"height":200,"srcset":"https:\/\/i0.wp.com\/www.grieta.org.mx\/wp-content\/uploads\/2022\/09\/11d042e513be5f5b0d5d0c87e5c3e8df.jpg?resize=350%2C200&ssl=1 1x, https:\/\/i0.wp.com\/www.grieta.org.mx\/wp-content\/uploads\/2022\/09\/11d042e513be5f5b0d5d0c87e5c3e8df.jpg?resize=525%2C300&ssl=1 1.5x, https:\/\/i0.wp.com\/www.grieta.org.mx\/wp-content\/uploads\/2022\/09\/11d042e513be5f5b0d5d0c87e5c3e8df.jpg?resize=700%2C400&ssl=1 2x"},"classes":[]},{"id":49482,"url":"https:\/\/www.grieta.org.mx\/index.php\/2020\/04\/25\/fuerzas-de-seguridad-desplegadas-dentro-del-territorio-nacional\/","url_meta":{"origin":65325,"position":1},"title":"Fuerzas de Seguridad desplegadas dentro del territorio nacional","author":"grieta","date":"25 abril, 2020","format":false,"excerpt":"Jos\u00e9 Quevedo\/M\u00e9xico Aeroespacial 25 abril 2020 El C. General Luis Cresencio Sandoval Gonz\u00e1lez, Secretario de la Defensa Nacional inform\u00f3 sobre el efectivo de las Fuerzas Armadas y Guardia Nacional desplegado en el territorio nacional. La Sedena mantiene un efectivo real de personal operativo de 165,454 integrantes; la Secretar\u00eda de Marina\u2026","rel":"","context":"En &quot;CINTILLO&quot;","block_context":{"text":"CINTILLO","link":"https:\/\/www.grieta.org.mx\/index.php\/category\/cintillo\/"},"img":{"alt_text":"","src":"https:\/\/i0.wp.com\/www.grieta.org.mx\/wp-content\/uploads\/2020\/05\/150319-59-MexAeroesp-Copiar.jpg?resize=350%2C200&ssl=1","width":350,"height":200,"srcset":"https:\/\/i0.wp.com\/www.grieta.org.mx\/wp-content\/uploads\/2020\/05\/150319-59-MexAeroesp-Copiar.jpg?resize=350%2C200&ssl=1 1x, https:\/\/i0.wp.com\/www.grieta.org.mx\/wp-content\/uploads\/2020\/05\/150319-59-MexAeroesp-Copiar.jpg?resize=525%2C300&ssl=1 1.5x, https:\/\/i0.wp.com\/www.grieta.org.mx\/wp-content\/uploads\/2020\/05\/150319-59-MexAeroesp-Copiar.jpg?resize=700%2C400&ssl=1 2x"},"classes":[]},{"id":65179,"url":"https:\/\/www.grieta.org.mx\/index.php\/2022\/09\/09\/senado-aprueba-militarizacion-de-mexico\/","url_meta":{"origin":65325,"position":2},"title":"Senado aprueba militarizaci\u00f3n de M\u00e9xico","author":"grieta","date":"9 septiembre, 2022","format":false,"excerpt":"\u00d1an\u00ed Pinto\/Avispa Midia 9 septiembre 2022 Despu\u00e9s de 12 horas de sesi\u00f3n, entre reparticiones de culpas y reclamos, la madrugada de este viernes (9) el Senado mexicano aprob\u00f3 la transferencia de la Guardia Nacional (GN) a la Secretar\u00eda de la Defensa Nacional (Sedena). Con el visto bueno del partido Movimiento\u2026","rel":"","context":"En &quot;CINTILLO&quot;","block_context":{"text":"CINTILLO","link":"https:\/\/www.grieta.org.mx\/index.php\/category\/cintillo\/"},"img":{"alt_text":"","src":"","width":0,"height":0},"classes":[]},{"id":51282,"url":"https:\/\/www.grieta.org.mx\/index.php\/2020\/06\/18\/ongs-piden-a-congreso-frenar-decreto-de-amlo-sobre-militarizacion-de-seguridad\/","url_meta":{"origin":65325,"position":3},"title":"ONGs piden a Congreso frenar decreto de AMLO sobre militarizaci\u00f3n de seguridad","author":"grieta","date":"18 junio, 2020","format":false,"excerpt":"Francisco Mej\u00eda\/Milenio 18 junio 2020 La solicitud est\u00e1 motivada a ra\u00edz del decreto emitido por L\u00f3pez Obrador en el que se dispone de las Fuerzas Armadas para llevar a cabo tareas de seguridad p\u00fablica durante cinco a\u00f1os mientras se consolida la Guardia Nacional. Las ONGs pidieron al legislativo impugnar dicho\u2026","rel":"","context":"En &quot;CINTILLO&quot;","block_context":{"text":"CINTILLO","link":"https:\/\/www.grieta.org.mx\/index.php\/category\/cintillo\/"},"img":{"alt_text":"","src":"https:\/\/i0.wp.com\/www.grieta.org.mx\/wp-content\/uploads\/2020\/06\/militares-rolando-riestra_24_69_754_469.jpg?resize=350%2C200&ssl=1","width":350,"height":200,"srcset":"https:\/\/i0.wp.com\/www.grieta.org.mx\/wp-content\/uploads\/2020\/06\/militares-rolando-riestra_24_69_754_469.jpg?resize=350%2C200&ssl=1 1x, https:\/\/i0.wp.com\/www.grieta.org.mx\/wp-content\/uploads\/2020\/06\/militares-rolando-riestra_24_69_754_469.jpg?resize=525%2C300&ssl=1 1.5x, https:\/\/i0.wp.com\/www.grieta.org.mx\/wp-content\/uploads\/2020\/06\/militares-rolando-riestra_24_69_754_469.jpg?resize=700%2C400&ssl=1 2x"},"classes":[]},{"id":65176,"url":"https:\/\/www.grieta.org.mx\/index.php\/2022\/09\/05\/crecen-un-20-las-plazas-en-las-fuerzas-armadas-de-mexico-durante-el-gobierno-de-lopez-obrador\/","url_meta":{"origin":65325,"position":4},"title":"Crecen un 20% las plazas en las Fuerzas Armadas de M\u00e9xico durante el gobierno de L\u00f3pez Obrador","author":"grieta","date":"5 septiembre, 2022","format":false,"excerpt":"Redacci\u00f3n\/RT 5 septiembre 2022 Las plazas en las secretar\u00edas de la Defensa Nacional (Sedena) y de Marina (Semar) de M\u00e9xico se incrementaron hasta un 20% en los primeros cuatro a\u00f1os del Gobierno de Andr\u00e9s L\u00f3pez Obrador. Seg\u00fan datos del Presupuesto de Egresos de la Federaci\u00f3n citados por El Universal, en\u2026","rel":"","context":"En &quot;CINTILLO&quot;","block_context":{"text":"CINTILLO","link":"https:\/\/www.grieta.org.mx\/index.php\/category\/cintillo\/"},"img":{"alt_text":"","src":"https:\/\/i0.wp.com\/www.grieta.org.mx\/wp-content\/uploads\/2022\/09\/6316317359bf5b24821e5579.jpg?resize=350%2C200&ssl=1","width":350,"height":200,"srcset":"https:\/\/i0.wp.com\/www.grieta.org.mx\/wp-content\/uploads\/2022\/09\/6316317359bf5b24821e5579.jpg?resize=350%2C200&ssl=1 1x, https:\/\/i0.wp.com\/www.grieta.org.mx\/wp-content\/uploads\/2022\/09\/6316317359bf5b24821e5579.jpg?resize=525%2C300&ssl=1 1.5x, https:\/\/i0.wp.com\/www.grieta.org.mx\/wp-content\/uploads\/2022\/09\/6316317359bf5b24821e5579.jpg?resize=700%2C400&ssl=1 2x, https:\/\/i0.wp.com\/www.grieta.org.mx\/wp-content\/uploads\/2022\/09\/6316317359bf5b24821e5579.jpg?resize=1050%2C600&ssl=1 3x"},"classes":[]},{"id":65097,"url":"https:\/\/www.grieta.org.mx\/index.php\/2022\/09\/05\/organizaciones-exhortan-a-ciudadanos-a-manifestar-su-oposicion-ante-militarizacion\/","url_meta":{"origin":65325,"position":5},"title":"Organizaciones exhortan a ciudadanos a manifestar su oposici\u00f3n ante militarizaci\u00f3n","author":"grieta","date":"5 septiembre, 2022","format":false,"excerpt":"Redacci\u00f3n\/Aristegui Noticias 3 septiembre 2022 Es un fraude constitucional trasladar la Guardia Nacional a la Sedena, afirm\u00f3 Causa Com\u00fan. Causa en Com\u00fan, en colaboraci\u00f3n con el Observatorio de la Guardia Nacional y la Militarizaci\u00f3n en M\u00e9xico, exhortaron a los partidos, acad\u00e9micos, y ciudadanos en general, a manifestar su oposici\u00f3n ante\u2026","rel":"","context":"En &quot;CINTILLO&quot;","block_context":{"text":"CINTILLO","link":"https:\/\/www.grieta.org.mx\/index.php\/category\/cintillo\/"},"img":{"alt_text":"","src":"https:\/\/i0.wp.com\/www.grieta.org.mx\/wp-content\/uploads\/2022\/09\/MANIFESTAR-OPOSICION-MILITARIZACION-ONGS-02092022.webp?resize=350%2C200&ssl=1","width":350,"height":200,"srcset":"https:\/\/i0.wp.com\/www.grieta.org.mx\/wp-content\/uploads\/2022\/09\/MANIFESTAR-OPOSICION-MILITARIZACION-ONGS-02092022.webp?resize=350%2C200&ssl=1 1x, https:\/\/i0.wp.com\/www.grieta.org.mx\/wp-content\/uploads\/2022\/09\/MANIFESTAR-OPOSICION-MILITARIZACION-ONGS-02092022.webp?resize=525%2C300&ssl=1 1.5x, https:\/\/i0.wp.com\/www.grieta.org.mx\/wp-content\/uploads\/2022\/09\/MANIFESTAR-OPOSICION-MILITARIZACION-ONGS-02092022.webp?resize=700%2C400&ssl=1 2x, https:\/\/i0.wp.com\/www.grieta.org.mx\/wp-content\/uploads\/2022\/09\/MANIFESTAR-OPOSICION-MILITARIZACION-ONGS-02092022.webp?resize=1050%2C600&ssl=1 3x"},"classes":[]}],"_links":{"self":[{"href":"https:\/\/www.grieta.org.mx\/index.php\/wp-json\/wp\/v2\/posts\/65325","targetHints":{"allow":["GET"]}}],"collection":[{"href":"https:\/\/www.grieta.org.mx\/index.php\/wp-json\/wp\/v2\/posts"}],"about":[{"href":"https:\/\/www.grieta.org.mx\/index.php\/wp-json\/wp\/v2\/types\/post"}],"author":[{"embeddable":true,"href":"https:\/\/www.grieta.org.mx\/index.php\/wp-json\/wp\/v2\/users\/2"}],"replies":[{"embeddable":true,"href":"https:\/\/www.grieta.org.mx\/index.php\/wp-json\/wp\/v2\/comments?post=65325"}],"version-history":[{"count":1,"href":"https:\/\/www.grieta.org.mx\/index.php\/wp-json\/wp\/v2\/posts\/65325\/revisions"}],"predecessor-version":[{"id":65327,"href":"https:\/\/www.grieta.org.mx\/index.php\/wp-json\/wp\/v2\/posts\/65325\/revisions\/65327"}],"wp:featuredmedia":[{"embeddable":true,"href":"https:\/\/www.grieta.org.mx\/index.php\/wp-json\/wp\/v2\/media\/65326"}],"wp:attachment":[{"href":"https:\/\/www.grieta.org.mx\/index.php\/wp-json\/wp\/v2\/media?parent=65325"}],"wp:term":[{"taxonomy":"category","embeddable":true,"href":"https:\/\/www.grieta.org.mx\/index.php\/wp-json\/wp\/v2\/categories?post=65325"},{"taxonomy":"post_tag","embeddable":true,"href":"https:\/\/www.grieta.org.mx\/index.php\/wp-json\/wp\/v2\/tags?post=65325"}],"curies":[{"name":"wp","href":"https:\/\/api.w.org\/{rel}","templated":true}]}}