{"id":65322,"date":"2022-09-19T10:13:31","date_gmt":"2022-09-19T15:13:31","guid":{"rendered":"https:\/\/www.grieta.org.mx\/?p=65322"},"modified":"2022-09-26T10:19:25","modified_gmt":"2022-09-26T15:19:25","slug":"la-cndh-ante-la-militarizacion-de-la-guardia-nacional-una-vergonzosa-abdicacion","status":"publish","type":"post","link":"https:\/\/www.grieta.org.mx\/index.php\/2022\/09\/19\/la-cndh-ante-la-militarizacion-de-la-guardia-nacional-una-vergonzosa-abdicacion\/","title":{"rendered":"La CNDH ante la militarizaci\u00f3n de la Guardia Nacional Una &#8220;vergonzosa abdicaci\u00f3n&#8221;"},"content":{"rendered":"<p>Gloria Leticia D\u00edaz\/Proceso<br \/>\n19 septiembre 2022<\/p>\n<p>Las reformas legales que otorgan a la Sedena el mando, la operaci\u00f3n y la administraci\u00f3n de la Guardia Nacional tendr\u00e1n un impacto directo sobre los derechos humanos. A pesar de ello, la CNDH \u2013presidida por Rosario Piedra Ibarra\u2013 abdic\u00f3 de su facultad para interponer una acci\u00f3n de inconstitucionalidad y se pleg\u00f3 sin rubor a la narrativa del presidente. Poco le importaron los valores y objetivos que dan raz\u00f3n de ser a ese organismo, as\u00ed como los instrumentos internacionales en la materia, las opiniones de sus pares en los estados y hasta las consideraciones de seis de sus nueve consejeros.<\/p>\n<p>CIUDAD DE M\u00c9XICO (Proceso).\u2013 Desdibujada como contrapeso del Poder Ejecutivo, la Comisi\u00f3n Nacional de los Derechos Humanos (CNDH) presidida por Rosario Piedra Ibarra decidi\u00f3 plegarse al discurso del presidente Andr\u00e9s Manuel L\u00f3pez Obrador para dejar en manos de la Secretar\u00eda de la Defensa Nacional (Sedena) el control absoluto de la Guardia Nacional (GN), pasando por alto instrumentos internacionales de derechos humanos, consideraciones de sus pares en los estados e incluso de los consejeros del organismo.<\/p>\n<p>En 16 cuartillas, el martes 13, Piedra Ibarra abdic\u00f3 de su facultad de recurrir a la Suprema Corte de Justicia de la Naci\u00f3n para interponer una acci\u00f3n de inconstitucionalidad contra las reformas que militarizan la GN, nacida en 2019 con un car\u00e1cter civil.<\/p>\n<p>\u201cEs este momento de definiciones claras, que no admiten matices. O se est\u00e1 con el pueblo o se est\u00e1 contra \u00e9l\u201d, arguy\u00f3 el organismo en el documento que secunda la posici\u00f3n del presidente Andr\u00e9s Manuel L\u00f3pez Obrador, y de la mayor\u00eda de Morena y sus aliados en el Congreso de la Uni\u00f3n, de que \u201cla existencia de una crisis de inseguridad y violencia\u201d, atribuida al crimen organizado, justificaba que la Sedena absorbiera a la GN.<\/p>\n<p>El lunes 5, mientras se discut\u00eda en el Senado la iniciativa enviada por L\u00f3pez Obrador aprobada en la C\u00e1mara de Diputados, la CNDH se abstuvo de respaldar un posicionamiento de la Federaci\u00f3n Mexicana de Organismos P\u00fablicos de Derechos Humanos que alertaba sobre \u201clos impactos que tendr\u00e1n las modificaciones legislativas en la esfera de derechos de las personas y comunidades derivados de la ruptura de la cadena de mando civil de la Guardia Nacional para sujetarla al mando militar a cargo de la Sedena\u201d.<\/p>\n<p>\u201cNotoria inconstitucionalidad\u201d<\/p>\n<p>A excepci\u00f3n de la CNDH y de las comisiones de derechos humanos de Chiapas, Coahuila y Guanajuato, 29 organismos p\u00fablicos coincidieron con organismos internacionales sobre la inconstitucionalidad y la inconvencionalidad de las reformas, que reducen \u201cel margen de acci\u00f3n\u201d de los ombudsperson en las entidades \u201cpara atender la conflictividad social que deriva de las funciones de seguridad p\u00fablica en el territorio, en detrimento de la ciudadan\u00eda\u201d, gener\u00e1ndose \u201cun vac\u00edo en la atenci\u00f3n de las v\u00edctimas\u201d.<\/p>\n<p>Un d\u00eda despu\u00e9s, seis de los nueve consejeros de la CNDH firmaron un documento en el que recordaban que, desde hace m\u00e1s de una d\u00e9cada, organismos de derechos humanos de Naciones Unidas, la Oficina de la Alta Comisionada de Naciones Unidas para los Derechos Humanos y la Comisi\u00f3n Interamericana de Derechos Humanos, as\u00ed como sentencias de la Corte Interamericana de Derechos Humanos, han considerado la militarizaci\u00f3n de la seguridad p\u00fablica en M\u00e9xico contraria a los est\u00e1ndares internacionales, por lo que las reformas aprobadas son \u201cde notoria inconstitucionalidad e inconvencionalidad, al tiempo de representar una grave amenaza a la protecci\u00f3n de los derechos humanos de la poblaci\u00f3n\u201d.<\/p>\n<p>Aunado a ello, alertaban que \u201cel Ej\u00e9rcito y la Marina no han sido depurados de los elementos que han sido violadores de derechos humanos en el pasado\u201d, sino que siguen activos en esas instituciones, y \u201cse pretende que realicen acciones de seguridad ciudadana y no s\u00f3lo de combate al crimen organizado\u201d.<\/p>\n<p>Con base en sus atribuciones reconocidas en la Constituci\u00f3n y en ordenamientos internos de la CNDH, los consejeros Tania Espinosa S\u00e1nchez, Adalberto M\u00e9ndez L\u00f3pez, Jorge Alejandro Saavedra L\u00f3pez, Georgina Di\u00e9dhiou Bello, Gloria Ram\u00edrez Hern\u00e1ndez y Bernardo Romero V\u00e1zquez, propusieron a la CNDH \u201cinterponer una acci\u00f3n de inconstitucionalidad\u201d contra las reformas aprobadas, sugerencia que fue ignorada por Piedra Ibarra, hija de la ic\u00f3nica luchadora social, Rosario Ibarra, madre de Jes\u00fas Piedra Ibarra desaparecido en una acci\u00f3n militar en 1975.<\/p>\n<p><a href=\"https:\/\/www.proceso.com.mx\/reportajes\/2022\/9\/19\/la-cndh-ante-la-militarizacion-de-la-guardia-nacional-una-vergonzosa-abdicacion-293525.html?utm_source=pocket_mylist\" rel=\"noopener\" target=\"_blank\">https:\/\/www.proceso.com.mx\/reportajes\/2022\/9\/19\/la-cndh-ante-la-militarizacion-de-la-guardia-nacional-una-vergonzosa-abdicacion-293525.html?utm_source=pocket_mylist<\/a><\/p>\n","protected":false},"excerpt":{"rendered":"<p>Gloria Leticia D\u00edaz\/Proceso 19 septiembre 2022 Las reformas legales que otorgan a la Sedena el mando, la operaci\u00f3n y la administraci\u00f3n de la Guardia Nacional tendr\u00e1n un impacto directo sobre &hellip; <a href=\"https:\/\/www.grieta.org.mx\/index.php\/2022\/09\/19\/la-cndh-ante-la-militarizacion-de-la-guardia-nacional-una-vergonzosa-abdicacion\/\" class=\"more-link\">Leer m\u00e1s<\/a><\/p>\n","protected":false},"author":2,"featured_media":65324,"comment_status":"closed","ping_status":"closed","sticky":false,"template":"","format":"standard","meta":{"ngg_post_thumbnail":0,"_jetpack_newsletter_access":"","_jetpack_dont_email_post_to_subs":false,"_jetpack_newsletter_tier_id":0,"_jetpack_memberships_contains_paywalled_content":false,"_jetpack_memberships_contains_paid_content":false,"footnotes":""},"categories":[80,912,2,83],"tags":[2974,3171,3801,3387,2295,1803,2444],"class_list":["post-65322","post","type-post","status-publish","format-standard","has-post-thumbnail","hentry","category-cintillo","category-militarizacion","category-noticias-nacionales","category-temas-nacionales","tag-aumento-de-la-militarizacion","tag-cndh","tag-cndh-omisa","tag-fuerzas-armadas-en-tareas-civiles","tag-guardia-nacional","tag-sedena","tag-violacion-derechos-humanos","entry"],"jetpack_featured_media_url":"https:\/\/www.grieta.org.mx\/wp-content\/uploads\/2022\/09\/f800x450-161416_212862_5467.jpg","jetpack_sharing_enabled":true,"jetpack_shortlink":"https:\/\/wp.me\/p7ZJR4-gZA","jetpack_likes_enabled":false,"jetpack-related-posts":[{"id":65258,"url":"https:\/\/www.grieta.org.mx\/index.php\/2022\/09\/13\/cndh-no-llevara-a-la-corte-pase-de-gn-al-ejercito-ya-no-hay-militarizacion-dice\/","url_meta":{"origin":65322,"position":0},"title":"CNDH no llevar\u00e1 a la Corte pase de GN al Ej\u00e9rcito; ya no hay militarizaci\u00f3n, dice","author":"grieta","date":"13 septiembre, 2022","format":false,"excerpt":"Redacci\u00f3n\/Aristegui Noticias 13 septiembre 2022 Derechos Humanos respalda los cambios aprobados en el Congreso de la Uni\u00f3n y publicados por el Presidente. La Comisi\u00f3n Nacional de los Derechos Humanos (CNDH) afirm\u00f3 que no presentar\u00e1 acci\u00f3n de inconstitucionalidad por las reformas que traspasan el control de la Guardia Nacional al Ej\u00e9rcito.\u2026","rel":"","context":"En &quot;CINTILLO&quot;","block_context":{"text":"CINTILLO","link":"https:\/\/www.grieta.org.mx\/index.php\/category\/cintillo\/"},"img":{"alt_text":"","src":"https:\/\/i0.wp.com\/www.grieta.org.mx\/wp-content\/uploads\/2022\/09\/ejercito-cndh-militarizacion-13092022.webp?resize=350%2C200&ssl=1","width":350,"height":200,"srcset":"https:\/\/i0.wp.com\/www.grieta.org.mx\/wp-content\/uploads\/2022\/09\/ejercito-cndh-militarizacion-13092022.webp?resize=350%2C200&ssl=1 1x, https:\/\/i0.wp.com\/www.grieta.org.mx\/wp-content\/uploads\/2022\/09\/ejercito-cndh-militarizacion-13092022.webp?resize=525%2C300&ssl=1 1.5x, https:\/\/i0.wp.com\/www.grieta.org.mx\/wp-content\/uploads\/2022\/09\/ejercito-cndh-militarizacion-13092022.webp?resize=700%2C400&ssl=1 2x, https:\/\/i0.wp.com\/www.grieta.org.mx\/wp-content\/uploads\/2022\/09\/ejercito-cndh-militarizacion-13092022.webp?resize=1050%2C600&ssl=1 3x"},"classes":[]},{"id":41206,"url":"https:\/\/www.grieta.org.mx\/index.php\/2019\/11\/14\/guardia-nacional-acumula-24-denuncias-ante-la-cndh-la-mayoria-de-migrantes\/","url_meta":{"origin":65322,"position":1},"title":"Guardia Nacional acumula 24 denuncias ante la CNDH, la mayor\u00eda de migrantes","author":"grieta","date":"14 noviembre, 2019","format":false,"excerpt":"Manuel Espino y Alexis Ort\u00edz \/ El Universal Con 4 meses, enfrenta acusaciones de violaciones a derechos humanos; tendr\u00e1n que ser atendidas por la nueva titular, Rosario Piedra Ibarra A cuatro meses de que fue desplegada, la Guardia Nacional suma 24 quejas ante la Comisi\u00f3n Nacional de los Derechos Humanos\u2026","rel":"","context":"En &quot;CINTILLO&quot;","block_context":{"text":"CINTILLO","link":"https:\/\/www.grieta.org.mx\/index.php\/category\/cintillo\/"},"img":{"alt_text":"","src":"https:\/\/i0.wp.com\/www.grieta.org.mx\/wp-content\/uploads\/2019\/11\/Guardia-Nacional-acumula-24-denuncias-ante-la-CNDH-la-mayor%C3%ADa-de-migrantes-mili-nov.jpg?resize=350%2C200","width":350,"height":200},"classes":[]},{"id":65185,"url":"https:\/\/www.grieta.org.mx\/index.php\/2022\/09\/10\/es-oficial-sedena-toma-el-control-de-la-guardia-nacional-amlo-publica-decreto\/","url_meta":{"origin":65322,"position":2},"title":"Es oficial, Sedena toma el control de la Guardia Nacional; AMLO publica decreto","author":"grieta","date":"10 septiembre, 2022","format":false,"excerpt":"Redacci\u00f3n\/Animal Pol\u00edtico 10 septiembre 2022 La incorporaci\u00f3n de la Guardia Nacional a la Secretar\u00eda de Defensa Nacional (Sedena) se hizo oficial, luego de que la noche de este viernes el presidente Andr\u00e9s Manuel L\u00f3pez Obrador publicara el decreto en el Diario Oficial de la Federaci\u00f3n (DOF). Con la publicaci\u00f3n de\u2026","rel":"","context":"En &quot;CINTILLO&quot;","block_context":{"text":"CINTILLO","link":"https:\/\/www.grieta.org.mx\/index.php\/category\/cintillo\/"},"img":{"alt_text":"","src":"https:\/\/i0.wp.com\/www.grieta.org.mx\/wp-content\/uploads\/2022\/09\/sedena-guardia-nacional-amlo-decreto.webp?resize=350%2C200&ssl=1","width":350,"height":200,"srcset":"https:\/\/i0.wp.com\/www.grieta.org.mx\/wp-content\/uploads\/2022\/09\/sedena-guardia-nacional-amlo-decreto.webp?resize=350%2C200&ssl=1 1x, https:\/\/i0.wp.com\/www.grieta.org.mx\/wp-content\/uploads\/2022\/09\/sedena-guardia-nacional-amlo-decreto.webp?resize=525%2C300&ssl=1 1.5x, https:\/\/i0.wp.com\/www.grieta.org.mx\/wp-content\/uploads\/2022\/09\/sedena-guardia-nacional-amlo-decreto.webp?resize=700%2C400&ssl=1 2x"},"classes":[]},{"id":63828,"url":"https:\/\/www.grieta.org.mx\/index.php\/2022\/03\/18\/un-paso-mas-hacia-la-militarizacion-del-pais-se-crea-guardia-civil-en-san-luis-potosi\/","url_meta":{"origin":65322,"position":3},"title":"Un paso m\u00e1s hacia la militarizaci\u00f3n del pa\u00eds; se crea Guardia Civil en San Luis Potos\u00ed","author":"grieta","date":"18 marzo, 2022","format":false,"excerpt":"Andrea Rivera Garc\u00eda\/Publ\u00edmetro 18 marzo 2022 El Congreso del estado aprob\u00f3 las iniciativas de ley que crean la Guardia Civil en San Luis Potos\u00ed, la cual tendr\u00e1 mando militar A dos meses de haberse presentado la iniciativa, el congreso de San Luis Potos\u00ed aprob\u00f3 por unanimidad la creaci\u00f3n de la\u2026","rel":"","context":"En &quot;CINTILLO&quot;","block_context":{"text":"CINTILLO","link":"https:\/\/www.grieta.org.mx\/index.php\/category\/cintillo\/"},"img":{"alt_text":"","src":"https:\/\/i0.wp.com\/www.grieta.org.mx\/wp-content\/uploads\/2022\/03\/RBIHRISZ3NBURCKAE63I2KRO2I.jpg?resize=350%2C200&ssl=1","width":350,"height":200,"srcset":"https:\/\/i0.wp.com\/www.grieta.org.mx\/wp-content\/uploads\/2022\/03\/RBIHRISZ3NBURCKAE63I2KRO2I.jpg?resize=350%2C200&ssl=1 1x, https:\/\/i0.wp.com\/www.grieta.org.mx\/wp-content\/uploads\/2022\/03\/RBIHRISZ3NBURCKAE63I2KRO2I.jpg?resize=525%2C300&ssl=1 1.5x, https:\/\/i0.wp.com\/www.grieta.org.mx\/wp-content\/uploads\/2022\/03\/RBIHRISZ3NBURCKAE63I2KRO2I.jpg?resize=700%2C400&ssl=1 2x"},"classes":[]},{"id":65316,"url":"https:\/\/www.grieta.org.mx\/index.php\/2022\/09\/19\/militarizacion-afecta-directa-e-indirectamente-a-las-mujeres-en-mexico\/","url_meta":{"origin":65322,"position":4},"title":"Militarizaci\u00f3n afecta directa e indirectamente a las mujeres en M\u00e9xico","author":"grieta","date":"19 septiembre, 2022","format":false,"excerpt":"Redacci\u00f3n\/ContraR\u00e9plica 19 septiembre 2022 La posible integraci\u00f3n de la Guardia Nacional (GN) a la Secretar\u00eda de la Defensa Nacional (Sedena) ha causado diversos cuestionamientos de organizaciones civiles y oposici\u00f3n al actual gobierno de M\u00e9xico. El 15 de septiembre de 2022, mujeres de la colectiva Hasta Encontrarte se pronunciaron en contra\u2026","rel":"","context":"En &quot;CINTILLO&quot;","block_context":{"text":"CINTILLO","link":"https:\/\/www.grieta.org.mx\/index.php\/category\/cintillo\/"},"img":{"alt_text":"","src":"https:\/\/i0.wp.com\/www.grieta.org.mx\/wp-content\/uploads\/2022\/09\/11d042e513be5f5b0d5d0c87e5c3e8df.jpg?resize=350%2C200&ssl=1","width":350,"height":200,"srcset":"https:\/\/i0.wp.com\/www.grieta.org.mx\/wp-content\/uploads\/2022\/09\/11d042e513be5f5b0d5d0c87e5c3e8df.jpg?resize=350%2C200&ssl=1 1x, https:\/\/i0.wp.com\/www.grieta.org.mx\/wp-content\/uploads\/2022\/09\/11d042e513be5f5b0d5d0c87e5c3e8df.jpg?resize=525%2C300&ssl=1 1.5x, https:\/\/i0.wp.com\/www.grieta.org.mx\/wp-content\/uploads\/2022\/09\/11d042e513be5f5b0d5d0c87e5c3e8df.jpg?resize=700%2C400&ssl=1 2x"},"classes":[]},{"id":65179,"url":"https:\/\/www.grieta.org.mx\/index.php\/2022\/09\/09\/senado-aprueba-militarizacion-de-mexico\/","url_meta":{"origin":65322,"position":5},"title":"Senado aprueba militarizaci\u00f3n de M\u00e9xico","author":"grieta","date":"9 septiembre, 2022","format":false,"excerpt":"\u00d1an\u00ed Pinto\/Avispa Midia 9 septiembre 2022 Despu\u00e9s de 12 horas de sesi\u00f3n, entre reparticiones de culpas y reclamos, la madrugada de este viernes (9) el Senado mexicano aprob\u00f3 la transferencia de la Guardia Nacional (GN) a la Secretar\u00eda de la Defensa Nacional (Sedena). Con el visto bueno del partido Movimiento\u2026","rel":"","context":"En &quot;CINTILLO&quot;","block_context":{"text":"CINTILLO","link":"https:\/\/www.grieta.org.mx\/index.php\/category\/cintillo\/"},"img":{"alt_text":"","src":"","width":0,"height":0},"classes":[]}],"_links":{"self":[{"href":"https:\/\/www.grieta.org.mx\/index.php\/wp-json\/wp\/v2\/posts\/65322","targetHints":{"allow":["GET"]}}],"collection":[{"href":"https:\/\/www.grieta.org.mx\/index.php\/wp-json\/wp\/v2\/posts"}],"about":[{"href":"https:\/\/www.grieta.org.mx\/index.php\/wp-json\/wp\/v2\/types\/post"}],"author":[{"embeddable":true,"href":"https:\/\/www.grieta.org.mx\/index.php\/wp-json\/wp\/v2\/users\/2"}],"replies":[{"embeddable":true,"href":"https:\/\/www.grieta.org.mx\/index.php\/wp-json\/wp\/v2\/comments?post=65322"}],"version-history":[{"count":1,"href":"https:\/\/www.grieta.org.mx\/index.php\/wp-json\/wp\/v2\/posts\/65322\/revisions"}],"predecessor-version":[{"id":65323,"href":"https:\/\/www.grieta.org.mx\/index.php\/wp-json\/wp\/v2\/posts\/65322\/revisions\/65323"}],"wp:featuredmedia":[{"embeddable":true,"href":"https:\/\/www.grieta.org.mx\/index.php\/wp-json\/wp\/v2\/media\/65324"}],"wp:attachment":[{"href":"https:\/\/www.grieta.org.mx\/index.php\/wp-json\/wp\/v2\/media?parent=65322"}],"wp:term":[{"taxonomy":"category","embeddable":true,"href":"https:\/\/www.grieta.org.mx\/index.php\/wp-json\/wp\/v2\/categories?post=65322"},{"taxonomy":"post_tag","embeddable":true,"href":"https:\/\/www.grieta.org.mx\/index.php\/wp-json\/wp\/v2\/tags?post=65322"}],"curies":[{"name":"wp","href":"https:\/\/api.w.org\/{rel}","templated":true}]}}