{"id":65316,"date":"2022-09-19T09:58:30","date_gmt":"2022-09-19T14:58:30","guid":{"rendered":"https:\/\/www.grieta.org.mx\/?p=65316"},"modified":"2022-09-26T10:03:33","modified_gmt":"2022-09-26T15:03:33","slug":"militarizacion-afecta-directa-e-indirectamente-a-las-mujeres-en-mexico","status":"publish","type":"post","link":"https:\/\/www.grieta.org.mx\/index.php\/2022\/09\/19\/militarizacion-afecta-directa-e-indirectamente-a-las-mujeres-en-mexico\/","title":{"rendered":"Militarizaci\u00f3n afecta directa e indirectamente a las mujeres en M\u00e9xico"},"content":{"rendered":"<p>Redacci\u00f3n\/ContraR\u00e9plica<br \/>\n19 septiembre 2022<\/p>\n<p>La posible integraci\u00f3n de la Guardia Nacional (GN) a la Secretar\u00eda de la Defensa Nacional (Sedena) ha causado diversos cuestionamientos de organizaciones civiles y oposici\u00f3n al actual gobierno de M\u00e9xico. El 15 de septiembre de 2022, mujeres de la colectiva Hasta Encontrarte se pronunciaron en contra de la militarizaci\u00f3n desplegando una manta en la Estela de Luz de la Ciudad de M\u00e9xico.<\/p>\n<p>Mediante redes sociales, la ma\u00f1ana del 15 de septiembre se anunci\u00f3 la presencia de dos mujeres escalando la estela de luz con una manta de 80 kilos. Esta manta fue desplegada a las 2:30 am con el mensaje &#8220;16 A\u00d1OS DE IMPUNIDAD MILITAR, NO A LA MILITARIZACI\u00d3N&#8221;. Las an\u00f3nimas pertenecientes al colectivo Hasta Encontrarte han sido afectadas directamente por las desapariciones forzadas de sus familiares, tras hechos de violencia.<\/p>\n<p>El informe 2021 de Observatorio de la Guardia Nacional y la Militarizaci\u00f3n en M\u00e9xico se\u00f1ala que de diciembre de 2018 a junio de 2021 el Ej\u00e9rcito ten\u00eda 914 quejas ante la CNDH. Asimismo, la Marina acumulaba 341 y la GN contaba con 487 quejas a\u00fan cuando hab\u00eda iniciado operaciones a mediados de 2019. En total sumaban mil 742 quejas en las que se encuentran casos de supuestas torturas, desapariciones forzadas, tratos crueles, inhumanos o degradantes, y detenciones arbitrarias.<\/p>\n<p>Distintas organizaciones sociales han manifestado su inconformidad ante la posible integraci\u00f3n de la GN a la Sedena. No solamente por ser una reforma anticonstitucional, tambi\u00e9n por el uso de fuerza y violaci\u00f3n de derechos humanos a manos de las fuerzas armadas. Seg\u00fan Amnist\u00eda Internacional, movimiento global en pro de los derechos humanos, &#8220;las Fuerzas Armadas tienen m\u00e1s probabilidad de abusar de los detenidos que la polic\u00eda federal, estatal o municipal&#8221;. Datos de la organizaci\u00f3n se\u00f1alan que cerca del 88 por ciento de las personas detenidas por la Armada, y el 86% de las detenidas por el Ej\u00e9rcito se han quejado de tortura y otros abusos.<\/p>\n<p>En un espacio sonoro v\u00eda Twitter organizado el 7 de septiembre de 2022 por Amnist\u00eda Internacional, especialistas en derechos humanos hablaron sobre &#8220;#NoALaMilitarizaci\u00f3n, Impacto en las mujeres&#8221;, y la violencia ejercida en contra de las mujeres por las fuerzas armadas. Las especialistas declararon que el uso de la estrategia de seguridad militarizada tiene efectos directos en al vida de las mujeres. Datos de una entrevista realizada a 100 mujeres por Amnist\u00eda Internacional, mostraron que todas estas las mujeres sufrieron violencia verbal o psicol\u00f3gica por parte de las fuerzas armadas. De igual forma, 97% de las entrevistadas fueron v\u00edctimas de violencia f\u00edsica y 72% sufrieron violencia sexual a manos de los soldados mexicanos.<\/p>\n<p>De acuerdo con las especialistas participantes en el espacio sonoro, las mujeres tambi\u00e9n se ven afectadas por el aumento al presupuesto asignado a las fuerzas armadas. Esto debido a que se ven recortados los gastos destinados a las organizaciones de apoyo a las mujeres como las guarder\u00edas. Mientras el colectivo Hasta Encontrarte denuncia que madres, hermanas, t\u00edas y familiares se ven afectadas por las desapariciones forzadas a manos de las fuerzas armadas en M\u00e9xico.<\/p>\n<p><a href=\"https:\/\/www.contrareplica.mx\/nota-Militarizacion-afecta-directa-e-indirectamente-a-las-mujeres-en-Mexico-202219919?utm_source=pocket_mylist\" rel=\"noopener\" target=\"_blank\">https:\/\/www.contrareplica.mx\/nota-Militarizacion-afecta-directa-e-indirectamente-a-las-mujeres-en-Mexico-202219919?utm_source=pocket_mylist<\/a><\/p>\n","protected":false},"excerpt":{"rendered":"<p>Redacci\u00f3n\/ContraR\u00e9plica 19 septiembre 2022 La posible integraci\u00f3n de la Guardia Nacional (GN) a la Secretar\u00eda de la Defensa Nacional (Sedena) ha causado diversos cuestionamientos de organizaciones civiles y oposici\u00f3n al &hellip; <a href=\"https:\/\/www.grieta.org.mx\/index.php\/2022\/09\/19\/militarizacion-afecta-directa-e-indirectamente-a-las-mujeres-en-mexico\/\" class=\"more-link\">Leer m\u00e1s<\/a><\/p>\n","protected":false},"author":2,"featured_media":65317,"comment_status":"closed","ping_status":"closed","sticky":false,"template":"","format":"standard","meta":{"ngg_post_thumbnail":0,"_jetpack_newsletter_access":"","_jetpack_dont_email_post_to_subs":false,"_jetpack_newsletter_tier_id":0,"_jetpack_memberships_contains_paywalled_content":false,"_jetpack_memberships_contains_paid_content":false,"footnotes":""},"categories":[80,912,2,83],"tags":[2307,2974,2295,614,4110,1803,2982,1630],"class_list":["post-65316","post","type-post","status-publish","format-standard","has-post-thumbnail","hentry","category-cintillo","category-militarizacion","category-noticias-nacionales","category-temas-nacionales","tag-abusos-de-militares","tag-aumento-de-la-militarizacion","tag-guardia-nacional","tag-militarizacion","tag-organizaciones-derechos-humanos","tag-sedena","tag-violaciones-derechos-humanos","tag-violencia-contra-las-mujeres","entry"],"jetpack_featured_media_url":"https:\/\/www.grieta.org.mx\/wp-content\/uploads\/2022\/09\/11d042e513be5f5b0d5d0c87e5c3e8df.jpg","jetpack_sharing_enabled":true,"jetpack_shortlink":"https:\/\/wp.me\/p7ZJR4-gZu","jetpack_likes_enabled":false,"jetpack-related-posts":[{"id":65097,"url":"https:\/\/www.grieta.org.mx\/index.php\/2022\/09\/05\/organizaciones-exhortan-a-ciudadanos-a-manifestar-su-oposicion-ante-militarizacion\/","url_meta":{"origin":65316,"position":0},"title":"Organizaciones exhortan a ciudadanos a manifestar su oposici\u00f3n ante militarizaci\u00f3n","author":"grieta","date":"5 septiembre, 2022","format":false,"excerpt":"Redacci\u00f3n\/Aristegui Noticias 3 septiembre 2022 Es un fraude constitucional trasladar la Guardia Nacional a la Sedena, afirm\u00f3 Causa Com\u00fan. Causa en Com\u00fan, en colaboraci\u00f3n con el Observatorio de la Guardia Nacional y la Militarizaci\u00f3n en M\u00e9xico, exhortaron a los partidos, acad\u00e9micos, y ciudadanos en general, a manifestar su oposici\u00f3n ante\u2026","rel":"","context":"En &quot;CINTILLO&quot;","block_context":{"text":"CINTILLO","link":"https:\/\/www.grieta.org.mx\/index.php\/category\/cintillo\/"},"img":{"alt_text":"","src":"https:\/\/i0.wp.com\/www.grieta.org.mx\/wp-content\/uploads\/2022\/09\/MANIFESTAR-OPOSICION-MILITARIZACION-ONGS-02092022.webp?resize=350%2C200&ssl=1","width":350,"height":200,"srcset":"https:\/\/i0.wp.com\/www.grieta.org.mx\/wp-content\/uploads\/2022\/09\/MANIFESTAR-OPOSICION-MILITARIZACION-ONGS-02092022.webp?resize=350%2C200&ssl=1 1x, https:\/\/i0.wp.com\/www.grieta.org.mx\/wp-content\/uploads\/2022\/09\/MANIFESTAR-OPOSICION-MILITARIZACION-ONGS-02092022.webp?resize=525%2C300&ssl=1 1.5x, https:\/\/i0.wp.com\/www.grieta.org.mx\/wp-content\/uploads\/2022\/09\/MANIFESTAR-OPOSICION-MILITARIZACION-ONGS-02092022.webp?resize=700%2C400&ssl=1 2x, https:\/\/i0.wp.com\/www.grieta.org.mx\/wp-content\/uploads\/2022\/09\/MANIFESTAR-OPOSICION-MILITARIZACION-ONGS-02092022.webp?resize=1050%2C600&ssl=1 3x"},"classes":[]},{"id":65258,"url":"https:\/\/www.grieta.org.mx\/index.php\/2022\/09\/13\/cndh-no-llevara-a-la-corte-pase-de-gn-al-ejercito-ya-no-hay-militarizacion-dice\/","url_meta":{"origin":65316,"position":1},"title":"CNDH no llevar\u00e1 a la Corte pase de GN al Ej\u00e9rcito; ya no hay militarizaci\u00f3n, dice","author":"grieta","date":"13 septiembre, 2022","format":false,"excerpt":"Redacci\u00f3n\/Aristegui Noticias 13 septiembre 2022 Derechos Humanos respalda los cambios aprobados en el Congreso de la Uni\u00f3n y publicados por el Presidente. La Comisi\u00f3n Nacional de los Derechos Humanos (CNDH) afirm\u00f3 que no presentar\u00e1 acci\u00f3n de inconstitucionalidad por las reformas que traspasan el control de la Guardia Nacional al Ej\u00e9rcito.\u2026","rel":"","context":"En &quot;CINTILLO&quot;","block_context":{"text":"CINTILLO","link":"https:\/\/www.grieta.org.mx\/index.php\/category\/cintillo\/"},"img":{"alt_text":"","src":"https:\/\/i0.wp.com\/www.grieta.org.mx\/wp-content\/uploads\/2022\/09\/ejercito-cndh-militarizacion-13092022.webp?resize=350%2C200&ssl=1","width":350,"height":200,"srcset":"https:\/\/i0.wp.com\/www.grieta.org.mx\/wp-content\/uploads\/2022\/09\/ejercito-cndh-militarizacion-13092022.webp?resize=350%2C200&ssl=1 1x, https:\/\/i0.wp.com\/www.grieta.org.mx\/wp-content\/uploads\/2022\/09\/ejercito-cndh-militarizacion-13092022.webp?resize=525%2C300&ssl=1 1.5x, https:\/\/i0.wp.com\/www.grieta.org.mx\/wp-content\/uploads\/2022\/09\/ejercito-cndh-militarizacion-13092022.webp?resize=700%2C400&ssl=1 2x, https:\/\/i0.wp.com\/www.grieta.org.mx\/wp-content\/uploads\/2022\/09\/ejercito-cndh-militarizacion-13092022.webp?resize=1050%2C600&ssl=1 3x"},"classes":[]},{"id":58964,"url":"https:\/\/www.grieta.org.mx\/index.php\/2021\/04\/23\/evidencian-sana-de-las-fuerzas-armadas-contra-derechos-humanos-de-las-mujeres\/","url_meta":{"origin":65316,"position":2},"title":"Evidencian sa\u00f1a de las fuerzas armadas contra derechos humanos de las mujeres","author":"grieta","date":"23 abril, 2021","format":false,"excerpt":"Karina Vargas\/Reporte Indigo 23 abril 2021 La implementaci\u00f3n de las Fuerzas Armadas en tareas de seguridad p\u00fablica afecta de manera desmedida a las mexicanas, datos de organizaciones revelan que existe un empleo sistem\u00e1tico y focalizado de violaciones a los derechos humanos por cuesti\u00f3n de g\u00e9nero; la tortura sexual es una\u2026","rel":"","context":"En &quot;CINTILLO&quot;","block_context":{"text":"CINTILLO","link":"https:\/\/www.grieta.org.mx\/index.php\/category\/cintillo\/"},"img":{"alt_text":"","src":"https:\/\/i0.wp.com\/www.grieta.org.mx\/wp-content\/uploads\/2021\/04\/violaciones.png?resize=350%2C200&ssl=1","width":350,"height":200,"srcset":"https:\/\/i0.wp.com\/www.grieta.org.mx\/wp-content\/uploads\/2021\/04\/violaciones.png?resize=350%2C200&ssl=1 1x, https:\/\/i0.wp.com\/www.grieta.org.mx\/wp-content\/uploads\/2021\/04\/violaciones.png?resize=525%2C300&ssl=1 1.5x, https:\/\/i0.wp.com\/www.grieta.org.mx\/wp-content\/uploads\/2021\/04\/violaciones.png?resize=700%2C400&ssl=1 2x, https:\/\/i0.wp.com\/www.grieta.org.mx\/wp-content\/uploads\/2021\/04\/violaciones.png?resize=1050%2C600&ssl=1 3x"},"classes":[]},{"id":52267,"url":"https:\/\/www.grieta.org.mx\/index.php\/2020\/07\/22\/organizaciones-presentan-amparos-contra-acuerdo-de-militarizacion\/","url_meta":{"origin":65316,"position":3},"title":"Organizaciones presentan amparos contra acuerdo de militarizaci\u00f3n","author":"grieta","date":"22 julio, 2020","format":false,"excerpt":"Alexis Ortiz\/El Universal 22 julio 2020 Organizaciones de la sociedad civil presentaron m\u00faltiples amparos contra un acuerdo publicado el 11 de mayo en el Diario Oficial de la Federaci\u00f3n (DOF), el cual permite que las Fuerzas Armadas participen en labores de seguridad hasta el 2024. El acuerdo fue publicado por\u2026","rel":"","context":"En &quot;CINTILLO&quot;","block_context":{"text":"CINTILLO","link":"https:\/\/www.grieta.org.mx\/index.php\/category\/cintillo\/"},"img":{"alt_text":"","src":"https:\/\/i0.wp.com\/www.grieta.org.mx\/wp-content\/uploads\/2020\/08\/mil-un.png?resize=350%2C200&ssl=1","width":350,"height":200,"srcset":"https:\/\/i0.wp.com\/www.grieta.org.mx\/wp-content\/uploads\/2020\/08\/mil-un.png?resize=350%2C200&ssl=1 1x, https:\/\/i0.wp.com\/www.grieta.org.mx\/wp-content\/uploads\/2020\/08\/mil-un.png?resize=525%2C300&ssl=1 1.5x"},"classes":[]},{"id":65322,"url":"https:\/\/www.grieta.org.mx\/index.php\/2022\/09\/19\/la-cndh-ante-la-militarizacion-de-la-guardia-nacional-una-vergonzosa-abdicacion\/","url_meta":{"origin":65316,"position":4},"title":"La CNDH ante la militarizaci\u00f3n de la Guardia Nacional Una &#8220;vergonzosa abdicaci\u00f3n&#8221;","author":"grieta","date":"19 septiembre, 2022","format":false,"excerpt":"Gloria Leticia D\u00edaz\/Proceso 19 septiembre 2022 Las reformas legales que otorgan a la Sedena el mando, la operaci\u00f3n y la administraci\u00f3n de la Guardia Nacional tendr\u00e1n un impacto directo sobre los derechos humanos. A pesar de ello, la CNDH \u2013presidida por Rosario Piedra Ibarra\u2013 abdic\u00f3 de su facultad para interponer\u2026","rel":"","context":"En &quot;CINTILLO&quot;","block_context":{"text":"CINTILLO","link":"https:\/\/www.grieta.org.mx\/index.php\/category\/cintillo\/"},"img":{"alt_text":"","src":"https:\/\/i0.wp.com\/www.grieta.org.mx\/wp-content\/uploads\/2022\/09\/f800x450-161416_212862_5467.jpg?resize=350%2C200&ssl=1","width":350,"height":200,"srcset":"https:\/\/i0.wp.com\/www.grieta.org.mx\/wp-content\/uploads\/2022\/09\/f800x450-161416_212862_5467.jpg?resize=350%2C200&ssl=1 1x, https:\/\/i0.wp.com\/www.grieta.org.mx\/wp-content\/uploads\/2022\/09\/f800x450-161416_212862_5467.jpg?resize=525%2C300&ssl=1 1.5x, https:\/\/i0.wp.com\/www.grieta.org.mx\/wp-content\/uploads\/2022\/09\/f800x450-161416_212862_5467.jpg?resize=700%2C400&ssl=1 2x"},"classes":[]},{"id":65325,"url":"https:\/\/www.grieta.org.mx\/index.php\/2022\/09\/19\/ocupan-56-militares-cargos-de-alto-nivel-en-seguridad-publica\/","url_meta":{"origin":65316,"position":5},"title":"Ocupan 56 militares cargos de alto nivel en seguridad p\u00fablica","author":"grieta","date":"19 septiembre, 2022","format":false,"excerpt":"Maritza P\u00e9rez\/El Economista 19 septiembre 2022 Que la Guardia Nacional forme parte de la Sedena fue un acto ilegal y fuera del marco constitucional, dijeron especialistas. El proceso de militarizaci\u00f3n que lleva a cabo el presidente Andr\u00e9s Manuel L\u00f3pez Obrador, adem\u00e1s de ser un riesgo para la seguridad mexicana, pone\u2026","rel":"","context":"En &quot;CINTILLO&quot;","block_context":{"text":"CINTILLO","link":"https:\/\/www.grieta.org.mx\/index.php\/category\/cintillo\/"},"img":{"alt_text":"","src":"https:\/\/i0.wp.com\/www.grieta.org.mx\/wp-content\/uploads\/2022\/09\/guardia_nacional_x4x.jpg_185051853.webp?resize=350%2C200&ssl=1","width":350,"height":200,"srcset":"https:\/\/i0.wp.com\/www.grieta.org.mx\/wp-content\/uploads\/2022\/09\/guardia_nacional_x4x.jpg_185051853.webp?resize=350%2C200&ssl=1 1x, https:\/\/i0.wp.com\/www.grieta.org.mx\/wp-content\/uploads\/2022\/09\/guardia_nacional_x4x.jpg_185051853.webp?resize=525%2C300&ssl=1 1.5x, https:\/\/i0.wp.com\/www.grieta.org.mx\/wp-content\/uploads\/2022\/09\/guardia_nacional_x4x.jpg_185051853.webp?resize=700%2C400&ssl=1 2x, https:\/\/i0.wp.com\/www.grieta.org.mx\/wp-content\/uploads\/2022\/09\/guardia_nacional_x4x.jpg_185051853.webp?resize=1050%2C600&ssl=1 3x"},"classes":[]}],"_links":{"self":[{"href":"https:\/\/www.grieta.org.mx\/index.php\/wp-json\/wp\/v2\/posts\/65316","targetHints":{"allow":["GET"]}}],"collection":[{"href":"https:\/\/www.grieta.org.mx\/index.php\/wp-json\/wp\/v2\/posts"}],"about":[{"href":"https:\/\/www.grieta.org.mx\/index.php\/wp-json\/wp\/v2\/types\/post"}],"author":[{"embeddable":true,"href":"https:\/\/www.grieta.org.mx\/index.php\/wp-json\/wp\/v2\/users\/2"}],"replies":[{"embeddable":true,"href":"https:\/\/www.grieta.org.mx\/index.php\/wp-json\/wp\/v2\/comments?post=65316"}],"version-history":[{"count":1,"href":"https:\/\/www.grieta.org.mx\/index.php\/wp-json\/wp\/v2\/posts\/65316\/revisions"}],"predecessor-version":[{"id":65318,"href":"https:\/\/www.grieta.org.mx\/index.php\/wp-json\/wp\/v2\/posts\/65316\/revisions\/65318"}],"wp:featuredmedia":[{"embeddable":true,"href":"https:\/\/www.grieta.org.mx\/index.php\/wp-json\/wp\/v2\/media\/65317"}],"wp:attachment":[{"href":"https:\/\/www.grieta.org.mx\/index.php\/wp-json\/wp\/v2\/media?parent=65316"}],"wp:term":[{"taxonomy":"category","embeddable":true,"href":"https:\/\/www.grieta.org.mx\/index.php\/wp-json\/wp\/v2\/categories?post=65316"},{"taxonomy":"post_tag","embeddable":true,"href":"https:\/\/www.grieta.org.mx\/index.php\/wp-json\/wp\/v2\/tags?post=65316"}],"curies":[{"name":"wp","href":"https:\/\/api.w.org\/{rel}","templated":true}]}}