{"id":65280,"date":"2022-09-22T13:01:25","date_gmt":"2022-09-22T18:01:25","guid":{"rendered":"https:\/\/www.grieta.org.mx\/?p=65280"},"modified":"2022-09-24T13:10:05","modified_gmt":"2022-09-24T18:10:05","slug":"en-protesta-por-la-decision-de-la-scjn-consejo-supremo-indigena-marcha-en-la-ciudad-de-mexico-michoacan","status":"publish","type":"post","link":"https:\/\/www.grieta.org.mx\/index.php\/2022\/09\/22\/en-protesta-por-la-decision-de-la-scjn-consejo-supremo-indigena-marcha-en-la-ciudad-de-mexico-michoacan\/","title":{"rendered":"En protesta por la decisi\u00f3n de la SCJN, Consejo Supremo Ind\u00edgena marcha en la Ciudad de M\u00e9xico (Michoac\u00e1n)"},"content":{"rendered":"<p><strong>Se presentaron m\u00e1s de mil habitantes de los diversos pueblos originarios pertenecientes al Concejo Supremo Ind\u00edgena de Michoac\u00e1n, en lo que denominaron \u201cmovilizaci\u00f3n nacional en defensa de las autonom\u00edas\u201d<\/strong><\/p>\n<p>Ang\u00e9lica Ayala \/ La Voz de Michoac\u00e1n, 22 de septiembre de 2022<\/p>\n<p>Ciudad de M\u00e9xico. Las comunidades ind\u00edgenas que integran el Consejo Supremo Ind\u00edgena de Michoac\u00e1n (CSIM) se movilizaron en la Ciudad de M\u00e9xico como respuesta a las resoluciones emitidas por la Suprema Corte de Justicia de la Naci\u00f3n (SCJN) respecto a las controversias constitucionales a favor de los ayuntamientos de Nahuatzen y Tangamandapio, calificando como \u201cun grave retroceso a los derechos colectivos de las comunidades y una traici\u00f3n a los pueblos ind\u00edgenas\u201d.<\/p>\n<p>De acuerdo con el vocero del organismo, Pavel Guzm\u00e1n Macario, se presentaron m\u00e1s de mil habitantes de los diversos pueblos originarios pertenecientes al CSIM, en lo que denominaron \u201cmovilizaci\u00f3n nacional en defensa de las autonom\u00edas\u201d, al referir que estas resoluciones retrasan los procesos de autogobierno en comunidades originarias y con ello la entrega de los recursos municipales y federales que por ley les compete.<\/p>\n<p>Los manifestantes marcharon por las calles del Centro Hist\u00f3rico de la Ciudad de M\u00e9xico enarbolando la Bandera Pur\u00e9pecha, llegaron hasta las instalaciones de la Suprema Corte; ante los fallos ya mencionados, el Consejo Ind\u00edgena anunci\u00f3 que \u201cresponder\u00e1 con t\u00e1cticas sociales, jur\u00eddicas, pol\u00edticas y legislativas\u201d.<\/p>\n<figure id=\"attachment_65282\" aria-describedby=\"caption-attachment-65282\" style=\"width: 700px\" class=\"wp-caption alignnone\"><img loading=\"lazy\" decoding=\"async\" data-attachment-id=\"65282\" data-permalink=\"https:\/\/www.grieta.org.mx\/index.php\/2022\/09\/22\/en-protesta-por-la-decision-de-la-scjn-consejo-supremo-indigena-marcha-en-la-ciudad-de-mexico-michoacan\/csi\/\" data-orig-file=\"https:\/\/www.grieta.org.mx\/wp-content\/uploads\/2022\/09\/csi.jpeg\" data-orig-size=\"700,466\" data-comments-opened=\"0\" data-image-meta=\"{&quot;aperture&quot;:&quot;0&quot;,&quot;credit&quot;:&quot;&quot;,&quot;camera&quot;:&quot;&quot;,&quot;caption&quot;:&quot;&quot;,&quot;created_timestamp&quot;:&quot;0&quot;,&quot;copyright&quot;:&quot;&quot;,&quot;focal_length&quot;:&quot;0&quot;,&quot;iso&quot;:&quot;0&quot;,&quot;shutter_speed&quot;:&quot;0&quot;,&quot;title&quot;:&quot;&quot;,&quot;orientation&quot;:&quot;0&quot;}\" data-image-title=\"csi\" data-image-description=\"\" data-image-caption=\"&lt;p&gt;Foto: La Voz de Michoac\u00e1n&lt;\/p&gt;\n\" data-medium-file=\"https:\/\/www.grieta.org.mx\/wp-content\/uploads\/2022\/09\/csi-300x200.jpeg\" data-large-file=\"https:\/\/www.grieta.org.mx\/wp-content\/uploads\/2022\/09\/csi.jpeg\" class=\"size-full wp-image-65282\" src=\"http:\/\/www.grieta.org.mx\/wp-content\/uploads\/2022\/09\/csi.jpeg\" alt=\"\" width=\"700\" height=\"466\" srcset=\"https:\/\/www.grieta.org.mx\/wp-content\/uploads\/2022\/09\/csi.jpeg 700w, https:\/\/www.grieta.org.mx\/wp-content\/uploads\/2022\/09\/csi-300x200.jpeg 300w\" sizes=\"auto, (max-width: 700px) 100vw, 700px\" \/><figcaption id=\"caption-attachment-65282\" class=\"wp-caption-text\">Foto: La Voz de Michoac\u00e1n<\/figcaption><\/figure>\n<p>En lo social, detalla el Consejo Ind\u00edgena que realiz\u00f3 esta movilizaci\u00f3n nacional culminando con un acto pol\u00edtico-cultural afuera de las instalaciones de la SCJN donde participaron consejos de gobierno de comunidades solidarias de Teotihuac\u00e1n, Texcoco y Villa Guerrero. Ah\u00ed hubo expresiones art\u00edsticas de danzas, pirekuas y orquestas tradicionales pur\u00e9pechas, bajo la argumentaci\u00f3n de un hermanamiento como pueblos originarios.<\/p>\n<p>En lo jur\u00eddico, anticip\u00f3 Pavel Guzm\u00e1n que presentar\u00e1n una queja en la Comisi\u00f3n Interamericana de Derechos Humanos (CIDH), siendo esta la \u00fanica instancia a la que pueden acudir ya que jur\u00eddicamente en M\u00e9xico no pueden hacer nada. En el tema pol\u00edtico, inform\u00f3 que fortalecer\u00e1n los procesos de autonom\u00eda aumentando la cifra de autogobiernos con las comunidades de Sicuicho y Pamat\u00e1cuaro. Mientras que en lo legislativo presentar\u00e1n iniciativas de ley para el reconocimiento pleno y constitucional de las autonom\u00edas y los consejos de gobierno comunal.<\/p>\n<p>Asimismo, exigen a la SCJN que resuelva \u201clas controversias constitucionales en materia ind\u00edgena, conforme los principios de universalidad, interdependencia, indivisibilidad y progresividad de los derechos humanos\u201d.<\/p>\n<figure id=\"attachment_65283\" aria-describedby=\"caption-attachment-65283\" style=\"width: 700px\" class=\"wp-caption alignnone\"><img loading=\"lazy\" decoding=\"async\" data-attachment-id=\"65283\" data-permalink=\"https:\/\/www.grieta.org.mx\/index.php\/2022\/09\/22\/en-protesta-por-la-decision-de-la-scjn-consejo-supremo-indigena-marcha-en-la-ciudad-de-mexico-michoacan\/csi2\/\" data-orig-file=\"https:\/\/www.grieta.org.mx\/wp-content\/uploads\/2022\/09\/csi2.jpeg\" data-orig-size=\"700,466\" data-comments-opened=\"0\" data-image-meta=\"{&quot;aperture&quot;:&quot;0&quot;,&quot;credit&quot;:&quot;&quot;,&quot;camera&quot;:&quot;&quot;,&quot;caption&quot;:&quot;&quot;,&quot;created_timestamp&quot;:&quot;0&quot;,&quot;copyright&quot;:&quot;&quot;,&quot;focal_length&quot;:&quot;0&quot;,&quot;iso&quot;:&quot;0&quot;,&quot;shutter_speed&quot;:&quot;0&quot;,&quot;title&quot;:&quot;&quot;,&quot;orientation&quot;:&quot;0&quot;}\" data-image-title=\"csi2\" data-image-description=\"\" data-image-caption=\"&lt;p&gt;Foto: La Voz de Michoac\u00e1n&lt;\/p&gt;\n\" data-medium-file=\"https:\/\/www.grieta.org.mx\/wp-content\/uploads\/2022\/09\/csi2-300x200.jpeg\" data-large-file=\"https:\/\/www.grieta.org.mx\/wp-content\/uploads\/2022\/09\/csi2.jpeg\" class=\"size-full wp-image-65283\" src=\"http:\/\/www.grieta.org.mx\/wp-content\/uploads\/2022\/09\/csi2.jpeg\" alt=\"\" width=\"700\" height=\"466\" srcset=\"https:\/\/www.grieta.org.mx\/wp-content\/uploads\/2022\/09\/csi2.jpeg 700w, https:\/\/www.grieta.org.mx\/wp-content\/uploads\/2022\/09\/csi2-300x200.jpeg 300w\" sizes=\"auto, (max-width: 700px) 100vw, 700px\" \/><figcaption id=\"caption-attachment-65283\" class=\"wp-caption-text\">Foto: La Voz de Michoac\u00e1n<\/figcaption><\/figure>\n<p>Es de recordar que, a mediados del pasado agosto, la resoluci\u00f3n de la Suprema Corte de Justicia de la Naci\u00f3n invalid\u00f3 en su totalidad de la Ley Org\u00e1nica Municipal el cap\u00edtulo XXI de los Pueblos Ind\u00edgenas, ante la controversia constitucional que present\u00f3 el municipio de Tangamandapio, y result\u00f3 a su favor del ayuntamiento.<\/p>\n<p>El argumento principal para revocar dicho cap\u00edtulo ind\u00edgena fue que no se realiz\u00f3 una consulta ind\u00edgena para redactar el cap\u00edtulo en menci\u00f3n, sino foros donde hubo una participaci\u00f3n abierta y poco precisos ante el tema que se pretend\u00eda abordar; \u201cel principal argumento que dan los magistrados, es que no hubo esa consulta a los pueblos ind\u00edgenas, solamente se realizaron foros, sin embargo, no se pronunciaron a fondo del tema, solo vieron la forma\u201d.<\/p>\n<figure id=\"attachment_65284\" aria-describedby=\"caption-attachment-65284\" style=\"width: 700px\" class=\"wp-caption alignnone\"><img loading=\"lazy\" decoding=\"async\" data-attachment-id=\"65284\" data-permalink=\"https:\/\/www.grieta.org.mx\/index.php\/2022\/09\/22\/en-protesta-por-la-decision-de-la-scjn-consejo-supremo-indigena-marcha-en-la-ciudad-de-mexico-michoacan\/csi3\/\" data-orig-file=\"https:\/\/www.grieta.org.mx\/wp-content\/uploads\/2022\/09\/csi3.jpeg\" data-orig-size=\"700,466\" data-comments-opened=\"0\" data-image-meta=\"{&quot;aperture&quot;:&quot;0&quot;,&quot;credit&quot;:&quot;&quot;,&quot;camera&quot;:&quot;&quot;,&quot;caption&quot;:&quot;&quot;,&quot;created_timestamp&quot;:&quot;0&quot;,&quot;copyright&quot;:&quot;&quot;,&quot;focal_length&quot;:&quot;0&quot;,&quot;iso&quot;:&quot;0&quot;,&quot;shutter_speed&quot;:&quot;0&quot;,&quot;title&quot;:&quot;&quot;,&quot;orientation&quot;:&quot;0&quot;}\" data-image-title=\"csi3\" data-image-description=\"\" data-image-caption=\"&lt;p&gt;Foto: La Voz de Michoac\u00e1n&lt;\/p&gt;\n\" data-medium-file=\"https:\/\/www.grieta.org.mx\/wp-content\/uploads\/2022\/09\/csi3-300x200.jpeg\" data-large-file=\"https:\/\/www.grieta.org.mx\/wp-content\/uploads\/2022\/09\/csi3.jpeg\" class=\"size-full wp-image-65284\" src=\"http:\/\/www.grieta.org.mx\/wp-content\/uploads\/2022\/09\/csi3.jpeg\" alt=\"\" width=\"700\" height=\"466\" srcset=\"https:\/\/www.grieta.org.mx\/wp-content\/uploads\/2022\/09\/csi3.jpeg 700w, https:\/\/www.grieta.org.mx\/wp-content\/uploads\/2022\/09\/csi3-300x200.jpeg 300w\" sizes=\"auto, (max-width: 700px) 100vw, 700px\" \/><figcaption id=\"caption-attachment-65284\" class=\"wp-caption-text\">Foto: La Voz de Michoac\u00e1n<\/figcaption><\/figure>\n<figure id=\"attachment_65286\" aria-describedby=\"caption-attachment-65286\" style=\"width: 700px\" class=\"wp-caption alignnone\"><img loading=\"lazy\" decoding=\"async\" data-attachment-id=\"65286\" data-permalink=\"https:\/\/www.grieta.org.mx\/index.php\/2022\/09\/22\/en-protesta-por-la-decision-de-la-scjn-consejo-supremo-indigena-marcha-en-la-ciudad-de-mexico-michoacan\/csi6\/\" data-orig-file=\"https:\/\/www.grieta.org.mx\/wp-content\/uploads\/2022\/09\/csi6.jpeg\" data-orig-size=\"700,466\" data-comments-opened=\"0\" data-image-meta=\"{&quot;aperture&quot;:&quot;0&quot;,&quot;credit&quot;:&quot;&quot;,&quot;camera&quot;:&quot;&quot;,&quot;caption&quot;:&quot;&quot;,&quot;created_timestamp&quot;:&quot;0&quot;,&quot;copyright&quot;:&quot;&quot;,&quot;focal_length&quot;:&quot;0&quot;,&quot;iso&quot;:&quot;0&quot;,&quot;shutter_speed&quot;:&quot;0&quot;,&quot;title&quot;:&quot;&quot;,&quot;orientation&quot;:&quot;0&quot;}\" data-image-title=\"csi6\" data-image-description=\"\" data-image-caption=\"&lt;p&gt;Foto: La Voz de Michoac\u00e1n&lt;\/p&gt;\n\" data-medium-file=\"https:\/\/www.grieta.org.mx\/wp-content\/uploads\/2022\/09\/csi6-300x200.jpeg\" data-large-file=\"https:\/\/www.grieta.org.mx\/wp-content\/uploads\/2022\/09\/csi6.jpeg\" class=\"size-full wp-image-65286\" src=\"http:\/\/www.grieta.org.mx\/wp-content\/uploads\/2022\/09\/csi6.jpeg\" alt=\"\" width=\"700\" height=\"466\" srcset=\"https:\/\/www.grieta.org.mx\/wp-content\/uploads\/2022\/09\/csi6.jpeg 700w, https:\/\/www.grieta.org.mx\/wp-content\/uploads\/2022\/09\/csi6-300x200.jpeg 300w\" sizes=\"auto, (max-width: 700px) 100vw, 700px\" \/><figcaption id=\"caption-attachment-65286\" class=\"wp-caption-text\">Foto: La Voz de Michoac\u00e1n<\/figcaption><\/figure>\n<p><strong>Dan la raz\u00f3n a municipios oficiales<\/strong><\/p>\n<p>La Controversia Constitucional 56\/2021 fue presentada por el municipio de Tangamandapio, los ministros de la SCJN por unanimidad invalidaron el cap\u00edtulo XXI de los Pueblos Ind\u00edgenas de la Ley Org\u00e1nica del Estado de Michoac\u00e1n de Ocampo que contemplan de los art\u00edculos 114 al 120, mismos que han quedado sin efecto, a partir del d\u00eda siguiente de la notificaci\u00f3n al Congreso del Estado y la publicaci\u00f3n en los estrados y peri\u00f3dico oficial de la Suprema Corte.<\/p>\n<p>Es de mencionar que tambi\u00e9n el municipio de Erongar\u00edcuaro present\u00f3 una controversia constitucional por el tema del presupuesto directo solicitado por la comunidad ind\u00edgena de Jar\u00e1cuaro; con esta invalidaci\u00f3n de la SCJN todo indica que ser\u00e1 imposible que accedan a los recursos propios. Ahora, ser\u00e1 el turno del Congreso de Michoac\u00e1n en nuevamente legislar una ley ind\u00edgena que tenga la participaci\u00f3n de los poblados nativos del estado.<\/p>\n<p>Con la invalidaci\u00f3n del cap\u00edtulo de la Ley Org\u00e1nica de los Pueblos Ind\u00edgenas se detiene a la mancipaci\u00f3n de las comunidades y por ende la entrega del presupuesto directo; el Consejo al tener como \u00faltima opci\u00f3n apelar a las cortes internacionales, origin\u00f3 esta movilizaci\u00f3n en contra de la resoluci\u00f3n de los magistrados.<\/p>\n<p><figure id=\"attachment_65285\" aria-describedby=\"caption-attachment-65285\" style=\"width: 700px\" class=\"wp-caption alignnone\"><img loading=\"lazy\" decoding=\"async\" data-attachment-id=\"65285\" data-permalink=\"https:\/\/www.grieta.org.mx\/index.php\/2022\/09\/22\/en-protesta-por-la-decision-de-la-scjn-consejo-supremo-indigena-marcha-en-la-ciudad-de-mexico-michoacan\/csi4\/\" data-orig-file=\"https:\/\/www.grieta.org.mx\/wp-content\/uploads\/2022\/09\/csi4.jpeg\" data-orig-size=\"700,466\" data-comments-opened=\"0\" data-image-meta=\"{&quot;aperture&quot;:&quot;0&quot;,&quot;credit&quot;:&quot;&quot;,&quot;camera&quot;:&quot;&quot;,&quot;caption&quot;:&quot;&quot;,&quot;created_timestamp&quot;:&quot;0&quot;,&quot;copyright&quot;:&quot;&quot;,&quot;focal_length&quot;:&quot;0&quot;,&quot;iso&quot;:&quot;0&quot;,&quot;shutter_speed&quot;:&quot;0&quot;,&quot;title&quot;:&quot;&quot;,&quot;orientation&quot;:&quot;0&quot;}\" data-image-title=\"csi4\" data-image-description=\"\" data-image-caption=\"&lt;p&gt;Foto: La Voz de Michoac\u00e1n&lt;\/p&gt;\n\" data-medium-file=\"https:\/\/www.grieta.org.mx\/wp-content\/uploads\/2022\/09\/csi4-300x200.jpeg\" data-large-file=\"https:\/\/www.grieta.org.mx\/wp-content\/uploads\/2022\/09\/csi4.jpeg\" class=\"size-full wp-image-65285\" src=\"http:\/\/www.grieta.org.mx\/wp-content\/uploads\/2022\/09\/csi4.jpeg\" alt=\"\" width=\"700\" height=\"466\" srcset=\"https:\/\/www.grieta.org.mx\/wp-content\/uploads\/2022\/09\/csi4.jpeg 700w, https:\/\/www.grieta.org.mx\/wp-content\/uploads\/2022\/09\/csi4-300x200.jpeg 300w\" sizes=\"auto, (max-width: 700px) 100vw, 700px\" \/><figcaption id=\"caption-attachment-65285\" class=\"wp-caption-text\">Foto: La Voz de Michoac\u00e1n<\/figcaption><\/figure><br \/>\n<a href=\"https:\/\/www.lavozdemichoacan.com.mx\/michoacan\/pueblos-originarios\/en-protesta-por-la-decision-de-la-scjn-consejo-supremo-indigena-marcha-en-la-ciudad-de-mexico\/\">  https:\/\/www.lavozdemichoacan.com.mx\/michoacan\/pueblos-originarios\/en-protesta-por-la-decision-de-la-scjn-consejo-supremo-indigena-marcha-en-la-ciudad-de-mexico\/<\/a><\/p>\n","protected":false},"excerpt":{"rendered":"<p>Se presentaron m\u00e1s de mil habitantes de los diversos pueblos originarios pertenecientes al Concejo Supremo Ind\u00edgena de Michoac\u00e1n, en lo que denominaron \u201cmovilizaci\u00f3n nacional en defensa de las autonom\u00edas\u201d Ang\u00e9lica &hellip; <a href=\"https:\/\/www.grieta.org.mx\/index.php\/2022\/09\/22\/en-protesta-por-la-decision-de-la-scjn-consejo-supremo-indigena-marcha-en-la-ciudad-de-mexico-michoacan\/\" class=\"more-link\">Leer m\u00e1s<\/a><\/p>\n","protected":false},"author":2,"featured_media":65287,"comment_status":"closed","ping_status":"closed","sticky":false,"template":"","format":"standard","meta":{"ngg_post_thumbnail":0,"_jetpack_newsletter_access":"","_jetpack_dont_email_post_to_subs":false,"_jetpack_newsletter_tier_id":0,"_jetpack_memberships_contains_paywalled_content":false,"_jetpack_memberships_contains_paid_content":false,"footnotes":""},"categories":[80,21,1169,995],"tags":[2466],"class_list":["post-65280","post","type-post","status-publish","format-standard","has-post-thumbnail","hentry","category-cintillo","category-michoacan","category-organizacion-autonoma-del-consejo-supremos-indigena-de-michoacan","category-resistencia-y-construccion-de-autonomia-de-las-comunidades-rurales-en-michoacan","tag-luchas-y-resistencias-de-pueblos-originarios","entry"],"jetpack_featured_media_url":"https:\/\/www.grieta.org.mx\/wp-content\/uploads\/2022\/09\/csi1-1.jpeg","jetpack_sharing_enabled":true,"jetpack_shortlink":"https:\/\/wp.me\/p7ZJR4-gYU","jetpack_likes_enabled":false,"jetpack-related-posts":[{"id":65289,"url":"https:\/\/www.grieta.org.mx\/index.php\/2022\/09\/20\/mexico-exigen-comunidades-de-michoacan-respeto-a-las-autonomias-indigenas\/","url_meta":{"origin":65280,"position":0},"title":"M\u00e9xico. Exigen comunidades de Michoac\u00e1n respeto a las autonom\u00edas ind\u00edgenas","author":"grieta","date":"20 septiembre, 2022","format":false,"excerpt":"Resumen Latinoamericano 20 de septiembre, 2022 Fotos: CSIM. Con una movilizaci\u00f3n frente a la Suprema Corte de Justicia de la Naci\u00f3n (SCJN) y el Z\u00f3calo de la Ciudad de M\u00e9xico, las 65 comunidades del Consejo Supremo Ind\u00edgena de Michoac\u00e1n (CSIM) se manifestaron en defensa de las autonom\u00edas ind\u00edgenas y contra\u2026","rel":"","context":"En &quot;CINTILLO&quot;","block_context":{"text":"CINTILLO","link":"https:\/\/www.grieta.org.mx\/index.php\/category\/cintillo\/"},"img":{"alt_text":"","src":"https:\/\/i0.wp.com\/www.grieta.org.mx\/wp-content\/uploads\/2022\/09\/307373624_2776409432493419_4105204052003520459_n-1-e1663722880746.jpeg?resize=350%2C200&ssl=1","width":350,"height":200},"classes":[]},{"id":43140,"url":"https:\/\/www.grieta.org.mx\/index.php\/2019\/12\/19\/consejo-supremo-indigena-se-une-al-congreso-nacional-indigena-michoacan\/","url_meta":{"origin":65280,"position":1},"title":"Consejo Supremo Ind\u00edgena se une al Congreso Nacional Ind\u00edgena (Michoac\u00e1n)","author":"grieta","date":"19 diciembre, 2019","format":false,"excerpt":"Por: Redacci\u00f3n Monitor Expreso. 19 de diciembre de 2019 M\u00e9xico.- El Consejo Supremo Ind\u00edgena de Michoac\u00e1n (CSIM), solicit\u00f3 su incorporaci\u00f3n formal al Congreso Nacional Ind\u00edgena (CNI). Manifestando en su misiva que fue una decisi\u00f3n de la Asamblea General de Autoridades de comunidades originarias entre las que se encuentran, Jefes de\u2026","rel":"","context":"En &quot;CINTILLO&quot;","block_context":{"text":"CINTILLO","link":"https:\/\/www.grieta.org.mx\/index.php\/category\/cintillo\/"},"img":{"alt_text":"","src":"https:\/\/i0.wp.com\/www.grieta.org.mx\/wp-content\/uploads\/2020\/01\/consejo-supremo-indigena.png?resize=350%2C200&ssl=1","width":350,"height":200,"srcset":"https:\/\/i0.wp.com\/www.grieta.org.mx\/wp-content\/uploads\/2020\/01\/consejo-supremo-indigena.png?resize=350%2C200&ssl=1 1x, https:\/\/i0.wp.com\/www.grieta.org.mx\/wp-content\/uploads\/2020\/01\/consejo-supremo-indigena.png?resize=525%2C300&ssl=1 1.5x, https:\/\/i0.wp.com\/www.grieta.org.mx\/wp-content\/uploads\/2020\/01\/consejo-supremo-indigena.png?resize=700%2C400&ssl=1 2x"},"classes":[]},{"id":51826,"url":"https:\/\/www.grieta.org.mx\/index.php\/2020\/06\/26\/consejo-supremo-indigena-bloquea-carreteras-ante-visita-al-estado-de-amlo-michoacan\/","url_meta":{"origin":65280,"position":2},"title":"Consejo Supremo Ind\u00edgena bloquea carreteras ante visita al estado de AMLO (Michoac\u00e1n)","author":"grieta","date":"26 junio, 2020","format":false,"excerpt":"Ren\u00e9 Serrano Garc\u00eda \/Informativo La Regi\u00f3n, viernes de 26 junio de 2020 Durante la visita del Presidente de la Rep\u00fablica a Michoac\u00e1n, mediante lo que denominaron S\u00e9ptima Jornada de Lucha: Respeto a los Derechos de los Pueblos Originarios, el Consejo Supremo Ind\u00edgena de Michoac\u00e1n, consejo conformado por autoridades ind\u00edgenas de\u2026","rel":"","context":"En &quot;CINTILLO&quot;","block_context":{"text":"CINTILLO","link":"https:\/\/www.grieta.org.mx\/index.php\/category\/cintillo\/"},"img":{"alt_text":"","src":"https:\/\/i0.wp.com\/www.grieta.org.mx\/wp-content\/uploads\/2020\/07\/ConsejoSupremoIndigena779x450.jpg?resize=350%2C200&ssl=1","width":350,"height":200,"srcset":"https:\/\/i0.wp.com\/www.grieta.org.mx\/wp-content\/uploads\/2020\/07\/ConsejoSupremoIndigena779x450.jpg?resize=350%2C200&ssl=1 1x, https:\/\/i0.wp.com\/www.grieta.org.mx\/wp-content\/uploads\/2020\/07\/ConsejoSupremoIndigena779x450.jpg?resize=525%2C300&ssl=1 1.5x, https:\/\/i0.wp.com\/www.grieta.org.mx\/wp-content\/uploads\/2020\/07\/ConsejoSupremoIndigena779x450.jpg?resize=700%2C400&ssl=1 2x"},"classes":[]},{"id":64291,"url":"https:\/\/www.grieta.org.mx\/index.php\/2022\/05\/19\/consejo-supremo-indigena-de-michoacan-recibe-a-caravana-wixarika\/","url_meta":{"origin":65280,"position":3},"title":"Consejo Supremo Ind\u00edgena de Michoac\u00e1n recibe a caravana Wix\u00e1rika","author":"grieta","date":"19 mayo, 2022","format":false,"excerpt":"Informativo La Regi\u00f3n, jueves, 19 mayo 2022 Estaci\u00f3n Quer\u00e9ndaro a 19 de mayo del 2022.- El Consejo Supremo Ind\u00edgena de Michoac\u00e1n #CSIM consejo aut\u00f3nomo conformado por autoridades tradiciones de 65 comunidades originarias recibi\u00f3 a la Caravana de la Dignidad y la Conciencia Wix\u00e1rika en el poblado de Estaci\u00f3n de Quer\u00e9ndaro\u2026","rel":"","context":"En &quot;CINTILLO&quot;","block_context":{"text":"CINTILLO","link":"https:\/\/www.grieta.org.mx\/index.php\/category\/cintillo\/"},"img":{"alt_text":"","src":"https:\/\/i0.wp.com\/www.grieta.org.mx\/wp-content\/uploads\/2022\/05\/282247347_2671207033013660_6376625324115801356_n.jpg?resize=350%2C200&ssl=1","width":350,"height":200,"srcset":"https:\/\/i0.wp.com\/www.grieta.org.mx\/wp-content\/uploads\/2022\/05\/282247347_2671207033013660_6376625324115801356_n.jpg?resize=350%2C200&ssl=1 1x, https:\/\/i0.wp.com\/www.grieta.org.mx\/wp-content\/uploads\/2022\/05\/282247347_2671207033013660_6376625324115801356_n.jpg?resize=525%2C300&ssl=1 1.5x, https:\/\/i0.wp.com\/www.grieta.org.mx\/wp-content\/uploads\/2022\/05\/282247347_2671207033013660_6376625324115801356_n.jpg?resize=700%2C400&ssl=1 2x, https:\/\/i0.wp.com\/www.grieta.org.mx\/wp-content\/uploads\/2022\/05\/282247347_2671207033013660_6376625324115801356_n.jpg?resize=1050%2C600&ssl=1 3x, https:\/\/i0.wp.com\/www.grieta.org.mx\/wp-content\/uploads\/2022\/05\/282247347_2671207033013660_6376625324115801356_n.jpg?resize=1400%2C800&ssl=1 4x"},"classes":[]},{"id":54857,"url":"https:\/\/www.grieta.org.mx\/index.php\/2020\/10\/12\/consejo-supremo-indigena-bloquea-4-puntos-carreteros-michoacan\/","url_meta":{"origin":65280,"position":4},"title":"Consejo Supremo Ind\u00edgena bloquea 4 puntos carreteros (Michoac\u00e1n)","author":"grieta","date":"12 octubre, 2020","format":false,"excerpt":"Redacci\u00f3n Quadratin \/ 12 de octubre de 2020 MORELIA, Mich., 12 de octubre de 2020.- K\u00b4eri Kunkorhekua Iretecheri, el Consejo Supremo Ind\u00edgena de Michoac\u00e1n #CSIM, consejo aut\u00f3nomo e independiente, constituido por autoridades civiles, comunales y tradicionales de 60 comunidades originarias, manifestaron conjuntamente lo siguiente: El 12 de octubre de 2020\u2026","rel":"","context":"En &quot;CINTILLO&quot;","block_context":{"text":"CINTILLO","link":"https:\/\/www.grieta.org.mx\/index.php\/category\/cintillo\/"},"img":{"alt_text":"","src":"https:\/\/i0.wp.com\/www.grieta.org.mx\/wp-content\/uploads\/2020\/11\/IMG-20201012-WA0009-1160x700-1.jpg?resize=350%2C200&ssl=1","width":350,"height":200,"srcset":"https:\/\/i0.wp.com\/www.grieta.org.mx\/wp-content\/uploads\/2020\/11\/IMG-20201012-WA0009-1160x700-1.jpg?resize=350%2C200&ssl=1 1x, https:\/\/i0.wp.com\/www.grieta.org.mx\/wp-content\/uploads\/2020\/11\/IMG-20201012-WA0009-1160x700-1.jpg?resize=525%2C300&ssl=1 1.5x, https:\/\/i0.wp.com\/www.grieta.org.mx\/wp-content\/uploads\/2020\/11\/IMG-20201012-WA0009-1160x700-1.jpg?resize=700%2C400&ssl=1 2x, https:\/\/i0.wp.com\/www.grieta.org.mx\/wp-content\/uploads\/2020\/11\/IMG-20201012-WA0009-1160x700-1.jpg?resize=1050%2C600&ssl=1 3x"},"classes":[]},{"id":32097,"url":"https:\/\/www.grieta.org.mx\/index.php\/2019\/03\/28\/consejo-supremo-indigena-de-michoacan-rechaza-la-solicitud-de-disculpas-del-gobierno-de-mexico-ante-la-conquista-espanola-y-exige-memoria-historica-y-justicia\/","url_meta":{"origin":65280,"position":5},"title":"Consejo Supremo Ind\u00edgena de Michoac\u00e1n rechaza la solicitud de disculpas del Gobierno de M\u00e9xico ante la conquista espa\u00f1ola y exige memoria hist\u00f3rica y justicia","author":"grieta","date":"28 marzo, 2019","format":false,"excerpt":"Redacci\u00f3n \/ UrbisTV Morelia, Michoac\u00e1n, a 28 de marzo de 2019.- El Consejo Supremo Ind\u00edgena de Michoac\u00e1n (CSIM), consejo conformado por autoridades civiles, comunales y tradicionales de m\u00e1s de 50 comunidades p\u00b4urh\u00e9pechas, mediante un manifiesto rechazaron la solicitud de disculpas emitida por el Gobierno de M\u00e9xico al Gobierno de Espa\u00f1a,\u2026","rel":"","context":"En &quot;CINTILLO&quot;","block_context":{"text":"CINTILLO","link":"https:\/\/www.grieta.org.mx\/index.php\/category\/cintillo\/"},"img":{"alt_text":"","src":"https:\/\/i0.wp.com\/www.grieta.org.mx\/wp-content\/uploads\/2019\/04\/0-grande.jpg?resize=350%2C200&ssl=1","width":350,"height":200,"srcset":"https:\/\/i0.wp.com\/www.grieta.org.mx\/wp-content\/uploads\/2019\/04\/0-grande.jpg?resize=350%2C200&ssl=1 1x, https:\/\/i0.wp.com\/www.grieta.org.mx\/wp-content\/uploads\/2019\/04\/0-grande.jpg?resize=525%2C300&ssl=1 1.5x, https:\/\/i0.wp.com\/www.grieta.org.mx\/wp-content\/uploads\/2019\/04\/0-grande.jpg?resize=700%2C400&ssl=1 2x"},"classes":[]}],"_links":{"self":[{"href":"https:\/\/www.grieta.org.mx\/index.php\/wp-json\/wp\/v2\/posts\/65280","targetHints":{"allow":["GET"]}}],"collection":[{"href":"https:\/\/www.grieta.org.mx\/index.php\/wp-json\/wp\/v2\/posts"}],"about":[{"href":"https:\/\/www.grieta.org.mx\/index.php\/wp-json\/wp\/v2\/types\/post"}],"author":[{"embeddable":true,"href":"https:\/\/www.grieta.org.mx\/index.php\/wp-json\/wp\/v2\/users\/2"}],"replies":[{"embeddable":true,"href":"https:\/\/www.grieta.org.mx\/index.php\/wp-json\/wp\/v2\/comments?post=65280"}],"version-history":[{"count":1,"href":"https:\/\/www.grieta.org.mx\/index.php\/wp-json\/wp\/v2\/posts\/65280\/revisions"}],"predecessor-version":[{"id":65288,"href":"https:\/\/www.grieta.org.mx\/index.php\/wp-json\/wp\/v2\/posts\/65280\/revisions\/65288"}],"wp:featuredmedia":[{"embeddable":true,"href":"https:\/\/www.grieta.org.mx\/index.php\/wp-json\/wp\/v2\/media\/65287"}],"wp:attachment":[{"href":"https:\/\/www.grieta.org.mx\/index.php\/wp-json\/wp\/v2\/media?parent=65280"}],"wp:term":[{"taxonomy":"category","embeddable":true,"href":"https:\/\/www.grieta.org.mx\/index.php\/wp-json\/wp\/v2\/categories?post=65280"},{"taxonomy":"post_tag","embeddable":true,"href":"https:\/\/www.grieta.org.mx\/index.php\/wp-json\/wp\/v2\/tags?post=65280"}],"curies":[{"name":"wp","href":"https:\/\/api.w.org\/{rel}","templated":true}]}}