{"id":65273,"date":"2022-09-17T11:44:28","date_gmt":"2022-09-17T16:44:28","guid":{"rendered":"https:\/\/www.grieta.org.mx\/?p=65273"},"modified":"2022-09-19T11:50:47","modified_gmt":"2022-09-19T16:50:47","slug":"reportan-derrame-de-hidrocarburo-en-el-rio-panuco-tamaulipas","status":"publish","type":"post","link":"https:\/\/www.grieta.org.mx\/index.php\/2022\/09\/17\/reportan-derrame-de-hidrocarburo-en-el-rio-panuco-tamaulipas\/","title":{"rendered":"Reportan derrame de hidrocarburo en el r\u00edo P\u00e1nuco (Tamaulipas)"},"content":{"rendered":"<p>David Castellanos\/La Jornada San Luis Potos\u00ed<br \/>\n17 septiembre 2022<\/p>\n<p>Tampico, Tam. Pescadores camaroneros de Tampico-Miramar y norte de Veracruz denunciaron un enorme derrame de hidrocarburo en la bocana del r\u00edo P\u00e1nuco con el Golfo de M\u00e9xico.<\/p>\n<p>Por m\u00e1s de 1 kil\u00f3metro de distancia, junto a la escollera de la playa de Miramar, se apreci\u00f3 desde las primeras horas del d\u00eda una sustancia aceitosa y oscura en la zona costa del sur de Tamaulipas donde se alberga la Refiner\u00eda \u201cFrancisco I. Madero\u201d, a la que el Gobierno de la Rep\u00fablica invirti\u00f3 m\u00e1s de 1 mil 900 millones de d\u00f3lares en el mantenimiento aplicado en infraestructura a 22 Plantas del complejo petrolero.<\/p>\n<p>Los pescadores camaroneros que integran la flota m\u00e1s grande del Golfo de M\u00e9xico con m\u00e1s de un centenar de embarcaciones denunciaron el derrame que se presume proviene de las \u201ctrampas\u201d de aceite en la refiner\u00eda acechado principalmente a las peque\u00f1as embarcaciones y el ecosistema sin que la Profepa o Semarnat hagan algo al respecto debido a que este tipo de problem\u00e1ticas se registran habitualmente con las lluvias que impactan en la zona sur de Tamaulipas.<\/p>\n<p>\u201cEs todo el tiempo, Pemex nunca hace nada, s\u00f3lo informa que por las lluvias se rebasan las trampas y el petr\u00f3leo llega al r\u00edo, mata a los peces y se escurre hasta la playa\u201d, dijo Carlos uno de los empresarios camaroneros en Tampico.<\/p>\n<p>Tamaulipas tiene una producci\u00f3n pesquera aproximada de 43 mil toneladas anuales. Hasta ahora los camaroneros mantienen atracadas sus embarcaciones pues la veda se aplaz\u00f3 hist\u00f3ricamente hasta el 3 de octubre.<\/p>\n<p>Hasta el cierre de la presente edici\u00f3n ninguna autoridad de los tres ordenes de gobierno se hab\u00eda pronunciado al respecto, tampoco la C\u00e1mara Nacional de la Industria Pesquera y Acu\u00edcola que desde que eligi\u00f3 al empresario tamaulipeco Miller Alexander Longoria como nuevo presidente de esta organizaci\u00f3n empresarial no fija postura alguna.<\/p>\n<p><a href=\"https:\/\/lajornadasanluis.com.mx\/ultimas-publicaciones\/reportan-derrame-de-hidrocarburo-en-el-rio-panuco\/?utm_source=pocket_mylist\" rel=\"noopener\" target=\"_blank\">https:\/\/lajornadasanluis.com.mx\/ultimas-publicaciones\/reportan-derrame-de-hidrocarburo-en-el-rio-panuco\/?utm_source=pocket_mylist<\/a><\/p>\n","protected":false},"excerpt":{"rendered":"<p>David Castellanos\/La Jornada San Luis Potos\u00ed 17 septiembre 2022 Tampico, Tam. Pescadores camaroneros de Tampico-Miramar y norte de Veracruz denunciaron un enorme derrame de hidrocarburo en la bocana del r\u00edo &hellip; <a href=\"https:\/\/www.grieta.org.mx\/index.php\/2022\/09\/17\/reportan-derrame-de-hidrocarburo-en-el-rio-panuco-tamaulipas\/\" class=\"more-link\">Leer m\u00e1s<\/a><\/p>\n","protected":false},"author":2,"featured_media":65274,"comment_status":"closed","ping_status":"closed","sticky":false,"template":"","format":"standard","meta":{"ngg_post_thumbnail":0,"_jetpack_newsletter_access":"","_jetpack_dont_email_post_to_subs":false,"_jetpack_newsletter_tier_id":0,"_jetpack_memberships_contains_paywalled_content":false,"_jetpack_memberships_contains_paid_content":false,"footnotes":""},"categories":[80,2791,1963,1966,2,33],"tags":[1689,366,124,2077],"class_list":["post-65273","post","type-post","status-publish","format-standard","has-post-thumbnail","hentry","category-cintillo","category-contaminacion-ambiental-en-tamaulipas","category-dannos-ambientales-por-industria-en-tamaulipas","category-megaproyectos-de-hidrocarburos-en-tamaulipas","category-noticias-nacionales","category-tamaulipas","tag-danos-ambientales","tag-derrame","tag-pescadores","tag-refinerias","entry"],"jetpack_featured_media_url":"https:\/\/www.grieta.org.mx\/wp-content\/uploads\/2022\/09\/derrame.webp","jetpack_sharing_enabled":true,"jetpack_shortlink":"https:\/\/wp.me\/p7ZJR4-gYN","jetpack_likes_enabled":false,"jetpack-related-posts":[{"id":21202,"url":"https:\/\/www.grieta.org.mx\/index.php\/2014\/08\/22\/derrame-de-petroleo-crudo-contamina-rio-en-tamaulipas\/","url_meta":{"origin":65273,"position":0},"title":"Derrame de petr\u00f3leo crudo contamina r\u00edo en Tamaulipas","author":"grieta","date":"22 agosto, 2014","format":false,"excerpt":"Pemex controla derrame de crudo en Gonz\u00e1lez, Tamaulipas. Petr\u00f3leos Mexicanos (Pemex) inform\u00f3 que control\u00f3 un derrame de crudo generado por una toma clandestina detectada en la l\u00ednea 2 del oleoducto Madero-Cadereyta, tramo Nuevo Teapa-Madero-Gonz\u00e1lez, en el municipio de Gonz\u00e1lez. La representante regional de Comunicaci\u00f3n Social del distrito Tampico, Susana Lozano\u2026","rel":"","context":"En &quot;CINTILLO&quot;","block_context":{"text":"CINTILLO","link":"https:\/\/www.grieta.org.mx\/index.php\/category\/cintillo\/"},"img":{"alt_text":"","src":"https:\/\/i0.wp.com\/www.grieta.org.mx\/wp-content\/uploads\/2018\/03\/14524434_1106112876131411_958039263622046936_o.jpg?resize=350%2C200&ssl=1","width":350,"height":200,"srcset":"https:\/\/i0.wp.com\/www.grieta.org.mx\/wp-content\/uploads\/2018\/03\/14524434_1106112876131411_958039263622046936_o.jpg?resize=350%2C200&ssl=1 1x, https:\/\/i0.wp.com\/www.grieta.org.mx\/wp-content\/uploads\/2018\/03\/14524434_1106112876131411_958039263622046936_o.jpg?resize=525%2C300&ssl=1 1.5x, https:\/\/i0.wp.com\/www.grieta.org.mx\/wp-content\/uploads\/2018\/03\/14524434_1106112876131411_958039263622046936_o.jpg?resize=700%2C400&ssl=1 2x"},"classes":[]},{"id":18717,"url":"https:\/\/www.grieta.org.mx\/index.php\/2016\/08\/09\/danos-ambientales-por-derrame-de-hidrocarburos-en-colima\/","url_meta":{"origin":65273,"position":1},"title":"Da\u00f1os ambientales por derrame de hidrocarburos en Colima","author":"grieta","date":"9 agosto, 2016","format":false,"excerpt":"09\/08\/16. A 17 d\u00edas del derrame de combust\u00f3leo nadie quiere hacerse responsable por los da\u00f1osManzanillo TV 04\/08\/16. Fuga de hidrocarburo en Manzanillo, en instalaciones de Ferromex20 minutos 04\/08\/16. No se sabe lo que provoc\u00f3 el derrame de combust\u00f3leo: IMEXManzanillo TV 03\/08\/16. Fuga de Pemex causa desastre ecol\u00f3gico en lagunaCorreo de\u2026","rel":"","context":"En &quot;Colima&quot;","block_context":{"text":"Colima","link":"https:\/\/www.grieta.org.mx\/index.php\/category\/noticias-nacionales\/colima\/"},"img":{"alt_text":"","src":"https:\/\/i0.wp.com\/www.grieta.org.mx\/wp-content\/uploads\/2018\/03\/14524434_1106112876131411_958039263622046936_o.jpg?resize=350%2C200&ssl=1","width":350,"height":200,"srcset":"https:\/\/i0.wp.com\/www.grieta.org.mx\/wp-content\/uploads\/2018\/03\/14524434_1106112876131411_958039263622046936_o.jpg?resize=350%2C200&ssl=1 1x, https:\/\/i0.wp.com\/www.grieta.org.mx\/wp-content\/uploads\/2018\/03\/14524434_1106112876131411_958039263622046936_o.jpg?resize=525%2C300&ssl=1 1.5x, https:\/\/i0.wp.com\/www.grieta.org.mx\/wp-content\/uploads\/2018\/03\/14524434_1106112876131411_958039263622046936_o.jpg?resize=700%2C400&ssl=1 2x"},"classes":[]},{"id":6247,"url":"https:\/\/www.grieta.org.mx\/index.php\/2016\/07\/24\/danos-ambientales-y-a-la-salud-por-derrame-de-hidrocarburos-en-tabasco\/","url_meta":{"origin":65273,"position":2},"title":"Da\u00f1os ambientales y a la salud por derrames de aceites e  hidrocarburos en Tabasco","author":"grieta","date":"24 julio, 2016","format":false,"excerpt":"24\/07\/16. Minados 44 r\u00edos por 213 ductos de Pemex en TabascoDiario Presente 11\/04\/16. En los \u00faltimos 11 a\u00f1os, Pemex ocasion\u00f3 385 derrames de hidrocarburos en TabascoDiario Presente 27\/02\/16. \u201cAsfixia\u201d turbosina a Medell\u00ednTabasco Hoy 23\/01\/15. Cangrejera y Aquiles Serd\u00e1n vertederos de crudoTabasco Hoy 05\/01\/16. Reportan nuevo derrame de crudo en Mecoac\u00e1nTabasco\u2026","rel":"","context":"En &quot;Hidrocarburos&quot;","block_context":{"text":"Hidrocarburos","link":"https:\/\/www.grieta.org.mx\/index.php\/category\/megaproyectos\/hidrocarburos\/"},"img":{"alt_text":"","src":"https:\/\/i0.wp.com\/www.grieta.org.mx\/wp-content\/uploads\/2018\/03\/14524434_1106112876131411_958039263622046936_o.jpg?resize=350%2C200&ssl=1","width":350,"height":200,"srcset":"https:\/\/i0.wp.com\/www.grieta.org.mx\/wp-content\/uploads\/2018\/03\/14524434_1106112876131411_958039263622046936_o.jpg?resize=350%2C200&ssl=1 1x, https:\/\/i0.wp.com\/www.grieta.org.mx\/wp-content\/uploads\/2018\/03\/14524434_1106112876131411_958039263622046936_o.jpg?resize=525%2C300&ssl=1 1.5x, https:\/\/i0.wp.com\/www.grieta.org.mx\/wp-content\/uploads\/2018\/03\/14524434_1106112876131411_958039263622046936_o.jpg?resize=700%2C400&ssl=1 2x"},"classes":[]},{"id":28799,"url":"https:\/\/www.grieta.org.mx\/index.php\/2019\/02\/04\/corren-inesperadamente-a-trabajadores-de-la-conagua-tamaulipas\/","url_meta":{"origin":65273,"position":3},"title":"Corren inesperadamente a trabajadores de la Conagua (Tamaulipas)","author":"grieta","date":"4 febrero, 2019","format":false,"excerpt":"Jes\u00fas Alberto Garc\u00eda \/ Milenio Fueron despedidos varios empleados de la Comisi\u00f3n Nacional del Agua en seis municipios. Un grupo de 28 trabajadores de Tampico, Madero, Altamira, San Fernando, Ciudad Victoria y P\u00e1nuco, afirman que fueron despedidos este viernes 1 de febrero. De forma verbal se les inform\u00f3 su despido\u2026","rel":"","context":"En &quot;CINTILLO&quot;","block_context":{"text":"CINTILLO","link":"https:\/\/www.grieta.org.mx\/index.php\/category\/cintillo\/"},"img":{"alt_text":"","src":"https:\/\/i0.wp.com\/www.grieta.org.mx\/wp-content\/uploads\/2019\/02\/corren-inesperadamente-cona.jpg?resize=350%2C200&ssl=1","width":350,"height":200,"srcset":"https:\/\/i0.wp.com\/www.grieta.org.mx\/wp-content\/uploads\/2019\/02\/corren-inesperadamente-cona.jpg?resize=350%2C200&ssl=1 1x, https:\/\/i0.wp.com\/www.grieta.org.mx\/wp-content\/uploads\/2019\/02\/corren-inesperadamente-cona.jpg?resize=525%2C300&ssl=1 1.5x, https:\/\/i0.wp.com\/www.grieta.org.mx\/wp-content\/uploads\/2019\/02\/corren-inesperadamente-cona.jpg?resize=700%2C400&ssl=1 2x"},"classes":[]},{"id":41853,"url":"https:\/\/www.grieta.org.mx\/index.php\/2019\/11\/24\/aprueba-cnh-inversion-de-15-6-mdd-para-explorar-aguas-someras-de-tamaulipas\/","url_meta":{"origin":65273,"position":4},"title":"Aprueba CNH inversi\u00f3n de 15.6 mdd para explorar aguas someras de Tamaulipas","author":"grieta","date":"24 noviembre, 2019","format":false,"excerpt":"La Cuenca Tampico-Misantla lograr\u00e1 captar 7.7 millones de d\u00f3lares, seguido de Burgos con 2.9 millones. V\u00edctor Hugo Dur\u00e1n\/Milenio 24 noviembre 2019 Una inversi\u00f3n de 15.6 millones de d\u00f3lares fue aprobada por la Comisi\u00f3n Nacional de Hidrocarburos a aplicarse por compa\u00f1\u00edas petroleras para explorar campos en aguas someras frente a Tamaulipas\u2026","rel":"","context":"En &quot;CINTILLO&quot;","block_context":{"text":"CINTILLO","link":"https:\/\/www.grieta.org.mx\/index.php\/category\/cintillo\/"},"img":{"alt_text":"","src":"https:\/\/i0.wp.com\/www.grieta.org.mx\/wp-content\/uploads\/2019\/12\/plataforma.png?resize=350%2C200&ssl=1","width":350,"height":200,"srcset":"https:\/\/i0.wp.com\/www.grieta.org.mx\/wp-content\/uploads\/2019\/12\/plataforma.png?resize=350%2C200&ssl=1 1x, https:\/\/i0.wp.com\/www.grieta.org.mx\/wp-content\/uploads\/2019\/12\/plataforma.png?resize=525%2C300&ssl=1 1.5x, https:\/\/i0.wp.com\/www.grieta.org.mx\/wp-content\/uploads\/2019\/12\/plataforma.png?resize=700%2C400&ssl=1 2x"},"classes":[]},{"id":31580,"url":"https:\/\/www.grieta.org.mx\/index.php\/2019\/03\/30\/playa-miramar-sin-salvavidas-se-ponen-en-huelga-tamaulipas\/","url_meta":{"origin":65273,"position":5},"title":"Playa Miramar sin salvavidas, se ponen en huelga (Tamaulipas)","author":"grieta","date":"30 marzo, 2019","format":false,"excerpt":"El Bravo Este s\u00e1bado no hubo salvavidas en Playa Miramar; los 11 que estaban laborando se fueron a paro laboral porque no les aumentaron el salario, argumentaron. Por la ma\u00f1ana a la torre seis, en donde estaban reunidos, lleg\u00f3 el director de Protecci\u00f3n Civil de esta ciudad. Los elementos se\u2026","rel":"","context":"En &quot;CINTILLO&quot;","block_context":{"text":"CINTILLO","link":"https:\/\/www.grieta.org.mx\/index.php\/category\/cintillo\/"},"img":{"alt_text":"","src":"https:\/\/i0.wp.com\/www.grieta.org.mx\/wp-content\/uploads\/2019\/04\/Playa-Miramar-sin-salvavidas-se-ponen-en-huelga-tama-abr.jpg?resize=350%2C200&ssl=1","width":350,"height":200,"srcset":"https:\/\/i0.wp.com\/www.grieta.org.mx\/wp-content\/uploads\/2019\/04\/Playa-Miramar-sin-salvavidas-se-ponen-en-huelga-tama-abr.jpg?resize=350%2C200&ssl=1 1x, https:\/\/i0.wp.com\/www.grieta.org.mx\/wp-content\/uploads\/2019\/04\/Playa-Miramar-sin-salvavidas-se-ponen-en-huelga-tama-abr.jpg?resize=525%2C300&ssl=1 1.5x"},"classes":[]}],"_links":{"self":[{"href":"https:\/\/www.grieta.org.mx\/index.php\/wp-json\/wp\/v2\/posts\/65273","targetHints":{"allow":["GET"]}}],"collection":[{"href":"https:\/\/www.grieta.org.mx\/index.php\/wp-json\/wp\/v2\/posts"}],"about":[{"href":"https:\/\/www.grieta.org.mx\/index.php\/wp-json\/wp\/v2\/types\/post"}],"author":[{"embeddable":true,"href":"https:\/\/www.grieta.org.mx\/index.php\/wp-json\/wp\/v2\/users\/2"}],"replies":[{"embeddable":true,"href":"https:\/\/www.grieta.org.mx\/index.php\/wp-json\/wp\/v2\/comments?post=65273"}],"version-history":[{"count":1,"href":"https:\/\/www.grieta.org.mx\/index.php\/wp-json\/wp\/v2\/posts\/65273\/revisions"}],"predecessor-version":[{"id":65275,"href":"https:\/\/www.grieta.org.mx\/index.php\/wp-json\/wp\/v2\/posts\/65273\/revisions\/65275"}],"wp:featuredmedia":[{"embeddable":true,"href":"https:\/\/www.grieta.org.mx\/index.php\/wp-json\/wp\/v2\/media\/65274"}],"wp:attachment":[{"href":"https:\/\/www.grieta.org.mx\/index.php\/wp-json\/wp\/v2\/media?parent=65273"}],"wp:term":[{"taxonomy":"category","embeddable":true,"href":"https:\/\/www.grieta.org.mx\/index.php\/wp-json\/wp\/v2\/categories?post=65273"},{"taxonomy":"post_tag","embeddable":true,"href":"https:\/\/www.grieta.org.mx\/index.php\/wp-json\/wp\/v2\/tags?post=65273"}],"curies":[{"name":"wp","href":"https:\/\/api.w.org\/{rel}","templated":true}]}}