{"id":65169,"date":"2022-09-10T10:41:40","date_gmt":"2022-09-10T15:41:40","guid":{"rendered":"https:\/\/www.grieta.org.mx\/?p=65169"},"modified":"2022-09-12T10:45:49","modified_gmt":"2022-09-12T15:45:49","slug":"protestan-trabajadores-del-inah-en-aguascalientes","status":"publish","type":"post","link":"https:\/\/www.grieta.org.mx\/index.php\/2022\/09\/10\/protestan-trabajadores-del-inah-en-aguascalientes\/","title":{"rendered":"Protestan trabajadores del INAH en Aguascalientes"},"content":{"rendered":"<p>Judith Galv\u00e1n\/El Sol den Centro<br \/>\n10 septiembre 2022<\/p>\n<p>Inform\u00f3 para El Sol del Centro Juan Carlos Gallardo Rodr\u00edguez, vocal seccional del estado de Aguascalientes y representante del Sindicato Nacional Democr\u00e1tico de Trabajadores de la Secretar\u00eda de Cultura del Sector INAH, que hace seis meses tomaron las instalaciones a nivel nacional por primera vez para exigir mejores condiciones laborales entre otros puntos, sin embargo, al no cumplir con lo solicitado vuelven a protestar.<\/p>\n<p>Las problem\u00e1ticas que tienen los trabajadores del Instituto Nacional de Antropolog\u00eda e Historia en Aguascalientes son: falta de presupuesto general, la necesidad de m\u00e1s personal, pues actualmente son pocos los basificados y unos son contratados por contratos temporales;<\/p>\n<p>son nueve agremiados, la mayor parte trabaja en el museo, se tiene dos custodios, por necesidades hay compa\u00f1eros que brindan apoyo en otras \u00e1reas, tenemos pocos trabajadores<\/p>\n<p>Juan Carlos Gallardo Rodr\u00edguez, vocal seccional del estado de Aguascalientes<\/p>\n<p>La misma fuente reconoci\u00f3 que todo ese d\u00e9ficit se viene arrastrando desde la pandemia, dijo que en vez de ir subiendo va en decadencia, adem\u00e1s enfatiz\u00f3 que se batalla para la gasolina; \u201chubo un tiempo que no hab\u00eda personal de limpieza, aunque reconocemos que con la llegada del nuevo director se han resuelto algunas necesidades, pero meses atr\u00e1s no hab\u00eda ni gasolina, ni servicio de limpieza\u201d.<\/p>\n<p>Los trabajadores est\u00e1n a la espera de la respuesta por parte de la Secretar\u00eda de Cultura del Sector INAH, sino se resuelve nada, amenazaron con cerrar museos y zonas arqueol\u00f3gicas y si esa medida no funciona, se tomar\u00e1n nuevamente los centros INAH.<\/p>\n<p>Los problemas a nivel nacional principalmente tienen que ver con el d\u00e9ficit presupuestal, adem\u00e1s piden que se respete el derecho a las promociones por grado acad\u00e9mico de los trabajadores del INAH y solicitan el siguiente paquete de dictaminaciones comprometidas por el director general, Diego Prieto, adem\u00e1s solicitan herramientas y equipos de calidad y acordes a las necesidades de trabajo a realizar en los centros de trabajo, as\u00ed como combustible insumos necesarios urgente atenci\u00f3n de los procesos de admisi\u00f3n y escalaf\u00f3n de plazas vacantes, exigen la liberaci\u00f3n y regularizaci\u00f3n de los recursos presupuestales del 2021 pendientes y del 2022 particularmente de madres ni\u00f1os y del concurso \u201cAs\u00ed somos, as\u00ed pensamos\u201d, entre otras peticiones.<\/p>\n<p><a href=\"https:\/\/www.elsoldelcentro.com.mx\/local\/protestan-trabajadores-del-inah-en-aguascalientes-8868444.html?utm_source=pocket_mylist\" rel=\"noopener\" target=\"_blank\">https:\/\/www.elsoldelcentro.com.mx\/local\/protestan-trabajadores-del-inah-en-aguascalientes-8868444.html?utm_source=pocket_mylist<\/a><\/p>\n","protected":false},"excerpt":{"rendered":"<p>Judith Galv\u00e1n\/El Sol den Centro 10 septiembre 2022 Inform\u00f3 para El Sol del Centro Juan Carlos Gallardo Rodr\u00edguez, vocal seccional del estado de Aguascalientes y representante del Sindicato Nacional Democr\u00e1tico &hellip; <a href=\"https:\/\/www.grieta.org.mx\/index.php\/2022\/09\/10\/protestan-trabajadores-del-inah-en-aguascalientes\/\" class=\"more-link\">Leer m\u00e1s<\/a><\/p>\n","protected":false},"author":2,"featured_media":65170,"comment_status":"closed","ping_status":"closed","sticky":false,"template":"","format":"standard","meta":{"ngg_post_thumbnail":0,"_jetpack_newsletter_access":"","_jetpack_dont_email_post_to_subs":false,"_jetpack_newsletter_tier_id":0,"_jetpack_memberships_contains_paywalled_content":false,"_jetpack_memberships_contains_paid_content":false,"footnotes":""},"categories":[4,80,2890,2],"tags":[2102,208,3403,2761],"class_list":["post-65169","post","type-post","status-publish","format-standard","has-post-thumbnail","hentry","category-aguascalientes","category-cintillo","category-conflictos-laborales-en-el-sector-publico-en-aguascalientes","category-noticias-nacionales","tag-conflicto-laboral","tag-inah","tag-manifestaciones-de-trabajadores","tag-trabajadores-del-inah","entry"],"jetpack_featured_media_url":"https:\/\/www.grieta.org.mx\/wp-content\/uploads\/2022\/09\/protesta-INAH.jpg","jetpack_sharing_enabled":true,"jetpack_shortlink":"https:\/\/wp.me\/p7ZJR4-gX7","jetpack_likes_enabled":false,"jetpack-related-posts":[{"id":36655,"url":"https:\/\/www.grieta.org.mx\/index.php\/2019\/07\/15\/se-manifiestan-los-trabajadores-del-inah-jalisco\/","url_meta":{"origin":65169,"position":0},"title":"Se manifiestan los trabajadores del INAH Jalisco","author":"grieta","date":"15 julio, 2019","format":false,"excerpt":"Foto: Francisco Rodr\u00edguez Exigen devoluci\u00f3n inmediata de impuestos indebidamente aplicados Rosario Bare\u00f1o \/ El Occidental Se manifestaron trabajadores del Instituto Nacional de Antropolog\u00eda e Historia (INAH) en Jalisco exigiendo devoluci\u00f3n inmediata de impuestos indebidamente aplicados y un alto a la retenci\u00f3n de las cuotas sindicales que les pertenecen a los\u2026","rel":"","context":"En &quot;CINTILLO&quot;","block_context":{"text":"CINTILLO","link":"https:\/\/www.grieta.org.mx\/index.php\/category\/cintillo\/"},"img":{"alt_text":"","src":"https:\/\/i0.wp.com\/www.grieta.org.mx\/wp-content\/uploads\/2019\/07\/manifestaci%C3%B3n_inah.jpg?resize=350%2C200&ssl=1","width":350,"height":200,"srcset":"https:\/\/i0.wp.com\/www.grieta.org.mx\/wp-content\/uploads\/2019\/07\/manifestaci%C3%B3n_inah.jpg?resize=350%2C200&ssl=1 1x, https:\/\/i0.wp.com\/www.grieta.org.mx\/wp-content\/uploads\/2019\/07\/manifestaci%C3%B3n_inah.jpg?resize=525%2C300&ssl=1 1.5x, https:\/\/i0.wp.com\/www.grieta.org.mx\/wp-content\/uploads\/2019\/07\/manifestaci%C3%B3n_inah.jpg?resize=700%2C400&ssl=1 2x"},"classes":[]},{"id":1705,"url":"https:\/\/www.grieta.org.mx\/index.php\/2015\/07\/10\/protestan-trabajadores-del-inah-para-exigir-mejoras-laborales\/","url_meta":{"origin":65169,"position":1},"title":"Protestan trabajadores del INAH para exigir mejoras laborales","author":"grieta","date":"10 julio, 2015","format":false,"excerpt":"Noticias. Benjam\u00edn M\u00e9ndez, Oaxaca.- Trabajadores sindicalizados del Instituto Nacional de Antropolog\u00eda e Historia (INAH) en Oaxaca pararon labores este d\u00eda para exigir mejores condiciones laborales y aumentos salariales. La protesta se realiza paralelamente en las delegaciones del INAH de todo el pa\u00eds. Entre las demandas de los trabajadores est\u00e1 la\u2026","rel":"","context":"En &quot;CINTILLO&quot;","block_context":{"text":"CINTILLO","link":"https:\/\/www.grieta.org.mx\/index.php\/category\/cintillo\/"},"img":{"alt_text":"","src":"https:\/\/i0.wp.com\/www.grieta.org.mx\/wp-content\/uploads\/2018\/03\/14524434_1106112876131411_958039263622046936_o.jpg?resize=350%2C200&ssl=1","width":350,"height":200,"srcset":"https:\/\/i0.wp.com\/www.grieta.org.mx\/wp-content\/uploads\/2018\/03\/14524434_1106112876131411_958039263622046936_o.jpg?resize=350%2C200&ssl=1 1x, https:\/\/i0.wp.com\/www.grieta.org.mx\/wp-content\/uploads\/2018\/03\/14524434_1106112876131411_958039263622046936_o.jpg?resize=525%2C300&ssl=1 1.5x, https:\/\/i0.wp.com\/www.grieta.org.mx\/wp-content\/uploads\/2018\/03\/14524434_1106112876131411_958039263622046936_o.jpg?resize=700%2C400&ssl=1 2x"},"classes":[]},{"id":33450,"url":"https:\/\/www.grieta.org.mx\/index.php\/2019\/05\/14\/planton-de-trabajadores-del-inah-campeche\/","url_meta":{"origin":65169,"position":2},"title":"Plant\u00f3n de trabajadores del INAH Campeche","author":"grieta","date":"14 mayo, 2019","format":false,"excerpt":"https:\/\/youtu.be\/Ros0GzLEyYg Francelly Amayrani Pat Le\u00f3n\/Canal 10 Campeche.- Con pancartas y consignas verbales los trabajadores sindicalizados del Instituto Nacional de Antropolog\u00eda e Historia de Campeche realizaron un plant\u00f3n como parte de las acciones del plan de acci\u00f3n de su dirigencia sindical nacional para exigir el cumplimiento de su pliego de peticiones.\u2026","rel":"","context":"En &quot;Campeche&quot;","block_context":{"text":"Campeche","link":"https:\/\/www.grieta.org.mx\/index.php\/category\/noticias-nacionales\/campeche\/"},"img":{"alt_text":"","src":"https:\/\/i0.wp.com\/www.grieta.org.mx\/wp-content\/uploads\/2019\/05\/PlantonInah.png?resize=350%2C200","width":350,"height":200},"classes":[]},{"id":19802,"url":"https:\/\/www.grieta.org.mx\/index.php\/2016\/08\/12\/se-manifiestan-trabajadores-del-inah-colima\/","url_meta":{"origin":65169,"position":3},"title":"Se manifiestan trabajadores del INAH Colima","author":"grieta","date":"12 agosto, 2016","format":false,"excerpt":"Redacci\u00f3n Perriodismo Trabajadores del Instituto Nacional de Antropolog\u00eda e Historia (INAH) en Colima protestaron ayer a las afueras de las oficinas de dicha dependencia para exigir que se respeten sus derechos laborales. Francisco Centeno Ram\u00edrez, secretario general del sindicato del INAH, explic\u00f3 que la transici\u00f3n del Consejo Nacional para la\u2026","rel":"","context":"En &quot;CINTILLO&quot;","block_context":{"text":"CINTILLO","link":"https:\/\/www.grieta.org.mx\/index.php\/category\/cintillo\/"},"img":{"alt_text":"","src":"https:\/\/i0.wp.com\/www.grieta.org.mx\/wp-content\/uploads\/2018\/03\/14524434_1106112876131411_958039263622046936_o.jpg?resize=350%2C200&ssl=1","width":350,"height":200,"srcset":"https:\/\/i0.wp.com\/www.grieta.org.mx\/wp-content\/uploads\/2018\/03\/14524434_1106112876131411_958039263622046936_o.jpg?resize=350%2C200&ssl=1 1x, https:\/\/i0.wp.com\/www.grieta.org.mx\/wp-content\/uploads\/2018\/03\/14524434_1106112876131411_958039263622046936_o.jpg?resize=525%2C300&ssl=1 1.5x, https:\/\/i0.wp.com\/www.grieta.org.mx\/wp-content\/uploads\/2018\/03\/14524434_1106112876131411_958039263622046936_o.jpg?resize=700%2C400&ssl=1 2x"},"classes":[]},{"id":22484,"url":"https:\/\/www.grieta.org.mx\/index.php\/2018\/04\/04\/trabajadores-del-inah-denuncian-que-el-instituto-sigue-sin-pagarles\/","url_meta":{"origin":65169,"position":4},"title":"Trabajadores del INAH denuncian que el Instituto sigue sin pagarles","author":"grieta","date":"4 abril, 2018","format":false,"excerpt":"Abida Ventura Trabajadores del Instituto Nacional de Antropolog\u00eda e Historia (INAH) contratados mediante el cap\u00edtulo 3000 denuncian que siguen sin recibir su sueldo de los primeros tres meses de este a\u00f1o y lamentan que las autoridades de la dependencia no hayan regularizado la situaci\u00f3n desde el a\u00f1o pasado. \u201cSeg\u00fan la\u2026","rel":"","context":"En &quot;CINTILLO&quot;","block_context":{"text":"CINTILLO","link":"https:\/\/www.grieta.org.mx\/index.php\/category\/cintillo\/"},"img":{"alt_text":"","src":"https:\/\/i0.wp.com\/www.grieta.org.mx\/wp-content\/uploads\/2018\/04\/ya_pagame_inba.jpg?resize=350%2C200&ssl=1","width":350,"height":200,"srcset":"https:\/\/i0.wp.com\/www.grieta.org.mx\/wp-content\/uploads\/2018\/04\/ya_pagame_inba.jpg?resize=350%2C200&ssl=1 1x, https:\/\/i0.wp.com\/www.grieta.org.mx\/wp-content\/uploads\/2018\/04\/ya_pagame_inba.jpg?resize=525%2C300&ssl=1 1.5x"},"classes":[]},{"id":55714,"url":"https:\/\/www.grieta.org.mx\/index.php\/2020\/12\/04\/cierran-museos-y-zonas-arqueologicas-de-yucatan-por-paro-de-labores-de-trabajadores-del-inah-exigen-pago-de-prestaciones\/","url_meta":{"origin":65169,"position":5},"title":"Cierran museos y zonas arqueol\u00f3gicas de Yucat\u00e1n por paro de labores de trabajadores del INAH; exigen pago de prestaciones","author":"grieta","date":"4 diciembre, 2020","format":false,"excerpt":"Itzel Chan \/ Noticaribe M\u00c9RIDA, MX.- Desde hace dos d\u00edas, circul\u00f3 la informaci\u00f3n relacionada con que trabajadores detendr\u00edan labores en museos y zonas arqueol\u00f3gicas de Yucat\u00e1n, debido a la falta de pago de prestaciones que por ley les corresponden y hoy pararon actividades por dos horas aproximadamente, pues el Instituto\u2026","rel":"","context":"En &quot;CINTILLO&quot;","block_context":{"text":"CINTILLO","link":"https:\/\/www.grieta.org.mx\/index.php\/category\/cintillo\/"},"img":{"alt_text":"","src":"https:\/\/i0.wp.com\/www.grieta.org.mx\/wp-content\/uploads\/2020\/12\/InahParo.png?resize=350%2C200&ssl=1","width":350,"height":200,"srcset":"https:\/\/i0.wp.com\/www.grieta.org.mx\/wp-content\/uploads\/2020\/12\/InahParo.png?resize=350%2C200&ssl=1 1x, https:\/\/i0.wp.com\/www.grieta.org.mx\/wp-content\/uploads\/2020\/12\/InahParo.png?resize=525%2C300&ssl=1 1.5x"},"classes":[]}],"_links":{"self":[{"href":"https:\/\/www.grieta.org.mx\/index.php\/wp-json\/wp\/v2\/posts\/65169","targetHints":{"allow":["GET"]}}],"collection":[{"href":"https:\/\/www.grieta.org.mx\/index.php\/wp-json\/wp\/v2\/posts"}],"about":[{"href":"https:\/\/www.grieta.org.mx\/index.php\/wp-json\/wp\/v2\/types\/post"}],"author":[{"embeddable":true,"href":"https:\/\/www.grieta.org.mx\/index.php\/wp-json\/wp\/v2\/users\/2"}],"replies":[{"embeddable":true,"href":"https:\/\/www.grieta.org.mx\/index.php\/wp-json\/wp\/v2\/comments?post=65169"}],"version-history":[{"count":1,"href":"https:\/\/www.grieta.org.mx\/index.php\/wp-json\/wp\/v2\/posts\/65169\/revisions"}],"predecessor-version":[{"id":65173,"href":"https:\/\/www.grieta.org.mx\/index.php\/wp-json\/wp\/v2\/posts\/65169\/revisions\/65173"}],"wp:featuredmedia":[{"embeddable":true,"href":"https:\/\/www.grieta.org.mx\/index.php\/wp-json\/wp\/v2\/media\/65170"}],"wp:attachment":[{"href":"https:\/\/www.grieta.org.mx\/index.php\/wp-json\/wp\/v2\/media?parent=65169"}],"wp:term":[{"taxonomy":"category","embeddable":true,"href":"https:\/\/www.grieta.org.mx\/index.php\/wp-json\/wp\/v2\/categories?post=65169"},{"taxonomy":"post_tag","embeddable":true,"href":"https:\/\/www.grieta.org.mx\/index.php\/wp-json\/wp\/v2\/tags?post=65169"}],"curies":[{"name":"wp","href":"https:\/\/api.w.org\/{rel}","templated":true}]}}