{"id":65148,"date":"2022-09-05T16:00:32","date_gmt":"2022-09-05T21:00:32","guid":{"rendered":"https:\/\/www.grieta.org.mx\/?p=65148"},"modified":"2022-09-11T16:17:23","modified_gmt":"2022-09-11T21:17:23","slug":"dudoso-que-en-colima-se-registren-cero-feminicidios-considera-el-cam","status":"publish","type":"post","link":"https:\/\/www.grieta.org.mx\/index.php\/2022\/09\/05\/dudoso-que-en-colima-se-registren-cero-feminicidios-considera-el-cam\/","title":{"rendered":"Dudoso que en Colima se registren \u201ccero feminicidios\u201d, considera el CAM"},"content":{"rendered":"<p>Imagen: El Comentario<\/p>\n<p>Francisco Bravo \/ El Comentario<\/p>\n<p>Aunque y de acuerdo con el Secretariado Ejecutivo del Sistema Nacional de Seguridad P\u00fablica (<strong>SESNSP<\/strong>),\u00a0<strong>Colima<\/strong>\u00a0sigue ocupando el primer lugar a nivel nacional en\u00a0<strong>homicidios<\/strong>\u00a0dolosos contra\u00a0<strong>mujeres<\/strong>, las autoridades registran cero\u00a0<strong>feminicidios<\/strong>, lo cual es muy dudoso, se\u00f1al\u00f3 la vicepresidenta y vocera del Centro de Apoyo a la Mujer (<strong>CAM<\/strong>) \u201c<strong>Griselda \u00c1lvarez<\/strong>\u201d, Clementina Nava P\u00e9rez.<\/p>\n<p>\u201cNos dicen que hay\u00a0<strong>cero feminicidios<\/strong>, lo cual nos parece dudoso desde el\u00a0<strong>CAM<\/strong>, en el sentido de si esos\u00a0<strong>homicidios dolosos<\/strong>\u00a0que reconocen realmente se han investigado como debiera. No sabemos si se est\u00e1n tomando en cuenta las caracter\u00edsticas de los feminicidios en las\u00a0<strong>investigaciones<\/strong>\u00a0que hacen cuando mueres una\u00a0<strong>mujer asesinada<\/strong>\u201d, indic\u00f3.<\/p>\n<p>Nava P\u00e9rez consider\u00f3 que los datos oficiales de\u00a0<strong>cero feminicidios<\/strong>\u00a0en\u00a0<strong>Colima<\/strong>\u00a0dan la impresi\u00f3n de que las autoridades est\u00e1n rebasadas y no est\u00e1n haciendo las investigaciones como debieran y de acuerdo a los\u00a0<strong>protocolos<\/strong>\u00a0y a lo que la ley se\u00f1ala.<\/p>\n<p>Record\u00f3 que de acuerdo con la ley, toda\u00a0<strong>muerte violenta<\/strong>\u00a0de una\u00a0<strong>mujer<\/strong>, de inicio, debe ser investigada como\u00a0<strong>feminicidio<\/strong>, y al parecer no se est\u00e1 haciendo en\u00a0<strong>Colima<\/strong>. Como ejemplo, dijo, est\u00e1 el caso de las 2 mujeres asesinadas el mes pasado en\u00a0<strong>Manzanillo<\/strong>, donde las caracter\u00edsticas son las de un feminicidio, ya que sus cuerpos desnudos y desmembrados fueron arrojados a la v\u00eda p\u00fablica.<\/p>\n<p>Refiri\u00f3 que seg\u00fan datos del\u00a0<strong>Gobierno del estado<\/strong>, de enero de este a\u00f1o al 16 de julio se han registrado 60\u00a0<strong>homicidios dolosos de mujeres<\/strong>, los cuales no se est\u00e1n considerando como\u00a0<strong>feminicidios<\/strong>, aunque para el\u00a0<strong>CAM<\/strong>\u00a0s\u00ed lo son.<\/p>\n<p>Adem\u00e1s, mencion\u00f3 que no se sabe qu\u00e9 est\u00e1 pasando con el\u00a0<strong>Secretariado Ejecutivo del Sistema Nacional de Seguridad P\u00fablica<\/strong>, pues los presuntos delitos de\u00a0<strong>violencia familiar<\/strong>, que Colima ocupa tambi\u00e9n el primer lugar, no se est\u00e1n tomando desagregados por sexo y las estad\u00edsticas que muestran los contabilizan por habitantes. \u201cNo menciona si las v\u00edctimas de violencia familiar son mujeres, son ni\u00f1as o ni\u00f1os, o son hombres, que tambi\u00e9n pudiera darse el caso, aunque nosotras por el conocimiento que tenemos de la problem\u00e1tica podemos decir que la mayor\u00eda son mujeres\u201d.<\/p>\n<p>Expres\u00f3 que el\u00a0<strong>Secretariado<\/strong>\u00a0toma los datos de las\u00a0<strong>fiscal\u00edas<\/strong>, por lo que no se sabe si el problema es de origen.<\/p>\n<p><a href=\"https:\/\/elcomentario.ucol.mx\/dudoso-que-en-colima-se-registren-cero-feminicidios-considera-el-cam\/\">https:\/\/elcomentario.ucol.mx\/dudoso-que-en-colima-se-registren-cero-feminicidios-considera-el-cam\/<\/a><\/p>\n","protected":false},"excerpt":{"rendered":"<p>Imagen: El Comentario Francisco Bravo \/ El Comentario Aunque y de acuerdo con el Secretariado Ejecutivo del Sistema Nacional de Seguridad P\u00fablica (SESNSP),\u00a0Colima\u00a0sigue ocupando el primer lugar a nivel nacional &hellip; <a href=\"https:\/\/www.grieta.org.mx\/index.php\/2022\/09\/05\/dudoso-que-en-colima-se-registren-cero-feminicidios-considera-el-cam\/\" class=\"more-link\">Leer m\u00e1s<\/a><\/p>\n","protected":false},"author":2,"featured_media":65149,"comment_status":"closed","ping_status":"closed","sticky":false,"template":"","format":"standard","meta":{"ngg_post_thumbnail":0,"_jetpack_newsletter_access":"","_jetpack_dont_email_post_to_subs":false,"_jetpack_newsletter_tier_id":0,"_jetpack_memberships_contains_paywalled_content":false,"_jetpack_memberships_contains_paid_content":false,"footnotes":""},"categories":[80,13,84,1016,2,83],"tags":[2806,2959,2999,81],"class_list":["post-65148","post","type-post","status-publish","format-standard","has-post-thumbnail","hentry","category-cintillo","category-colima","category-feminicidios","category-feminicidios-en-colima","category-noticias-nacionales","category-temas-nacionales","tag-asesinato-de-mujeres","tag-estadisticas-de-feminicidio","tag-feminicidio-violencia-contra-las-mujeres","tag-feminicidios","entry"],"jetpack_featured_media_url":"https:\/\/www.grieta.org.mx\/wp-content\/uploads\/2022\/09\/FEMINICIDIO-780x470-1.jpg","jetpack_sharing_enabled":true,"jetpack_shortlink":"https:\/\/wp.me\/p7ZJR4-gWM","jetpack_likes_enabled":false,"jetpack-related-posts":[{"id":68605,"url":"https:\/\/www.grieta.org.mx\/index.php\/2024\/03\/08\/ocupa-colima-primer-lugar-en-homicidios-a-mujeres-a-nivel-nacional-y-segundo-en-feminicidios\/","url_meta":{"origin":65148,"position":0},"title":"Ocupa Colima primer lugar en homicidios a mujeres a nivel nacional y segundo en feminicidios","author":"grieta","date":"8 marzo, 2024","format":false,"excerpt":"Imagen: El Comentario C\u00e9sar Barrera \/ El Comentario Al registrar 8 asesinatos de mujeres y un\u00a0feminicidio\u00a0en el primer mes de este 2024, el estado de Colima ocupa el primer lugar nacional en homicidios dolosos contra mujeres y el segundo lugar en el pa\u00eds por el delito de feminicidio, de acuerdo\u2026","rel":"","context":"En &quot;CINTILLO&quot;","block_context":{"text":"CINTILLO","link":"https:\/\/www.grieta.org.mx\/index.php\/category\/cintillo\/"},"img":{"alt_text":"","src":"https:\/\/i0.wp.com\/www.grieta.org.mx\/wp-content\/uploads\/2024\/03\/b-gkdf.jpg.webp?resize=350%2C200&ssl=1","width":350,"height":200,"srcset":"https:\/\/i0.wp.com\/www.grieta.org.mx\/wp-content\/uploads\/2024\/03\/b-gkdf.jpg.webp?resize=350%2C200&ssl=1 1x, https:\/\/i0.wp.com\/www.grieta.org.mx\/wp-content\/uploads\/2024\/03\/b-gkdf.jpg.webp?resize=525%2C300&ssl=1 1.5x, https:\/\/i0.wp.com\/www.grieta.org.mx\/wp-content\/uploads\/2024\/03\/b-gkdf.jpg.webp?resize=700%2C400&ssl=1 2x, https:\/\/i0.wp.com\/www.grieta.org.mx\/wp-content\/uploads\/2024\/03\/b-gkdf.jpg.webp?resize=1050%2C600&ssl=1 3x, https:\/\/i0.wp.com\/www.grieta.org.mx\/wp-content\/uploads\/2024\/03\/b-gkdf.jpg.webp?resize=1400%2C800&ssl=1 4x"},"classes":[]},{"id":55725,"url":"https:\/\/www.grieta.org.mx\/index.php\/2020\/12\/08\/impunes-80-por-ciento-de-los-feminicidios-que-se-cometieron-en-colima-en-los-ultimos-5-anos\/","url_meta":{"origin":65148,"position":1},"title":"Impunes, 80 por ciento de los feminicidios que se cometieron en Colima en los \u00faltimos 5 a\u00f1os","author":"grieta","date":"8 diciembre, 2020","format":false,"excerpt":"Foto: Diario Avanzada Heidi de Le\u00f3n Guti\u00e9rrez \/ Diario Avanzada Colima, M\u00e9xico, Avanzada (08\/12\/2020).- La organizaci\u00f3n \u201cImpunidad Cero\u201d revel\u00f3 que en Colima permanecen sin castigo el 80 por ciento de los feminicidios que se cometieron durante el 2019. Tambi\u00e9n advirti\u00f3 que existen entidades del pa\u00eds donde habr\u00eda un subregistro en\u2026","rel":"","context":"En &quot;CINTILLO&quot;","block_context":{"text":"CINTILLO","link":"https:\/\/www.grieta.org.mx\/index.php\/category\/cintillo\/"},"img":{"alt_text":"","src":"https:\/\/i0.wp.com\/www.grieta.org.mx\/wp-content\/uploads\/2020\/12\/01-27-feminicidios.png?resize=350%2C200&ssl=1","width":350,"height":200,"srcset":"https:\/\/i0.wp.com\/www.grieta.org.mx\/wp-content\/uploads\/2020\/12\/01-27-feminicidios.png?resize=350%2C200&ssl=1 1x, https:\/\/i0.wp.com\/www.grieta.org.mx\/wp-content\/uploads\/2020\/12\/01-27-feminicidios.png?resize=525%2C300&ssl=1 1.5x, https:\/\/i0.wp.com\/www.grieta.org.mx\/wp-content\/uploads\/2020\/12\/01-27-feminicidios.png?resize=700%2C400&ssl=1 2x"},"classes":[]},{"id":64051,"url":"https:\/\/www.grieta.org.mx\/index.php\/2022\/04\/22\/en-colima-8-de-cada-10-feminicidios-quedan-en-la-impunidad-y-van-en-aumento\/","url_meta":{"origin":65148,"position":2},"title":"En Colima, 8 de cada 10 feminicidios quedan en la impunidad y van en aumento","author":"grieta","date":"22 abril, 2022","format":false,"excerpt":"Foto: Ilustrativa tomada de la internet Heidi de Le\u00f3n Guti\u00e9rrez \/ Diario Avanzada Colima, M\u00e9xico, Avanzada (22\/04\/2022).- El feminicidio es uno de los delitos que increment\u00f3 en la \u00faltima d\u00e9cada en Colima, junto con el homicidio doloso, las extorsiones y los robos a casa habitaci\u00f3n, pero las cifras muestran que\u2026","rel":"","context":"En &quot;CINTILLO&quot;","block_context":{"text":"CINTILLO","link":"https:\/\/www.grieta.org.mx\/index.php\/category\/cintillo\/"},"img":{"alt_text":"","src":"https:\/\/i0.wp.com\/www.grieta.org.mx\/wp-content\/uploads\/2022\/04\/feminici.jpg?resize=350%2C200&ssl=1","width":350,"height":200,"srcset":"https:\/\/i0.wp.com\/www.grieta.org.mx\/wp-content\/uploads\/2022\/04\/feminici.jpg?resize=350%2C200&ssl=1 1x, https:\/\/i0.wp.com\/www.grieta.org.mx\/wp-content\/uploads\/2022\/04\/feminici.jpg?resize=525%2C300&ssl=1 1.5x, https:\/\/i0.wp.com\/www.grieta.org.mx\/wp-content\/uploads\/2022\/04\/feminici.jpg?resize=700%2C400&ssl=1 2x"},"classes":[]},{"id":69931,"url":"https:\/\/www.grieta.org.mx\/index.php\/2024\/09\/30\/colima-el-estado-mas-violento-para-las-mujeres\/","url_meta":{"origin":65148,"position":3},"title":"Colima, el estado m\u00e1s violento para las mujeres","author":"grieta","date":"30 septiembre, 2024","format":false,"excerpt":"Imagen: Diario Avanzada Heidi de Le\u00f3n Guti\u00e9rrez \/ Diario Avanzada Colima, M\u00e9xico, Avanzada (30\/09\/2024).- Colima contin\u00faa siendo el estado m\u00e1s violento para las mujeres en M\u00e9xico. De acuerdo con datos del Secretariado Ejecutivo del Sistema Nacional de Seguridad P\u00fablica (SESNSP), entre enero y agosto de 2024, 91 mujeres fueron asesinadas\u2026","rel":"","context":"En &quot;CINTILLO&quot;","block_context":{"text":"CINTILLO","link":"https:\/\/www.grieta.org.mx\/index.php\/category\/cintillo\/"},"img":{"alt_text":"","src":"https:\/\/i0.wp.com\/www.grieta.org.mx\/wp-content\/uploads\/2024\/10\/aaa-36.jpg?resize=350%2C200&ssl=1","width":350,"height":200,"srcset":"https:\/\/i0.wp.com\/www.grieta.org.mx\/wp-content\/uploads\/2024\/10\/aaa-36.jpg?resize=350%2C200&ssl=1 1x, https:\/\/i0.wp.com\/www.grieta.org.mx\/wp-content\/uploads\/2024\/10\/aaa-36.jpg?resize=525%2C300&ssl=1 1.5x, https:\/\/i0.wp.com\/www.grieta.org.mx\/wp-content\/uploads\/2024\/10\/aaa-36.jpg?resize=700%2C400&ssl=1 2x"},"classes":[]},{"id":71698,"url":"https:\/\/www.grieta.org.mx\/index.php\/2025\/05\/05\/colima-el-estado-mas-violento-contra-las-mujeres-en-el-primer-trimestre-de-2025\/","url_meta":{"origin":65148,"position":4},"title":"Colima, el estado m\u00e1s violento contra las mujeres en el primer trimestre de 2025","author":"grieta","date":"5 mayo, 2025","format":false,"excerpt":"Imagen: fachada del Palacio de Gobierno de Colima tras la manifestaci\u00f3n feminista del 8 de marzo. Heidi de Le\u00f3n Guti\u00e9rrez \/ Diario Avanzada Colima, M\u00e9xico, Avanzada (05\/05\/2025).- Colima se posicion\u00f3 como la entidad m\u00e1s violenta del pa\u00eds para las mujeres durante el primer trimestre de 2025, al registrar la tasa\u2026","rel":"","context":"En &quot;CINTILLO&quot;","block_context":{"text":"CINTILLO","link":"https:\/\/www.grieta.org.mx\/index.php\/category\/cintillo\/"},"img":{"alt_text":"","src":"https:\/\/i0.wp.com\/www.grieta.org.mx\/wp-content\/uploads\/2025\/05\/fe1d61f4-13ba-43ec-9610-eb877e3b17a4-1.jpg?resize=350%2C200&ssl=1","width":350,"height":200,"srcset":"https:\/\/i0.wp.com\/www.grieta.org.mx\/wp-content\/uploads\/2025\/05\/fe1d61f4-13ba-43ec-9610-eb877e3b17a4-1.jpg?resize=350%2C200&ssl=1 1x, https:\/\/i0.wp.com\/www.grieta.org.mx\/wp-content\/uploads\/2025\/05\/fe1d61f4-13ba-43ec-9610-eb877e3b17a4-1.jpg?resize=525%2C300&ssl=1 1.5x, https:\/\/i0.wp.com\/www.grieta.org.mx\/wp-content\/uploads\/2025\/05\/fe1d61f4-13ba-43ec-9610-eb877e3b17a4-1.jpg?resize=700%2C400&ssl=1 2x, https:\/\/i0.wp.com\/www.grieta.org.mx\/wp-content\/uploads\/2025\/05\/fe1d61f4-13ba-43ec-9610-eb877e3b17a4-1.jpg?resize=1050%2C600&ssl=1 3x, https:\/\/i0.wp.com\/www.grieta.org.mx\/wp-content\/uploads\/2025\/05\/fe1d61f4-13ba-43ec-9610-eb877e3b17a4-1.jpg?resize=1400%2C800&ssl=1 4x"},"classes":[]},{"id":47258,"url":"https:\/\/www.grieta.org.mx\/index.php\/2020\/04\/06\/asesinan-a-18-mujeres-en-colima-solo-tres-se-clasificaron-como-feminicidio\/","url_meta":{"origin":65148,"position":5},"title":"Asesinan a 18 mujeres en Colima, s\u00f3lo tres se clasificaron como feminicidio","author":"grieta","date":"6 abril, 2020","format":false,"excerpt":"Imagen: Diario Avanzada Heidi de Le\u00f3n Gutierrez \/ Diario Avanzada Colima, M\u00e9xico, Avanzada (06\/04\/2020).- En el primer bimestre de este a\u00f1o en Colima asesinaron a 18 mujeres, pero s\u00f3lo tres casos fueron clasificados como feminicidios por la Fiscal\u00eda General del Estado. El pasado 23 de enero, la organizaci\u00f3n civil Causa\u2026","rel":"","context":"En &quot;CINTILLO&quot;","block_context":{"text":"CINTILLO","link":"https:\/\/www.grieta.org.mx\/index.php\/category\/cintillo\/"},"img":{"alt_text":"","src":"https:\/\/i0.wp.com\/www.grieta.org.mx\/wp-content\/uploads\/2020\/04\/Feminicidio.jpg?resize=350%2C200&ssl=1","width":350,"height":200,"srcset":"https:\/\/i0.wp.com\/www.grieta.org.mx\/wp-content\/uploads\/2020\/04\/Feminicidio.jpg?resize=350%2C200&ssl=1 1x, https:\/\/i0.wp.com\/www.grieta.org.mx\/wp-content\/uploads\/2020\/04\/Feminicidio.jpg?resize=525%2C300&ssl=1 1.5x, https:\/\/i0.wp.com\/www.grieta.org.mx\/wp-content\/uploads\/2020\/04\/Feminicidio.jpg?resize=700%2C400&ssl=1 2x, https:\/\/i0.wp.com\/www.grieta.org.mx\/wp-content\/uploads\/2020\/04\/Feminicidio.jpg?resize=1050%2C600&ssl=1 3x, https:\/\/i0.wp.com\/www.grieta.org.mx\/wp-content\/uploads\/2020\/04\/Feminicidio.jpg?resize=1400%2C800&ssl=1 4x"},"classes":[]}],"_links":{"self":[{"href":"https:\/\/www.grieta.org.mx\/index.php\/wp-json\/wp\/v2\/posts\/65148","targetHints":{"allow":["GET"]}}],"collection":[{"href":"https:\/\/www.grieta.org.mx\/index.php\/wp-json\/wp\/v2\/posts"}],"about":[{"href":"https:\/\/www.grieta.org.mx\/index.php\/wp-json\/wp\/v2\/types\/post"}],"author":[{"embeddable":true,"href":"https:\/\/www.grieta.org.mx\/index.php\/wp-json\/wp\/v2\/users\/2"}],"replies":[{"embeddable":true,"href":"https:\/\/www.grieta.org.mx\/index.php\/wp-json\/wp\/v2\/comments?post=65148"}],"version-history":[{"count":1,"href":"https:\/\/www.grieta.org.mx\/index.php\/wp-json\/wp\/v2\/posts\/65148\/revisions"}],"predecessor-version":[{"id":65150,"href":"https:\/\/www.grieta.org.mx\/index.php\/wp-json\/wp\/v2\/posts\/65148\/revisions\/65150"}],"wp:featuredmedia":[{"embeddable":true,"href":"https:\/\/www.grieta.org.mx\/index.php\/wp-json\/wp\/v2\/media\/65149"}],"wp:attachment":[{"href":"https:\/\/www.grieta.org.mx\/index.php\/wp-json\/wp\/v2\/media?parent=65148"}],"wp:term":[{"taxonomy":"category","embeddable":true,"href":"https:\/\/www.grieta.org.mx\/index.php\/wp-json\/wp\/v2\/categories?post=65148"},{"taxonomy":"post_tag","embeddable":true,"href":"https:\/\/www.grieta.org.mx\/index.php\/wp-json\/wp\/v2\/tags?post=65148"}],"curies":[{"name":"wp","href":"https:\/\/api.w.org\/{rel}","templated":true}]}}