{"id":65077,"date":"2022-08-31T10:09:56","date_gmt":"2022-08-31T15:09:56","guid":{"rendered":"https:\/\/www.grieta.org.mx\/?p=65077"},"modified":"2022-09-05T10:16:04","modified_gmt":"2022-09-05T15:16:04","slug":"familiares-de-desaparecidos-se-manifiestan-en-aguascalientes-2","status":"publish","type":"post","link":"https:\/\/www.grieta.org.mx\/index.php\/2022\/08\/31\/familiares-de-desaparecidos-se-manifiestan-en-aguascalientes-2\/","title":{"rendered":"Familiares de desaparecidos se manifiestan en Aguascalientes"},"content":{"rendered":"<p>Judith Gavl\u00e1n\/El Sol del centro<br \/>\n31 agosto 2022<\/p>\n<blockquote><p>Por el d\u00eda D\u00eda Internacional de las V\u00edctimas de Desapariciones Forzadas, algunos colectivos y familiares se re\u00fanen para conmemorar a los desaparecidos<\/p><\/blockquote>\n<p>Familiares y colectivos de personas desaparecidas se manifestaron en Aguascalientes en la plaza principal, con motivo del D\u00eda Internacional de las V\u00edctimas de Desapariciones Forzadas, este 30 de agosto, adem\u00e1s de exigir justicia y que se les siga investigando a todos los casos de personas desaparecidas en la entidad.<\/p>\n<p>Por su parte Sergio de Lara y Javier Espinoza, dos activistas comentan que desde hace casi 10 a\u00f1os han estado buscando a sus familiares, sin encontrar alg\u00fan rastro de sus cuerpos.<\/p>\n<p>\u201cLa pr\u00f3xima semana tenemos una reuni\u00f3n con la Comisi\u00f3n Estatal de investigaci\u00f3n de B\u00fasqueda, estamos detectando que hay algunas omisiones y que la autoridad no quiere hacer nada, aunque le exigimos que se conforme un consejo para nosotros tener voz dentro de la Comisi\u00f3n\u201d, expres\u00f3 Javier Espinoza.<\/p>\n<p>Por otro lado, explic\u00f3 la experta Violeta Sab\u00e1s, coordinadora del Observatorio de Violencia Social y de G\u00e9nero de Aguascalientes que cuando ocurre una desaparici\u00f3n las primeras horas son cruciales para lograr localizar a la persona o implementar el protocolo, m\u00e1s cuando se trata de ni\u00f1as, ni\u00f1os y adolescentes, y coment\u00f3 que tambi\u00e9n se tiene que presumir que todas las personas que son v\u00edctimas de desaparici\u00f3n est\u00e1n siendo tambi\u00e9n v\u00edctimas de un delito.<\/p>\n<p>\u201cEsto es especialmente grave porque la fiscal\u00eda no busca como si fueran v\u00edctimas de un delito si no implementan otras b\u00fasquedas pero ni siquiera son b\u00fasquedas coordinadas o vinculadas entre otras instituciones, adem\u00e1s el protocolo homologado de b\u00fasqueda dice que todas las instituciones tienen que detonar una b\u00fasqueda en cuanto desaparece una persona\u201d, enfatiz\u00f3 Violeta Sab\u00e1s.<\/p>\n<p>Dijo que en esos casos, se tiene que subir una ficha en la plataforma a nivel nacional en todo M\u00e9xico y todas las fiscal\u00edas y todas las comisiones de b\u00fasqueda tendr\u00edan que estar buscando a esa persona, sin embargo, mencion\u00f3 que eso no se hace.<\/p>\n<p>&#8220;Eso es imposible porque de las 105 mil personas desaparecidas actualmente en el estado solamente un porcentaje muy m\u00ednimo es el que se contin\u00faa buscando&#8221;.<br \/>\nVioleta Sab\u00e1s, Coordinadora del Observatorio de Violencia Social y de G\u00e9nero<\/p>\n<p>Por otro lado dijo que en en el pa\u00eds se cometen m\u00e1s de dos millones de delitos, M\u00e9xico es el tercer lugar en el mundo con el n\u00famero m\u00e1s alto de comisiones, ocurren 30 mil homicidios al d\u00eda considerando los tres mil feminicidios,\u201centonces las autoridades tendr\u00edan que tener puertas abiertas de manera permanente para atender todas las omisiones todas las negligencias pero de manera especializada los delitos m\u00e1s graves son violaciones a derechos humanos y la desaparici\u00f3n de personas.\u201d<\/p>\n<p><a href=\"https:\/\/www.elsoldelcentro.com.mx\/local\/familiares-de-desaparecidos-se-manifiestan-en-aguascalientes-8820097.html?utm_source=pocket_mylist\" rel=\"noopener\" target=\"_blank\">https:\/\/www.elsoldelcentro.com.mx\/local\/familiares-de-desaparecidos-se-manifiestan-en-aguascalientes-8820097.html?utm_source=pocket_mylist<\/a><\/p>\n","protected":false},"excerpt":{"rendered":"<p>Judith Gavl\u00e1n\/El Sol del centro 31 agosto 2022 Por el d\u00eda D\u00eda Internacional de las V\u00edctimas de Desapariciones Forzadas, algunos colectivos y familiares se re\u00fanen para conmemorar a los desaparecidos &hellip; <a href=\"https:\/\/www.grieta.org.mx\/index.php\/2022\/08\/31\/familiares-de-desaparecidos-se-manifiestan-en-aguascalientes-2\/\" class=\"more-link\">Leer m\u00e1s<\/a><\/p>\n","protected":false},"author":2,"featured_media":65078,"comment_status":"closed","ping_status":"closed","sticky":false,"template":"","format":"standard","meta":{"ngg_post_thumbnail":0,"_jetpack_newsletter_access":"","_jetpack_dont_email_post_to_subs":false,"_jetpack_newsletter_tier_id":0,"_jetpack_memberships_contains_paywalled_content":false,"_jetpack_memberships_contains_paid_content":false,"footnotes":""},"categories":[4,80,87,1189,2,83],"tags":[3018,121,1668,1039,3152],"class_list":["post-65077","post","type-post","status-publish","format-standard","has-post-thumbnail","hentry","category-aguascalientes","category-cintillo","category-desaparecidos","category-desaparecidos-en-aguascalientes","category-noticias-nacionales","category-temas-nacionales","tag-colectivos-de-busqueda-de-desaparecidos","tag-desaparecidos","tag-familiares-de-desaparecidos","tag-movilizaciones-de-familiares","tag-observatorio-de-violencia-social-y-genero","entry"],"jetpack_featured_media_url":"https:\/\/www.grieta.org.mx\/wp-content\/uploads\/2022\/09\/Manifestacion-PersonasDesaparecidas.jpg","jetpack_sharing_enabled":true,"jetpack_shortlink":"https:\/\/wp.me\/p7ZJR4-gVD","jetpack_likes_enabled":false,"jetpack-related-posts":[{"id":38516,"url":"https:\/\/www.grieta.org.mx\/index.php\/2019\/08\/30\/protestan-por-sus-desparecidos-frente-al-palacio-nacional-fotogaleria\/","url_meta":{"origin":65077,"position":0},"title":"Protestan por sus desparecidos frente al Palacio Nacional (fotogaler\u00eda)","author":"grieta","date":"30 agosto, 2019","format":false,"excerpt":"EFE\/Vanguardia Los familiares de desaparecidos adem\u00e1s planean entregar 80.000 firmas para exigir al Estado mejoras en los protocolos de investigaci\u00f3n. https:\/\/vanguardia.com.mx\/articulo\/protestan-por-sus-desparecidos-frente-al-palacio-nacional-fotogaleria","rel":"","context":"En &quot;CINTILLO&quot;","block_context":{"text":"CINTILLO","link":"https:\/\/www.grieta.org.mx\/index.php\/category\/cintillo\/"},"img":{"alt_text":"","src":"https:\/\/i0.wp.com\/www.grieta.org.mx\/wp-content\/uploads\/2019\/08\/1-4.jpg?resize=350%2C200&ssl=1","width":350,"height":200,"srcset":"https:\/\/i0.wp.com\/www.grieta.org.mx\/wp-content\/uploads\/2019\/08\/1-4.jpg?resize=350%2C200&ssl=1 1x, https:\/\/i0.wp.com\/www.grieta.org.mx\/wp-content\/uploads\/2019\/08\/1-4.jpg?resize=525%2C300&ssl=1 1.5x, https:\/\/i0.wp.com\/www.grieta.org.mx\/wp-content\/uploads\/2019\/08\/1-4.jpg?resize=700%2C400&ssl=1 2x"},"classes":[]},{"id":5664,"url":"https:\/\/www.grieta.org.mx\/index.php\/2016\/09\/01\/desaparecidos-en-aguascalientes\/","url_meta":{"origin":65077,"position":1},"title":"Desaparecidos en Aguascalientes","author":"grieta","date":"1 septiembre, 2016","format":false,"excerpt":"01\/09\/16. Fiscal\u00eda contin\u00faa sin publicar el protocolo sobre personas desaparecidas La Jornada Aguascalientes 09\/07\/16. Sin ser localizados, 22 aguascalentenses que desaparecieron este a\u00f1o La Jornada Aguascalientes 12\/01\/16. Ocupa Aguascalientes lugar 19 en desaparecidos en el \u00e1mbito nacional La Jornada Aguascalientes 11\/01\/16. 283 personas est\u00e1n desaparecidas en Aguascalientes La Jornada Aguascalientes\u2026","rel":"","context":"En &quot;Aguascalientes&quot;","block_context":{"text":"Aguascalientes","link":"https:\/\/www.grieta.org.mx\/index.php\/category\/noticias-nacionales\/aguascalientes\/"},"img":{"alt_text":"","src":"https:\/\/i0.wp.com\/www.grieta.org.mx\/wp-content\/uploads\/2018\/03\/14524434_1106112876131411_958039263622046936_o.jpg?resize=350%2C200&ssl=1","width":350,"height":200,"srcset":"https:\/\/i0.wp.com\/www.grieta.org.mx\/wp-content\/uploads\/2018\/03\/14524434_1106112876131411_958039263622046936_o.jpg?resize=350%2C200&ssl=1 1x, https:\/\/i0.wp.com\/www.grieta.org.mx\/wp-content\/uploads\/2018\/03\/14524434_1106112876131411_958039263622046936_o.jpg?resize=525%2C300&ssl=1 1.5x, https:\/\/i0.wp.com\/www.grieta.org.mx\/wp-content\/uploads\/2018\/03\/14524434_1106112876131411_958039263622046936_o.jpg?resize=700%2C400&ssl=1 2x"},"classes":[]},{"id":61654,"url":"https:\/\/www.grieta.org.mx\/index.php\/2021\/09\/01\/galeria-familiares-de-personas-desaparecidas-marchan-para-no-olvidar\/","url_meta":{"origin":65077,"position":2},"title":"Galer\u00eda: Familiares de personas desaparecidas marchan para no olvidar","author":"grieta","date":"1 septiembre, 2021","format":false,"excerpt":"\u201cHoy hace seis a\u00f1os, 2,191 d\u00edas que no s\u00e9 de \u00e9l\u2026 el d\u00eda de ma\u00f1ana es el d\u00eda internacional de las personas desaparecidas, es por eso que estamos aqu\u00ed donde no deber\u00edamos de estar. Pero nos toco esto, estar aqu\u00ed, caminando con el dolor, con la rabia y con la\u2026","rel":"","context":"En &quot;Chihuahua&quot;","block_context":{"text":"Chihuahua","link":"https:\/\/www.grieta.org.mx\/index.php\/category\/noticias-nacionales\/chihuahua\/"},"img":{"alt_text":"","src":"https:\/\/i0.wp.com\/www.grieta.org.mx\/wp-content\/uploads\/2021\/09\/untitled-16-1024x684-1.jpg?resize=350%2C200&ssl=1","width":350,"height":200,"srcset":"https:\/\/i0.wp.com\/www.grieta.org.mx\/wp-content\/uploads\/2021\/09\/untitled-16-1024x684-1.jpg?resize=350%2C200&ssl=1 1x, https:\/\/i0.wp.com\/www.grieta.org.mx\/wp-content\/uploads\/2021\/09\/untitled-16-1024x684-1.jpg?resize=525%2C300&ssl=1 1.5x, https:\/\/i0.wp.com\/www.grieta.org.mx\/wp-content\/uploads\/2021\/09\/untitled-16-1024x684-1.jpg?resize=700%2C400&ssl=1 2x"},"classes":[]},{"id":61333,"url":"https:\/\/www.grieta.org.mx\/index.php\/2021\/08\/23\/red-de-desaparecidos-en-colima-invita-a-participar-en-las-actividades-que-realizaran-por-dia-internacional-de-las-victimas-de-desapariciones-forzadas\/","url_meta":{"origin":65077,"position":3},"title":"Red de Desaparecidos en Colima invita a participar en las actividades que realizar\u00e1n por  D\u00eda Internacional de las V\u00edctimas de Desapariciones Forzadas","author":"grieta","date":"23 agosto, 2021","format":false,"excerpt":"Foto: El Comentario Francis Bravo \/ El Comentario Tras anunciar las acciones que con motivo del\u00a0D\u00eda Internacional de las V\u00edctimas de Desapariciones Forzadas\u00a0llevar\u00e1 a cabo, la\u00a0Red de Desaparecidos en Colima\u00a0dio a conocer que de 2017 a la fecha tienen contabilizadas en el estado 1,700 personas en paradero desconocido, cuyas edades\u2026","rel":"","context":"En &quot;CINTILLO&quot;","block_context":{"text":"CINTILLO","link":"https:\/\/www.grieta.org.mx\/index.php\/category\/cintillo\/"},"img":{"alt_text":"","src":"https:\/\/i0.wp.com\/www.grieta.org.mx\/wp-content\/uploads\/2021\/08\/c8879b476eab41cd8fb93a844e42f428.jpg?resize=350%2C200&ssl=1","width":350,"height":200,"srcset":"https:\/\/i0.wp.com\/www.grieta.org.mx\/wp-content\/uploads\/2021\/08\/c8879b476eab41cd8fb93a844e42f428.jpg?resize=350%2C200&ssl=1 1x, https:\/\/i0.wp.com\/www.grieta.org.mx\/wp-content\/uploads\/2021\/08\/c8879b476eab41cd8fb93a844e42f428.jpg?resize=525%2C300&ssl=1 1.5x, https:\/\/i0.wp.com\/www.grieta.org.mx\/wp-content\/uploads\/2021\/08\/c8879b476eab41cd8fb93a844e42f428.jpg?resize=700%2C400&ssl=1 2x"},"classes":[]},{"id":30728,"url":"https:\/\/www.grieta.org.mx\/index.php\/2019\/03\/08\/familiares-de-desaparecidos-se-manifiestan-en-aguascalientes\/","url_meta":{"origin":65077,"position":4},"title":"Familiares de desaparecidos se manifiestan en Aguascalientes","author":"grieta","date":"8 marzo, 2019","format":false,"excerpt":"En el posicionamiento se exigi\u00f3 al gobierno federal la actualizaci\u00f3n de bases de datos estatal y nacional que contenga la informaci\u00f3n y fotograf\u00eda de personas desaparecidas Karla M\u00e9ndez\/Exc\u00e9lsior AGUASCALIENTES, Aguascalientes. Durante la visita del Presidente Andr\u00e9s Manuel L\u00f3pez Obrador, familiares de personas desaparecidas se manifestaron en el evento \"La idea\u2026","rel":"","context":"En &quot;Aguascalientes&quot;","block_context":{"text":"Aguascalientes","link":"https:\/\/www.grieta.org.mx\/index.php\/category\/noticias-nacionales\/aguascalientes\/"},"img":{"alt_text":"","src":"https:\/\/i0.wp.com\/www.grieta.org.mx\/wp-content\/uploads\/2019\/03\/2111539.jpg?resize=350%2C200&ssl=1","width":350,"height":200,"srcset":"https:\/\/i0.wp.com\/www.grieta.org.mx\/wp-content\/uploads\/2019\/03\/2111539.jpg?resize=350%2C200&ssl=1 1x, https:\/\/i0.wp.com\/www.grieta.org.mx\/wp-content\/uploads\/2019\/03\/2111539.jpg?resize=525%2C300&ssl=1 1.5x"},"classes":[]},{"id":62572,"url":"https:\/\/www.grieta.org.mx\/index.php\/2021\/10\/28\/colectivos-de-familias-de-personas-desaparecidas-en-nayarit-piden-reunion-con-comite-de-la-onu-ced\/","url_meta":{"origin":65077,"position":5},"title":"Colectivos de familias de personas desaparecidas en Nayarit piden reuni\u00f3n con Comit\u00e9 de la ONU (CED)","author":"grieta","date":"28 octubre, 2021","format":false,"excerpt":"Foto: El Sol de Nayarit Redacci\u00f3n \/ El Sol de Nayarit Los colectivos de familias de personas desaparecidas en el estado de Nayarit, \"Familias Unidas por Nayarit (COFAUNNAY)\", \"En Busca de Verdad y Justicia\", \"Por Nuestros Corazones\" y \"Renacer por Amor a Ellos\", acompa\u00f1ados por\u00a0la\u00a0Federaci\u00f3n Internacional de Derechos Humanos\u00a0(FIDH)\u00a0y por\u00a0IDHEAS\u2026","rel":"","context":"En &quot;CINTILLO&quot;","block_context":{"text":"CINTILLO","link":"https:\/\/www.grieta.org.mx\/index.php\/category\/cintillo\/"},"img":{"alt_text":"","src":"https:\/\/i0.wp.com\/www.grieta.org.mx\/wp-content\/uploads\/2021\/11\/temp_nota_01_80776_17_20211028175548_117captura_de_pantalla_2021-10-28_a_la_s__11.55.31_a.m.jpg?resize=350%2C200&ssl=1","width":350,"height":200,"srcset":"https:\/\/i0.wp.com\/www.grieta.org.mx\/wp-content\/uploads\/2021\/11\/temp_nota_01_80776_17_20211028175548_117captura_de_pantalla_2021-10-28_a_la_s__11.55.31_a.m.jpg?resize=350%2C200&ssl=1 1x, https:\/\/i0.wp.com\/www.grieta.org.mx\/wp-content\/uploads\/2021\/11\/temp_nota_01_80776_17_20211028175548_117captura_de_pantalla_2021-10-28_a_la_s__11.55.31_a.m.jpg?resize=525%2C300&ssl=1 1.5x"},"classes":[]}],"_links":{"self":[{"href":"https:\/\/www.grieta.org.mx\/index.php\/wp-json\/wp\/v2\/posts\/65077","targetHints":{"allow":["GET"]}}],"collection":[{"href":"https:\/\/www.grieta.org.mx\/index.php\/wp-json\/wp\/v2\/posts"}],"about":[{"href":"https:\/\/www.grieta.org.mx\/index.php\/wp-json\/wp\/v2\/types\/post"}],"author":[{"embeddable":true,"href":"https:\/\/www.grieta.org.mx\/index.php\/wp-json\/wp\/v2\/users\/2"}],"replies":[{"embeddable":true,"href":"https:\/\/www.grieta.org.mx\/index.php\/wp-json\/wp\/v2\/comments?post=65077"}],"version-history":[{"count":1,"href":"https:\/\/www.grieta.org.mx\/index.php\/wp-json\/wp\/v2\/posts\/65077\/revisions"}],"predecessor-version":[{"id":65079,"href":"https:\/\/www.grieta.org.mx\/index.php\/wp-json\/wp\/v2\/posts\/65077\/revisions\/65079"}],"wp:featuredmedia":[{"embeddable":true,"href":"https:\/\/www.grieta.org.mx\/index.php\/wp-json\/wp\/v2\/media\/65078"}],"wp:attachment":[{"href":"https:\/\/www.grieta.org.mx\/index.php\/wp-json\/wp\/v2\/media?parent=65077"}],"wp:term":[{"taxonomy":"category","embeddable":true,"href":"https:\/\/www.grieta.org.mx\/index.php\/wp-json\/wp\/v2\/categories?post=65077"},{"taxonomy":"post_tag","embeddable":true,"href":"https:\/\/www.grieta.org.mx\/index.php\/wp-json\/wp\/v2\/tags?post=65077"}],"curies":[{"name":"wp","href":"https:\/\/api.w.org\/{rel}","templated":true}]}}