{"id":65059,"date":"2022-09-01T16:53:55","date_gmt":"2022-09-01T21:53:55","guid":{"rendered":"https:\/\/www.grieta.org.mx\/?p=65059"},"modified":"2022-09-04T17:02:12","modified_gmt":"2022-09-04T22:02:12","slug":"oaxaca-el-estado-que-lo-tiene-todo-incluidas-las-desapariciones","status":"publish","type":"post","link":"https:\/\/www.grieta.org.mx\/index.php\/2022\/09\/01\/oaxaca-el-estado-que-lo-tiene-todo-incluidas-las-desapariciones\/","title":{"rendered":"Oaxaca: el estado que lo tiene todo, incluidas, las desapariciones"},"content":{"rendered":"<p>Imagen: Zona Docs<\/p>\n<p><strong>\u201c\u00bfQu\u00e9 implica buscar a una persona desaparecida en Oaxaca?\u201d fue la pregunta que con justa rabia y dignidad respondieron integrantes de colectivos de b\u00fasqueda de este estado en el marco de la\u00a0<em>Caravana Nacional de Memoria y Narrativas de la Desaparici\u00f3n en M\u00e9xico<\/em>, que realiz\u00f3 la colectiva T\u00e9cnicas Rudas en la Alameda Central en Oaxaca de Ju\u00e1rez, Oaxaca.<\/strong><\/p>\n<p>Dalia Souza y Darwin Franco \/ Zona Docs<\/p>\n<p>En Oaxaca, oficialmente,<strong>\u00a0s\u00f3lo se reconoce la desaparici\u00f3n de 495 personas<\/strong>; sin embargo, las familias y colectivos se\u00f1alan que, por lo menos,<strong>\u00a0en la entidad existen m\u00e1s de tres mil personas desaparecidas<\/strong>.<\/p>\n<p>Pese a ello, durante todo el gobierno de Alejandro Murat,<strong>\u00a0\u00e9ste siempre se neg\u00f3 que existieran desapariciones en su estado<\/strong>; por ello, es que familias se han organizado y unido en diversos colectivos\u00a0<strong>para se\u00f1alarle al gobernador que no est\u00e1n dispuestos a que se minimice e ignore esta grave crisis.<\/strong><\/p>\n<p>Pues, como precisa la periodista de\u00a0<em>P\u00e1gina 3<\/em>, Paula R\u00edos,\u00a0<strong>\u201cOaxaca, en efecto, si es un estado que lo tiene todo, incluidas, las desapariciones\u201d.<\/strong><\/p>\n<p>Aqu\u00ed una cr\u00f3nica audiovisual donde las familias se\u00f1alan<strong>\u00a0lo que implica buscar a una persona desaparecida en Oaxaca.<\/strong><\/p>\n<p><iframe loading=\"lazy\" title=\"#Oaxaca: el estado que lo tiene todo, incluidas, las desapariciones\" src=\"https:\/\/www.youtube.com\/embed\/JbrCjYlVVw8?feature=oembed\" width=\"100%\" height=\"392\" frameborder=\"0\" allowfullscreen=\"allowfullscreen\" data-mce-fragment=\"1\"><\/iframe><\/p>\n<p><a href=\"https:\/\/www.zonadocs.mx\/2022\/09\/01\/oaxaca-el-estado-que-lo-tiene-todo-incluidas-las-desapariciones\/\">https:\/\/www.zonadocs.mx\/2022\/09\/01\/oaxaca-el-estado-que-lo-tiene-todo-incluidas-las-desapariciones\/<\/a><\/p>\n","protected":false},"excerpt":{"rendered":"<p>Imagen: Zona Docs \u201c\u00bfQu\u00e9 implica buscar a una persona desaparecida en Oaxaca?\u201d fue la pregunta que con justa rabia y dignidad respondieron integrantes de colectivos de b\u00fasqueda de este estado &hellip; <a href=\"https:\/\/www.grieta.org.mx\/index.php\/2022\/09\/01\/oaxaca-el-estado-que-lo-tiene-todo-incluidas-las-desapariciones\/\" class=\"more-link\">Leer m\u00e1s<\/a><\/p>\n","protected":false},"author":2,"featured_media":65060,"comment_status":"closed","ping_status":"closed","sticky":false,"template":"","format":"standard","meta":{"ngg_post_thumbnail":0,"_jetpack_newsletter_access":"","_jetpack_dont_email_post_to_subs":false,"_jetpack_newsletter_tier_id":0,"_jetpack_memberships_contains_paywalled_content":false,"_jetpack_memberships_contains_paid_content":false,"footnotes":""},"categories":[80,87,2832,2,25,83],"tags":[3791,1828,3018,121,1668,1228],"class_list":["post-65059","post","type-post","status-publish","format-standard","has-post-thumbnail","hentry","category-cintillo","category-desaparecidos","category-desaparecidos-en-oaxaca","category-noticias-nacionales","category-oaxaca","category-temas-nacionales","tag-acciones-por-desaparecidos","tag-busqueda-de-desaparecidos","tag-colectivos-de-busqueda-de-desaparecidos","tag-desaparecidos","tag-familiares-de-desaparecidos","tag-protestas-por-desaparecidos","entry"],"jetpack_featured_media_url":"https:\/\/www.grieta.org.mx\/wp-content\/uploads\/2022\/09\/photo5514850506598623160-1068x801-1.jpg","jetpack_sharing_enabled":true,"jetpack_shortlink":"https:\/\/wp.me\/p7ZJR4-gVl","jetpack_likes_enabled":false,"jetpack-related-posts":[{"id":70998,"url":"https:\/\/www.grieta.org.mx\/index.php\/2025\/02\/13\/mentira-que-el-83-por-ciento-de-personas-desaparecidas-en-oaxaca-esten-localizadas-colectivos\/","url_meta":{"origin":65059,"position":0},"title":"Mentira que el 83 por ciento de personas desaparecidas en Oaxaca est\u00e9n localizadas: colectivos","author":"grieta","date":"13 febrero, 2025","format":false,"excerpt":"Imagen: Especial Las autoridades de Oaxaca aseguraron que han encontrado al 83 por ciento de las personas desaparecidas en el estado, pero integrantes del Colectivo Oaxaque\u00f1o \u201cBuscando a los nuestros\u201d rechazan la informaci\u00f3n Diana Manzo - Istmo Press OAXACA. \u2013 Integrantes del Colectivo Oaxaque\u00f1o \u201cBuscando a los nuestros\u201d rechazaron las\u2026","rel":"","context":"En &quot;CINTILLO&quot;","block_context":{"text":"CINTILLO","link":"https:\/\/www.grieta.org.mx\/index.php\/category\/cintillo\/"},"img":{"alt_text":"","src":"https:\/\/i0.wp.com\/www.grieta.org.mx\/wp-content\/uploads\/2025\/02\/Desaparecidas_Oaxaca_IstmoPress-1032x1024-1.jpeg?resize=350%2C200&ssl=1","width":350,"height":200,"srcset":"https:\/\/i0.wp.com\/www.grieta.org.mx\/wp-content\/uploads\/2025\/02\/Desaparecidas_Oaxaca_IstmoPress-1032x1024-1.jpeg?resize=350%2C200&ssl=1 1x, https:\/\/i0.wp.com\/www.grieta.org.mx\/wp-content\/uploads\/2025\/02\/Desaparecidas_Oaxaca_IstmoPress-1032x1024-1.jpeg?resize=525%2C300&ssl=1 1.5x, https:\/\/i0.wp.com\/www.grieta.org.mx\/wp-content\/uploads\/2025\/02\/Desaparecidas_Oaxaca_IstmoPress-1032x1024-1.jpeg?resize=700%2C400&ssl=1 2x"},"classes":[]},{"id":71572,"url":"https:\/\/www.grieta.org.mx\/index.php\/2025\/04\/09\/es-una-ofensa-de-la-presidenta-decir-que-no-hay-desapariciones-forzadas-nuestra-labor-no-es-por-gusto-reclama-martha-pablo-madre-buscadoras-de-oaxaca\/","url_meta":{"origin":65059,"position":1},"title":"\u201c Es una ofensa de la Presidenta decir que no hay desapariciones forzadas, nuestra labor no es por gusto\u201d reclama Martha Pablo, madre buscadoras de Oaxaca\u201d","author":"grieta","date":"9 abril, 2025","format":false,"excerpt":"Imagen: Istmo Press Diana Manzo \/ Istmo Press Oaxaca, Oax.- Martha Pablo desde hace casi 6 a\u00f1os se convirti\u00f3 en madre buscadora, un oficio criminalizado en M\u00e9xico, de la cual asegura no es una labor que desempe\u00f1e por gusto. La tambi\u00e9n representante de la colectiva oaxaque\u00f1a de madres, padres y\u2026","rel":"","context":"En &quot;CINTILLO&quot;","block_context":{"text":"CINTILLO","link":"https:\/\/www.grieta.org.mx\/index.php\/category\/cintillo\/"},"img":{"alt_text":"","src":"https:\/\/i0.wp.com\/www.grieta.org.mx\/wp-content\/uploads\/2025\/04\/f6c2e1ac-384d-4a55-8448-57dbe616e852-800x445-1.jpeg?resize=350%2C200&ssl=1","width":350,"height":200,"srcset":"https:\/\/i0.wp.com\/www.grieta.org.mx\/wp-content\/uploads\/2025\/04\/f6c2e1ac-384d-4a55-8448-57dbe616e852-800x445-1.jpeg?resize=350%2C200&ssl=1 1x, https:\/\/i0.wp.com\/www.grieta.org.mx\/wp-content\/uploads\/2025\/04\/f6c2e1ac-384d-4a55-8448-57dbe616e852-800x445-1.jpeg?resize=525%2C300&ssl=1 1.5x, https:\/\/i0.wp.com\/www.grieta.org.mx\/wp-content\/uploads\/2025\/04\/f6c2e1ac-384d-4a55-8448-57dbe616e852-800x445-1.jpeg?resize=700%2C400&ssl=1 2x"},"classes":[]},{"id":71005,"url":"https:\/\/www.grieta.org.mx\/index.php\/2025\/01\/29\/en-operativo-de-busqueda-de-la-activista-sandra-dominguez-mueren-cuatro-personas-entre-ellas-un-agente-federal-oaxaca\/","url_meta":{"origin":65059,"position":2},"title":"En operativo de b\u00fasqueda de la activista Sandra Dom\u00ednguez mueren cuatro personas; entre ellas un agente federal (Oaxaca)","author":"grieta","date":"29 enero, 2025","format":false,"excerpt":"Imagen: Itsmo Prees Diana Manzo \/ Itsmo Press Oaxaca, Oax.- En un operativo de b\u00fasqueda para localizar a la activista mixe, Sandra Dom\u00ednguez y su esposo Alexander Hern\u00e1ndez encabezado por agentes federales de la Comisi\u00f3n Nacional Antisecuestros en la zona de Mar\u00eda Lombardo, Oaxaca se suscit\u00f3 un enfrentamiento con civiles\u2026","rel":"","context":"En &quot;CINTILLO&quot;","block_context":{"text":"CINTILLO","link":"https:\/\/www.grieta.org.mx\/index.php\/category\/cintillo\/"},"img":{"alt_text":"","src":"https:\/\/i0.wp.com\/www.grieta.org.mx\/wp-content\/uploads\/2025\/02\/IMG_1863-774x445-1.jpeg?resize=350%2C200&ssl=1","width":350,"height":200,"srcset":"https:\/\/i0.wp.com\/www.grieta.org.mx\/wp-content\/uploads\/2025\/02\/IMG_1863-774x445-1.jpeg?resize=350%2C200&ssl=1 1x, https:\/\/i0.wp.com\/www.grieta.org.mx\/wp-content\/uploads\/2025\/02\/IMG_1863-774x445-1.jpeg?resize=525%2C300&ssl=1 1.5x, https:\/\/i0.wp.com\/www.grieta.org.mx\/wp-content\/uploads\/2025\/02\/IMG_1863-774x445-1.jpeg?resize=700%2C400&ssl=1 2x"},"classes":[]},{"id":69670,"url":"https:\/\/www.grieta.org.mx\/index.php\/2024\/08\/30\/hay-mas-de-4-mil-personas-desaparecidas-en-oaxaca-denuncian-colectivas-que-exigen-alto-a-la-impunidad\/","url_meta":{"origin":65059,"position":3},"title":"Hay m\u00e1s de 4 mil personas desaparecidas en Oaxaca denuncian colectivas que exigen alto a la impunidad","author":"grieta","date":"30 agosto, 2024","format":false,"excerpt":"Imagen: Tomada de la Red Diana Manzo \/ Agencia de Noticias IstmoPress #Oaxaca 30 Ago (#Istmopress) \u2013 Con fotograf\u00edas de sus hijas, hermanos, parientes y amigos, colectivas oaxaque\u00f1as y activistas marcharon para exigir un alto a la impunidad para encontrar a las 4 mil personas que han desaparecido en Oaxaca.\u2026","rel":"","context":"En &quot;CINTILLO&quot;","block_context":{"text":"CINTILLO","link":"https:\/\/www.grieta.org.mx\/index.php\/category\/cintillo\/"},"img":{"alt_text":"","src":"https:\/\/i0.wp.com\/www.grieta.org.mx\/wp-content\/uploads\/2024\/09\/1725083712936.jpg?resize=350%2C200&ssl=1","width":350,"height":200,"srcset":"https:\/\/i0.wp.com\/www.grieta.org.mx\/wp-content\/uploads\/2024\/09\/1725083712936.jpg?resize=350%2C200&ssl=1 1x, https:\/\/i0.wp.com\/www.grieta.org.mx\/wp-content\/uploads\/2024\/09\/1725083712936.jpg?resize=525%2C300&ssl=1 1.5x, https:\/\/i0.wp.com\/www.grieta.org.mx\/wp-content\/uploads\/2024\/09\/1725083712936.jpg?resize=700%2C400&ssl=1 2x, https:\/\/i0.wp.com\/www.grieta.org.mx\/wp-content\/uploads\/2024\/09\/1725083712936.jpg?resize=1050%2C600&ssl=1 3x"},"classes":[]},{"id":61254,"url":"https:\/\/www.grieta.org.mx\/index.php\/2021\/08\/11\/inicia-comision-de-busqueda-de-oaxaca-su-trabajo-sin-presupuesto-colectivos-ayudan-en-busquedas\/","url_meta":{"origin":65059,"position":4},"title":"Inicia Comisi\u00f3n de B\u00fasqueda de Oaxaca su trabajo sin presupuesto; colectivos ayudan en b\u00fasquedas","author":"grieta","date":"11 agosto, 2021","format":false,"excerpt":"Educa \/ Redacci\u00f3n. Un grupo de mujeres integrantes del colectivo de b\u00fasqueda de personas \u201cSabuesos Guerreras\u201d, originaria de Culiac\u00e1n Sinaloa, informaron que buscan ayudar a la ciudadan\u00eda en Oaxaca, en la localizaci\u00f3n de sus familiares. En conferencia de prensa, frente al templo de Santo Domingo de Guzm\u00e1n, indicaron que formar\u00e1n\u2026","rel":"","context":"En &quot;CINTILLO&quot;","block_context":{"text":"CINTILLO","link":"https:\/\/www.grieta.org.mx\/index.php\/category\/cintillo\/"},"img":{"alt_text":"","src":"https:\/\/i0.wp.com\/www.grieta.org.mx\/wp-content\/uploads\/2021\/08\/E.jpg?resize=350%2C200&ssl=1","width":350,"height":200,"srcset":"https:\/\/i0.wp.com\/www.grieta.org.mx\/wp-content\/uploads\/2021\/08\/E.jpg?resize=350%2C200&ssl=1 1x, https:\/\/i0.wp.com\/www.grieta.org.mx\/wp-content\/uploads\/2021\/08\/E.jpg?resize=525%2C300&ssl=1 1.5x, https:\/\/i0.wp.com\/www.grieta.org.mx\/wp-content\/uploads\/2021\/08\/E.jpg?resize=700%2C400&ssl=1 2x"},"classes":[]},{"id":72080,"url":"https:\/\/www.grieta.org.mx\/index.php\/2025\/07\/18\/alertan-por-la-desaparicion-de-mas-de-900-jovenes-mujeres-en-oaxaca-exigen-una-urgente-atencion\/","url_meta":{"origin":65059,"position":5},"title":"Alertan por la desaparici\u00f3n de m\u00e1s de 900 j\u00f3venes mujeres en Oaxaca; exigen una urgente atenci\u00f3n","author":"grieta","date":"18 julio, 2025","format":false,"excerpt":"Imagen: Cortes\u00eda Diana Manzo \/ Istmo Press Oaxaca, Oax.-La crisis de desapariciones lleg\u00f3 a Oaxaca, alertaron decenas de colectivas y asociaciones civiles al informar que por lo menos 900 mujeres entre 12 y 29 a\u00f1os han desaparecido en lo que va del gobierno morenista de Salom\u00f3n Jara Cruz. En un\u2026","rel":"","context":"En &quot;CINTILLO&quot;","block_context":{"text":"CINTILLO","link":"https:\/\/www.grieta.org.mx\/index.php\/category\/cintillo\/"},"img":{"alt_text":"","src":"https:\/\/i0.wp.com\/www.grieta.org.mx\/wp-content\/uploads\/2025\/07\/IMG_9571.jpeg?resize=350%2C200&ssl=1","width":350,"height":200,"srcset":"https:\/\/i0.wp.com\/www.grieta.org.mx\/wp-content\/uploads\/2025\/07\/IMG_9571.jpeg?resize=350%2C200&ssl=1 1x, https:\/\/i0.wp.com\/www.grieta.org.mx\/wp-content\/uploads\/2025\/07\/IMG_9571.jpeg?resize=525%2C300&ssl=1 1.5x, https:\/\/i0.wp.com\/www.grieta.org.mx\/wp-content\/uploads\/2025\/07\/IMG_9571.jpeg?resize=700%2C400&ssl=1 2x, https:\/\/i0.wp.com\/www.grieta.org.mx\/wp-content\/uploads\/2025\/07\/IMG_9571.jpeg?resize=1050%2C600&ssl=1 3x"},"classes":[]}],"_links":{"self":[{"href":"https:\/\/www.grieta.org.mx\/index.php\/wp-json\/wp\/v2\/posts\/65059","targetHints":{"allow":["GET"]}}],"collection":[{"href":"https:\/\/www.grieta.org.mx\/index.php\/wp-json\/wp\/v2\/posts"}],"about":[{"href":"https:\/\/www.grieta.org.mx\/index.php\/wp-json\/wp\/v2\/types\/post"}],"author":[{"embeddable":true,"href":"https:\/\/www.grieta.org.mx\/index.php\/wp-json\/wp\/v2\/users\/2"}],"replies":[{"embeddable":true,"href":"https:\/\/www.grieta.org.mx\/index.php\/wp-json\/wp\/v2\/comments?post=65059"}],"version-history":[{"count":1,"href":"https:\/\/www.grieta.org.mx\/index.php\/wp-json\/wp\/v2\/posts\/65059\/revisions"}],"predecessor-version":[{"id":65061,"href":"https:\/\/www.grieta.org.mx\/index.php\/wp-json\/wp\/v2\/posts\/65059\/revisions\/65061"}],"wp:featuredmedia":[{"embeddable":true,"href":"https:\/\/www.grieta.org.mx\/index.php\/wp-json\/wp\/v2\/media\/65060"}],"wp:attachment":[{"href":"https:\/\/www.grieta.org.mx\/index.php\/wp-json\/wp\/v2\/media?parent=65059"}],"wp:term":[{"taxonomy":"category","embeddable":true,"href":"https:\/\/www.grieta.org.mx\/index.php\/wp-json\/wp\/v2\/categories?post=65059"},{"taxonomy":"post_tag","embeddable":true,"href":"https:\/\/www.grieta.org.mx\/index.php\/wp-json\/wp\/v2\/tags?post=65059"}],"curies":[{"name":"wp","href":"https:\/\/api.w.org\/{rel}","templated":true}]}}