{"id":65055,"date":"2022-08-31T16:30:39","date_gmt":"2022-08-31T21:30:39","guid":{"rendered":"https:\/\/www.grieta.org.mx\/?p=65055"},"modified":"2022-09-04T16:49:35","modified_gmt":"2022-09-04T21:49:35","slug":"fiscalia-del-estado-no-investiga-desapariciones-clamor-ante-crisis-por-desapariciones","status":"publish","type":"post","link":"https:\/\/www.grieta.org.mx\/index.php\/2022\/08\/31\/fiscalia-del-estado-no-investiga-desapariciones-clamor-ante-crisis-por-desapariciones\/","title":{"rendered":"Fiscal\u00eda del estado no investiga desapariciones, clamor ante crisis por desapariciones"},"content":{"rendered":"<p>Imagen: Jorge Alberto Mendoza<\/p>\n<p>Lauro Rodr\u00edguez \/ El Diario NTR<\/p>\n<p>En el D\u00eda Internacional de las V\u00edctimas de Desaparici\u00f3n Forzada, conmemorada cada 30 de agosto, un centenar de familiares de personas desaparecidas se manifest\u00f3 en la Glorieta de las y los Desaparecidos, en donde sus consignas coincidieron en punto: la Fiscal\u00eda Especial en Personas Desaparecidas (FEPD) no investiga el paradero de las personas que faltan por localizar.<\/p>\n<p>Ante ese panorama, las v\u00edctimas indirectas recalcaron que han decidido conformar colectivos que realicen las b\u00fasquedas que las autoridades no hacen.<\/p>\n<p>Uno de los colectivos creados a partir de las omisiones es el de J\u00f3venes Buscadores de Jalisco, cuya lideresa, Kristian Mu\u00f1oz, describi\u00f3 que no ve acciones para dar soluciones a la problem\u00e1tica.<\/p>\n<p>\u201cSon nulas las investigaciones, por eso venimos aqu\u00ed a exigirle que nos den seguimiento, no solo a la carpeta de mi mam\u00e1, sino a todas las carpetas que existen aqu\u00ed en el estado. En todo el estado hay desaparecidos, son m\u00e1s de 100 mil personas desaparecidas en el pa\u00eds (y) pues tienen mucha chamba\u201d, expuso.<\/p>\n<p>Un ejemplo de los fallos de la FEPD es el caso de Ram\u00f3n Guerrero Miranda, joven de 26 a\u00f1os que fue privado de la libertad por un comando armando el 12 de abril en Zapopan. Su madre, quien por razones de seguridad prefiri\u00f3 no dar su nombre, se\u00f1al\u00f3 que a ella le avis\u00f3 un testigo v\u00eda telef\u00f3nica.<\/p>\n<p>A pesar de que ya pasaron cuatro meses, la fiscal\u00eda no ha acudido una sola vez al lugar donde ocurri\u00f3 la desaparici\u00f3n. Las autoridades tampoco han indagado si hay c\u00e1maras de seguridad en la zona en la que se registr\u00f3 el hecho y no ha buscado testigos para conseguir indicios. Lo \u00fanico que ha hecho fue abrir una carpeta de investigaci\u00f3n que est\u00e1 intacta desde abril.<\/p>\n<p>Por el nulo avance del caso la mujer decidi\u00f3 alojarse y arroparse del colectivo Corazones Unidos, con cuyos integrantes ha realizado acciones de b\u00fasqueda, tocado puertas y salido a campo a buscar a desaparecidos.<\/p>\n<p>El colectivo que ha apoyado a la madre de Ram\u00f3n, el de J\u00f3venes Buscadores, Luz de Esperanza y otros m\u00e1s participaron en la manifestaci\u00f3n. A las 10 horas partieron de la glorieta por Chapultepec para despu\u00e9s tomar Hidalgo y llegar a palacio de gobierno.<\/p>\n<p>\u201c(La acci\u00f3n es para) decirle al gobierno que nosotros no olvidamos a nuestros familiares desaparecidos. Que nosotros no nos olvidamos, si ellos no hacen su trabajo, nosotros estamos aqu\u00ed para recordarles que ellos existen y que nos hacen falta en casa, nos faltan como sociedad, c\u00f3mo trabajadores y como familia en general. Esa es la importancia de estar aqu\u00ed hoy, recordarle a nuestro gobernador que Jalisco es uno de los primeros lugares en desaparici\u00f3n en todo el pa\u00eds\u201d, a\u00f1adi\u00f3 Kristian Mu\u00f1oz.<\/p>\n<p>A las afueras de palacio de gobierno, familias exigieron al gobernador Enrique Alfaro Ram\u00edrez tener empat\u00eda hacia los casos de desaparici\u00f3n y crear instancias que en realidad funcionen, pero ah\u00ed nadie los recibi\u00f3.<\/p>\n<h3>CRISIS FORENSE SE INTENSIFICA<\/h3>\n<p>Las familias narraron que, adem\u00e1s de no investigar, la FEPD y m\u00e1s autoridades incurren en m\u00e1s irregularidades que provocan, entre otras cosas, que se intensifique la crisis forense en el estado.<\/p>\n<p>\u201c(En una) brigada pasada tuvimos desafortunadamente que encontrar restos en un predio en el que ya hab\u00eda sido exhumado (un) cuerpo. Dejaron muchas fracciones del cuerpo, del cad\u00e1ver. Es lamentable, \u00bflos restos que est\u00e1n incompletos en el Semefo es porque ellos lo dejaron incompleto o porque realmente estaban as\u00ed?\u201d, cuestion\u00f3 Mu\u00f1oz. El colectivo liderado por Kristian ha sido acompa\u00f1ado por el de las Madres Buscadoras de Sonora para realizar b\u00fasqueda de fosas clandestinas en Tlajomulco.<\/p>\n<p>Ante el desd\u00e9n en palacio de gobierno, los manifestantes se trasladaron a las 13 horas a la FEPD, en donde tampoco los atendieron, por lo que decidieron cerrar por varias horas la calzada Independencia en su cruce con Hospital.<\/p>\n<p>As\u00ed permaneci\u00f3 la manifestaci\u00f3n hasta pasadas las 16 horas. En lugar de atender a las familias, el gobierno estatal, por medio del Sistema de Tren El\u00e9ctrico Urbano (Siteur), opt\u00f3 por suspender el servicio del Macrob\u00fas el tiempo que permaneci\u00f3 bloqueo.<\/p>\n<p>Al final, las familias se retiraron sin respuesta alguna.<\/p>\n<h3>No abandonan la fe ante la problem\u00e1tica<\/h3>\n<p>Familias de personas desaparecidas participaron ayer en tres misas simult\u00e1neas para orar por las v\u00edctimas, pero tambi\u00e9n por quienes se encargan de perpetrar las desapariciones y por las autoridades que toman decisiones.<\/p>\n<p>En la glorieta de Las y Los Desaparecidos, y guiados por el sacerdote Ricardo D\u00edaz, las v\u00edctimas indirectas del delito pidieron a la Virgen de Zapopan que les d\u00e9 fortaleza para seguir, pero tambi\u00e9n para entender a los perpetradores por el da\u00f1o que ocasionan.<\/p>\n<p>\u201cConsuela el dolor de quienes sufren, da acierto a las decisiones de quienes nos gobiernan, toca el coraz\u00f3n de quienes olvidan que somos hermanos y provocan sufrimiento y muerte, dales el don de la comprensi\u00f3n. Protege a las familias, a nuestros ni\u00f1os, adolescentes y j\u00f3venes, a nuestros pueblos y comunidades\u201d, se\u00f1alaron a una sola voz.<\/p>\n<p>Durante la homil\u00eda, el sacerdote pidi\u00f3 a las autoridades y a la poblaci\u00f3n en general tener empat\u00eda hacia los colectivos buscadores. Solo as\u00ed, a\u00f1adi\u00f3, podr\u00e1n continuar con sus b\u00fasquedas y encontrar a sus desaparecidos.<\/p>\n<p>\u201cQue la Virgen de Zapopan d\u00e9 a ustedes la fortaleza, el consuelo y que lleguen a sentir tambi\u00e9n que la lucha, adem\u00e1s de que no est\u00e1n solos, siempre se vitalicen, se animen y puedan tambi\u00e9n as\u00ed ustedes alcanzar la dicha de tener las respuestas a todo esto que est\u00e1n cursando\u201d.<\/p>\n<p>A las familias y colectivos les pidi\u00f3 mantener la unidad tanto para hacer b\u00fasquedas por su cuenta como para presionar a las autoridades para que por fin establezcan los mecanismos necesarios para frenar las desapariciones y localizar a los que faltan.<\/p>\n<p>Entre los familiares se reconoci\u00f3 que hay ocasiones que no tienen m\u00e1s en qu\u00e9 apoyarse que en la fe y se pidi\u00f3 a la poblaci\u00f3n ser solidaria, incluso a los delincuentes para entregar a los desaparecidos aunque ya hayan acabado con sus vidas.<\/p>\n<p><a href=\"https:\/\/www.ntrguadalajara.com\/post.php?id_nota=186776\">https:\/\/www.ntrguadalajara.com\/post.php?id_nota=186776<\/a><\/p>\n","protected":false},"excerpt":{"rendered":"<p>Imagen: Jorge Alberto Mendoza Lauro Rodr\u00edguez \/ El Diario NTR En el D\u00eda Internacional de las V\u00edctimas de Desaparici\u00f3n Forzada, conmemorada cada 30 de agosto, un centenar de familiares de &hellip; <a href=\"https:\/\/www.grieta.org.mx\/index.php\/2022\/08\/31\/fiscalia-del-estado-no-investiga-desapariciones-clamor-ante-crisis-por-desapariciones\/\" class=\"more-link\">Leer m\u00e1s<\/a><\/p>\n","protected":false},"author":2,"featured_media":65056,"comment_status":"closed","ping_status":"closed","sticky":false,"template":"","format":"standard","meta":{"ngg_post_thumbnail":0,"_jetpack_newsletter_access":"","_jetpack_dont_email_post_to_subs":false,"_jetpack_newsletter_tier_id":0,"_jetpack_memberships_contains_paywalled_content":false,"_jetpack_memberships_contains_paid_content":false,"footnotes":""},"categories":[80,87,1032,20,2,83],"tags":[3791,1828,3018,121,1668,3660,1228],"class_list":["post-65055","post","type-post","status-publish","format-standard","has-post-thumbnail","hentry","category-cintillo","category-desaparecidos","category-desaparecidos-en-jalisco","category-jalisco","category-noticias-nacionales","category-temas-nacionales","tag-acciones-por-desaparecidos","tag-busqueda-de-desaparecidos","tag-colectivos-de-busqueda-de-desaparecidos","tag-desaparecidos","tag-familiares-de-desaparecidos","tag-fiscalia","tag-protestas-por-desaparecidos","entry"],"jetpack_featured_media_url":"https:\/\/www.grieta.org.mx\/wp-content\/uploads\/2022\/09\/2022-08-30_11-08-22___3315.jpg","jetpack_sharing_enabled":true,"jetpack_shortlink":"https:\/\/wp.me\/p7ZJR4-gVh","jetpack_likes_enabled":false,"jetpack-related-posts":[{"id":67195,"url":"https:\/\/www.grieta.org.mx\/index.php\/2023\/07\/18\/jalisco-en-una-fosa-miles-de-personas-marchan-en-jalisco-exigiendo-el-fin-de-las-desapariciones-y-la-continuidad-de-las-busquedas-jalisco\/","url_meta":{"origin":65055,"position":0},"title":"&#8220;Jalisco es una fosa&#8221;, miles de personas marchan en Jalisco exigiendo el fin de las desapariciones y la continuidad de las b\u00fasquedas (Jalisco)","author":"grieta","date":"18 julio, 2023","format":false,"excerpt":"Imangen: Shiebi AL Colectivos de b\u00fasqueda de personas desaparecidas de Jalisco realizaron una mega marcha para demandar que la b\u00fasqueda de personas desaparecidas, esto tras el anuncio que el gobernador, Enrique Alfaro, hiciera tras el ataque que cobrara la vida de seis personas que acudieron a un\u00a0b\u00fasqueda en campo; adem\u00e1s\u2026","rel":"","context":"En &quot;CINTILLO&quot;","block_context":{"text":"CINTILLO","link":"https:\/\/www.grieta.org.mx\/index.php\/category\/cintillo\/"},"img":{"alt_text":"","src":"https:\/\/i0.wp.com\/www.grieta.org.mx\/wp-content\/uploads\/2023\/07\/IMG_9135-1536x901-1.jpg?resize=350%2C200&ssl=1","width":350,"height":200,"srcset":"https:\/\/i0.wp.com\/www.grieta.org.mx\/wp-content\/uploads\/2023\/07\/IMG_9135-1536x901-1.jpg?resize=350%2C200&ssl=1 1x, https:\/\/i0.wp.com\/www.grieta.org.mx\/wp-content\/uploads\/2023\/07\/IMG_9135-1536x901-1.jpg?resize=525%2C300&ssl=1 1.5x, https:\/\/i0.wp.com\/www.grieta.org.mx\/wp-content\/uploads\/2023\/07\/IMG_9135-1536x901-1.jpg?resize=700%2C400&ssl=1 2x, https:\/\/i0.wp.com\/www.grieta.org.mx\/wp-content\/uploads\/2023\/07\/IMG_9135-1536x901-1.jpg?resize=1050%2C600&ssl=1 3x, https:\/\/i0.wp.com\/www.grieta.org.mx\/wp-content\/uploads\/2023\/07\/IMG_9135-1536x901-1.jpg?resize=1400%2C800&ssl=1 4x"},"classes":[]},{"id":63842,"url":"https:\/\/www.grieta.org.mx\/index.php\/2022\/03\/21\/fiscalia-de-jalisco-no-investiga-e-invalida-pruebas-presentadas-por-familiares-colectivo-luz-de-esperanza\/","url_meta":{"origin":65055,"position":1},"title":"Fiscal\u00eda de Jalisco no investiga e inv\u00e1lida pruebas presentadas por familiares: Colectivo Luz de Esperanza","author":"grieta","date":"21 marzo, 2022","format":false,"excerpt":"Foto: Jorge Alberto Mendoza Redacci\u00f3n \/ El Diario NTR En el caso de las desapariciones, la Fiscal\u00eda de Jalisco no investiga conforme a los protocolos, revictimiza e incrimina a las propias v\u00edctimas, pero adem\u00e1s inv\u00e1lida y desecha las pruebas que los familiares presentan, conden\u00f3 H\u00e9ctor Flores, del Colectivo Luz de\u2026","rel":"","context":"En &quot;CINTILLO&quot;","block_context":{"text":"CINTILLO","link":"https:\/\/www.grieta.org.mx\/index.php\/category\/cintillo\/"},"img":{"alt_text":"","src":"https:\/\/i0.wp.com\/www.grieta.org.mx\/wp-content\/uploads\/2022\/03\/2022-03-21_06-03-04___525.jpg?resize=350%2C200&ssl=1","width":350,"height":200,"srcset":"https:\/\/i0.wp.com\/www.grieta.org.mx\/wp-content\/uploads\/2022\/03\/2022-03-21_06-03-04___525.jpg?resize=350%2C200&ssl=1 1x, https:\/\/i0.wp.com\/www.grieta.org.mx\/wp-content\/uploads\/2022\/03\/2022-03-21_06-03-04___525.jpg?resize=525%2C300&ssl=1 1.5x, https:\/\/i0.wp.com\/www.grieta.org.mx\/wp-content\/uploads\/2022\/03\/2022-03-21_06-03-04___525.jpg?resize=700%2C400&ssl=1 2x"},"classes":[]},{"id":56175,"url":"https:\/\/www.grieta.org.mx\/index.php\/2021\/01\/08\/una-pandemia-qu-jalisce-no-cesa-la-crisis-de-desapariciones\/","url_meta":{"origin":65055,"position":2},"title":"Una pandemia que no cesa, la crisis de desapariciones (Jalisco)","author":"grieta","date":"8 enero, 2021","format":false,"excerpt":"Imagen: Anuario Independiente Mar\u00eda Fernanda Lattuada y Eric Sandoval \/ Zona Docs En M\u00e9xico, desde los a\u00f1os sesenta a la fecha han desaparecido 73 mil 201 personas*; de esta cifra, el 41% de estas personas son j\u00f3venes entre los 14 y 29 a\u00f1os. Jalisco con 11 mil 267 personas desaparecidas,\u2026","rel":"","context":"En &quot;CINTILLO&quot;","block_context":{"text":"CINTILLO","link":"https:\/\/www.grieta.org.mx\/index.php\/category\/cintillo\/"},"img":{"alt_text":"","src":"https:\/\/i0.wp.com\/www.grieta.org.mx\/wp-content\/uploads\/2021\/01\/Captura-de-Pantalla-2021-01-08-a-las-7.12.41.png?resize=350%2C200&ssl=1","width":350,"height":200,"srcset":"https:\/\/i0.wp.com\/www.grieta.org.mx\/wp-content\/uploads\/2021\/01\/Captura-de-Pantalla-2021-01-08-a-las-7.12.41.png?resize=350%2C200&ssl=1 1x, https:\/\/i0.wp.com\/www.grieta.org.mx\/wp-content\/uploads\/2021\/01\/Captura-de-Pantalla-2021-01-08-a-las-7.12.41.png?resize=525%2C300&ssl=1 1.5x, https:\/\/i0.wp.com\/www.grieta.org.mx\/wp-content\/uploads\/2021\/01\/Captura-de-Pantalla-2021-01-08-a-las-7.12.41.png?resize=700%2C400&ssl=1 2x"},"classes":[]},{"id":52865,"url":"https:\/\/www.grieta.org.mx\/index.php\/2020\/08\/25\/denuncian-ante-la-onu-encubrimiento-y-pasividad-de-la-fiscalia-en-la-busqueda-de-desaparecidos-en-nayarit\/","url_meta":{"origin":65055,"position":3},"title":"Denuncian ante la ONU encubrimiento y pasividad de la Fiscal\u00eda en la b\u00fasqueda de desaparecidos en Nayarit","author":"grieta","date":"25 agosto, 2020","format":false,"excerpt":"Foto: Cuartoscuro Crys Benitez \/ El Occidental TEPIC, Nayarit (OEM-Informex).- Debido a la falta de acciones por parte de la Fiscal\u00eda General del Estado, para investigar los casos de desapariciones forzadas que se presentaron principalmente durante el mando del ex fiscal Edgar Veytia, quien presuntamente sosten\u00eda v\u00ednculos con el crimen\u2026","rel":"","context":"En &quot;CINTILLO&quot;","block_context":{"text":"CINTILLO","link":"https:\/\/www.grieta.org.mx\/index.php\/category\/cintillo\/"},"img":{"alt_text":"","src":"https:\/\/i0.wp.com\/www.grieta.org.mx\/wp-content\/uploads\/2020\/08\/Desaparecidos.jpeg?resize=350%2C200&ssl=1","width":350,"height":200,"srcset":"https:\/\/i0.wp.com\/www.grieta.org.mx\/wp-content\/uploads\/2020\/08\/Desaparecidos.jpeg?resize=350%2C200&ssl=1 1x, https:\/\/i0.wp.com\/www.grieta.org.mx\/wp-content\/uploads\/2020\/08\/Desaparecidos.jpeg?resize=525%2C300&ssl=1 1.5x, https:\/\/i0.wp.com\/www.grieta.org.mx\/wp-content\/uploads\/2020\/08\/Desaparecidos.jpeg?resize=700%2C400&ssl=1 2x"},"classes":[]},{"id":62940,"url":"https:\/\/www.grieta.org.mx\/index.php\/2021\/12\/22\/huellas-de-amor-cuelga-50-fotos-de-desaparecidos-en-arbol-navideno-en-jalisco\/","url_meta":{"origin":65055,"position":4},"title":"Huellas de amor cuelga 50 fotos de desaparecidos en \u00e1rbol navide\u00f1o en Jalisco","author":"grieta","date":"22 diciembre, 2021","format":false,"excerpt":"Foto: Rosario \u00c1lvarez Rosario \u00c1lvarez \/ Telediario En Jalisco 15 mil 148 familias tienen alg\u00fan familiar desaparecido, de acuerdo al \u00faltimo corte del Registro Nacional de Personas Desaparecidas y No Localizadas. Tras este dato, el colectivo Huellas de Amor,\u00a0colg\u00f3 m\u00e1s de 50 fichas de b\u00fasqueda de hombres y mujeres alrededor\u2026","rel":"","context":"En &quot;CINTILLO&quot;","block_context":{"text":"CINTILLO","link":"https:\/\/www.grieta.org.mx\/index.php\/category\/cintillo\/"},"img":{"alt_text":"","src":"https:\/\/i0.wp.com\/www.grieta.org.mx\/wp-content\/uploads\/2021\/12\/arbol-navidad-instalado-plaza-liberacion.jpg?resize=350%2C200&ssl=1","width":350,"height":200,"srcset":"https:\/\/i0.wp.com\/www.grieta.org.mx\/wp-content\/uploads\/2021\/12\/arbol-navidad-instalado-plaza-liberacion.jpg?resize=350%2C200&ssl=1 1x, https:\/\/i0.wp.com\/www.grieta.org.mx\/wp-content\/uploads\/2021\/12\/arbol-navidad-instalado-plaza-liberacion.jpg?resize=525%2C300&ssl=1 1.5x, https:\/\/i0.wp.com\/www.grieta.org.mx\/wp-content\/uploads\/2021\/12\/arbol-navidad-instalado-plaza-liberacion.jpg?resize=700%2C400&ssl=1 2x"},"classes":[]},{"id":41969,"url":"https:\/\/www.grieta.org.mx\/index.php\/2019\/12\/03\/familiares-de-desaparecidos-reclamaron-la-falta-de-trabajos-y-de-resultados-jalisco\/","url_meta":{"origin":65055,"position":5},"title":"Familiares de desaparecidos reclamaron la falta de trabajos y de resultados (Jalisco)","author":"grieta","date":"3 diciembre, 2019","format":false,"excerpt":"Foto: Especial Juan Levario \/ El Diario NTR Durante la presentaci\u00f3n de un proyecto de colaboraci\u00f3n con expertos guatemaltecos para b\u00fasqueda de personas\u00a0en Jalisco, familiares de desaparecidos reclamaron a Enrique Ibarra Pedroza, secretario general de Gobierno,\u00a0y a otros funcionarios la falta de trabajos y de resultados. Representantes de los colectivos\u2026","rel":"","context":"En &quot;CINTILLO&quot;","block_context":{"text":"CINTILLO","link":"https:\/\/www.grieta.org.mx\/index.php\/category\/cintillo\/"},"img":{"alt_text":"","src":"https:\/\/i0.wp.com\/www.grieta.org.mx\/wp-content\/uploads\/2019\/12\/2019-12-02_11-12-13___5378.jpg?resize=350%2C200&ssl=1","width":350,"height":200,"srcset":"https:\/\/i0.wp.com\/www.grieta.org.mx\/wp-content\/uploads\/2019\/12\/2019-12-02_11-12-13___5378.jpg?resize=350%2C200&ssl=1 1x, https:\/\/i0.wp.com\/www.grieta.org.mx\/wp-content\/uploads\/2019\/12\/2019-12-02_11-12-13___5378.jpg?resize=525%2C300&ssl=1 1.5x, https:\/\/i0.wp.com\/www.grieta.org.mx\/wp-content\/uploads\/2019\/12\/2019-12-02_11-12-13___5378.jpg?resize=700%2C400&ssl=1 2x"},"classes":[]}],"_links":{"self":[{"href":"https:\/\/www.grieta.org.mx\/index.php\/wp-json\/wp\/v2\/posts\/65055","targetHints":{"allow":["GET"]}}],"collection":[{"href":"https:\/\/www.grieta.org.mx\/index.php\/wp-json\/wp\/v2\/posts"}],"about":[{"href":"https:\/\/www.grieta.org.mx\/index.php\/wp-json\/wp\/v2\/types\/post"}],"author":[{"embeddable":true,"href":"https:\/\/www.grieta.org.mx\/index.php\/wp-json\/wp\/v2\/users\/2"}],"replies":[{"embeddable":true,"href":"https:\/\/www.grieta.org.mx\/index.php\/wp-json\/wp\/v2\/comments?post=65055"}],"version-history":[{"count":1,"href":"https:\/\/www.grieta.org.mx\/index.php\/wp-json\/wp\/v2\/posts\/65055\/revisions"}],"predecessor-version":[{"id":65058,"href":"https:\/\/www.grieta.org.mx\/index.php\/wp-json\/wp\/v2\/posts\/65055\/revisions\/65058"}],"wp:featuredmedia":[{"embeddable":true,"href":"https:\/\/www.grieta.org.mx\/index.php\/wp-json\/wp\/v2\/media\/65056"}],"wp:attachment":[{"href":"https:\/\/www.grieta.org.mx\/index.php\/wp-json\/wp\/v2\/media?parent=65055"}],"wp:term":[{"taxonomy":"category","embeddable":true,"href":"https:\/\/www.grieta.org.mx\/index.php\/wp-json\/wp\/v2\/categories?post=65055"},{"taxonomy":"post_tag","embeddable":true,"href":"https:\/\/www.grieta.org.mx\/index.php\/wp-json\/wp\/v2\/tags?post=65055"}],"curies":[{"name":"wp","href":"https:\/\/api.w.org\/{rel}","templated":true}]}}