{"id":65052,"date":"2022-08-31T16:21:16","date_gmt":"2022-08-31T21:21:16","guid":{"rendered":"https:\/\/www.grieta.org.mx\/?p=65052"},"modified":"2022-09-04T16:25:44","modified_gmt":"2022-09-04T21:25:44","slug":"gobierno-estatal-desaparece-a-los-desaparecidos-colectivos-jalisco","status":"publish","type":"post","link":"https:\/\/www.grieta.org.mx\/index.php\/2022\/08\/31\/gobierno-estatal-desaparece-a-los-desaparecidos-colectivos-jalisco\/","title":{"rendered":"Gobierno estatal desaparece a los desaparecidos: colectivos (Jalisco)"},"content":{"rendered":"<p>Imagen: Lauro Rodr\u00edguez<\/p>\n<p>Lauro Rodr\u00edguez \/ El Diario NTR<\/p>\n<p>L\u00edderes de colectivos de b\u00fasqueda se\u00f1alaron que el gobierno de Jalisco le apuesta a desaparecer a los desaparecidos como la \u00fanica estrategia para tratar de terminar con esta problem\u00e1tica.<\/p>\n<p>Guadalupe Aguilar, del colectivo Familias Unidas por Nuestros Desaparecidos Jalisco (Fundej), describi\u00f3 que tanto el gobierno estatal como el federal no han hecho nada efectivo para atender la problem\u00e1tica y esto ha provocado que en los \u00faltimos tres a\u00f1os se desborde la desaparici\u00f3n de personas.<\/p>\n<p>Lament\u00f3 la actitud del gobernador de Jalisco, Enrique Alfaro Ram\u00edrez, pues no ha cumplido con los compromisos que asumi\u00f3 cuando inici\u00f3 su administraci\u00f3n.<\/p>\n<p>Por su parte, Marlety Garc\u00eda del colectivo Entre el Cielo y Tierra, precis\u00f3 que esta indiferencia de las autoridades es la que ha orillado a las madres a organizarse en colectivos para realizar las acciones de b\u00fasqueda que deber\u00eda realizar la autoridad.<\/p>\n<p>En el foro, Darwin Franco, periodista especializado en derechos humanos, describi\u00f3 que hay cuatro desapariciones de una persona: la desaparici\u00f3n f\u00edsica, la desaparici\u00f3n de los registros, la desaparici\u00f3n que realiza la sociedad al ser indiferente al tema, y la desaparici\u00f3n medi\u00e1tica, pues muchos medios de comunicaci\u00f3n tampoco est\u00e1n interesados en visibilizar esta problem\u00e1tica.<\/p>\n<p>Rub\u00e9n Mart\u00edn, tambi\u00e9n periodista especializado, describi\u00f3 que la estrategia de desaparecer a los desaparecidos se clarific\u00f3 a partir de marzo de este a\u00f1o cuando el gobierno de Jalisco &#8220;rasur\u00f3&#8221; del registro nacional m\u00e1s de mil personas desaparecidas sin ninguna explicaci\u00f3n y, a pesar de que las estad\u00edsticas dicen que desaparecen en promedio cien personas al mes, el registro no crece, se\u00f1al que no se est\u00e1n reportando los casos. Desde ah\u00ed, comienza la estrategia.<\/p>\n<p>Por \u00faltimo, H\u00e9ctor Flores, del colectivo Luz de Esperanza, habl\u00f3 sobre la desaparici\u00f3n que se da en el Semefo, donde no hay un orden ni un registro claro de los cuerpos que est\u00e1n en resguardo del Instituto Jalisciense de Ciencias Forenses, lo que provoca que los cuerpos queden perdidos por meses o a\u00f1os.<\/p>\n<p>Tambi\u00e9n lament\u00f3 que la apat\u00eda de la poblaci\u00f3n que ha normalizado la violencia en Jalisco y, ante esto, no da la magnitud necesaria al problema de la desaparici\u00f3n.<\/p>\n<p><a href=\"https:\/\/www.ntrguadalajara.com\/post.php?id_nota=186793\">https:\/\/www.ntrguadalajara.com\/post.php?id_nota=186793<\/a><\/p>\n","protected":false},"excerpt":{"rendered":"<p>Imagen: Lauro Rodr\u00edguez Lauro Rodr\u00edguez \/ El Diario NTR L\u00edderes de colectivos de b\u00fasqueda se\u00f1alaron que el gobierno de Jalisco le apuesta a desaparecer a los desaparecidos como la \u00fanica &hellip; <a href=\"https:\/\/www.grieta.org.mx\/index.php\/2022\/08\/31\/gobierno-estatal-desaparece-a-los-desaparecidos-colectivos-jalisco\/\" class=\"more-link\">Leer m\u00e1s<\/a><\/p>\n","protected":false},"author":2,"featured_media":65054,"comment_status":"closed","ping_status":"closed","sticky":false,"template":"","format":"standard","meta":{"ngg_post_thumbnail":0,"_jetpack_newsletter_access":"","_jetpack_dont_email_post_to_subs":false,"_jetpack_newsletter_tier_id":0,"_jetpack_memberships_contains_paywalled_content":false,"_jetpack_memberships_contains_paid_content":false,"footnotes":""},"categories":[80,87,1032,20,2,83],"tags":[3791,1828,3018,4106,121,1668],"class_list":["post-65052","post","type-post","status-publish","format-standard","has-post-thumbnail","hentry","category-cintillo","category-desaparecidos","category-desaparecidos-en-jalisco","category-jalisco","category-noticias-nacionales","category-temas-nacionales","tag-acciones-por-desaparecidos","tag-busqueda-de-desaparecidos","tag-colectivos-de-busqueda-de-desaparecidos","tag-desapar","tag-desaparecidos","tag-familiares-de-desaparecidos","entry"],"jetpack_featured_media_url":"https:\/\/www.grieta.org.mx\/wp-content\/uploads\/2022\/08\/2022-08-31_01-08-13___5555.jpg","jetpack_sharing_enabled":true,"jetpack_shortlink":"https:\/\/wp.me\/p7ZJR4-gVe","jetpack_likes_enabled":false,"jetpack-related-posts":[{"id":66320,"url":"https:\/\/www.grieta.org.mx\/index.php\/2023\/02\/17\/colectivos-de-busqueda-localizan-fosas-clandestinas-suman-cinco-en-lo-que-va-del-ano-jalisco\/","url_meta":{"origin":65052,"position":0},"title":"Colectivos de b\u00fasqueda localizan fosas clandestinas, suman cinco en lo que va del a\u00f1o (Jalisco)","author":"grieta","date":"17 febrero, 2023","format":false,"excerpt":"Imagen: Especial Lauro Rodr\u00edguez \/ El Diario NTR La fosa localizada en la colonia El Centinela por el colectivo Luz de Esperanza Desaparecidos Jalisco ser\u00eda la quinta en lo que va del a\u00f1o. Las otras cuatros est\u00e1n ubicadas en el municipio de Tlajomulco de Z\u00fa\u00f1iga. Las dos primeras en San\u2026","rel":"","context":"En &quot;CINTILLO&quot;","block_context":{"text":"CINTILLO","link":"https:\/\/www.grieta.org.mx\/index.php\/category\/cintillo\/"},"img":{"alt_text":"","src":"https:\/\/i0.wp.com\/www.grieta.org.mx\/wp-content\/uploads\/2023\/02\/2023-02-17_08-02-03___6146.jpg?resize=350%2C200&ssl=1","width":350,"height":200,"srcset":"https:\/\/i0.wp.com\/www.grieta.org.mx\/wp-content\/uploads\/2023\/02\/2023-02-17_08-02-03___6146.jpg?resize=350%2C200&ssl=1 1x, https:\/\/i0.wp.com\/www.grieta.org.mx\/wp-content\/uploads\/2023\/02\/2023-02-17_08-02-03___6146.jpg?resize=525%2C300&ssl=1 1.5x, https:\/\/i0.wp.com\/www.grieta.org.mx\/wp-content\/uploads\/2023\/02\/2023-02-17_08-02-03___6146.jpg?resize=700%2C400&ssl=1 2x"},"classes":[]},{"id":65443,"url":"https:\/\/www.grieta.org.mx\/index.php\/2022\/10\/07\/gobierno-de-jalisco-rechaza-a-buscadoras-por-localizar-fosas-clandestinas-jalisco-sonora\/","url_meta":{"origin":65052,"position":1},"title":"Gobierno de Jalisco rechaza a buscadoras por localizar fosas clandestinas (Jalisco, Sonora)","author":"grieta","date":"7 octubre, 2022","format":false,"excerpt":"Imagen; Lauro Rodr\u00edguez Redacci\u00f3n \/ El Diario NTR Las autoridades del estado rechazan a las Madres Buscadoras de Sonora porque les quitan el protagonismo, visibilizan las fosas clandestinas y les impiden ocultar que Jalisco es un pante\u00f3n, consider\u00f3 Ceci Flores, lideresa del colectivo sonorense. Aunque siempre hab\u00eda sido amenazada por\u2026","rel":"","context":"En &quot;CINTILLO&quot;","block_context":{"text":"CINTILLO","link":"https:\/\/www.grieta.org.mx\/index.php\/category\/cintillo\/"},"img":{"alt_text":"","src":"https:\/\/i0.wp.com\/www.grieta.org.mx\/wp-content\/uploads\/2022\/10\/2022-10-07_06-10-59___8441.jpg?resize=350%2C200&ssl=1","width":350,"height":200,"srcset":"https:\/\/i0.wp.com\/www.grieta.org.mx\/wp-content\/uploads\/2022\/10\/2022-10-07_06-10-59___8441.jpg?resize=350%2C200&ssl=1 1x, https:\/\/i0.wp.com\/www.grieta.org.mx\/wp-content\/uploads\/2022\/10\/2022-10-07_06-10-59___8441.jpg?resize=525%2C300&ssl=1 1.5x, https:\/\/i0.wp.com\/www.grieta.org.mx\/wp-content\/uploads\/2022\/10\/2022-10-07_06-10-59___8441.jpg?resize=700%2C400&ssl=1 2x"},"classes":[]},{"id":65811,"url":"https:\/\/www.grieta.org.mx\/index.php\/2022\/11\/21\/exhuman-287-cuerpos-de-40-fosas-clandestinas-en-jalisco\/","url_meta":{"origin":65052,"position":2},"title":"Exhuman 287 cuerpos de 40 fosas clandestinas en Jalisco","author":"grieta","date":"21 noviembre, 2022","format":false,"excerpt":"Imagen: Lauro Rodr\u00edguez Redacci\u00f3n \/ El Diario NTR De enero a octubre, fueron exhumados 287 cuerpos de 40 fosas clandestinas, ubicadas en distintos municipios de Jalisco. Esta cifra supera a los cad\u00e1veres recuperados en 2021, cuando se exhumaron 279 cuerpos de 23 fosas clandestinas, de acuerdo con los datos de\u2026","rel":"","context":"En &quot;CINTILLO&quot;","block_context":{"text":"CINTILLO","link":"https:\/\/www.grieta.org.mx\/index.php\/category\/cintillo\/"},"img":{"alt_text":"","src":"https:\/\/i0.wp.com\/www.grieta.org.mx\/wp-content\/uploads\/2022\/11\/2022-11-21_12-11-46___719.jpg?resize=350%2C200&ssl=1","width":350,"height":200,"srcset":"https:\/\/i0.wp.com\/www.grieta.org.mx\/wp-content\/uploads\/2022\/11\/2022-11-21_12-11-46___719.jpg?resize=350%2C200&ssl=1 1x, https:\/\/i0.wp.com\/www.grieta.org.mx\/wp-content\/uploads\/2022\/11\/2022-11-21_12-11-46___719.jpg?resize=525%2C300&ssl=1 1.5x, https:\/\/i0.wp.com\/www.grieta.org.mx\/wp-content\/uploads\/2022\/11\/2022-11-21_12-11-46___719.jpg?resize=700%2C400&ssl=1 2x"},"classes":[]},{"id":63414,"url":"https:\/\/www.grieta.org.mx\/index.php\/2022\/02\/15\/ante-un-gobierno-ciego-sordo-y-mudo-familiares-de-desaparecidos-se-unen-jalisco\/","url_meta":{"origin":65052,"position":3},"title":"Ante un gobierno ciego, sordo y mudo, familiares de desaparecidos se unen (Jalisco)","author":"grieta","date":"15 febrero, 2022","format":false,"excerpt":"Foto:\u00a0\u00a0Lauro Rodr\u00edguez Lauro Rodr\u00edguez\u00a0 \/ El Diario NTR Guadalajara cumple 480 a\u00f1os. En este marco, no hay nada que celebrar, m\u00e1s de 15 mil jaliscienses est\u00e1n desaparecidos. Familias Unidas por Nuestros Desaparecidos Jalisco (Fundej) sali\u00f3 a marchar para recordarle al Estado que es incompetente para buscar a quienes fueron desaparecidos,\u2026","rel":"","context":"En &quot;CINTILLO&quot;","block_context":{"text":"CINTILLO","link":"https:\/\/www.grieta.org.mx\/index.php\/category\/cintillo\/"},"img":{"alt_text":"","src":"https:\/\/i0.wp.com\/www.grieta.org.mx\/wp-content\/uploads\/2022\/02\/2022-02-15_11-02-26___6418.jpg?resize=350%2C200&ssl=1","width":350,"height":200,"srcset":"https:\/\/i0.wp.com\/www.grieta.org.mx\/wp-content\/uploads\/2022\/02\/2022-02-15_11-02-26___6418.jpg?resize=350%2C200&ssl=1 1x, https:\/\/i0.wp.com\/www.grieta.org.mx\/wp-content\/uploads\/2022\/02\/2022-02-15_11-02-26___6418.jpg?resize=525%2C300&ssl=1 1.5x, https:\/\/i0.wp.com\/www.grieta.org.mx\/wp-content\/uploads\/2022\/02\/2022-02-15_11-02-26___6418.jpg?resize=700%2C400&ssl=1 2x"},"classes":[]},{"id":65220,"url":"https:\/\/www.grieta.org.mx\/index.php\/2022\/09\/14\/madres-buscadoras-comparten-su-labor-con-estudiantes-jalisco\/","url_meta":{"origin":65052,"position":4},"title":"Madres Buscadoras comparten su labor con estudiantes (Jalisco)","author":"grieta","date":"14 septiembre, 2022","format":false,"excerpt":"Imagen: Especial Lauro Rodr\u00edguez \/ El Diario NTR Las Madres Buscadoras, previo a continuar con sus actividades de b\u00fasqueda en campo en el municipio de Tlajomulco de Z\u00fa\u00f1iga, acudieron a la Universidad CLEU para compartir con los estudiantes la labor que realizan. En distintas ocasiones, estudiantes de licenciaturas enfocadas al\u2026","rel":"","context":"En &quot;CINTILLO&quot;","block_context":{"text":"CINTILLO","link":"https:\/\/www.grieta.org.mx\/index.php\/category\/cintillo\/"},"img":{"alt_text":"","src":"https:\/\/i0.wp.com\/www.grieta.org.mx\/wp-content\/uploads\/2022\/09\/2022-09-14_12-09-15___5557.jpg?resize=350%2C200&ssl=1","width":350,"height":200,"srcset":"https:\/\/i0.wp.com\/www.grieta.org.mx\/wp-content\/uploads\/2022\/09\/2022-09-14_12-09-15___5557.jpg?resize=350%2C200&ssl=1 1x, https:\/\/i0.wp.com\/www.grieta.org.mx\/wp-content\/uploads\/2022\/09\/2022-09-14_12-09-15___5557.jpg?resize=525%2C300&ssl=1 1.5x, https:\/\/i0.wp.com\/www.grieta.org.mx\/wp-content\/uploads\/2022\/09\/2022-09-14_12-09-15___5557.jpg?resize=700%2C400&ssl=1 2x"},"classes":[]},{"id":64600,"url":"https:\/\/www.grieta.org.mx\/index.php\/2022\/07\/20\/condiciona-fiscalia-busqueda-de-desaparecidos-no-quieren-la-participacion-de-colectivos-denuncian-madres-buscadoras-jalisco\/","url_meta":{"origin":65052,"position":5},"title":"Condiciona Fiscal\u00eda b\u00fasqueda de desaparecidos; no quieren la participaci\u00f3n de colectivos denuncian madres buscadoras (Jalisco, Sonora)","author":"grieta","date":"20 julio, 2022","format":false,"excerpt":"Imagen: Especial Lauro Rodr\u00edguez \/ El Diario NTR Las Madres Buscadoras de Sonora acusaron que la Fiscal\u00eda del Estado condicion\u00f3 la b\u00fasqueda en campo. Mencion\u00f3 que se niegan a acompa\u00f1ar acciones colectivas. Ceci Patricia Flores Armenta, lideresa del colectivo Madres Buscadoras de Sonora, mencion\u00f3 que extendieron su estancia en Jalisco\u2026","rel":"","context":"En &quot;CINTILLO&quot;","block_context":{"text":"CINTILLO","link":"https:\/\/www.grieta.org.mx\/index.php\/category\/cintillo\/"},"img":{"alt_text":"","src":"https:\/\/i0.wp.com\/www.grieta.org.mx\/wp-content\/uploads\/2022\/07\/2022-07-20_10-07-27___612.png?resize=350%2C200&ssl=1","width":350,"height":200,"srcset":"https:\/\/i0.wp.com\/www.grieta.org.mx\/wp-content\/uploads\/2022\/07\/2022-07-20_10-07-27___612.png?resize=350%2C200&ssl=1 1x, https:\/\/i0.wp.com\/www.grieta.org.mx\/wp-content\/uploads\/2022\/07\/2022-07-20_10-07-27___612.png?resize=525%2C300&ssl=1 1.5x, https:\/\/i0.wp.com\/www.grieta.org.mx\/wp-content\/uploads\/2022\/07\/2022-07-20_10-07-27___612.png?resize=700%2C400&ssl=1 2x"},"classes":[]}],"_links":{"self":[{"href":"https:\/\/www.grieta.org.mx\/index.php\/wp-json\/wp\/v2\/posts\/65052","targetHints":{"allow":["GET"]}}],"collection":[{"href":"https:\/\/www.grieta.org.mx\/index.php\/wp-json\/wp\/v2\/posts"}],"about":[{"href":"https:\/\/www.grieta.org.mx\/index.php\/wp-json\/wp\/v2\/types\/post"}],"author":[{"embeddable":true,"href":"https:\/\/www.grieta.org.mx\/index.php\/wp-json\/wp\/v2\/users\/2"}],"replies":[{"embeddable":true,"href":"https:\/\/www.grieta.org.mx\/index.php\/wp-json\/wp\/v2\/comments?post=65052"}],"version-history":[{"count":1,"href":"https:\/\/www.grieta.org.mx\/index.php\/wp-json\/wp\/v2\/posts\/65052\/revisions"}],"predecessor-version":[{"id":65053,"href":"https:\/\/www.grieta.org.mx\/index.php\/wp-json\/wp\/v2\/posts\/65052\/revisions\/65053"}],"wp:featuredmedia":[{"embeddable":true,"href":"https:\/\/www.grieta.org.mx\/index.php\/wp-json\/wp\/v2\/media\/65054"}],"wp:attachment":[{"href":"https:\/\/www.grieta.org.mx\/index.php\/wp-json\/wp\/v2\/media?parent=65052"}],"wp:term":[{"taxonomy":"category","embeddable":true,"href":"https:\/\/www.grieta.org.mx\/index.php\/wp-json\/wp\/v2\/categories?post=65052"},{"taxonomy":"post_tag","embeddable":true,"href":"https:\/\/www.grieta.org.mx\/index.php\/wp-json\/wp\/v2\/tags?post=65052"}],"curies":[{"name":"wp","href":"https:\/\/api.w.org\/{rel}","templated":true}]}}