{"id":65002,"date":"2022-09-03T11:30:11","date_gmt":"2022-09-03T16:30:11","guid":{"rendered":"https:\/\/www.grieta.org.mx\/?p=65002"},"modified":"2022-09-03T11:40:52","modified_gmt":"2022-09-03T16:40:52","slug":"desde-la-resistencia-se-celebra-el-festival-por-la-vida-y-por-la-paz-vivan-los-caracoles-zapatistas","status":"publish","type":"post","link":"https:\/\/www.grieta.org.mx\/index.php\/2022\/09\/03\/desde-la-resistencia-se-celebra-el-festival-por-la-vida-y-por-la-paz-vivan-los-caracoles-zapatistas\/","title":{"rendered":"Desde la resistencia se celebra el &#8220;Festival por la Vida y por la Paz. Vivan los Caracoles Zapatistas&#8221;"},"content":{"rendered":"<p><strong>&#8211; Alto a la guerra contra las comunidades zapatistas, se exigi\u00f3 en la explanada de la Biblioteca Central de la UNAM<br \/>\n&#8211; Decenas de colectivos y organizaciones respondieron al llamado de estudiantes, profesores y pueblo en general a celebrar la resistencia de los Caracoles Zapatistas.<br \/>\n&#8211; Con m\u00fasica, baile, talleres y diversas actividades la lucha zapatista contra el capitalismo reson\u00f3 en la Ciudad de M\u00e9xico.<\/strong><\/p>\n<p>Colectivo Grieta, 02 de septiembre de 2022<br \/>\nCiudad de M\u00e9xico.- Convocado por estudiantes, profesores, trabajadores y pueblo en general, el Festival por la Vida y por la Paz. Vivan los Caracoles Zapatistas se convirti\u00f3 en un espacio de encuentro y celebraci\u00f3n de la resistencia y rebeld\u00eda zapatistas. M\u00fasica, fotograf\u00eda, danza, entre otras expresiones llenaron de color la explanada de la Biblioteca Central de la UNAM en la Ciudad Universitaria. Con la presencia del Congreso Nacional Ind\u00edgena y la Vocera del Concejo Ind\u00edgena de Gobierno Mar\u00eda de Jes\u00fas Patricio,\u00a0 grupos musicales expresaron su solidaridad con las comunidades zapatistas en\u00a0 una jornada que se prolong\u00f3 desde las 10\u00a0 de la ma\u00f1ana hasta las 6 de la tarde, momento en el que la actividad se traslad\u00f3 al auditorio Ho Chi Minh de la Facultad de Econom\u00eda, para la proyecci\u00f3n del documental \u00b7La Vocera&#8221;<\/p>\n<figure id=\"attachment_65004\" aria-describedby=\"caption-attachment-65004\" style=\"width: 800px\" class=\"wp-caption alignnone\"><img loading=\"lazy\" decoding=\"async\" data-attachment-id=\"65004\" data-permalink=\"https:\/\/www.grieta.org.mx\/index.php\/2022\/09\/03\/desde-la-resistencia-se-celebra-el-festival-por-la-vida-y-por-la-paz-vivan-los-caracoles-zapatistas\/olympus-digital-camera-31\/\" data-orig-file=\"https:\/\/www.grieta.org.mx\/wp-content\/uploads\/2022\/09\/Manta1.jpg\" data-orig-size=\"1852,1234\" data-comments-opened=\"0\" data-image-meta=\"{&quot;aperture&quot;:&quot;10&quot;,&quot;credit&quot;:&quot;&quot;,&quot;camera&quot;:&quot;E-PL5&quot;,&quot;caption&quot;:&quot;OLYMPUS DIGITAL CAMERA&quot;,&quot;created_timestamp&quot;:&quot;-62169984000&quot;,&quot;copyright&quot;:&quot;&quot;,&quot;focal_length&quot;:&quot;14&quot;,&quot;iso&quot;:&quot;200&quot;,&quot;shutter_speed&quot;:&quot;0.002&quot;,&quot;title&quot;:&quot;OLYMPUS DIGITAL CAMERA&quot;,&quot;orientation&quot;:&quot;1&quot;}\" data-image-title=\"\" data-image-description=\"\" data-image-caption=\"&lt;p&gt;Elaboraci\u00f3n de mantas como parte del festival. Foto: Colectivo Grieta&lt;\/p&gt;\n\" data-medium-file=\"https:\/\/www.grieta.org.mx\/wp-content\/uploads\/2022\/09\/Manta1-300x200.jpg\" data-large-file=\"https:\/\/www.grieta.org.mx\/wp-content\/uploads\/2022\/09\/Manta1-1024x682.jpg\" class=\"wp-image-65004\" src=\"http:\/\/www.grieta.org.mx\/wp-content\/uploads\/2022\/09\/Manta1.jpg\" alt=\"\" width=\"800\" height=\"533\" srcset=\"https:\/\/www.grieta.org.mx\/wp-content\/uploads\/2022\/09\/Manta1.jpg 1852w, https:\/\/www.grieta.org.mx\/wp-content\/uploads\/2022\/09\/Manta1-300x200.jpg 300w, https:\/\/www.grieta.org.mx\/wp-content\/uploads\/2022\/09\/Manta1-1024x682.jpg 1024w, https:\/\/www.grieta.org.mx\/wp-content\/uploads\/2022\/09\/Manta1-768x512.jpg 768w, https:\/\/www.grieta.org.mx\/wp-content\/uploads\/2022\/09\/Manta1-1536x1023.jpg 1536w\" sizes=\"auto, (max-width: 800px) 100vw, 800px\" \/><figcaption id=\"caption-attachment-65004\" class=\"wp-caption-text\">Elaboraci\u00f3n de mantas como parte del festival. Foto: Colectivo Grieta<\/figcaption><\/figure>\n<figure id=\"attachment_65005\" aria-describedby=\"caption-attachment-65005\" style=\"width: 800px\" class=\"wp-caption alignnone\"><img loading=\"lazy\" decoding=\"async\" data-attachment-id=\"65005\" data-permalink=\"https:\/\/www.grieta.org.mx\/index.php\/2022\/09\/03\/desde-la-resistencia-se-celebra-el-festival-por-la-vida-y-por-la-paz-vivan-los-caracoles-zapatistas\/olympus-digital-camera-32\/\" data-orig-file=\"https:\/\/www.grieta.org.mx\/wp-content\/uploads\/2022\/09\/Taller1.jpg\" data-orig-size=\"1852,1235\" data-comments-opened=\"0\" data-image-meta=\"{&quot;aperture&quot;:&quot;11&quot;,&quot;credit&quot;:&quot;&quot;,&quot;camera&quot;:&quot;E-PL5&quot;,&quot;caption&quot;:&quot;OLYMPUS DIGITAL CAMERA&quot;,&quot;created_timestamp&quot;:&quot;-62169984000&quot;,&quot;copyright&quot;:&quot;&quot;,&quot;focal_length&quot;:&quot;35&quot;,&quot;iso&quot;:&quot;200&quot;,&quot;shutter_speed&quot;:&quot;0.0025&quot;,&quot;title&quot;:&quot;OLYMPUS DIGITAL CAMERA&quot;,&quot;orientation&quot;:&quot;1&quot;}\" data-image-title=\"\" data-image-description=\"\" data-image-caption=\"&lt;p&gt;Durante el evento, se realizaron diversos talleres, como el de La Otra Salud. Foto: Colectivo Grieta&lt;\/p&gt;\n\" data-medium-file=\"https:\/\/www.grieta.org.mx\/wp-content\/uploads\/2022\/09\/Taller1-300x200.jpg\" data-large-file=\"https:\/\/www.grieta.org.mx\/wp-content\/uploads\/2022\/09\/Taller1-1024x683.jpg\" class=\"wp-image-65005\" src=\"http:\/\/www.grieta.org.mx\/wp-content\/uploads\/2022\/09\/Taller1.jpg\" alt=\"\" width=\"800\" height=\"533\" srcset=\"https:\/\/www.grieta.org.mx\/wp-content\/uploads\/2022\/09\/Taller1.jpg 1852w, https:\/\/www.grieta.org.mx\/wp-content\/uploads\/2022\/09\/Taller1-300x200.jpg 300w, https:\/\/www.grieta.org.mx\/wp-content\/uploads\/2022\/09\/Taller1-1024x683.jpg 1024w, https:\/\/www.grieta.org.mx\/wp-content\/uploads\/2022\/09\/Taller1-768x512.jpg 768w, https:\/\/www.grieta.org.mx\/wp-content\/uploads\/2022\/09\/Taller1-1536x1024.jpg 1536w\" sizes=\"auto, (max-width: 800px) 100vw, 800px\" \/><figcaption id=\"caption-attachment-65005\" class=\"wp-caption-text\">Durante el evento, se realizaron diversos talleres, como el de La Otra Salud. Foto: Colectivo Grieta<\/figcaption><\/figure>\n<figure id=\"attachment_65006\" aria-describedby=\"caption-attachment-65006\" style=\"width: 800px\" class=\"wp-caption alignnone\"><img loading=\"lazy\" decoding=\"async\" data-attachment-id=\"65006\" data-permalink=\"https:\/\/www.grieta.org.mx\/index.php\/2022\/09\/03\/desde-la-resistencia-se-celebra-el-festival-por-la-vida-y-por-la-paz-vivan-los-caracoles-zapatistas\/olympus-digital-camera-33\/\" data-orig-file=\"https:\/\/www.grieta.org.mx\/wp-content\/uploads\/2022\/09\/Taller2.jpg\" data-orig-size=\"1852,1235\" data-comments-opened=\"0\" data-image-meta=\"{&quot;aperture&quot;:&quot;8&quot;,&quot;credit&quot;:&quot;&quot;,&quot;camera&quot;:&quot;E-PL5&quot;,&quot;caption&quot;:&quot;OLYMPUS DIGITAL CAMERA&quot;,&quot;created_timestamp&quot;:&quot;-62169984000&quot;,&quot;copyright&quot;:&quot;&quot;,&quot;focal_length&quot;:&quot;14&quot;,&quot;iso&quot;:&quot;200&quot;,&quot;shutter_speed&quot;:&quot;0.003125&quot;,&quot;title&quot;:&quot;OLYMPUS DIGITAL CAMERA&quot;,&quot;orientation&quot;:&quot;1&quot;}\" data-image-title=\"\" data-image-description=\"\" data-image-caption=\"&lt;p&gt;Decenas de personas participaron en los talleres que se realizaron como parte de la celebraci\u00f3n.&lt;\/p&gt;\n\" data-medium-file=\"https:\/\/www.grieta.org.mx\/wp-content\/uploads\/2022\/09\/Taller2-300x200.jpg\" data-large-file=\"https:\/\/www.grieta.org.mx\/wp-content\/uploads\/2022\/09\/Taller2-1024x683.jpg\" class=\"wp-image-65006\" src=\"http:\/\/www.grieta.org.mx\/wp-content\/uploads\/2022\/09\/Taller2.jpg\" alt=\"\" width=\"800\" height=\"533\" srcset=\"https:\/\/www.grieta.org.mx\/wp-content\/uploads\/2022\/09\/Taller2.jpg 1852w, https:\/\/www.grieta.org.mx\/wp-content\/uploads\/2022\/09\/Taller2-300x200.jpg 300w, https:\/\/www.grieta.org.mx\/wp-content\/uploads\/2022\/09\/Taller2-1024x683.jpg 1024w, https:\/\/www.grieta.org.mx\/wp-content\/uploads\/2022\/09\/Taller2-768x512.jpg 768w, https:\/\/www.grieta.org.mx\/wp-content\/uploads\/2022\/09\/Taller2-1536x1024.jpg 1536w\" sizes=\"auto, (max-width: 800px) 100vw, 800px\" \/><figcaption id=\"caption-attachment-65006\" class=\"wp-caption-text\">Decenas de personas participaron en los talleres que se realizaron como parte de la celebraci\u00f3n.<\/figcaption><\/figure>\n<figure id=\"attachment_65007\" aria-describedby=\"caption-attachment-65007\" style=\"width: 800px\" class=\"wp-caption alignnone\"><img loading=\"lazy\" decoding=\"async\" data-attachment-id=\"65007\" data-permalink=\"https:\/\/www.grieta.org.mx\/index.php\/2022\/09\/03\/desde-la-resistencia-se-celebra-el-festival-por-la-vida-y-por-la-paz-vivan-los-caracoles-zapatistas\/olympus-digital-camera-34\/\" data-orig-file=\"https:\/\/www.grieta.org.mx\/wp-content\/uploads\/2022\/09\/Taller3.jpg\" data-orig-size=\"1852,1235\" data-comments-opened=\"0\" data-image-meta=\"{&quot;aperture&quot;:&quot;11&quot;,&quot;credit&quot;:&quot;&quot;,&quot;camera&quot;:&quot;E-PL5&quot;,&quot;caption&quot;:&quot;OLYMPUS DIGITAL CAMERA&quot;,&quot;created_timestamp&quot;:&quot;-62169984000&quot;,&quot;copyright&quot;:&quot;&quot;,&quot;focal_length&quot;:&quot;22&quot;,&quot;iso&quot;:&quot;200&quot;,&quot;shutter_speed&quot;:&quot;0.00125&quot;,&quot;title&quot;:&quot;OLYMPUS DIGITAL CAMERA&quot;,&quot;orientation&quot;:&quot;1&quot;}\" data-image-title=\"OLYMPUS DIGITAL CAMERA\" data-image-description=\"\" data-image-caption=\"&lt;p&gt;El mapeo colaborativo para la resistencia form\u00f3 parte de las actividades de este festival de abajo y a la izquierda. Foto: Colectivo Grieta&lt;\/p&gt;\n\" data-medium-file=\"https:\/\/www.grieta.org.mx\/wp-content\/uploads\/2022\/09\/Taller3-300x200.jpg\" data-large-file=\"https:\/\/www.grieta.org.mx\/wp-content\/uploads\/2022\/09\/Taller3-1024x683.jpg\" class=\"wp-image-65007\" src=\"http:\/\/www.grieta.org.mx\/wp-content\/uploads\/2022\/09\/Taller3.jpg\" alt=\"\" width=\"800\" height=\"533\" srcset=\"https:\/\/www.grieta.org.mx\/wp-content\/uploads\/2022\/09\/Taller3.jpg 1852w, https:\/\/www.grieta.org.mx\/wp-content\/uploads\/2022\/09\/Taller3-300x200.jpg 300w, https:\/\/www.grieta.org.mx\/wp-content\/uploads\/2022\/09\/Taller3-1024x683.jpg 1024w, https:\/\/www.grieta.org.mx\/wp-content\/uploads\/2022\/09\/Taller3-768x512.jpg 768w, https:\/\/www.grieta.org.mx\/wp-content\/uploads\/2022\/09\/Taller3-1536x1024.jpg 1536w\" sizes=\"auto, (max-width: 800px) 100vw, 800px\" \/><figcaption id=\"caption-attachment-65007\" class=\"wp-caption-text\">El mapeo colaborativo para la resistencia form\u00f3 parte de las actividades de este festival de abajo y a la izquierda. Foto: Colectivo Grieta<\/figcaption><\/figure>\n<figure id=\"attachment_65008\" aria-describedby=\"caption-attachment-65008\" style=\"width: 800px\" class=\"wp-caption alignnone\"><img loading=\"lazy\" decoding=\"async\" data-attachment-id=\"65008\" data-permalink=\"https:\/\/www.grieta.org.mx\/index.php\/2022\/09\/03\/desde-la-resistencia-se-celebra-el-festival-por-la-vida-y-por-la-paz-vivan-los-caracoles-zapatistas\/olympus-digital-camera-35\/\" data-orig-file=\"https:\/\/www.grieta.org.mx\/wp-content\/uploads\/2022\/09\/Marika1.jpg\" data-orig-size=\"1852,1235\" data-comments-opened=\"0\" data-image-meta=\"{&quot;aperture&quot;:&quot;7.1&quot;,&quot;credit&quot;:&quot;&quot;,&quot;camera&quot;:&quot;E-PL5&quot;,&quot;caption&quot;:&quot;OLYMPUS DIGITAL CAMERA&quot;,&quot;created_timestamp&quot;:&quot;-62169984000&quot;,&quot;copyright&quot;:&quot;&quot;,&quot;focal_length&quot;:&quot;17&quot;,&quot;iso&quot;:&quot;200&quot;,&quot;shutter_speed&quot;:&quot;0.004&quot;,&quot;title&quot;:&quot;OLYMPUS DIGITAL CAMERA&quot;,&quot;orientation&quot;:&quot;1&quot;}\" data-image-title=\"\" data-image-description=\"\" data-image-caption=\"&lt;p&gt;La m\u00fasica hizo sonar la lucha de las mujeres a trav\u00e9s de la voz de Marica. Foto: Colectivo Grieta&lt;\/p&gt;\n\" data-medium-file=\"https:\/\/www.grieta.org.mx\/wp-content\/uploads\/2022\/09\/Marika1-300x200.jpg\" data-large-file=\"https:\/\/www.grieta.org.mx\/wp-content\/uploads\/2022\/09\/Marika1-1024x683.jpg\" class=\"wp-image-65008\" src=\"http:\/\/www.grieta.org.mx\/wp-content\/uploads\/2022\/09\/Marika1.jpg\" alt=\"\" width=\"800\" height=\"533\" srcset=\"https:\/\/www.grieta.org.mx\/wp-content\/uploads\/2022\/09\/Marika1.jpg 1852w, https:\/\/www.grieta.org.mx\/wp-content\/uploads\/2022\/09\/Marika1-300x200.jpg 300w, https:\/\/www.grieta.org.mx\/wp-content\/uploads\/2022\/09\/Marika1-1024x683.jpg 1024w, https:\/\/www.grieta.org.mx\/wp-content\/uploads\/2022\/09\/Marika1-768x512.jpg 768w, https:\/\/www.grieta.org.mx\/wp-content\/uploads\/2022\/09\/Marika1-1536x1024.jpg 1536w\" sizes=\"auto, (max-width: 800px) 100vw, 800px\" \/><figcaption id=\"caption-attachment-65008\" class=\"wp-caption-text\">La m\u00fasica hizo sonar la lucha de las mujeres a trav\u00e9s de la voz de Marica. Foto: Colectivo Grieta<\/figcaption><\/figure>\n<figure id=\"attachment_65009\" aria-describedby=\"caption-attachment-65009\" style=\"width: 700px\" class=\"wp-caption alignnone\"><img loading=\"lazy\" decoding=\"async\" data-attachment-id=\"65009\" data-permalink=\"https:\/\/www.grieta.org.mx\/index.php\/2022\/09\/03\/desde-la-resistencia-se-celebra-el-festival-por-la-vida-y-por-la-paz-vivan-los-caracoles-zapatistas\/olympus-digital-camera-36\/\" data-orig-file=\"https:\/\/www.grieta.org.mx\/wp-content\/uploads\/2022\/09\/Marika2.jpg\" data-orig-size=\"1235,1852\" data-comments-opened=\"0\" data-image-meta=\"{&quot;aperture&quot;:&quot;7.1&quot;,&quot;credit&quot;:&quot;&quot;,&quot;camera&quot;:&quot;E-PL5&quot;,&quot;caption&quot;:&quot;OLYMPUS DIGITAL CAMERA&quot;,&quot;created_timestamp&quot;:&quot;-62169984000&quot;,&quot;copyright&quot;:&quot;&quot;,&quot;focal_length&quot;:&quot;17&quot;,&quot;iso&quot;:&quot;200&quot;,&quot;shutter_speed&quot;:&quot;0.004&quot;,&quot;title&quot;:&quot;OLYMPUS DIGITAL CAMERA&quot;,&quot;orientation&quot;:&quot;1&quot;}\" data-image-title=\"\" data-image-description=\"\" data-image-caption=\"&lt;p&gt;En la Explanada de la Biblioteca Central de la UNAM reson\u00f3 el horizonte zapatista de Democracia, Libertad y Justicia.&lt;\/p&gt;\n\" data-medium-file=\"https:\/\/www.grieta.org.mx\/wp-content\/uploads\/2022\/09\/Marika2-200x300.jpg\" data-large-file=\"https:\/\/www.grieta.org.mx\/wp-content\/uploads\/2022\/09\/Marika2-683x1024.jpg\" class=\"wp-image-65009\" src=\"http:\/\/www.grieta.org.mx\/wp-content\/uploads\/2022\/09\/Marika2.jpg\" alt=\"\" width=\"700\" height=\"1050\" srcset=\"https:\/\/www.grieta.org.mx\/wp-content\/uploads\/2022\/09\/Marika2.jpg 1235w, https:\/\/www.grieta.org.mx\/wp-content\/uploads\/2022\/09\/Marika2-200x300.jpg 200w, https:\/\/www.grieta.org.mx\/wp-content\/uploads\/2022\/09\/Marika2-683x1024.jpg 683w, https:\/\/www.grieta.org.mx\/wp-content\/uploads\/2022\/09\/Marika2-768x1152.jpg 768w, https:\/\/www.grieta.org.mx\/wp-content\/uploads\/2022\/09\/Marika2-1024x1536.jpg 1024w\" sizes=\"auto, (max-width: 700px) 100vw, 700px\" \/><figcaption id=\"caption-attachment-65009\" class=\"wp-caption-text\">En la Explanada de la Biblioteca Central de la UNAM reson\u00f3 el horizonte zapatista de Democracia, Libertad y Justicia. Despu\u00e9s de Marica, Zeiba Kuicani &amp; Flores, Leticia Serv\u00edn,\u00a0 Soultik, EL Mastuerzo y Argelia Guerrero y Le\u00f3n Ch\u00e1vez Teixeiro y los pr\u00f3fugos del manicomo completaron la programaci\u00f3n musical y danc\u00edstica.\u00a0 Foto: Colectivo Grieta<\/figcaption><\/figure>\n<figure id=\"attachment_65011\" aria-describedby=\"caption-attachment-65011\" style=\"width: 800px\" class=\"wp-caption alignnone\"><img loading=\"lazy\" decoding=\"async\" data-attachment-id=\"65011\" data-permalink=\"https:\/\/www.grieta.org.mx\/index.php\/2022\/09\/03\/desde-la-resistencia-se-celebra-el-festival-por-la-vida-y-por-la-paz-vivan-los-caracoles-zapatistas\/olympus-digital-camera-37\/\" data-orig-file=\"https:\/\/www.grieta.org.mx\/wp-content\/uploads\/2022\/09\/Mercadita1.jpg\" data-orig-size=\"1852,1235\" data-comments-opened=\"0\" data-image-meta=\"{&quot;aperture&quot;:&quot;8&quot;,&quot;credit&quot;:&quot;&quot;,&quot;camera&quot;:&quot;E-PL5&quot;,&quot;caption&quot;:&quot;OLYMPUS DIGITAL CAMERA&quot;,&quot;created_timestamp&quot;:&quot;-62169984000&quot;,&quot;copyright&quot;:&quot;&quot;,&quot;focal_length&quot;:&quot;14&quot;,&quot;iso&quot;:&quot;200&quot;,&quot;shutter_speed&quot;:&quot;0.003125&quot;,&quot;title&quot;:&quot;OLYMPUS DIGITAL CAMERA&quot;,&quot;orientation&quot;:&quot;1&quot;}\" data-image-title=\"\" data-image-description=\"\" data-image-caption=\"&lt;p&gt;Diversos colectivos, espacios de producci\u00f3n autogestiva, organizaciones pol\u00edticas y adherentes de la Sexta organizaron la mercadita, en la que se distrubuyeron de manera directa distintos productos, desde alimenticios hasta libros y ropa elaborada artesanalmente.  Foto: Colectivo Grieta&lt;\/p&gt;\n\" data-medium-file=\"https:\/\/www.grieta.org.mx\/wp-content\/uploads\/2022\/09\/Mercadita1-300x200.jpg\" data-large-file=\"https:\/\/www.grieta.org.mx\/wp-content\/uploads\/2022\/09\/Mercadita1-1024x683.jpg\" class=\"wp-image-65011\" src=\"http:\/\/www.grieta.org.mx\/wp-content\/uploads\/2022\/09\/Mercadita1.jpg\" alt=\"\" width=\"800\" height=\"533\" srcset=\"https:\/\/www.grieta.org.mx\/wp-content\/uploads\/2022\/09\/Mercadita1.jpg 1852w, https:\/\/www.grieta.org.mx\/wp-content\/uploads\/2022\/09\/Mercadita1-300x200.jpg 300w, https:\/\/www.grieta.org.mx\/wp-content\/uploads\/2022\/09\/Mercadita1-1024x683.jpg 1024w, https:\/\/www.grieta.org.mx\/wp-content\/uploads\/2022\/09\/Mercadita1-768x512.jpg 768w, https:\/\/www.grieta.org.mx\/wp-content\/uploads\/2022\/09\/Mercadita1-1536x1024.jpg 1536w\" sizes=\"auto, (max-width: 800px) 100vw, 800px\" \/><figcaption id=\"caption-attachment-65011\" class=\"wp-caption-text\">Diversos colectivos, espacios de producci\u00f3n autogestiva, organizaciones pol\u00edticas y adherentes de la Sexta organizaron la mercadita, en la que se distribuyeron de manera directa distintos productos, desde alimenticios hasta libros y ropa elaborada artesanalmente. Foto: Colectivo Grieta<\/figcaption><\/figure>\n<figure id=\"attachment_65012\" aria-describedby=\"caption-attachment-65012\" style=\"width: 800px\" class=\"wp-caption alignnone\"><img loading=\"lazy\" decoding=\"async\" data-attachment-id=\"65012\" data-permalink=\"https:\/\/www.grieta.org.mx\/index.php\/2022\/09\/03\/desde-la-resistencia-se-celebra-el-festival-por-la-vida-y-por-la-paz-vivan-los-caracoles-zapatistas\/olympus-digital-camera-38\/\" data-orig-file=\"https:\/\/www.grieta.org.mx\/wp-content\/uploads\/2022\/09\/CNI1.jpg\" data-orig-size=\"1852,1235\" data-comments-opened=\"0\" data-image-meta=\"{&quot;aperture&quot;:&quot;5&quot;,&quot;credit&quot;:&quot;&quot;,&quot;camera&quot;:&quot;E-PL5&quot;,&quot;caption&quot;:&quot;OLYMPUS DIGITAL CAMERA&quot;,&quot;created_timestamp&quot;:&quot;-62169984000&quot;,&quot;copyright&quot;:&quot;&quot;,&quot;focal_length&quot;:&quot;14&quot;,&quot;iso&quot;:&quot;200&quot;,&quot;shutter_speed&quot;:&quot;0.00625&quot;,&quot;title&quot;:&quot;OLYMPUS DIGITAL CAMERA&quot;,&quot;orientation&quot;:&quot;1&quot;}\" data-image-title=\"\" data-image-description=\"\" data-image-caption=\"&lt;p&gt;En el fetsival estuvo presente la lucha y resistencia de los pueblos originarios a trav\u00e9s del Congreso Nacional Ind\u00edgena. Foto: Colectivo Grieta.&lt;\/p&gt;\n\" data-medium-file=\"https:\/\/www.grieta.org.mx\/wp-content\/uploads\/2022\/09\/CNI1-300x200.jpg\" data-large-file=\"https:\/\/www.grieta.org.mx\/wp-content\/uploads\/2022\/09\/CNI1-1024x683.jpg\" class=\"wp-image-65012\" src=\"http:\/\/www.grieta.org.mx\/wp-content\/uploads\/2022\/09\/CNI1.jpg\" alt=\"\" width=\"800\" height=\"533\" srcset=\"https:\/\/www.grieta.org.mx\/wp-content\/uploads\/2022\/09\/CNI1.jpg 1852w, https:\/\/www.grieta.org.mx\/wp-content\/uploads\/2022\/09\/CNI1-300x200.jpg 300w, https:\/\/www.grieta.org.mx\/wp-content\/uploads\/2022\/09\/CNI1-1024x683.jpg 1024w, https:\/\/www.grieta.org.mx\/wp-content\/uploads\/2022\/09\/CNI1-768x512.jpg 768w, https:\/\/www.grieta.org.mx\/wp-content\/uploads\/2022\/09\/CNI1-1536x1024.jpg 1536w\" sizes=\"auto, (max-width: 800px) 100vw, 800px\" \/><figcaption id=\"caption-attachment-65012\" class=\"wp-caption-text\">En el festival estuvo presente la lucha y resistencia de los pueblos originarios a trav\u00e9s del Congreso Nacional Ind\u00edgena. Foto: Colectivo Grieta.<\/figcaption><\/figure>\n<figure id=\"attachment_65013\" aria-describedby=\"caption-attachment-65013\" style=\"width: 800px\" class=\"wp-caption alignnone\"><img loading=\"lazy\" decoding=\"async\" data-attachment-id=\"65013\" data-permalink=\"https:\/\/www.grieta.org.mx\/index.php\/2022\/09\/03\/desde-la-resistencia-se-celebra-el-festival-por-la-vida-y-por-la-paz-vivan-los-caracoles-zapatistas\/olympus-digital-camera-39\/\" data-orig-file=\"https:\/\/www.grieta.org.mx\/wp-content\/uploads\/2022\/09\/Expo1.jpg\" data-orig-size=\"1852,1235\" data-comments-opened=\"0\" data-image-meta=\"{&quot;aperture&quot;:&quot;7.1&quot;,&quot;credit&quot;:&quot;&quot;,&quot;camera&quot;:&quot;E-PL5&quot;,&quot;caption&quot;:&quot;OLYMPUS DIGITAL CAMERA&quot;,&quot;created_timestamp&quot;:&quot;-62169984000&quot;,&quot;copyright&quot;:&quot;&quot;,&quot;focal_length&quot;:&quot;19&quot;,&quot;iso&quot;:&quot;200&quot;,&quot;shutter_speed&quot;:&quot;0.005&quot;,&quot;title&quot;:&quot;OLYMPUS DIGITAL CAMERA&quot;,&quot;orientation&quot;:&quot;1&quot;}\" data-image-title=\"\" data-image-description=\"\" data-image-caption=\"&lt;p&gt;El recorrido de Marichuy y en Consejo Ind\u00edgena de Gobierno por el pa\u00eds fue rememorado tanto con una exposici\u00f3n fotogr\u00e1fica como con la proyecci\u00f3n, horas m\u00e1s tarde, del documental &amp;#8220;La Vocea&amp;#8221;, en el Auditorio Ho Chi Minh de la Facultad de Econom\u00eda.&lt;\/p&gt;\n\" data-medium-file=\"https:\/\/www.grieta.org.mx\/wp-content\/uploads\/2022\/09\/Expo1-300x200.jpg\" data-large-file=\"https:\/\/www.grieta.org.mx\/wp-content\/uploads\/2022\/09\/Expo1-1024x683.jpg\" class=\"wp-image-65013\" src=\"http:\/\/www.grieta.org.mx\/wp-content\/uploads\/2022\/09\/Expo1.jpg\" alt=\"\" width=\"800\" height=\"533\" srcset=\"https:\/\/www.grieta.org.mx\/wp-content\/uploads\/2022\/09\/Expo1.jpg 1852w, https:\/\/www.grieta.org.mx\/wp-content\/uploads\/2022\/09\/Expo1-300x200.jpg 300w, https:\/\/www.grieta.org.mx\/wp-content\/uploads\/2022\/09\/Expo1-1024x683.jpg 1024w, https:\/\/www.grieta.org.mx\/wp-content\/uploads\/2022\/09\/Expo1-768x512.jpg 768w, https:\/\/www.grieta.org.mx\/wp-content\/uploads\/2022\/09\/Expo1-1536x1024.jpg 1536w\" sizes=\"auto, (max-width: 800px) 100vw, 800px\" \/><figcaption id=\"caption-attachment-65013\" class=\"wp-caption-text\">El recorrido de Marichuy y el Concejo Ind\u00edgena de Gobierno por el pa\u00eds fue rememorado tanto con una exposici\u00f3n fotogr\u00e1fica como con la proyecci\u00f3n, horas m\u00e1s tarde, del documental &#8220;La Vocea&#8221;, en el Auditorio Ho Chi Minh de la Facultad de Econom\u00eda. Foto: Colectivo Grieta.<\/figcaption><\/figure>\n<figure id=\"attachment_65014\" aria-describedby=\"caption-attachment-65014\" style=\"width: 800px\" class=\"wp-caption alignnone\"><img loading=\"lazy\" decoding=\"async\" data-attachment-id=\"65014\" data-permalink=\"https:\/\/www.grieta.org.mx\/index.php\/2022\/09\/03\/desde-la-resistencia-se-celebra-el-festival-por-la-vida-y-por-la-paz-vivan-los-caracoles-zapatistas\/olympus-digital-camera-40\/\" data-orig-file=\"https:\/\/www.grieta.org.mx\/wp-content\/uploads\/2022\/09\/Panoramica1.jpg\" data-orig-size=\"1852,1235\" data-comments-opened=\"0\" data-image-meta=\"{&quot;aperture&quot;:&quot;5&quot;,&quot;credit&quot;:&quot;&quot;,&quot;camera&quot;:&quot;E-PL5&quot;,&quot;caption&quot;:&quot;OLYMPUS DIGITAL CAMERA&quot;,&quot;created_timestamp&quot;:&quot;-62169984000&quot;,&quot;copyright&quot;:&quot;&quot;,&quot;focal_length&quot;:&quot;14&quot;,&quot;iso&quot;:&quot;200&quot;,&quot;shutter_speed&quot;:&quot;0.00625&quot;,&quot;title&quot;:&quot;OLYMPUS DIGITAL CAMERA&quot;,&quot;orientation&quot;:&quot;1&quot;}\" data-image-title=\"\" data-image-description=\"\" data-image-caption=\"&lt;p&gt;A lo largo dle d\u00eda, miles de personas convergieron, se reencontraron e  intercambiaron ideas en el Festival que deninci\u00f3 las agresiones ocntra las la comnidades zapatistas y las Juntas de Buen Gobierno. Estas agresiones son orquestadas por los tres niveles del mal gobierno en M\u00e9xico en colusi\u00f3n con grupos narco paramilitares.  Foto: Colectivo Grieta.&lt;\/p&gt;\n\" data-medium-file=\"https:\/\/www.grieta.org.mx\/wp-content\/uploads\/2022\/09\/Panoramica1-300x200.jpg\" data-large-file=\"https:\/\/www.grieta.org.mx\/wp-content\/uploads\/2022\/09\/Panoramica1-1024x683.jpg\" class=\"wp-image-65014\" src=\"http:\/\/www.grieta.org.mx\/wp-content\/uploads\/2022\/09\/Panoramica1.jpg\" alt=\"\" width=\"800\" height=\"533\" srcset=\"https:\/\/www.grieta.org.mx\/wp-content\/uploads\/2022\/09\/Panoramica1.jpg 1852w, https:\/\/www.grieta.org.mx\/wp-content\/uploads\/2022\/09\/Panoramica1-300x200.jpg 300w, https:\/\/www.grieta.org.mx\/wp-content\/uploads\/2022\/09\/Panoramica1-1024x683.jpg 1024w, https:\/\/www.grieta.org.mx\/wp-content\/uploads\/2022\/09\/Panoramica1-768x512.jpg 768w, https:\/\/www.grieta.org.mx\/wp-content\/uploads\/2022\/09\/Panoramica1-1536x1024.jpg 1536w\" sizes=\"auto, (max-width: 800px) 100vw, 800px\" \/><figcaption id=\"caption-attachment-65014\" class=\"wp-caption-text\">A lo largo del d\u00eda, miles de personas convergieron, se reencontraron e intercambiaron ideas en el Festival que denunci\u00f3 las agresiones contra las la comunidades zapatistas y las Juntas de Buen Gobierno. Estas agresiones son orquestadas por los tres niveles del mal gobierno en M\u00e9xico en colusi\u00f3n con grupos narco paramilitares. Foto: Colectivo Grieta.<\/figcaption><\/figure>\n<figure id=\"attachment_65016\" aria-describedby=\"caption-attachment-65016\" style=\"width: 800px\" class=\"wp-caption alignnone\"><img loading=\"lazy\" decoding=\"async\" data-attachment-id=\"65016\" data-permalink=\"https:\/\/www.grieta.org.mx\/index.php\/2022\/09\/03\/desde-la-resistencia-se-celebra-el-festival-por-la-vida-y-por-la-paz-vivan-los-caracoles-zapatistas\/olympus-digital-camera-41\/\" data-orig-file=\"https:\/\/www.grieta.org.mx\/wp-content\/uploads\/2022\/09\/Leon1.jpg\" data-orig-size=\"1852,1235\" data-comments-opened=\"0\" data-image-meta=\"{&quot;aperture&quot;:&quot;5&quot;,&quot;credit&quot;:&quot;&quot;,&quot;camera&quot;:&quot;E-PL5&quot;,&quot;caption&quot;:&quot;OLYMPUS DIGITAL CAMERA&quot;,&quot;created_timestamp&quot;:&quot;-62169984000&quot;,&quot;copyright&quot;:&quot;&quot;,&quot;focal_length&quot;:&quot;96&quot;,&quot;iso&quot;:&quot;320&quot;,&quot;shutter_speed&quot;:&quot;0.005&quot;,&quot;title&quot;:&quot;OLYMPUS DIGITAL CAMERA&quot;,&quot;orientation&quot;:&quot;1&quot;}\" data-image-title=\"\" data-image-description=\"\" data-image-caption=\"&lt;p&gt;Al cierre de las participaciones musicales en la jornada de lucha y resitencia, Le\u00f3n Chavez Texeiro y los pr\u00f3fugos dl manicomio celebraron la lucha zapatista por la vida y contar el capitalismo. Foto: Colectivo Grieta&lt;\/p&gt;\n\" data-medium-file=\"https:\/\/www.grieta.org.mx\/wp-content\/uploads\/2022\/09\/Leon1-300x200.jpg\" data-large-file=\"https:\/\/www.grieta.org.mx\/wp-content\/uploads\/2022\/09\/Leon1-1024x683.jpg\" class=\"wp-image-65016\" src=\"http:\/\/www.grieta.org.mx\/wp-content\/uploads\/2022\/09\/Leon1.jpg\" alt=\"\" width=\"800\" height=\"533\" srcset=\"https:\/\/www.grieta.org.mx\/wp-content\/uploads\/2022\/09\/Leon1.jpg 1852w, https:\/\/www.grieta.org.mx\/wp-content\/uploads\/2022\/09\/Leon1-300x200.jpg 300w, https:\/\/www.grieta.org.mx\/wp-content\/uploads\/2022\/09\/Leon1-1024x683.jpg 1024w, https:\/\/www.grieta.org.mx\/wp-content\/uploads\/2022\/09\/Leon1-768x512.jpg 768w, https:\/\/www.grieta.org.mx\/wp-content\/uploads\/2022\/09\/Leon1-1536x1024.jpg 1536w\" sizes=\"auto, (max-width: 800px) 100vw, 800px\" \/><figcaption id=\"caption-attachment-65016\" class=\"wp-caption-text\">Al cierre de las participaciones musicales en la jornada de lucha y resistencia, Le\u00f3n Ch\u00e1vez Teixeiro y los pr\u00f3fugos del manicomio celebraron la lucha zapatista por la vida y contra el capitalismo. Foto: Colectivo Grieta<\/figcaption><\/figure>\n<figure id=\"attachment_65017\" aria-describedby=\"caption-attachment-65017\" style=\"width: 700px\" class=\"wp-caption alignnone\"><img loading=\"lazy\" decoding=\"async\" data-attachment-id=\"65017\" data-permalink=\"https:\/\/www.grieta.org.mx\/index.php\/2022\/09\/03\/desde-la-resistencia-se-celebra-el-festival-por-la-vida-y-por-la-paz-vivan-los-caracoles-zapatistas\/olympus-digital-camera-42\/\" data-orig-file=\"https:\/\/www.grieta.org.mx\/wp-content\/uploads\/2022\/09\/AltoGuerra.jpg\" data-orig-size=\"1235,1852\" data-comments-opened=\"0\" data-image-meta=\"{&quot;aperture&quot;:&quot;5.4&quot;,&quot;credit&quot;:&quot;&quot;,&quot;camera&quot;:&quot;E-PL5&quot;,&quot;caption&quot;:&quot;OLYMPUS DIGITAL CAMERA&quot;,&quot;created_timestamp&quot;:&quot;-62169984000&quot;,&quot;copyright&quot;:&quot;&quot;,&quot;focal_length&quot;:&quot;128&quot;,&quot;iso&quot;:&quot;400&quot;,&quot;shutter_speed&quot;:&quot;0.004&quot;,&quot;title&quot;:&quot;OLYMPUS DIGITAL CAMERA&quot;,&quot;orientation&quot;:&quot;1&quot;}\" data-image-title=\"\" data-image-description=\"\" data-image-caption=\"&lt;p&gt;El Alto a la Guerra se escuch\u00f3 fuerte  en Ciudad Universitaria.&lt;\/p&gt;\n\" data-medium-file=\"https:\/\/www.grieta.org.mx\/wp-content\/uploads\/2022\/09\/AltoGuerra-200x300.jpg\" data-large-file=\"https:\/\/www.grieta.org.mx\/wp-content\/uploads\/2022\/09\/AltoGuerra-683x1024.jpg\" class=\"wp-image-65017\" src=\"http:\/\/www.grieta.org.mx\/wp-content\/uploads\/2022\/09\/AltoGuerra.jpg\" alt=\"\" width=\"700\" height=\"1050\" srcset=\"https:\/\/www.grieta.org.mx\/wp-content\/uploads\/2022\/09\/AltoGuerra.jpg 1235w, https:\/\/www.grieta.org.mx\/wp-content\/uploads\/2022\/09\/AltoGuerra-200x300.jpg 200w, https:\/\/www.grieta.org.mx\/wp-content\/uploads\/2022\/09\/AltoGuerra-683x1024.jpg 683w, https:\/\/www.grieta.org.mx\/wp-content\/uploads\/2022\/09\/AltoGuerra-768x1152.jpg 768w, https:\/\/www.grieta.org.mx\/wp-content\/uploads\/2022\/09\/AltoGuerra-1024x1536.jpg 1024w\" sizes=\"auto, (max-width: 700px) 100vw, 700px\" \/><figcaption id=\"caption-attachment-65017\" class=\"wp-caption-text\">El Alto a la Guerra se escuch\u00f3 fuerte en Ciudad Universitaria. Foto: Colectivo Grieta<\/figcaption><\/figure>\n<figure id=\"attachment_65018\" aria-describedby=\"caption-attachment-65018\" style=\"width: 800px\" class=\"wp-caption alignnone\"><img loading=\"lazy\" decoding=\"async\" data-attachment-id=\"65018\" data-permalink=\"https:\/\/www.grieta.org.mx\/index.php\/2022\/09\/03\/desde-la-resistencia-se-celebra-el-festival-por-la-vida-y-por-la-paz-vivan-los-caracoles-zapatistas\/olympus-digital-camera-43\/\" data-orig-file=\"https:\/\/www.grieta.org.mx\/wp-content\/uploads\/2022\/09\/Leon2.jpg\" data-orig-size=\"1852,1235\" data-comments-opened=\"0\" data-image-meta=\"{&quot;aperture&quot;:&quot;5&quot;,&quot;credit&quot;:&quot;&quot;,&quot;camera&quot;:&quot;E-PL5&quot;,&quot;caption&quot;:&quot;OLYMPUS DIGITAL CAMERA&quot;,&quot;created_timestamp&quot;:&quot;-62169984000&quot;,&quot;copyright&quot;:&quot;&quot;,&quot;focal_length&quot;:&quot;14&quot;,&quot;iso&quot;:&quot;200&quot;,&quot;shutter_speed&quot;:&quot;0.00625&quot;,&quot;title&quot;:&quot;OLYMPUS DIGITAL CAMERA&quot;,&quot;orientation&quot;:&quot;1&quot;}\" data-image-title=\"\" data-image-description=\"\" data-image-caption=\"&lt;p&gt;El p\u00fablico asistente disfrut\u00f3 de diversas expresiones musicales, del soul al hip hop, del rock urbano a los ensambles danz\u00edsticos. El arte se hizo presente en la lucha anticapitalista. Foto: Colectivo Grieta&lt;\/p&gt;\n\" data-medium-file=\"https:\/\/www.grieta.org.mx\/wp-content\/uploads\/2022\/09\/Leon2-300x200.jpg\" data-large-file=\"https:\/\/www.grieta.org.mx\/wp-content\/uploads\/2022\/09\/Leon2-1024x683.jpg\" class=\"wp-image-65018\" src=\"http:\/\/www.grieta.org.mx\/wp-content\/uploads\/2022\/09\/Leon2.jpg\" alt=\"\" width=\"800\" height=\"533\" srcset=\"https:\/\/www.grieta.org.mx\/wp-content\/uploads\/2022\/09\/Leon2.jpg 1852w, https:\/\/www.grieta.org.mx\/wp-content\/uploads\/2022\/09\/Leon2-300x200.jpg 300w, https:\/\/www.grieta.org.mx\/wp-content\/uploads\/2022\/09\/Leon2-1024x683.jpg 1024w, https:\/\/www.grieta.org.mx\/wp-content\/uploads\/2022\/09\/Leon2-768x512.jpg 768w, https:\/\/www.grieta.org.mx\/wp-content\/uploads\/2022\/09\/Leon2-1536x1024.jpg 1536w\" sizes=\"auto, (max-width: 800px) 100vw, 800px\" \/><figcaption id=\"caption-attachment-65018\" class=\"wp-caption-text\">El p\u00fablico asistente disfrut\u00f3 de diversas expresiones musicales, del soul al hip hop, del rock urbano a los ensambles de danza. El arte se hizo presente en la lucha anticapitalista. Foto: Colectivo Grieta<\/figcaption><\/figure>\n<figure id=\"attachment_65020\" aria-describedby=\"caption-attachment-65020\" style=\"width: 800px\" class=\"wp-caption alignnone\"><img loading=\"lazy\" decoding=\"async\" data-attachment-id=\"65020\" data-permalink=\"https:\/\/www.grieta.org.mx\/index.php\/2022\/09\/03\/desde-la-resistencia-se-celebra-el-festival-por-la-vida-y-por-la-paz-vivan-los-caracoles-zapatistas\/olympus-digital-camera-45\/\" data-orig-file=\"https:\/\/www.grieta.org.mx\/wp-content\/uploads\/2022\/09\/RocaVolvanica.jpg\" data-orig-size=\"2314,1407\" data-comments-opened=\"0\" data-image-meta=\"{&quot;aperture&quot;:&quot;7.1&quot;,&quot;credit&quot;:&quot;&quot;,&quot;camera&quot;:&quot;E-PL5&quot;,&quot;caption&quot;:&quot;OLYMPUS DIGITAL CAMERA&quot;,&quot;created_timestamp&quot;:&quot;-62169984000&quot;,&quot;copyright&quot;:&quot;&quot;,&quot;focal_length&quot;:&quot;23&quot;,&quot;iso&quot;:&quot;200&quot;,&quot;shutter_speed&quot;:&quot;0.005&quot;,&quot;title&quot;:&quot;OLYMPUS DIGITAL CAMERA&quot;,&quot;orientation&quot;:&quot;1&quot;}\" data-image-title=\"\" data-image-description=\"\" data-image-caption=\"&lt;p&gt;No morir\u00e1 la flor de la palabra. La lucecita que las comunidades zapatistas entregaron sigue ardiendo con ternura, dignidad y alegre rebeld\u00eda. Las milenarias lavas del Xitle fueron testigo. Foto: Colectivo Grieta&lt;\/p&gt;\n\" data-medium-file=\"https:\/\/www.grieta.org.mx\/wp-content\/uploads\/2022\/09\/RocaVolvanica-300x182.jpg\" data-large-file=\"https:\/\/www.grieta.org.mx\/wp-content\/uploads\/2022\/09\/RocaVolvanica-1024x623.jpg\" class=\"wp-image-65020\" src=\"http:\/\/www.grieta.org.mx\/wp-content\/uploads\/2022\/09\/RocaVolvanica.jpg\" alt=\"\" width=\"800\" height=\"486\" srcset=\"https:\/\/www.grieta.org.mx\/wp-content\/uploads\/2022\/09\/RocaVolvanica.jpg 2314w, https:\/\/www.grieta.org.mx\/wp-content\/uploads\/2022\/09\/RocaVolvanica-300x182.jpg 300w, https:\/\/www.grieta.org.mx\/wp-content\/uploads\/2022\/09\/RocaVolvanica-1024x623.jpg 1024w, https:\/\/www.grieta.org.mx\/wp-content\/uploads\/2022\/09\/RocaVolvanica-768x467.jpg 768w, https:\/\/www.grieta.org.mx\/wp-content\/uploads\/2022\/09\/RocaVolvanica-1536x934.jpg 1536w, https:\/\/www.grieta.org.mx\/wp-content\/uploads\/2022\/09\/RocaVolvanica-2048x1245.jpg 2048w\" sizes=\"auto, (max-width: 800px) 100vw, 800px\" \/><figcaption id=\"caption-attachment-65020\" class=\"wp-caption-text\">No morir\u00e1 la flor de la palabra. La lucecita que las comunidades zapatistas entregaron sigue ardiendo con ternura, dignidad y alegre rebeld\u00eda. Las milenarias lavas del Xitle fueron testigo. Foto: Colectivo Grieta<\/figcaption><\/figure>\n<p><iframe loading=\"lazy\" title=\"Le\u00f3n Ch\u00e1vez Teixeiro y los pr\u00f3fugos del manicomio en el Festival por la vida y la paz, CU 31\/08\/2022\" src=\"https:\/\/www.youtube.com\/embed\/7wtauwKhS3U\" width=\"1176\" height=\"480\" frameborder=\"0\" allowfullscreen=\"allowfullscreen\"><\/iframe><\/p>\n<p>&nbsp;<\/p>\n","protected":false},"excerpt":{"rendered":"<p>&#8211; Alto a la guerra contra las comunidades zapatistas, se exigi\u00f3 en la explanada de la Biblioteca Central de la UNAM &#8211; Decenas de colectivos y organizaciones respondieron al llamado &hellip; <a href=\"https:\/\/www.grieta.org.mx\/index.php\/2022\/09\/03\/desde-la-resistencia-se-celebra-el-festival-por-la-vida-y-por-la-paz-vivan-los-caracoles-zapatistas\/\" class=\"more-link\">Leer m\u00e1s<\/a><\/p>\n","protected":false},"author":2,"featured_media":65003,"comment_status":"closed","ping_status":"closed","sticky":false,"template":"","format":"standard","meta":{"ngg_post_thumbnail":0,"_jetpack_newsletter_access":"","_jetpack_dont_email_post_to_subs":false,"_jetpack_newsletter_tier_id":0,"_jetpack_memberships_contains_paywalled_content":false,"_jetpack_memberships_contains_paid_content":false,"footnotes":""},"categories":[80,14,1775,2275,1670,2,2219],"tags":[4028,2466,3782],"class_list":["post-65002","post","type-post","status-publish","format-standard","has-post-thumbnail","hentry","category-cintillo","category-ciudad-de-mexico","category-colectivo-grieta","category-el-camino-del-cig-y-su-vocera-en-la-ciudad-de-mexico","category-movilizaciones-y-protestas-de-estudiantes-de-la-ciudad-de-mexico","category-noticias-nacionales","category-resistencias-en-la-ciudad-de-mexico","tag-juntas-de-buen-gobierno","tag-luchas-y-resistencias-de-pueblos-originarios","tag-redes-de-resistencia-y-rebeldia","entry"],"jetpack_featured_media_url":"https:\/\/www.grieta.org.mx\/wp-content\/uploads\/2022\/09\/Expo2.jpg","jetpack_sharing_enabled":true,"jetpack_shortlink":"https:\/\/wp.me\/p7ZJR4-gUq","jetpack_likes_enabled":false,"jetpack-related-posts":[{"id":70329,"url":"https:\/\/www.grieta.org.mx\/index.php\/2024\/10\/30\/alto-a-las-agresiones-contra-las-comunidades-zapatistas-reclaman-miles-en-manifestacion-en-la-ciudad-de-mexico\/","url_meta":{"origin":65002,"position":0},"title":"\u00a1Alto a las agresiones contra las comunidades zapatistas! reclaman miles en manifestaci\u00f3n en la Ciudad de M\u00e9xico [AUDIOS]","author":"grieta","date":"30 octubre, 2024","format":false,"excerpt":"Colectivo Grieta 24 de octubre de 2024 Ciudad de M\u00e9xico.- Al grito de \u00a1Alto a las agresiones contra las comunidades zapatistas! y exigiendo el cese a los hostigamientos orquestados por los tres niveles de gobierno y grupos narcoparamilitares contra las bases de apoyo del EZLN, este jueves 24 de octubre\u2026","rel":"","context":"En &quot;Alto a la Guerra contra los pueblos zapatistas&quot;","block_context":{"text":"Alto a la Guerra contra los pueblos zapatistas","link":"https:\/\/www.grieta.org.mx\/index.php\/category\/redes-de-resistencia-y-rebeldia\/contra-la-guerra-al-ezln\/"},"img":{"alt_text":"","src":"https:\/\/i0.wp.com\/www.grieta.org.mx\/wp-content\/uploads\/2024\/10\/Diapositiva2-1.jpeg?resize=350%2C200&ssl=1","width":350,"height":200,"srcset":"https:\/\/i0.wp.com\/www.grieta.org.mx\/wp-content\/uploads\/2024\/10\/Diapositiva2-1.jpeg?resize=350%2C200&ssl=1 1x, https:\/\/i0.wp.com\/www.grieta.org.mx\/wp-content\/uploads\/2024\/10\/Diapositiva2-1.jpeg?resize=525%2C300&ssl=1 1.5x, https:\/\/i0.wp.com\/www.grieta.org.mx\/wp-content\/uploads\/2024\/10\/Diapositiva2-1.jpeg?resize=700%2C400&ssl=1 2x"},"classes":[]},{"id":72360,"url":"https:\/\/www.grieta.org.mx\/index.php\/2025\/10\/13\/jornada-de-lucha-y-resistencia-contra-la-guerra-a-los-pueblos-zapatistas\/","url_meta":{"origin":65002,"position":1},"title":"Jornada de lucha y resistencia contra la guerra a los pueblos zapatistas","author":"grieta","date":"13 octubre, 2025","format":false,"excerpt":"Colectivo Grieta, 11 de octubre de 2025 Ciudad de M\u00e9xico. Diversas organizaciones y colectivos de la Ciudad de M\u00e9xico se movilizaron el viernes 10 de octubre\u00a0 para alzarse en protesta y denuncia contra el despojo criminal de las tierras recuperadas por los pueblos zapatistas desde 1994 y la violenta incursi\u00f3n\u2026","rel":"","context":"En &quot;Alto a la Guerra contra los pueblos zapatistas&quot;","block_context":{"text":"Alto a la Guerra contra los pueblos zapatistas","link":"https:\/\/www.grieta.org.mx\/index.php\/category\/redes-de-resistencia-y-rebeldia\/contra-la-guerra-al-ezln\/"},"img":{"alt_text":"","src":"https:\/\/i0.wp.com\/www.grieta.org.mx\/wp-content\/uploads\/2025\/10\/WhatsApp-Image-2025-10-13-at-21.21.01.png?resize=350%2C200&ssl=1","width":350,"height":200,"srcset":"https:\/\/i0.wp.com\/www.grieta.org.mx\/wp-content\/uploads\/2025\/10\/WhatsApp-Image-2025-10-13-at-21.21.01.png?resize=350%2C200&ssl=1 1x, https:\/\/i0.wp.com\/www.grieta.org.mx\/wp-content\/uploads\/2025\/10\/WhatsApp-Image-2025-10-13-at-21.21.01.png?resize=525%2C300&ssl=1 1.5x, https:\/\/i0.wp.com\/www.grieta.org.mx\/wp-content\/uploads\/2025\/10\/WhatsApp-Image-2025-10-13-at-21.21.01.png?resize=700%2C400&ssl=1 2x, https:\/\/i0.wp.com\/www.grieta.org.mx\/wp-content\/uploads\/2025\/10\/WhatsApp-Image-2025-10-13-at-21.21.01.png?resize=1050%2C600&ssl=1 3x, https:\/\/i0.wp.com\/www.grieta.org.mx\/wp-content\/uploads\/2025\/10\/WhatsApp-Image-2025-10-13-at-21.21.01.png?resize=1400%2C800&ssl=1 4x"},"classes":[]},{"id":70237,"url":"https:\/\/www.grieta.org.mx\/index.php\/2024\/10\/20\/mitin-en-segob-en-solidaridad-con-los-pueblos-zapatistas\/","url_meta":{"origin":65002,"position":2},"title":"Mitin en SEGOB en solidaridad con los pueblos zapatistas","author":"grieta","date":"20 octubre, 2024","format":false,"excerpt":"Colectivo Grieta\/19 octubre 2024. En el marco de la Jornada de Lucha contra la Guerra a los Pueblos Zapatistas, diversas personas, colectivos y organizaciones se congregaron el pasado 18 de octubre frente a la Secretar\u00eda de Gobernaci\u00f3n para denunciar los ataques recientes contra las comunidades zapatistas. Esta vez, los agresores\u2026","rel":"","context":"En &quot;Alto a la Guerra contra los pueblos zapatistas&quot;","block_context":{"text":"Alto a la Guerra contra los pueblos zapatistas","link":"https:\/\/www.grieta.org.mx\/index.php\/category\/redes-de-resistencia-y-rebeldia\/contra-la-guerra-al-ezln\/"},"img":{"alt_text":"","src":"https:\/\/i0.wp.com\/www.grieta.org.mx\/wp-content\/uploads\/2024\/10\/noche-mitin.jpg?resize=350%2C200&ssl=1","width":350,"height":200,"srcset":"https:\/\/i0.wp.com\/www.grieta.org.mx\/wp-content\/uploads\/2024\/10\/noche-mitin.jpg?resize=350%2C200&ssl=1 1x, https:\/\/i0.wp.com\/www.grieta.org.mx\/wp-content\/uploads\/2024\/10\/noche-mitin.jpg?resize=525%2C300&ssl=1 1.5x, https:\/\/i0.wp.com\/www.grieta.org.mx\/wp-content\/uploads\/2024\/10\/noche-mitin.jpg?resize=700%2C400&ssl=1 2x, https:\/\/i0.wp.com\/www.grieta.org.mx\/wp-content\/uploads\/2024\/10\/noche-mitin.jpg?resize=1050%2C600&ssl=1 3x"},"classes":[]},{"id":34153,"url":"https:\/\/www.grieta.org.mx\/index.php\/2019\/05\/31\/denuncian-asesinatos-y-aumento-de-militarizacion-en-zonas-zapatistas-ciudad-de-mexico\/","url_meta":{"origin":65002,"position":3},"title":"Denuncian asesinatos y aumento de militarizaci\u00f3n en zonas zapatistas (Ciudad de M\u00e9xico)","author":"grieta","date":"31 mayo, 2019","format":false,"excerpt":"IXTLIX\u00d3CHITL L\u00d3PEZ\/Proceso CIUDAD DE M\u00c9XICO (apro).\u2013 Integrantes de colectivos y redes de apoyo del Congreso Nacional Ind\u00edgena (CNI) y del Ej\u00e9rcito Zapatista de Liberaci\u00f3n Nacional (EZLN) se manifestaron esta ma\u00f1ana frente a Palacio Nacional para exigir el retiro de las fuerzas del Ej\u00e9rcito de territorio zapatista, en el estado de\u2026","rel":"","context":"En &quot;CINTILLO&quot;","block_context":{"text":"CINTILLO","link":"https:\/\/www.grieta.org.mx\/index.php\/category\/cintillo\/"},"img":{"alt_text":"","src":"https:\/\/i0.wp.com\/www.grieta.org.mx\/wp-content\/uploads\/2019\/06\/Zapatistas-OK-1-1078x782.jpg?resize=350%2C200&ssl=1","width":350,"height":200,"srcset":"https:\/\/i0.wp.com\/www.grieta.org.mx\/wp-content\/uploads\/2019\/06\/Zapatistas-OK-1-1078x782.jpg?resize=350%2C200&ssl=1 1x, https:\/\/i0.wp.com\/www.grieta.org.mx\/wp-content\/uploads\/2019\/06\/Zapatistas-OK-1-1078x782.jpg?resize=525%2C300&ssl=1 1.5x, https:\/\/i0.wp.com\/www.grieta.org.mx\/wp-content\/uploads\/2019\/06\/Zapatistas-OK-1-1078x782.jpg?resize=700%2C400&ssl=1 2x, https:\/\/i0.wp.com\/www.grieta.org.mx\/wp-content\/uploads\/2019\/06\/Zapatistas-OK-1-1078x782.jpg?resize=1050%2C600&ssl=1 3x"},"classes":[]},{"id":54969,"url":"https:\/\/www.grieta.org.mx\/index.php\/2020\/11\/12\/marchan-en-la-ciudad-de-mexico-para-protestar-contra-las-agresiones-paramilitares-y-la-guerra-del-mal-gobierno-contra-las-comunidades-zapatistas\/","url_meta":{"origin":65002,"position":4},"title":"Marchan en la Ciudad de M\u00e9xico para denunciar la guerra del mal gobierno y las agresiones paramilitares contra las comunidades zapatistas","author":"grieta","date":"12 noviembre, 2020","format":false,"excerpt":"Granaderos del gobierno local impiden al contingente el paso hacia el Palacio Nacional. Colectivo Grieta Ciudad de M\u00e9xico, 11 de noviembre.- Un d\u00eda despu\u00e9s de que los integrantes de la Junta de Buen Gobierno \"NUEVO AMANECER EN RESISTENCIA Y REBELD\u00cdA POR LA VIDA Y LA HUMANIDAD\" denunciaran el secuestro y\u2026","rel":"","context":"En &quot;Alto a la Guerra contra los pueblos zapatistas&quot;","block_context":{"text":"Alto a la Guerra contra los pueblos zapatistas","link":"https:\/\/www.grieta.org.mx\/index.php\/category\/redes-de-resistencia-y-rebeldia\/contra-la-guerra-al-ezln\/"},"img":{"alt_text":"","src":"https:\/\/i0.wp.com\/www.grieta.org.mx\/wp-content\/uploads\/2020\/11\/photo_2020-11-11_21-01-04.jpg?resize=350%2C200&ssl=1","width":350,"height":200,"srcset":"https:\/\/i0.wp.com\/www.grieta.org.mx\/wp-content\/uploads\/2020\/11\/photo_2020-11-11_21-01-04.jpg?resize=350%2C200&ssl=1 1x, https:\/\/i0.wp.com\/www.grieta.org.mx\/wp-content\/uploads\/2020\/11\/photo_2020-11-11_21-01-04.jpg?resize=525%2C300&ssl=1 1.5x, https:\/\/i0.wp.com\/www.grieta.org.mx\/wp-content\/uploads\/2020\/11\/photo_2020-11-11_21-01-04.jpg?resize=700%2C400&ssl=1 2x, https:\/\/i0.wp.com\/www.grieta.org.mx\/wp-content\/uploads\/2020\/11\/photo_2020-11-11_21-01-04.jpg?resize=1050%2C600&ssl=1 3x"},"classes":[]},{"id":70633,"url":"https:\/\/www.grieta.org.mx\/index.php\/2024\/12\/03\/programa-de-la-primera-sesion-de-los-encuentros-internacionales-de-resistencias-y-rebeldias-mesas-y-ponentes\/","url_meta":{"origin":65002,"position":5},"title":"PROGRAMA DE LA PRIMERA SESI\u00d3N DE LOS ENCUENTROS INTERNACIONALES DE RESISTENCIAS Y REBELD\u00cdAS.  Mesas y Ponentes.","author":"grieta","date":"3 diciembre, 2024","format":false,"excerpt":"PROGRAMA DE LA PRIMERA SESI\u00d3N DE LOS ENCUENTROS INTERNACIONALES DE RESISTENCIAS Y REBELD\u00cdAS. Mesas y Ponentes. Aqu\u00ed les ponemos el programa de participaciones: S\u00e1bado 28 de diciembre del 2024. Sede Cideci-Unitierra. SCLC, Chiapas, M\u00e9xico. Mesa I: La tormenta: el crimen, el verdugo y las v\u00edctimas. Participan: Jorge Alonso, John Holloway,\u2026","rel":"","context":"En &quot;CINTILLO&quot;","block_context":{"text":"CINTILLO","link":"https:\/\/www.grieta.org.mx\/index.php\/category\/cintillo\/"},"img":{"alt_text":"","src":"https:\/\/i0.wp.com\/www.grieta.org.mx\/wp-content\/uploads\/2024\/12\/Screenshot-2024-12-03-at-17-09-14-Enlace-Zapatista.png?resize=350%2C200&ssl=1","width":350,"height":200,"srcset":"https:\/\/i0.wp.com\/www.grieta.org.mx\/wp-content\/uploads\/2024\/12\/Screenshot-2024-12-03-at-17-09-14-Enlace-Zapatista.png?resize=350%2C200&ssl=1 1x, https:\/\/i0.wp.com\/www.grieta.org.mx\/wp-content\/uploads\/2024\/12\/Screenshot-2024-12-03-at-17-09-14-Enlace-Zapatista.png?resize=525%2C300&ssl=1 1.5x, https:\/\/i0.wp.com\/www.grieta.org.mx\/wp-content\/uploads\/2024\/12\/Screenshot-2024-12-03-at-17-09-14-Enlace-Zapatista.png?resize=700%2C400&ssl=1 2x, https:\/\/i0.wp.com\/www.grieta.org.mx\/wp-content\/uploads\/2024\/12\/Screenshot-2024-12-03-at-17-09-14-Enlace-Zapatista.png?resize=1050%2C600&ssl=1 3x"},"classes":[]}],"_links":{"self":[{"href":"https:\/\/www.grieta.org.mx\/index.php\/wp-json\/wp\/v2\/posts\/65002","targetHints":{"allow":["GET"]}}],"collection":[{"href":"https:\/\/www.grieta.org.mx\/index.php\/wp-json\/wp\/v2\/posts"}],"about":[{"href":"https:\/\/www.grieta.org.mx\/index.php\/wp-json\/wp\/v2\/types\/post"}],"author":[{"embeddable":true,"href":"https:\/\/www.grieta.org.mx\/index.php\/wp-json\/wp\/v2\/users\/2"}],"replies":[{"embeddable":true,"href":"https:\/\/www.grieta.org.mx\/index.php\/wp-json\/wp\/v2\/comments?post=65002"}],"version-history":[{"count":1,"href":"https:\/\/www.grieta.org.mx\/index.php\/wp-json\/wp\/v2\/posts\/65002\/revisions"}],"predecessor-version":[{"id":65030,"href":"https:\/\/www.grieta.org.mx\/index.php\/wp-json\/wp\/v2\/posts\/65002\/revisions\/65030"}],"wp:featuredmedia":[{"embeddable":true,"href":"https:\/\/www.grieta.org.mx\/index.php\/wp-json\/wp\/v2\/media\/65003"}],"wp:attachment":[{"href":"https:\/\/www.grieta.org.mx\/index.php\/wp-json\/wp\/v2\/media?parent=65002"}],"wp:term":[{"taxonomy":"category","embeddable":true,"href":"https:\/\/www.grieta.org.mx\/index.php\/wp-json\/wp\/v2\/categories?post=65002"},{"taxonomy":"post_tag","embeddable":true,"href":"https:\/\/www.grieta.org.mx\/index.php\/wp-json\/wp\/v2\/tags?post=65002"}],"curies":[{"name":"wp","href":"https:\/\/api.w.org\/{rel}","templated":true}]}}