{"id":64979,"date":"2022-08-21T19:35:53","date_gmt":"2022-08-22T00:35:53","guid":{"rendered":"https:\/\/www.grieta.org.mx\/?p=64979"},"modified":"2022-08-29T19:43:30","modified_gmt":"2022-08-30T00:43:30","slug":"una-mujer-es-la-unica-policia-detenida-por-represion-a-feministas-en-cancun-quintana-roo","status":"publish","type":"post","link":"https:\/\/www.grieta.org.mx\/index.php\/2022\/08\/21\/una-mujer-es-la-unica-policia-detenida-por-represion-a-feministas-en-cancun-quintana-roo\/","title":{"rendered":"Una mujer es la \u00fanica polic\u00eda detenida por represi\u00f3n a feministas en Canc\u00fan (Quintana Roo)"},"content":{"rendered":"<p>Texto: Ricardo Hern\u00e1ndez \/ Foto: Elizabeth Ruiz \/ Cuartoscuro \/ Pie de P\u00e1gina<\/p>\n<blockquote><p>Trece polic\u00edas del sexo masculino denunciados por la represi\u00f3n violenta a la protesta feminista en Canc\u00fan siguen libres a casi dos a\u00f1os del evento donde tres manifestantes fueron baleadas. Una mujer polic\u00eda es la \u00fanica detenida<\/p><\/blockquote>\n<p>QUINTANA ROO.- Despu\u00e9s de casi dos a\u00f1os del 9N, de aquella represi\u00f3n de una manifestaci\u00f3n feminista frente al Palacio Municipal de Canc\u00fan que termin\u00f3 con tres heridos de bala, una polic\u00eda que particip\u00f3 en los hechos fue detenida y recluida.<\/p>\n<p>Wendy Galarza, una de las sobrevivientes de los hechos, inform\u00f3 que el pasado s\u00e1bado las autoridades detuvieron a la mujer en Canc\u00fan, quien fue trasladada al Centro de Readaptaci\u00f3n Social (Cereso), localizado en esta ciudad tur\u00edstica. Es la \u00fanica de los 14 elementos denunciados que se encuentra en prisi\u00f3n.<\/p>\n<p>La detenci\u00f3n se deriva de una de las tres carpetas de investigaci\u00f3n que existe, con n\u00famero de identificaci\u00f3n 765-2020, interpuesta por la Comisi\u00f3n Ejecutiva de Atenci\u00f3n a V\u00edctimas del Estado de Quintana Roo (Ceaveqroo), quien denunci\u00f3 a 11 polic\u00edas, entre los que figura Nancy, la detenida.<\/p>\n<p>Se detuvo tras m\u00e1s de 21 meses de los hechos y para efectos de que pase en prisi\u00f3n preventiva el proceso judicial, que se encuentra en etapa intermedia.<\/p>\n<p>El d\u00eda del 9N<\/p>\n<p>El 8 de noviembre de 2020 se inform\u00f3 sobre el hallazgo del cuerpo de Bianca Alejandrina, conocida por sus amigas como \u201cAlexis\u201d, en condiciones indecibles, en dos bolsas negras tiradas en la periferia de Canc\u00fan.<\/p>\n<p>Un d\u00eda despu\u00e9s, el 9 de noviembre (\u00ab9N\u00bb), se realiz\u00f3 una manifestaci\u00f3n convocada por organizaciones feministas, en la que participaron solo mujeres, la mayor\u00eda j\u00f3venes menores de edad. <\/p>\n<p>Se reunieron en el kil\u00f3metro 0 del Boulevard Kukulk\u00e1n, que es la entrada a la zona hotelera de Canc\u00fan, y el plan era marchar hacia la Vicefiscal\u00eda General del Estado.<\/p>\n<p>Condolidas, entre l\u00e1grimas y caras desencajadas, m\u00e1s de 300 mujeres salieron a exigir un alto a la violencia feminicida y a clamar justicia para \u201cAlexis\u201d y las otras 23 mujeres asesinadas en el estado en lo que iba del 2020.<\/p>\n<p>Pero era tanta la rabia que, de manera ins\u00f3lita, la protesta se torn\u00f3 \u00e1lgida, violenta.<\/p>\n<p>A las pintas en la Vicefiscal\u00eda se sum\u00f3 la destrucci\u00f3n del escudo que colgaba en la pared de la instituci\u00f3n; el incendio de una carpa instalada en la entrada, alimentado con cualquier desecho que encontraban a su paso; el intento de derrumbe de la puerta de la dependencia, y gritos a voz en cuello de parte de amigos de la v\u00edctima y de desconocidos.<\/p>\n<p>Como la furia colectiva no cesaba, el contingente se moviliz\u00f3 hacia el Ayuntamiento para reclamar justicia, ahora al gobierno local, que ya no alcanz\u00f3 a tapiar todas las entradas del edificio.<\/p>\n<p>Una vez en la explanada, las manifestantes pintaron m\u00e1s consignas en las paredes, rompieron los vidrios, quitaron las maderas que tapaban la entrada, ingresaron al recinto y extrajeron cajas con varios documentos a los que prendieron fuego. Fue en ese momento, a las 19:55 horas, cuando m\u00e1s de 70 polic\u00edas \u2013adscritos al Mando \u00danico estatal\u2013 irrumpieron desde un costado del Ayuntamiento con detonaciones de armas cortas y largas, al aire y en contra de la multitud, que sali\u00f3 en estampida. Los inmovilizados por el terror y los m\u00e1s desprevenidos fueron aporreados por los agentes.<\/p>\n<p>Esa noche, los elementos de seguridad que disolvieron la protesta retuvieron a siete mujeres, a quienes empujaron, les jalaron el cabello, robaron sus pertenencias, propinaron macanazos, golpes con escudos, arrodillaron, tocaron e intentaron violar en el interior del Palacio Municipal, seg\u00fan consta en la queja por violaci\u00f3n a los derechos humanos. El uso desmedido de la fuerza p\u00fablica tambi\u00e9n dej\u00f3 como saldo otros tantos lesionados y tres heridos de bala: dos reporteros de la fuente polic\u00edaca y la propia Wendy Galarza.<\/p>\n<p>Y desde entonces no hay ning\u00fan sentenciado. La justicia no llega a\u00fan.<br \/>\nLargo proceso judicial<\/p>\n<p>Por los hechos hay tres carpetas de investigaci\u00f3n. La primera que se judicializ\u00f3 fue la que lleva Ceaveqroo, donde se acusa a 11 polic\u00edas. <\/p>\n<p>\u201cPero las audiencias se hab\u00edan diferido porque, primero, no terminaba de resolverse el amparo que tramitaron los polic\u00edas. A nueve de los polic\u00edas les concedieron el amparo que interpusieron en contra de la medida cautelar oficiosa, de prisi\u00f3n preventiva, dictada desde marzo de 2021\u201d, cuenta Galarza.<\/p>\n<p>Entre esos polic\u00edas se encuentra Eduardo Santamar\u00eda, quien se desempe\u00f1aba como secretario de Seguridad P\u00fablica en Canc\u00fan y que estuvo presente en el operativo.<\/p>\n<p>\u201cPero los otros dos polic\u00edas llevan abogados diferentes. Y aunque tramitaron tambi\u00e9n por separado amparos contra la medida cautelar, a ellos no se los conceden\u201d, dice Wendy.<\/p>\n<p>Como no se los conceden, prosigue, ambos alegan que contrajeron Covid y se ausentan de varias de las audiencias.<\/p>\n<p>\u201cHace dos semanas nos convocaron ya a una audiencia intermedia, pero tampoco se presentaron. Y yo creo que fue por la presi\u00f3n que les est\u00e1bamos haciendo a la Fiscal\u00eda General del Estado, porque deb\u00edan cumplir con la prisi\u00f3n preventiva, que detuvieron a Nancy\u201d, dice Wendy.<\/p>\n<p>    \u201cPero me siento con emociones encontradas, porque qu\u00e9 casualidad que a la \u00fanica mujer es a la que detienen y los dem\u00e1s polic\u00edas hombres, incluido Santamar\u00eda, est\u00e1n libres\u201d.<br \/>\n    Wendy Galarza.<\/p>\n<p>En tanto, la defensa del grupo de los ocho polic\u00edas solicit\u00f3 al juez suspensi\u00f3n condicional, a fin de no pasar a etapa intermedia porque el caso \u201cno era delito grave y porque preve\u00edan que se pod\u00eda llegar a un acuerdo con las v\u00edctimas\u201d.<\/p>\n<p>\u201cLa defensa pide la suspensi\u00f3n condicional porque dicen que nosotros ya estamos reparados de los hechos. Y que tan es as\u00ed que Ceaveqroo ya nos dio la reparaci\u00f3n econ\u00f3mica. Lo que no contaban ellos es que nosotros est\u00e1bamos amparados contra el dictamen de reparaci\u00f3n del da\u00f1o dictado por Ceaveqroo, por lo mal que est\u00e1. Y por eso el juez no se lo concede\u201d, dice.<\/p>\n<p>Una segunda carpeta de investigaci\u00f3n es contra otros tres polic\u00edas que supuestamente participaron en los hechos. <\/p>\n<p>Y la tercera se interpuso contra el gobernador de Quintana Roo, Carlos Joaqu\u00edn Gonz\u00e1lez; la entonces presidente municipal de Canc\u00fan, hoy gobernadora electa, la morenista \u201cMara\u201d Lezama. Sin embargo, la FGE decidi\u00f3 unilateralmente cerrar esta carpeta. <\/p>\n<p>    \u201cDesde hace cinco meses nosotros exig\u00edamos a la Fiscal\u00eda que nos diera informes de la carpeta. \u00bfD\u00f3nde est\u00e1 esa carpeta?, les preguntamos varias veces. Queremos saber c\u00f3mo va esa carpeta, les repet\u00edamos y repet\u00edamos, pero nunca nos informaban. Y es hasta que Amnist\u00eda Internacional solicit\u00f3 informaci\u00f3n, que informaron que ya la hab\u00edan cerrado. As\u00ed, sin informarnos nada\u201d, se queja Wendy.<\/p>\n<p>\u201cNo s\u00e9 c\u00f3mo le vamos a hacer, pero queremos reabrirla\u201d, a\u00f1ade.<\/p>\n<p><a href=\"https:\/\/piedepagina.mx\/una-mujer-es-la-unica-policia-detenida-por-represion-a-feministas-en-cancun\/\" rel=\"noopener\" target=\"_blank\">https:\/\/piedepagina.mx\/una-mujer-es-la-unica-policia-detenida-por-represion-a-feministas-en-cancun\/<\/a><\/p>\n","protected":false},"excerpt":{"rendered":"<p>Texto: Ricardo Hern\u00e1ndez \/ Foto: Elizabeth Ruiz \/ Cuartoscuro \/ Pie de P\u00e1gina Trece polic\u00edas del sexo masculino denunciados por la represi\u00f3n violenta a la protesta feminista en Canc\u00fan siguen &hellip; <a href=\"https:\/\/www.grieta.org.mx\/index.php\/2022\/08\/21\/una-mujer-es-la-unica-policia-detenida-por-represion-a-feministas-en-cancun-quintana-roo\/\" class=\"more-link\">Leer m\u00e1s<\/a><\/p>\n","protected":false},"author":2,"featured_media":64980,"comment_status":"closed","ping_status":"closed","sticky":false,"template":"","format":"standard","meta":{"ngg_post_thumbnail":0,"_jetpack_newsletter_access":"","_jetpack_dont_email_post_to_subs":false,"_jetpack_newsletter_tier_id":0,"_jetpack_memberships_contains_paywalled_content":false,"_jetpack_memberships_contains_paid_content":false,"footnotes":""},"categories":[2809,80,1340,3169,2,28],"tags":[3473,3637],"class_list":["post-64979","post","type-post","status-publish","format-standard","has-post-thumbnail","hentry","category-abuso-policiaco-en-quintana-roo","category-cintillo","category-feminicidios-en-quintana-roo","category-lucha-de-las-mujeres-en-quintana-roo","category-noticias-nacionales","category-quintana-roo","tag-impunidad-policiaca","tag-represion-contra-feministas","entry"],"jetpack_featured_media_url":"https:\/\/www.grieta.org.mx\/wp-content\/uploads\/2022\/08\/Cancun9N-e1661820027108.png","jetpack_sharing_enabled":true,"jetpack_shortlink":"https:\/\/wp.me\/p7ZJR4-gU3","jetpack_likes_enabled":false,"jetpack-related-posts":[{"id":56198,"url":"https:\/\/www.grieta.org.mx\/index.php\/2021\/01\/09\/feministas-se-manifiestan-para-recordar-represion-policial-en-cancun\/","url_meta":{"origin":64979,"position":0},"title":"Feministas se manifiestan para recordar represi\u00f3n policial en Canc\u00fan","author":"grieta","date":"9 enero, 2021","format":false,"excerpt":"Alonso Cupul \/ MegaNews CANC\u00daN.- Nuevamente el Palacio Municipal de Benito Ju\u00e1rez y la Plaza de la Reforma, se convirtieron en el escenario de una manifestaci\u00f3n feminista para recordar la represi\u00f3n policial del pasado 9 de noviembre del 2020, cuando decenas de mujeres y hombres ped\u00edan justicia por los feminicidios.\u2026","rel":"","context":"En &quot;CINTILLO&quot;","block_context":{"text":"CINTILLO","link":"https:\/\/www.grieta.org.mx\/index.php\/category\/cintillo\/"},"img":{"alt_text":"","src":"https:\/\/i0.wp.com\/www.grieta.org.mx\/wp-content\/uploads\/2021\/01\/FeministasCancun.png?resize=350%2C200&ssl=1","width":350,"height":200,"srcset":"https:\/\/i0.wp.com\/www.grieta.org.mx\/wp-content\/uploads\/2021\/01\/FeministasCancun.png?resize=350%2C200&ssl=1 1x, https:\/\/i0.wp.com\/www.grieta.org.mx\/wp-content\/uploads\/2021\/01\/FeministasCancun.png?resize=525%2C300&ssl=1 1.5x, https:\/\/i0.wp.com\/www.grieta.org.mx\/wp-content\/uploads\/2021\/01\/FeministasCancun.png?resize=700%2C400&ssl=1 2x"},"classes":[]},{"id":65720,"url":"https:\/\/www.grieta.org.mx\/index.php\/2022\/11\/17\/la-represion-del-9n-en-cancun-una-herida-que-no-se-cura-quintana-roo\/","url_meta":{"origin":64979,"position":1},"title":"La represi\u00f3n del 9N en Canc\u00fan, una herida que no se cura (Quintana Roo)","author":"grieta","date":"17 noviembre, 2022","format":false,"excerpt":"Octavio Mart\u00ednez \/ Revista Proceso A dos a\u00f1os de la agresi\u00f3n policial armada cometida contra manifestantes y periodistas en la explanada del palacio municipal de Benito Ju\u00e1rez, s\u00f3lo una agente de polic\u00eda se encuentra detenida. Para las v\u00edctimas, la apuesta de la entonces alcaldesa y ahora gobernadora, Mara Lezama, es\u2026","rel":"","context":"En &quot;Abuso policiaco en Quintana Roo&quot;","block_context":{"text":"Abuso policiaco en Quintana Roo","link":"https:\/\/www.grieta.org.mx\/index.php\/category\/noticias-nacionales\/quintana-roo\/abuso-policiaco-en-quintana-roo\/"},"img":{"alt_text":"","src":"https:\/\/i0.wp.com\/www.grieta.org.mx\/wp-content\/uploads\/2022\/11\/Cancun9n-e1668953087965.jpg?resize=350%2C200&ssl=1","width":350,"height":200,"srcset":"https:\/\/i0.wp.com\/www.grieta.org.mx\/wp-content\/uploads\/2022\/11\/Cancun9n-e1668953087965.jpg?resize=350%2C200&ssl=1 1x, https:\/\/i0.wp.com\/www.grieta.org.mx\/wp-content\/uploads\/2022\/11\/Cancun9n-e1668953087965.jpg?resize=525%2C300&ssl=1 1.5x, https:\/\/i0.wp.com\/www.grieta.org.mx\/wp-content\/uploads\/2022\/11\/Cancun9n-e1668953087965.jpg?resize=700%2C400&ssl=1 2x"},"classes":[]},{"id":54944,"url":"https:\/\/www.grieta.org.mx\/index.php\/2020\/11\/10\/represion-policiaca-de-protesta-en-cancun-fue-planeada-red-feminista\/","url_meta":{"origin":64979,"position":2},"title":"Represi\u00f3n policiaca de protesta en Canc\u00fan fue planeada: Red Feminista","author":"grieta","date":"10 noviembre, 2020","format":false,"excerpt":"Foto Claroscuro Animal Pol\u00edtico Feministas exigieron al gobierno de Quintana Roo la destituci\u00f3n de Alberto Capella, as\u00ed como una disculpa p\u00fablica y la reparaci\u00f3n del da\u00f1o a todas las v\u00edctimas de la brutalidad policiaca. La Red Feminista Quintanarroense afirm\u00f3 que la dispersi\u00f3n con balazos de la protesta que se realiz\u00f3\u2026","rel":"","context":"En &quot;Abuso policiaco en Quintana Roo&quot;","block_context":{"text":"Abuso policiaco en Quintana Roo","link":"https:\/\/www.grieta.org.mx\/index.php\/category\/noticias-nacionales\/quintana-roo\/abuso-policiaco-en-quintana-roo\/"},"img":{"alt_text":"","src":"https:\/\/i0.wp.com\/www.grieta.org.mx\/wp-content\/uploads\/2020\/11\/policia_cancun_disparos_protesta-e1605206205211.jpeg?resize=350%2C200&ssl=1","width":350,"height":200,"srcset":"https:\/\/i0.wp.com\/www.grieta.org.mx\/wp-content\/uploads\/2020\/11\/policia_cancun_disparos_protesta-e1605206205211.jpeg?resize=350%2C200&ssl=1 1x, https:\/\/i0.wp.com\/www.grieta.org.mx\/wp-content\/uploads\/2020\/11\/policia_cancun_disparos_protesta-e1605206205211.jpeg?resize=525%2C300&ssl=1 1.5x, https:\/\/i0.wp.com\/www.grieta.org.mx\/wp-content\/uploads\/2020\/11\/policia_cancun_disparos_protesta-e1605206205211.jpeg?resize=700%2C400&ssl=1 2x"},"classes":[]},{"id":54904,"url":"https:\/\/www.grieta.org.mx\/index.php\/2020\/11\/10\/la-policia-de-cancun-disuelve-a-tiros-una-manifestacion-feminista\/","url_meta":{"origin":64979,"position":3},"title":"La polic\u00eda de Canc\u00fan disuelve a tiros una manifestaci\u00f3n feminista","author":"grieta","date":"10 noviembre, 2020","format":false,"excerpt":"Jacobo Garc\u00eda \/ El Pa\u00eds Los agentes irrumpen con las armas en la mano y gritos de \u201dahora si van a valer madres las pinches mujeres\". Dos periodistas son atendidos por heridas de bala Un grupo de unos 50 polic\u00edas municipales de Canc\u00fan disolvieron a tiros este lunes una manifestaci\u00f3n\u2026","rel":"","context":"En &quot;Abuso policiaco en Quintana Roo&quot;","block_context":{"text":"Abuso policiaco en Quintana Roo","link":"https:\/\/www.grieta.org.mx\/index.php\/category\/noticias-nacionales\/quintana-roo\/abuso-policiaco-en-quintana-roo\/"},"img":{"alt_text":"","src":"https:\/\/i0.wp.com\/www.grieta.org.mx\/wp-content\/uploads\/2018\/03\/14524434_1106112876131411_958039263622046936_o.jpg?resize=350%2C200&ssl=1","width":350,"height":200,"srcset":"https:\/\/i0.wp.com\/www.grieta.org.mx\/wp-content\/uploads\/2018\/03\/14524434_1106112876131411_958039263622046936_o.jpg?resize=350%2C200&ssl=1 1x, https:\/\/i0.wp.com\/www.grieta.org.mx\/wp-content\/uploads\/2018\/03\/14524434_1106112876131411_958039263622046936_o.jpg?resize=525%2C300&ssl=1 1.5x, https:\/\/i0.wp.com\/www.grieta.org.mx\/wp-content\/uploads\/2018\/03\/14524434_1106112876131411_958039263622046936_o.jpg?resize=700%2C400&ssl=1 2x"},"classes":[]},{"id":54901,"url":"https:\/\/www.grieta.org.mx\/index.php\/2020\/11\/10\/dispersan-entre-balazos-protesta-contra-feminicidio-en-q-roo\/","url_meta":{"origin":64979,"position":4},"title":"Dispersan entre balazos protesta contra feminicidio en Q.Roo","author":"grieta","date":"10 noviembre, 2020","format":false,"excerpt":"Adriana Varillas \/ El Universal Canc\u00fan.\u2014 Polic\u00edas municipales de Canc\u00fan dispararon al aire durante varios minutos para dispersar a un grupo de manifestantes, quienes protestaban a las afueras del Palacio de Gobierno en contra de la violencia de g\u00e9nero y para condenar el feminicidio de la joven Alexis, de 20\u2026","rel":"","context":"En &quot;Abuso policiaco en Quintana Roo&quot;","block_context":{"text":"Abuso policiaco en Quintana Roo","link":"https:\/\/www.grieta.org.mx\/index.php\/category\/noticias-nacionales\/quintana-roo\/abuso-policiaco-en-quintana-roo\/"},"img":{"alt_text":"","src":"https:\/\/i0.wp.com\/www.grieta.org.mx\/wp-content\/uploads\/2020\/11\/RepresionCancun.png?resize=350%2C200&ssl=1","width":350,"height":200,"srcset":"https:\/\/i0.wp.com\/www.grieta.org.mx\/wp-content\/uploads\/2020\/11\/RepresionCancun.png?resize=350%2C200&ssl=1 1x, https:\/\/i0.wp.com\/www.grieta.org.mx\/wp-content\/uploads\/2020\/11\/RepresionCancun.png?resize=525%2C300&ssl=1 1.5x"},"classes":[]},{"id":68150,"url":"https:\/\/www.grieta.org.mx\/index.php\/2023\/11\/09\/persiste-la-exigencia-de-justicia-a-tres-anos-del-9n-de-cancun-no-hay-ningun-detenido-por-la-represion-a-balazos-frente-al-palacio-municipal-quintana-roo\/","url_meta":{"origin":64979,"position":5},"title":"Persiste la exigencia de justicia a tres a\u00f1os del 9N de Canc\u00fan: No hay ning\u00fan detenido por la represi\u00f3n a balazos frente al Palacio Municipal (Quintana Roo)","author":"grieta","date":"9 noviembre, 2023","format":false,"excerpt":"Noticaribe CANC\u00daN, MX.- Esta noche, un grupo de ciudadanos se congreg\u00f3 para conmemorar los tres a\u00f1os de la represi\u00f3n a balazos de una manifestaci\u00f3n afuera del Palacio Municipal, el 9 de noviembre de 2020, incidente conocido como 9N. All\u00ed, el llamado Comit\u00e9 de V\u00edctimas lament\u00f3 la falta de justicia, toda\u2026","rel":"","context":"En &quot;Abuso policiaco en Quintana Roo&quot;","block_context":{"text":"Abuso policiaco en Quintana Roo","link":"https:\/\/www.grieta.org.mx\/index.php\/category\/noticias-nacionales\/quintana-roo\/abuso-policiaco-en-quintana-roo\/"},"img":{"alt_text":"","src":"https:\/\/i0.wp.com\/www.grieta.org.mx\/wp-content\/uploads\/2023\/11\/9N-e1700524705321.jpg?resize=350%2C200&ssl=1","width":350,"height":200,"srcset":"https:\/\/i0.wp.com\/www.grieta.org.mx\/wp-content\/uploads\/2023\/11\/9N-e1700524705321.jpg?resize=350%2C200&ssl=1 1x, https:\/\/i0.wp.com\/www.grieta.org.mx\/wp-content\/uploads\/2023\/11\/9N-e1700524705321.jpg?resize=525%2C300&ssl=1 1.5x, https:\/\/i0.wp.com\/www.grieta.org.mx\/wp-content\/uploads\/2023\/11\/9N-e1700524705321.jpg?resize=700%2C400&ssl=1 2x"},"classes":[]}],"_links":{"self":[{"href":"https:\/\/www.grieta.org.mx\/index.php\/wp-json\/wp\/v2\/posts\/64979","targetHints":{"allow":["GET"]}}],"collection":[{"href":"https:\/\/www.grieta.org.mx\/index.php\/wp-json\/wp\/v2\/posts"}],"about":[{"href":"https:\/\/www.grieta.org.mx\/index.php\/wp-json\/wp\/v2\/types\/post"}],"author":[{"embeddable":true,"href":"https:\/\/www.grieta.org.mx\/index.php\/wp-json\/wp\/v2\/users\/2"}],"replies":[{"embeddable":true,"href":"https:\/\/www.grieta.org.mx\/index.php\/wp-json\/wp\/v2\/comments?post=64979"}],"version-history":[{"count":1,"href":"https:\/\/www.grieta.org.mx\/index.php\/wp-json\/wp\/v2\/posts\/64979\/revisions"}],"predecessor-version":[{"id":64981,"href":"https:\/\/www.grieta.org.mx\/index.php\/wp-json\/wp\/v2\/posts\/64979\/revisions\/64981"}],"wp:featuredmedia":[{"embeddable":true,"href":"https:\/\/www.grieta.org.mx\/index.php\/wp-json\/wp\/v2\/media\/64980"}],"wp:attachment":[{"href":"https:\/\/www.grieta.org.mx\/index.php\/wp-json\/wp\/v2\/media?parent=64979"}],"wp:term":[{"taxonomy":"category","embeddable":true,"href":"https:\/\/www.grieta.org.mx\/index.php\/wp-json\/wp\/v2\/categories?post=64979"},{"taxonomy":"post_tag","embeddable":true,"href":"https:\/\/www.grieta.org.mx\/index.php\/wp-json\/wp\/v2\/tags?post=64979"}],"curies":[{"name":"wp","href":"https:\/\/api.w.org\/{rel}","templated":true}]}}