{"id":64944,"date":"2022-08-25T14:54:38","date_gmt":"2022-08-25T19:54:38","guid":{"rendered":"https:\/\/www.grieta.org.mx\/?p=64944"},"modified":"2022-08-28T15:10:04","modified_gmt":"2022-08-28T20:10:04","slug":"cuestionan-feministas-credibilidad-de-peritajes-contra-luz-raquel-jalisco","status":"publish","type":"post","link":"https:\/\/www.grieta.org.mx\/index.php\/2022\/08\/25\/cuestionan-feministas-credibilidad-de-peritajes-contra-luz-raquel-jalisco\/","title":{"rendered":"Cuestionan feministas credibilidad de peritajes contra Luz Raquel (Jalisco)"},"content":{"rendered":"<p>Imagen: Especial<\/p>\n<p>Juan Levario \/ El Diario NTR<\/p>\n<p>La Fiscal\u00eda del Estado no tiene credibilidad al presentar peritajes contra Luz Raquel Padilla y se necesitan dict\u00e1menes independientes, enfatiz\u00f3 la feminista Belinda Aceves Becerra.<\/p>\n<p>La activista fundadora de la colectiva Abuelas Brujas y Sabias anticip\u00f3 que la Fiscal\u00eda General de la Rep\u00fablica (FGR) tendr\u00e1 que hacer un an\u00e1lisis de lo investigado hasta ahora por la instancia local, pues desde el inicio se han enfocado en culpar a la fallecida por su muerte.<\/p>\n<p>\u201cNo estamos contentas, ni satisfechas, ni creemos los discursos que est\u00e1n diciendo de que ella hizo todo, lo prepararon para decir que ella se suicid\u00f3. Creemos que hace falta otras voces m\u00e1s fidedignas, no una sola voz del peritaje, sino necesitamos que existan y haya dos o tres peritos o peritas especialistas en grafolog\u00eda y dem\u00e1s para que puedan dar otros testimonios, pero que no sean de la Fiscal\u00eda de Jalisco\u201d.<\/p>\n<p>\u201cQue se vaya el caso y se jale como lo han pedido otras muchas y lo pedimos y exigimos las feministas, que se vayan a nivel federal para que lo investiguen, lo jalen, lo atraigan y puedan entrar otros peritos a este an\u00e1lisis. Estamos muy muy molestas, muy insatisfechas, una ira que ni la gente m\u00e1s sencilla que no conozca de la impartici\u00f3n de justicia cree esta forma de violentarse\u201d, recalc\u00f3.<\/p>\n<p>Para Aceves Becerra, la Fiscal\u00eda del Estado se ha caracterizado por una forma inadecuada de investigar el caso y han tapado las omisiones que existieron desde que Luz Raquel acudi\u00f3 a pedir protecci\u00f3n a Zapopan.<\/p>\n<p>Cuestion\u00f3 la rapidez con que la Fiscal\u00eda busc\u00f3 la manera de cerrar el caso con su versi\u00f3n de suicidio, cuando en otras investigaciones se tardan meses.<\/p>\n<p>\u201cVuelve a ser un caso impune, o sea, se va sin la aplicaci\u00f3n adecuada de la ley primero. No nos deja vulnerables, o sea, si lo que quieren o\u00edr es que estamos tristes deprimidas y tristes, hay dolor, hay tristeza, pero nos estamos organizando m\u00e1s\u201d, abund\u00f3.<\/p>\n<p>\u201cEste caso deja una herida, deja un dolor, pero hemos aprendido que de los dolores se saca fuerza, se saca informaci\u00f3n\u201d, reflexion\u00f3, \u201cpor ejemplo en Zapopan lo que tendr\u00edan que haber hecho y no hicieron adecuado en la prevenci\u00f3n de las violencias, todo el hueco que dejaron de hacer prevenci\u00f3n sin perspectiva de g\u00e9nero para ver si esto fue un problema vecinal, ten\u00edan que haber aplicado la mirada entre los vecinos para no llegar a tanto\u201d.<\/p>\n<p>La rabia que hace sentir la muerte de Luz Raquel ha motivado a las mujeres a reunirse para leer y para hablar del cuidado que se dan entre ellas para sustituir el que no reciben de las autoridades.<\/p>\n<p><a href=\"https:\/\/www.ntrguadalajara.com\/post.php?id_nota=186535\">https:\/\/www.ntrguadalajara.com\/post.php?id_nota=186535<\/a><\/p>\n","protected":false},"excerpt":{"rendered":"<p>Imagen: Especial Juan Levario \/ El Diario NTR La Fiscal\u00eda del Estado no tiene credibilidad al presentar peritajes contra Luz Raquel Padilla y se necesitan dict\u00e1menes independientes, enfatiz\u00f3 la feminista &hellip; <a href=\"https:\/\/www.grieta.org.mx\/index.php\/2022\/08\/25\/cuestionan-feministas-credibilidad-de-peritajes-contra-luz-raquel-jalisco\/\" class=\"more-link\">Leer m\u00e1s<\/a><\/p>\n","protected":false},"author":2,"featured_media":64945,"comment_status":"closed","ping_status":"closed","sticky":false,"template":"","format":"standard","meta":{"ngg_post_thumbnail":0,"_jetpack_newsletter_access":"","_jetpack_dont_email_post_to_subs":false,"_jetpack_newsletter_tier_id":0,"_jetpack_memberships_contains_paywalled_content":false,"_jetpack_memberships_contains_paid_content":false,"footnotes":""},"categories":[80,84,2107,20,2,83],"tags":[3042,2999,81,3660,3193,3148,1428],"class_list":["post-64944","post","type-post","status-publish","format-standard","has-post-thumbnail","hentry","category-cintillo","category-feminicidios","category-feminicidios-en-jalisco","category-jalisco","category-noticias-nacionales","category-temas-nacionales","tag-colectivos-feministas","tag-feminicidio-violencia-contra-las-mujeres","tag-feminicidios","tag-fiscalia","tag-lucha-contra-el-feminicidio","tag-lucha-feminista","tag-protestas-contra-el-feminicidio","entry"],"jetpack_featured_media_url":"https:\/\/www.grieta.org.mx\/wp-content\/uploads\/2022\/08\/2022-08-25_02-08-46___8262.jpg","jetpack_sharing_enabled":true,"jetpack_shortlink":"https:\/\/wp.me\/p7ZJR4-gTu","jetpack_likes_enabled":false,"jetpack-related-posts":[{"id":64061,"url":"https:\/\/www.grieta.org.mx\/index.php\/2022\/04\/23\/estamos-en-lucha-estamos-aca-colectivos-feministas-de-la-mercadita-resistencia-exigen-proteccion-jaisco\/","url_meta":{"origin":64944,"position":0},"title":"&#8220;Estamos en lucha, estamos ac\u00e1&#8221;: Colectivos Feministas de la Mercadita Resistencia exigen protecci\u00f3n (Jalisco)","author":"grieta","date":"23 abril, 2022","format":false,"excerpt":"Foto: Janeth Gonz\u00e1lez - El Occidental Janeth Gonz\u00e1lez \/El Occidental De nueva cuenta, al grito de \"estamos en lucha, estamos ac\u00e1\" un grupo de mujeres se manifiestan y cierran la avenida Vallarta, en Guadalajara, a la altura del Parque Rojo, para que la ciudadan\u00eda se entere de lo que sucede,\u2026","rel":"","context":"En &quot;CINTILLO&quot;","block_context":{"text":"CINTILLO","link":"https:\/\/www.grieta.org.mx\/index.php\/category\/cintillo\/"},"img":{"alt_text":"","src":"https:\/\/i0.wp.com\/www.grieta.org.mx\/wp-content\/uploads\/2022\/04\/manifestacio%CC%81n-debanhi.jpg?resize=350%2C200&ssl=1","width":350,"height":200,"srcset":"https:\/\/i0.wp.com\/www.grieta.org.mx\/wp-content\/uploads\/2022\/04\/manifestacio%CC%81n-debanhi.jpg?resize=350%2C200&ssl=1 1x, https:\/\/i0.wp.com\/www.grieta.org.mx\/wp-content\/uploads\/2022\/04\/manifestacio%CC%81n-debanhi.jpg?resize=525%2C300&ssl=1 1.5x, https:\/\/i0.wp.com\/www.grieta.org.mx\/wp-content\/uploads\/2022\/04\/manifestacio%CC%81n-debanhi.jpg?resize=700%2C400&ssl=1 2x"},"classes":[]},{"id":65210,"url":"https:\/\/www.grieta.org.mx\/index.php\/2022\/09\/10\/a-fiscalia-no-le-importan-las-muertes-violentas-de-mujeres-cladem-jalisco\/","url_meta":{"origin":64944,"position":1},"title":"A Fiscal\u00eda no le importan las muertes violentas de mujeres: Cladem Jalisco","author":"grieta","date":"10 septiembre, 2022","format":false,"excerpt":"Imagen: Cuartoscuro Redacci\u00f3n \/ EL Diario NTR A la Fiscal\u00eda de Jalisco no le importan las muertes violentas de las mujeres, adem\u00e1s de darles carpetazo a las investigaciones, no da seguimiento a menos que los familiares lo soliciten, denunci\u00f3 Sandra Qui\u00f1ones, coordinadora del Comit\u00e9 de Am\u00e9rica Latina y el Caribe\u2026","rel":"","context":"En &quot;CINTILLO&quot;","block_context":{"text":"CINTILLO","link":"https:\/\/www.grieta.org.mx\/index.php\/category\/cintillo\/"},"img":{"alt_text":"","src":"https:\/\/i0.wp.com\/www.grieta.org.mx\/wp-content\/uploads\/2022\/09\/2022-09-10_06-09-20___2337.jpg?resize=350%2C200&ssl=1","width":350,"height":200,"srcset":"https:\/\/i0.wp.com\/www.grieta.org.mx\/wp-content\/uploads\/2022\/09\/2022-09-10_06-09-20___2337.jpg?resize=350%2C200&ssl=1 1x, https:\/\/i0.wp.com\/www.grieta.org.mx\/wp-content\/uploads\/2022\/09\/2022-09-10_06-09-20___2337.jpg?resize=525%2C300&ssl=1 1.5x, https:\/\/i0.wp.com\/www.grieta.org.mx\/wp-content\/uploads\/2022\/09\/2022-09-10_06-09-20___2337.jpg?resize=700%2C400&ssl=1 2x"},"classes":[]},{"id":65135,"url":"https:\/\/www.grieta.org.mx\/index.php\/2022\/09\/03\/el-centro-de-guadalajara-fue-intervenido-con-la-leyenda-visitamexicofeminicida-jalisco\/","url_meta":{"origin":64944,"position":2},"title":"El Centro de Guadalajara fue Intervenido con la Leyenda #VisitaM\u00e9xicoFeminicida (Jalisco)","author":"grieta","date":"3 septiembre, 2022","format":false,"excerpt":"Imagen: Francisco Rodr\u00edguez V\u00edctor Ch\u00e1vez \/ El Occidental Colectivos cumplen el sue\u00f1o en vida de Debanhi Escobar, asesinada en Nuevo Le\u00f3n, e instalan por unos minutos lo que era parte de una campa\u00f1a de turismo y hoy promueve entidades con altos \u00edndices de feminicidio. La frase #VisitaM\u00e9xicoFeminicida se ha colocado\u2026","rel":"","context":"En &quot;CINTILLO&quot;","block_context":{"text":"CINTILLO","link":"https:\/\/www.grieta.org.mx\/index.php\/category\/cintillo\/"},"img":{"alt_text":"","src":"https:\/\/i0.wp.com\/www.grieta.org.mx\/wp-content\/uploads\/2022\/09\/Mexico-Feminicida.jpg?resize=350%2C200&ssl=1","width":350,"height":200,"srcset":"https:\/\/i0.wp.com\/www.grieta.org.mx\/wp-content\/uploads\/2022\/09\/Mexico-Feminicida.jpg?resize=350%2C200&ssl=1 1x, https:\/\/i0.wp.com\/www.grieta.org.mx\/wp-content\/uploads\/2022\/09\/Mexico-Feminicida.jpg?resize=525%2C300&ssl=1 1.5x, https:\/\/i0.wp.com\/www.grieta.org.mx\/wp-content\/uploads\/2022\/09\/Mexico-Feminicida.jpg?resize=700%2C400&ssl=1 2x"},"classes":[]},{"id":53613,"url":"https:\/\/www.grieta.org.mx\/index.php\/2020\/09\/16\/colectivas-feministas-realizan-antigrita-en-guadalajara-jalisco\/","url_meta":{"origin":64944,"position":3},"title":"Colectivas feministas realizan Antigrita en Guadalajara (Jalisco)","author":"grieta","date":"16 septiembre, 2020","format":false,"excerpt":"Fotograf\u00edas: Mario Marlo Mario Marlo \/ Somos el Medio Guadalajara, 16 de septiembre. Esta tarde en la Glorieta de los y las Jaliscienses Ilustres, en Guadalajara, mujeres realizaron \u00abLa Antigrita\u00bb donde exigieron justicia por los feminicidios y las desapariciones en este estado. Las colectivas feministas que se reunieron en este\u2026","rel":"","context":"En &quot;CINTILLO&quot;","block_context":{"text":"CINTILLO","link":"https:\/\/www.grieta.org.mx\/index.php\/category\/cintillo\/"},"img":{"alt_text":"","src":"https:\/\/i0.wp.com\/www.grieta.org.mx\/wp-content\/uploads\/2020\/09\/Antigrita-5-1068x704-1.jpg?resize=350%2C200&ssl=1","width":350,"height":200,"srcset":"https:\/\/i0.wp.com\/www.grieta.org.mx\/wp-content\/uploads\/2020\/09\/Antigrita-5-1068x704-1.jpg?resize=350%2C200&ssl=1 1x, https:\/\/i0.wp.com\/www.grieta.org.mx\/wp-content\/uploads\/2020\/09\/Antigrita-5-1068x704-1.jpg?resize=525%2C300&ssl=1 1.5x, https:\/\/i0.wp.com\/www.grieta.org.mx\/wp-content\/uploads\/2020\/09\/Antigrita-5-1068x704-1.jpg?resize=700%2C400&ssl=1 2x, https:\/\/i0.wp.com\/www.grieta.org.mx\/wp-content\/uploads\/2020\/09\/Antigrita-5-1068x704-1.jpg?resize=1050%2C600&ssl=1 3x"},"classes":[]},{"id":65804,"url":"https:\/\/www.grieta.org.mx\/index.php\/2022\/11\/26\/estado-feminicida-denuncian-colectivos-feministas-vallarta-entre-los-municipios-con-mas-feminicidios-del-pais-jalisco\/","url_meta":{"origin":64944,"position":4},"title":"\u201cEstado feminicida\u201d denuncian colectivos feministas, Vallarta entre los municipios con mas feminicidios del pa\u00eds (Jalisco)","author":"grieta","date":"26 noviembre, 2022","format":false,"excerpt":"Imagen: Tribuna de la Bah\u00eda Carolina G\u00f3mez Agui\u00f1aga \/ Tribuna de la Bah\u00eda Como \u201cEstado feminicida\u201d calificaron los colectivos feministas de Puerto Vallarta a Jalisco durante la marcha que realizaron del Parque de las Mujeres a Los Arcos del Malec\u00f3n en el D\u00eda Internacional de la Eliminaci\u00f3n de la Violencia\u2026","rel":"","context":"En &quot;CINTILLO&quot;","block_context":{"text":"CINTILLO","link":"https:\/\/www.grieta.org.mx\/index.php\/category\/cintillo\/"},"img":{"alt_text":"","src":"https:\/\/i0.wp.com\/www.grieta.org.mx\/wp-content\/uploads\/2022\/11\/marcha-feminista-25-noviembre-2-cover.jpg?resize=350%2C200&ssl=1","width":350,"height":200,"srcset":"https:\/\/i0.wp.com\/www.grieta.org.mx\/wp-content\/uploads\/2022\/11\/marcha-feminista-25-noviembre-2-cover.jpg?resize=350%2C200&ssl=1 1x, https:\/\/i0.wp.com\/www.grieta.org.mx\/wp-content\/uploads\/2022\/11\/marcha-feminista-25-noviembre-2-cover.jpg?resize=525%2C300&ssl=1 1.5x, https:\/\/i0.wp.com\/www.grieta.org.mx\/wp-content\/uploads\/2022\/11\/marcha-feminista-25-noviembre-2-cover.jpg?resize=700%2C400&ssl=1 2x"},"classes":[]},{"id":66466,"url":"https:\/\/www.grieta.org.mx\/index.php\/2023\/03\/08\/puerto-vallarta-mas-de-mil-500-mujeres-alzan-la-voz-en-el-puerto-y-exigen-seguridad-jalisco\/","url_meta":{"origin":64944,"position":5},"title":"Puerto Vallarta: M\u00e1s de mil 500 mujeres alzan la voz en el puerto y exigen seguridad (Jalisco)","author":"grieta","date":"8 marzo, 2023","format":false,"excerpt":"Imagen: Cortes\u00eda V\u00edctor Ch\u00e1vez \/ El Occidental En\u00a0Puerto Vallarta, Jalisco, donde en los \u00faltimos 7 a\u00f1os se han dado casi 10 feminicidios por a\u00f1o, m\u00e1s de mil 500 mujeres, principalmente estudiantes, marchan esta tarde hacia la zona tur\u00edstica, dejando a su paso consignas y reclamos sobre la inseguridad que se\u2026","rel":"","context":"En &quot;CINTILLO&quot;","block_context":{"text":"CINTILLO","link":"https:\/\/www.grieta.org.mx\/index.php\/category\/cintillo\/"},"img":{"alt_text":"","src":"https:\/\/i0.wp.com\/www.grieta.org.mx\/wp-content\/uploads\/2023\/03\/Marcha-8M-en-Puerto-Vallarta-Jalisco.jpg?resize=350%2C200&ssl=1","width":350,"height":200,"srcset":"https:\/\/i0.wp.com\/www.grieta.org.mx\/wp-content\/uploads\/2023\/03\/Marcha-8M-en-Puerto-Vallarta-Jalisco.jpg?resize=350%2C200&ssl=1 1x, https:\/\/i0.wp.com\/www.grieta.org.mx\/wp-content\/uploads\/2023\/03\/Marcha-8M-en-Puerto-Vallarta-Jalisco.jpg?resize=525%2C300&ssl=1 1.5x, https:\/\/i0.wp.com\/www.grieta.org.mx\/wp-content\/uploads\/2023\/03\/Marcha-8M-en-Puerto-Vallarta-Jalisco.jpg?resize=700%2C400&ssl=1 2x"},"classes":[]}],"_links":{"self":[{"href":"https:\/\/www.grieta.org.mx\/index.php\/wp-json\/wp\/v2\/posts\/64944","targetHints":{"allow":["GET"]}}],"collection":[{"href":"https:\/\/www.grieta.org.mx\/index.php\/wp-json\/wp\/v2\/posts"}],"about":[{"href":"https:\/\/www.grieta.org.mx\/index.php\/wp-json\/wp\/v2\/types\/post"}],"author":[{"embeddable":true,"href":"https:\/\/www.grieta.org.mx\/index.php\/wp-json\/wp\/v2\/users\/2"}],"replies":[{"embeddable":true,"href":"https:\/\/www.grieta.org.mx\/index.php\/wp-json\/wp\/v2\/comments?post=64944"}],"version-history":[{"count":1,"href":"https:\/\/www.grieta.org.mx\/index.php\/wp-json\/wp\/v2\/posts\/64944\/revisions"}],"predecessor-version":[{"id":64946,"href":"https:\/\/www.grieta.org.mx\/index.php\/wp-json\/wp\/v2\/posts\/64944\/revisions\/64946"}],"wp:featuredmedia":[{"embeddable":true,"href":"https:\/\/www.grieta.org.mx\/index.php\/wp-json\/wp\/v2\/media\/64945"}],"wp:attachment":[{"href":"https:\/\/www.grieta.org.mx\/index.php\/wp-json\/wp\/v2\/media?parent=64944"}],"wp:term":[{"taxonomy":"category","embeddable":true,"href":"https:\/\/www.grieta.org.mx\/index.php\/wp-json\/wp\/v2\/categories?post=64944"},{"taxonomy":"post_tag","embeddable":true,"href":"https:\/\/www.grieta.org.mx\/index.php\/wp-json\/wp\/v2\/tags?post=64944"}],"curies":[{"name":"wp","href":"https:\/\/api.w.org\/{rel}","templated":true}]}}