{"id":64904,"date":"2022-08-15T11:07:05","date_gmt":"2022-08-15T16:07:05","guid":{"rendered":"https:\/\/www.grieta.org.mx\/?p=64904"},"modified":"2022-08-22T11:17:11","modified_gmt":"2022-08-22T16:17:11","slug":"mujeres-y-ninas-las-mayores-victimas-de-la-militarizacion-en-mexico","status":"publish","type":"post","link":"https:\/\/www.grieta.org.mx\/index.php\/2022\/08\/15\/mujeres-y-ninas-las-mayores-victimas-de-la-militarizacion-en-mexico\/","title":{"rendered":"Mujeres y ni\u00f1as: las mayores v\u00edctimas de la militarizaci\u00f3n en M\u00e9xico"},"content":{"rendered":"<p>M\u00f3nica Castro\/Infobae<br \/>\n15 agosto 2022<\/p>\n<blockquote><p>La historia en nuestro pa\u00eds, ha demostrado que es la poblaci\u00f3n femenina la que m\u00e1s ha sufrido las consecuencias de una pol\u00edtica de seguridad a cargo de las Fuerzas Armadas<\/p><\/blockquote>\n<p>El 3 y 4 de mayo de 2006, cuando Enrique Pe\u00f1a Nieto era gobernador del Estado de M\u00e9xico, elementos policiales de la entidad realizaron un operativo en San Salvador Atenco con la intenci\u00f3n de disolver el movimiento de protesta que surgi\u00f3 en rechazo a la construcci\u00f3n del Nuevo Aeropuerto Internacional de la Ciudad de M\u00e9xico que se pretend\u00eda construir en Texcoco.<\/p>\n<p>Durante el operativo, dos personas murieron, decenas de mujeres fueron abusadas y m\u00e1s de 200 personas fueron detenidas.<\/p>\n<p>Las mujeres no solo sufrieron la detenci\u00f3n ilegal y arbitraria por parte de polic\u00edas en el municipio de San Salvador Atenco y en Texcoco, sino que tambi\u00e9n sufrieron tortura f\u00edsica, psicol\u00f3gica y sexual, as\u00ed como falta de acceso a la justicia.<\/p>\n<p>El caso de Atenco se convirti\u00f3 en uno de los m\u00e1s emblem\u00e1ticos de M\u00e9xico en materia de violaci\u00f3n de derechos humanos e impunidad y puso en la mira de activistas y organizaciones feministas, a aquellas otras v\u00edctimas del uso excesivo de la fuerza militar: las mujeres.<\/p>\n<p>Este 12 de agosto el presidente Andr\u00e9s Manuel L\u00f3pez Obrador (AMLO) hizo p\u00fablica y expl\u00edcita su intenci\u00f3n de que el Ej\u00e9rcito y la Marina contin\u00faen de manera oficial sus labores en la seguridad del pa\u00eds, de ser necesario, realizando modificaciones a la ley.<\/p>\n<p>Al mismo tiempo, volvi\u00f3 a insistir en la importancia de que la Guardia Nacional (GN) se incorpore a la Secretar\u00eda de la Defensa Nacional (Sedena) y neg\u00f3 la posibilidad de que llegara \u201cotro Felipe Calder\u00f3n\u201d a declarar otra guerra contra el narcotr\u00e1fico.<\/p>\n<p>Sus declaraciones han vuelto el debate de la militarizaci\u00f3n a la discusi\u00f3n p\u00fablica y han encendido las alarmas, sobre todo para aquellas \u201cv\u00edctimas colaterales\u201d.<\/p>\n<p>Y es que diversas investigaciones llevadas a cabo por Organizaciones de la Sociedad Civil (OSC), han revelado que la presencia de las Fuerzas Armadas en tareas de seguridad p\u00fablica ha representado un impacto negativo y letal en la vida, sobre todo de las mujeres y las ni\u00f1as.<\/p>\n<p><img decoding=\"async\" data-attachment-id=\"64906\" data-permalink=\"https:\/\/www.grieta.org.mx\/index.php\/2022\/08\/15\/mujeres-y-ninas-las-mayores-victimas-de-la-militarizacion-en-mexico\/islyz2urqvgozlkdjbv5q4qolm\/\" data-orig-file=\"https:\/\/www.grieta.org.mx\/wp-content\/uploads\/2022\/08\/ISLYZ2URQVGOZLKDJBV5Q4QOLM.webp\" data-orig-size=\"768,432\" data-comments-opened=\"0\" data-image-meta=\"{&quot;aperture&quot;:&quot;0&quot;,&quot;credit&quot;:&quot;&quot;,&quot;camera&quot;:&quot;&quot;,&quot;caption&quot;:&quot;&quot;,&quot;created_timestamp&quot;:&quot;0&quot;,&quot;copyright&quot;:&quot;&quot;,&quot;focal_length&quot;:&quot;0&quot;,&quot;iso&quot;:&quot;0&quot;,&quot;shutter_speed&quot;:&quot;0&quot;,&quot;title&quot;:&quot;&quot;,&quot;orientation&quot;:&quot;0&quot;}\" data-image-title=\"ISLYZ2URQVGOZLKDJBV5Q4QOLM\" data-image-description=\"\" data-image-caption=\"\" data-medium-file=\"https:\/\/www.grieta.org.mx\/wp-content\/uploads\/2022\/08\/ISLYZ2URQVGOZLKDJBV5Q4QOLM-300x169.webp\" data-large-file=\"https:\/\/www.grieta.org.mx\/wp-content\/uploads\/2022\/08\/ISLYZ2URQVGOZLKDJBV5Q4QOLM.webp\" src=\"http:\/\/www.grieta.org.mx\/wp-content\/uploads\/2022\/08\/ISLYZ2URQVGOZLKDJBV5Q4QOLM.webp\" alt=\"\" width=\"100%\" class=\"alignnone size-full wp-image-64906\" srcset=\"https:\/\/www.grieta.org.mx\/wp-content\/uploads\/2022\/08\/ISLYZ2URQVGOZLKDJBV5Q4QOLM.webp 768w, https:\/\/www.grieta.org.mx\/wp-content\/uploads\/2022\/08\/ISLYZ2URQVGOZLKDJBV5Q4QOLM-300x169.webp 300w\" sizes=\"(max-width: 768px) 100vw, 768px\" \/><br \/>\n\u201cLas mujeres de X\u2019oyep\u201d Chenalh\u00f3, Chiapas. 1998 \/ Estudios de ONGs han demostrado que en M\u00e9xico, la presencia de los militares est\u00e1 relacionada con el incremento de violaciones a los derechos humanos de las mujeres, sobre todo en comunidades ind\u00edgenas (Foto: Pedro Valtierra\/Secretar\u00eda de Cultura M\u00e9xico)<\/p>\n<p>Seg\u00fan la Encuesta Nacional sobre la Din\u00e1mica de las Relaciones en los Hogares (ENDIREH) realizada por \u00faltima vez en 2016 a cargo del Instituto Nacional de Estad\u00edstica y Geograf\u00eda (INEGI), tan solo en el a\u00f1o previo a la encuesta, un aproximado de 97 mil mujeres mayores de 15 a\u00f1os en el pa\u00eds fueron violentadas por militares o marinos.<\/p>\n<p>De las agresiones que sufrieron a manos de militares y marinos, es destacable, por ejemplo, que 13.7% reportaron haber sufrido manoseos, tocamientos, arrimones o levantones de ropa; 19.7% declararon haber sufrido patadas, golpes, pellizcos y empujones; 18% dijeron haber sido vigiladas o seguidas y 4% aseguraron haber sufrido violaciones o intentos de violaci\u00f3n por parte de los soldados.<\/p>\n<p>Agregado a esto, datos recabados por el mismo INEGI en la Encuesta Nacional de Poblaci\u00f3n Privada de la Libertad (ENPOL), el 41% de las mujeres que fueron arrestadas por integrantes de la Marina fueron v\u00edctimas de violaci\u00f3n, en comparaci\u00f3n con 5% en el caso de los hombres.<\/p>\n<p>Fuerzas Armadas trastocan la vida de las mujeres<br \/>\nValentina Rosendo Cant\u00fa, una mujer ind\u00edgena me\u2019phaa, ten\u00eda 17 a\u00f1os cuando fue v\u00edctima de violencia sexual por parte de miembros del ej\u00e9rcito mexicano mientras se encontraba lavando ropa en un arroyo cerca de su casa, ubicada en Barranca Bejuco, municipio de Acatepec. Sucedi\u00f3 un 16 de febrero de 2002 mientras la interrogaban sobre la ubicaci\u00f3n de varios hombres de su comunidad para dar con su paradero.<\/p>\n<p>In\u00e9s Fern\u00e1ndez Ortega, igual de origen me\u2019phaa, vivi\u00f3 algo similar: fue asaltada sexualmente por militares que allanaron su domicilio en Barranca Tecuani, una comunidad de la zona serrana de Ayutla de los Libres, el 22 de marzo de 2002.<\/p>\n<p>La violaci\u00f3n sexual y tortura que padecieron estas mujeres ind\u00edgenas, se dio en el marco de la militarizaci\u00f3n de los territorios ind\u00edgenas de la Regi\u00f3n de la Costa-Monta\u00f1a del estado de Guerrero.<\/p>\n<p><img decoding=\"async\" data-attachment-id=\"64907\" data-permalink=\"https:\/\/www.grieta.org.mx\/index.php\/2022\/08\/15\/mujeres-y-ninas-las-mayores-victimas-de-la-militarizacion-en-mexico\/47hjtl3qzbbqvo7hf4nnznq2p4\/\" data-orig-file=\"https:\/\/www.grieta.org.mx\/wp-content\/uploads\/2022\/08\/47HJTL3QZBBQVO7HF4NNZNQ2P4.webp\" data-orig-size=\"768,512\" data-comments-opened=\"0\" data-image-meta=\"{&quot;aperture&quot;:&quot;0&quot;,&quot;credit&quot;:&quot;&quot;,&quot;camera&quot;:&quot;&quot;,&quot;caption&quot;:&quot;&quot;,&quot;created_timestamp&quot;:&quot;0&quot;,&quot;copyright&quot;:&quot;&quot;,&quot;focal_length&quot;:&quot;0&quot;,&quot;iso&quot;:&quot;0&quot;,&quot;shutter_speed&quot;:&quot;0&quot;,&quot;title&quot;:&quot;&quot;,&quot;orientation&quot;:&quot;0&quot;}\" data-image-title=\"47HJTL3QZBBQVO7HF4NNZNQ2P4\" data-image-description=\"\" data-image-caption=\"\" data-medium-file=\"https:\/\/www.grieta.org.mx\/wp-content\/uploads\/2022\/08\/47HJTL3QZBBQVO7HF4NNZNQ2P4-300x200.webp\" data-large-file=\"https:\/\/www.grieta.org.mx\/wp-content\/uploads\/2022\/08\/47HJTL3QZBBQVO7HF4NNZNQ2P4.webp\" src=\"http:\/\/www.grieta.org.mx\/wp-content\/uploads\/2022\/08\/47HJTL3QZBBQVO7HF4NNZNQ2P4.webp\" alt=\"\" width=\"100%\" class=\"alignnone size-full wp-image-64907\" srcset=\"https:\/\/www.grieta.org.mx\/wp-content\/uploads\/2022\/08\/47HJTL3QZBBQVO7HF4NNZNQ2P4.webp 768w, https:\/\/www.grieta.org.mx\/wp-content\/uploads\/2022\/08\/47HJTL3QZBBQVO7HF4NNZNQ2P4-300x200.webp 300w\" sizes=\"(max-width: 768px) 100vw, 768px\" \/><br \/>\nMujeres v\u00edctimas de tortura sexual durante un operativo en 2007 en Atenco, 2018 (Foto: Isaac Esquivel\/Cuartoscuro)<\/p>\n<p>Quetzalli Villanueva, abogada y defensora del Centro de Derechos Humanos de la Monta\u00f1a \u201cTlachinollan\u201d, coment\u00f3 en entrevista con Infobae M\u00e9xico que en la entidad guerrerense se tienen muchas experiencias que comprueban que la presencia de militares trastoca de manera negativa, la vida de las comunidades y en especial de la poblaci\u00f3n femenina:<\/p>\n<p>Las mujeres no est\u00e1n seguras en las calles mientras los cuerpos militares deambulen por los poblados con la \u201cexcusa\u201d de contener las actividades de grupos delincuenciales o del narco. Y esto no solo los sostiene la defensora \u2014quien ha acompa\u00f1ado varios casos de cr\u00edmenes por parte del ej\u00e9rcito contra integrantes de comunidades ind\u00edgenas\u2014, ni lo que les sucedi\u00f3 a In\u00e9s y Valentina fueron casos aislados.<\/p>\n<p>En una exploraci\u00f3n hecha por investigadores de Intersecta, en la CIDE-PPD, que es una base de datos publicada por el Programa de Pol\u00edtica de Drogas (PPD) del Centro de Investigaci\u00f3n y Docencia Econ\u00f3micas (CIDE) en el 2016, se comprob\u00f3 que la mayor\u00eda de los enfrentamientos entre Fuerzas Armadas y grupos delictivos no fueron resultado de una actuaci\u00f3n jur\u00eddica o de inteligencia por parte de estas autoridades. Fueron, m\u00e1s bien, resultado de patrullajes o de las autoridades deambulando, ocupando el territorio.<\/p>\n<p>A\u00f1os de lucha, \u00bfen vano?<br \/>\nLos casos de In\u00e9s y Valentina, fueron conferidos a la \u201cjusticia militar\u201d, es decir, fueron investigados durante a\u00f1os por la misma instituci\u00f3n que se se\u00f1alaba como culpable. Sin embargo, gracias a que llegaron a instancias internacionales en 2011, fueron trasladados de la jurisdicci\u00f3n penal militar a la jurisdicci\u00f3n ordinaria.<\/p>\n<p>Adem\u00e1s, debido a las exigencias de sus comunidades y de defensores de derechos humanos en el caso de Valentina, se lograron aprobar las reformas al C\u00f3digo de Justicia Militar, en las que se establece por primera vez una restricci\u00f3n al uso del fuero militar. Como consecuencia, los casos de violaciones de derechos de personas civiles pasaron de ser juzgados por tribunales militares a estar en manos del sistema ordinario de justicia.<\/p>\n<p><img decoding=\"async\" data-attachment-id=\"64908\" data-permalink=\"https:\/\/www.grieta.org.mx\/index.php\/2022\/08\/15\/mujeres-y-ninas-las-mayores-victimas-de-la-militarizacion-en-mexico\/2ux7qehlifdcnkh7y4aaclw5au\/\" data-orig-file=\"https:\/\/www.grieta.org.mx\/wp-content\/uploads\/2022\/08\/2UX7QEHLIFDCNKH7Y4AACLW5AU.webp\" data-orig-size=\"768,512\" data-comments-opened=\"0\" data-image-meta=\"{&quot;aperture&quot;:&quot;0&quot;,&quot;credit&quot;:&quot;&quot;,&quot;camera&quot;:&quot;&quot;,&quot;caption&quot;:&quot;&quot;,&quot;created_timestamp&quot;:&quot;0&quot;,&quot;copyright&quot;:&quot;&quot;,&quot;focal_length&quot;:&quot;0&quot;,&quot;iso&quot;:&quot;0&quot;,&quot;shutter_speed&quot;:&quot;0&quot;,&quot;title&quot;:&quot;&quot;,&quot;orientation&quot;:&quot;0&quot;}\" data-image-title=\"2UX7QEHLIFDCNKH7Y4AACLW5AU\" data-image-description=\"\" data-image-caption=\"\" data-medium-file=\"https:\/\/www.grieta.org.mx\/wp-content\/uploads\/2022\/08\/2UX7QEHLIFDCNKH7Y4AACLW5AU-300x200.webp\" data-large-file=\"https:\/\/www.grieta.org.mx\/wp-content\/uploads\/2022\/08\/2UX7QEHLIFDCNKH7Y4AACLW5AU.webp\" src=\"http:\/\/www.grieta.org.mx\/wp-content\/uploads\/2022\/08\/2UX7QEHLIFDCNKH7Y4AACLW5AU.webp\" alt=\"\" width=\"100%\" class=\"alignnone size-full wp-image-64908\" srcset=\"https:\/\/www.grieta.org.mx\/wp-content\/uploads\/2022\/08\/2UX7QEHLIFDCNKH7Y4AACLW5AU.webp 768w, https:\/\/www.grieta.org.mx\/wp-content\/uploads\/2022\/08\/2UX7QEHLIFDCNKH7Y4AACLW5AU-300x200.webp 300w\" sizes=\"(max-width: 768px) 100vw, 768px\" \/><br \/>\nIn\u00e9s y Valentina, mujeres ind\u00edgenas v\u00edctimas de violencia sexual militar, han luchado acompa\u00f1adas de organismos nacionales e internacionales de derechos humanos, para obtener justicia por sus casos (Foto: cejil.org)<\/p>\n<p>La facultad de investigaci\u00f3n de delitos que tiene actualmente la Guardia Nacional \u2014la misma que fue derogada tras el caso de Valentina\u2014, se formalizar\u00edan en el papel y pasar\u00eda a manos de la misma Sedena, de integrarse la primera a la \u00faltima, advirti\u00f3 Quetzalli.<\/p>\n<p>Lo que ya se hab\u00eda logrado con la sentencia de Valentina, que represent\u00f3 a\u00f1os de exigencias y trabajo de defensa, se puede venir abajo de oficializarse la integraci\u00f3n de las Fuerzas Armadas a las tareas de seguridad p\u00fablica.<\/p>\n<p>La soluci\u00f3n, \u00bfcapacitar en derechos humanos a los militares?<br \/>\nDe acuerdo con la Secretar\u00eda de la Mujer del estado de Guerrero, \u201clas mujeres (principalmente, las de comunidades ind\u00edgenas) siguen padeciendo las consecuencias de una estructura patriarcal ciega a la equidad de g\u00e9nero, especialmente en instancias como Fuerzas Armadas o policiales, donde se les entrena para la defensa, el combate o el ataque a criminales, pero no se les sensibiliza en los derechos humanos de la comunidad y de las mujeres\u201d.<\/p>\n<p>Frente a esto, tanto los mandos del Ej\u00e9rcito como el mismo presidente L\u00f3pez Obrador, han presumido que s\u00ed se ha capacitado a las Fuerzas Armadas en la materia e incluso se ha dicho que dicho proceso de formaci\u00f3n \u201ces una muestra del giro hist\u00f3rico que se dar\u00e1 a las funciones de las Fuerzas Armadas con especial \u00e9nfasis en el respeto a los derechos humanos\u201d.<\/p>\n<p>No obstante, la realidad es otra y lo cierto es que las instituciones militares en M\u00e9xico, no est\u00e1n asumiendo la obligaci\u00f3n de capacitar a su personal, al menos no con la rigurosidad necesaria, seg\u00fan un informe realizado por Data C\u00edvica, Equis Justicia e Intersecta titulado \u201cFalsas salvaguardas\u201d<\/p>\n<p>El documento concluye que la existencia de una estrategia de capacitaci\u00f3n en derechos humanos y g\u00e9nero, por s\u00ed misma, no garantiza que los militares que las reciben, est\u00e9n, en efecto, capacitados y respeten derechos humanos al ejercer sus labores.<\/p>\n<p>Por una pol\u00edtica de seguridad no militarizada<br \/>\nQuetzalli opin\u00f3 que por toda esa violencia que recae sobre los cuerpo de mujeres, ni\u00f1as y personas de comunidades que han sido hist\u00f3ricamente marginadas y que, adem\u00e1s, ha quedado comprobada en investigaciones, testimonios e incluso cifras, la pol\u00edtica de seguridad no puede apostarle a la militarizaci\u00f3n, a los grupos armados, sino que tendr\u00eda estar hecha considerando la garant\u00eda de estos sectores a una vida libre y en paz.<\/p>\n<p><img decoding=\"async\" data-attachment-id=\"64909\" data-permalink=\"https:\/\/www.grieta.org.mx\/index.php\/2022\/08\/15\/mujeres-y-ninas-las-mayores-victimas-de-la-militarizacion-en-mexico\/k2727r5zwvcipi7f5xwv4fxn2u\/\" data-orig-file=\"https:\/\/www.grieta.org.mx\/wp-content\/uploads\/2022\/08\/K2727R5ZWVCIPI7F5XWV4FXN2U.webp\" data-orig-size=\"768,512\" data-comments-opened=\"0\" data-image-meta=\"{&quot;aperture&quot;:&quot;0&quot;,&quot;credit&quot;:&quot;&quot;,&quot;camera&quot;:&quot;&quot;,&quot;caption&quot;:&quot;&quot;,&quot;created_timestamp&quot;:&quot;0&quot;,&quot;copyright&quot;:&quot;&quot;,&quot;focal_length&quot;:&quot;0&quot;,&quot;iso&quot;:&quot;0&quot;,&quot;shutter_speed&quot;:&quot;0&quot;,&quot;title&quot;:&quot;&quot;,&quot;orientation&quot;:&quot;0&quot;}\" data-image-title=\"K2727R5ZWVCIPI7F5XWV4FXN2U\" data-image-description=\"\" data-image-caption=\"\" data-medium-file=\"https:\/\/www.grieta.org.mx\/wp-content\/uploads\/2022\/08\/K2727R5ZWVCIPI7F5XWV4FXN2U-300x200.webp\" data-large-file=\"https:\/\/www.grieta.org.mx\/wp-content\/uploads\/2022\/08\/K2727R5ZWVCIPI7F5XWV4FXN2U.webp\" src=\"http:\/\/www.grieta.org.mx\/wp-content\/uploads\/2022\/08\/K2727R5ZWVCIPI7F5XWV4FXN2U.webp\" alt=\"\" width=\"100%\" class=\"alignnone size-full wp-image-64909\" srcset=\"https:\/\/www.grieta.org.mx\/wp-content\/uploads\/2022\/08\/K2727R5ZWVCIPI7F5XWV4FXN2U.webp 768w, https:\/\/www.grieta.org.mx\/wp-content\/uploads\/2022\/08\/K2727R5ZWVCIPI7F5XWV4FXN2U-300x200.webp 300w\" sizes=\"(max-width: 768px) 100vw, 768px\" \/><br \/>\nEn contradicci\u00f3n con sus promesas de campa\u00f1a, L\u00f3pez Obrador propone militarizar la seguridad p\u00fablica en el pa\u00eds (Foto: Mario Jasso\/ Cuartoscuro)<\/p>\n<p>Las contradicciones del presidente, siguen sembrando dudas y confusi\u00f3n en aquellos que vieron al menos el esbozo de un cambio, por m\u00e1s peque\u00f1o o grande que fuese:<\/p>\n<p>\u201cEsto no est\u00e1 en concordancia con lo que en un principio se hab\u00eda prometido en las campa\u00f1as, porque sabemos que la Cuarta Transformaci\u00f3n y el gobierno de AMLO, ha sido una promesa para much\u00edsimas personas que durante mucho tiempo vivieron en los reg\u00edmenes sumamente represivos de Calder\u00f3n, Zedillo, Fox&#8230;\u201d<\/p>\n<p>Finaliza la abogada y defensora.<\/p>\n<p><a href=\"https:\/\/www.infobae.com\/america\/mexico\/2022\/08\/15\/mujeres-y-ninas-las-victimas-mas-grandes-de-la-militarizacion-en-mexico\/?utm_source=pocket_mylist\" rel=\"noopener\" target=\"_blank\">https:\/\/www.infobae.com\/america\/mexico\/2022\/08\/15\/mujeres-y-ninas-las-victimas-mas-grandes-de-la-militarizacion-en-mexico\/?utm_source=pocket_mylist<\/a><\/p>\n","protected":false},"excerpt":{"rendered":"<p>M\u00f3nica Castro\/Infobae 15 agosto 2022 La historia en nuestro pa\u00eds, ha demostrado que es la poblaci\u00f3n femenina la que m\u00e1s ha sufrido las consecuencias de una pol\u00edtica de seguridad a &hellip; <a href=\"https:\/\/www.grieta.org.mx\/index.php\/2022\/08\/15\/mujeres-y-ninas-las-mayores-victimas-de-la-militarizacion-en-mexico\/\" class=\"more-link\">Leer m\u00e1s<\/a><\/p>\n","protected":false},"author":2,"featured_media":64905,"comment_status":"closed","ping_status":"closed","sticky":false,"template":"","format":"standard","meta":{"ngg_post_thumbnail":0,"_jetpack_newsletter_access":"","_jetpack_dont_email_post_to_subs":false,"_jetpack_newsletter_tier_id":0,"_jetpack_memberships_contains_paywalled_content":false,"_jetpack_memberships_contains_paid_content":false,"footnotes":""},"categories":[80,912,2,83],"tags":[2307,2654,2974,3479,2295,1803,94],"class_list":["post-64904","post","type-post","status-publish","format-standard","has-post-thumbnail","hentry","category-cintillo","category-militarizacion","category-noticias-nacionales","category-temas-nacionales","tag-abusos-de-militares","tag-abusos-de-militares-contra-poblacion-civil","tag-aumento-de-la-militarizacion","tag-ejercito","tag-guardia-nacional","tag-sedena","tag-violencia-contra-mujeres","entry"],"jetpack_featured_media_url":"https:\/\/www.grieta.org.mx\/wp-content\/uploads\/2022\/08\/CWJF7ODB4NEWBPHLRXWCN2A6GQ.webp","jetpack_sharing_enabled":true,"jetpack_shortlink":"https:\/\/wp.me\/p7ZJR4-gSQ","jetpack_likes_enabled":false,"jetpack-related-posts":[{"id":65316,"url":"https:\/\/www.grieta.org.mx\/index.php\/2022\/09\/19\/militarizacion-afecta-directa-e-indirectamente-a-las-mujeres-en-mexico\/","url_meta":{"origin":64904,"position":0},"title":"Militarizaci\u00f3n afecta directa e indirectamente a las mujeres en M\u00e9xico","author":"grieta","date":"19 septiembre, 2022","format":false,"excerpt":"Redacci\u00f3n\/ContraR\u00e9plica 19 septiembre 2022 La posible integraci\u00f3n de la Guardia Nacional (GN) a la Secretar\u00eda de la Defensa Nacional (Sedena) ha causado diversos cuestionamientos de organizaciones civiles y oposici\u00f3n al actual gobierno de M\u00e9xico. El 15 de septiembre de 2022, mujeres de la colectiva Hasta Encontrarte se pronunciaron en contra\u2026","rel":"","context":"En &quot;CINTILLO&quot;","block_context":{"text":"CINTILLO","link":"https:\/\/www.grieta.org.mx\/index.php\/category\/cintillo\/"},"img":{"alt_text":"","src":"https:\/\/i0.wp.com\/www.grieta.org.mx\/wp-content\/uploads\/2022\/09\/11d042e513be5f5b0d5d0c87e5c3e8df.jpg?resize=350%2C200&ssl=1","width":350,"height":200,"srcset":"https:\/\/i0.wp.com\/www.grieta.org.mx\/wp-content\/uploads\/2022\/09\/11d042e513be5f5b0d5d0c87e5c3e8df.jpg?resize=350%2C200&ssl=1 1x, https:\/\/i0.wp.com\/www.grieta.org.mx\/wp-content\/uploads\/2022\/09\/11d042e513be5f5b0d5d0c87e5c3e8df.jpg?resize=525%2C300&ssl=1 1.5x, https:\/\/i0.wp.com\/www.grieta.org.mx\/wp-content\/uploads\/2022\/09\/11d042e513be5f5b0d5d0c87e5c3e8df.jpg?resize=700%2C400&ssl=1 2x"},"classes":[]},{"id":35519,"url":"https:\/\/www.grieta.org.mx\/index.php\/2019\/06\/27\/galeria-guardia-nacional-extiende-muro-humano-a-zonas-semideserticas-chihuahua\/","url_meta":{"origin":64904,"position":1},"title":"Galer\u00eda: Guardia Nacional extiende \u2018muro humano\u2019 a zonas semides\u00e9rticas (Chihuahua)","author":"grieta","date":"27 junio, 2019","format":false,"excerpt":"Fotograf\u00edas: Rey R. Jauregui\/ LA VERDAD Ciudad Ju\u00e1rez \u2013 La Guardia Nacional (GN) endureci\u00f3 sus acciones para evitar el paso de migrantes hacia Estados Unidos al extender su patrullaje m\u00e1s all\u00e1 del r\u00edo Bravo, colocando vigilancia en la zona fronteriza entre Anapra, Ciudad Ju\u00e1rez y Sunland Park, Nuevo M\u00e9xico. Elementos\u2026","rel":"","context":"En &quot;Chihuahua&quot;","block_context":{"text":"Chihuahua","link":"https:\/\/www.grieta.org.mx\/index.php\/category\/noticias-nacionales\/chihuahua\/"},"img":{"alt_text":"","src":"https:\/\/i0.wp.com\/www.grieta.org.mx\/wp-content\/uploads\/2019\/06\/Militares-en-el-Muro-Rey-R.-Jauregui.jpeg?resize=350%2C200&ssl=1","width":350,"height":200,"srcset":"https:\/\/i0.wp.com\/www.grieta.org.mx\/wp-content\/uploads\/2019\/06\/Militares-en-el-Muro-Rey-R.-Jauregui.jpeg?resize=350%2C200&ssl=1 1x, https:\/\/i0.wp.com\/www.grieta.org.mx\/wp-content\/uploads\/2019\/06\/Militares-en-el-Muro-Rey-R.-Jauregui.jpeg?resize=525%2C300&ssl=1 1.5x, https:\/\/i0.wp.com\/www.grieta.org.mx\/wp-content\/uploads\/2019\/06\/Militares-en-el-Muro-Rey-R.-Jauregui.jpeg?resize=700%2C400&ssl=1 2x, https:\/\/i0.wp.com\/www.grieta.org.mx\/wp-content\/uploads\/2019\/06\/Militares-en-el-Muro-Rey-R.-Jauregui.jpeg?resize=1050%2C600&ssl=1 3x"},"classes":[]},{"id":39734,"url":"https:\/\/www.grieta.org.mx\/index.php\/2019\/09\/29\/galeria-en-el-bordo-ni-muro-ni-militares-ciudad-juarez-chihuahua\/","url_meta":{"origin":64904,"position":2},"title":"Galer\u00eda: En el bordo, ni muro ni militares (Ciudad Ju\u00e1rez, Chihuahua)","author":"grieta","date":"29 septiembre, 2019","format":false,"excerpt":"Fotograf\u00edas: Rey R. Jauregui\/ LA VERDAD Cargados con pinturas, brochas y creatividad, decenas de fronterizos \u00b4tomaron\u00b4 el bordo de r\u00edo Bravo para protestar por las pol\u00edticas migratoria implementadas por los gobiernos de M\u00e9xico y Estados Unidos. Justo en las paredes del cauce que marca el l\u00edmite del territorio mexicano y\u2026","rel":"","context":"En &quot;Chihuahua&quot;","block_context":{"text":"Chihuahua","link":"https:\/\/www.grieta.org.mx\/index.php\/category\/noticias-nacionales\/chihuahua\/"},"img":{"alt_text":"","src":"https:\/\/i0.wp.com\/www.grieta.org.mx\/wp-content\/uploads\/2019\/09\/Fotogaler%C3%ADa-1-1000x600.jpeg?resize=350%2C200&ssl=1","width":350,"height":200,"srcset":"https:\/\/i0.wp.com\/www.grieta.org.mx\/wp-content\/uploads\/2019\/09\/Fotogaler%C3%ADa-1-1000x600.jpeg?resize=350%2C200&ssl=1 1x, https:\/\/i0.wp.com\/www.grieta.org.mx\/wp-content\/uploads\/2019\/09\/Fotogaler%C3%ADa-1-1000x600.jpeg?resize=525%2C300&ssl=1 1.5x, https:\/\/i0.wp.com\/www.grieta.org.mx\/wp-content\/uploads\/2019\/09\/Fotogaler%C3%ADa-1-1000x600.jpeg?resize=700%2C400&ssl=1 2x"},"classes":[]},{"id":48240,"url":"https:\/\/www.grieta.org.mx\/index.php\/2020\/04\/21\/asumen-militares-seguridad-en-instalaciones-de-imss-colima\/","url_meta":{"origin":64904,"position":3},"title":"Asumen militares seguridad en instalaciones de IMSS Colima","author":"grieta","date":"21 abril, 2020","format":false,"excerpt":"Foto: Especial Redacci\u00f3n \/ El Noticiero en L\u00ednea Elementos de la Sedena, Marina Armada y Guardia Nacional desplegaron un operativo en instalaciones y almacenes del IMSS en Colima, a fin de garantizar la seguridad del personal m\u00e9dico y de enfermer\u00eda y proteger material y equipo m\u00e9dico. Este operativo forma parte\u2026","rel":"","context":"En &quot;CINTILLO&quot;","block_context":{"text":"CINTILLO","link":"https:\/\/www.grieta.org.mx\/index.php\/category\/cintillo\/"},"img":{"alt_text":"","src":"https:\/\/i0.wp.com\/www.grieta.org.mx\/wp-content\/uploads\/2020\/04\/GUARDIA.jpg?resize=350%2C200&ssl=1","width":350,"height":200,"srcset":"https:\/\/i0.wp.com\/www.grieta.org.mx\/wp-content\/uploads\/2020\/04\/GUARDIA.jpg?resize=350%2C200&ssl=1 1x, https:\/\/i0.wp.com\/www.grieta.org.mx\/wp-content\/uploads\/2020\/04\/GUARDIA.jpg?resize=525%2C300&ssl=1 1.5x, https:\/\/i0.wp.com\/www.grieta.org.mx\/wp-content\/uploads\/2020\/04\/GUARDIA.jpg?resize=700%2C400&ssl=1 2x"},"classes":[]},{"id":49774,"url":"https:\/\/www.grieta.org.mx\/index.php\/2020\/05\/21\/presencia-del-ejercito-en-seguridad-invasion-a-la-tranquilidad-de-las-mujeres\/","url_meta":{"origin":64904,"position":4},"title":"PRESENCIA DEL EJ\u00c9RCITO EN SEGURIDAD, \u201cINVASI\u00d3N A LA TRANQUILIDAD DE LAS MUJERES\u201d","author":"grieta","date":"21 mayo, 2020","format":false,"excerpt":"Staff\/La Jornada Aguascalientes 21 mayo 2020 Desde lo pol\u00edtico: Es una fuerza p\u00fablica impuesta que va a violentar las formas de organizaci\u00f3n desde la gobernanza propia en los sistemas normativos internos Desde lo social: Desde su condici\u00f3n de g\u00e9nero las enamoran, las embarazan y despu\u00e9s no se hacen responsables de\u2026","rel":"","context":"En &quot;CINTILLO&quot;","block_context":{"text":"CINTILLO","link":"https:\/\/www.grieta.org.mx\/index.php\/category\/cintillo\/"},"img":{"alt_text":"","src":"https:\/\/i0.wp.com\/www.grieta.org.mx\/wp-content\/uploads\/2020\/05\/002n1pol-1-e1571675726491.jpg?resize=350%2C200&ssl=1","width":350,"height":200},"classes":[]},{"id":58964,"url":"https:\/\/www.grieta.org.mx\/index.php\/2021\/04\/23\/evidencian-sana-de-las-fuerzas-armadas-contra-derechos-humanos-de-las-mujeres\/","url_meta":{"origin":64904,"position":5},"title":"Evidencian sa\u00f1a de las fuerzas armadas contra derechos humanos de las mujeres","author":"grieta","date":"23 abril, 2021","format":false,"excerpt":"Karina Vargas\/Reporte Indigo 23 abril 2021 La implementaci\u00f3n de las Fuerzas Armadas en tareas de seguridad p\u00fablica afecta de manera desmedida a las mexicanas, datos de organizaciones revelan que existe un empleo sistem\u00e1tico y focalizado de violaciones a los derechos humanos por cuesti\u00f3n de g\u00e9nero; la tortura sexual es una\u2026","rel":"","context":"En &quot;CINTILLO&quot;","block_context":{"text":"CINTILLO","link":"https:\/\/www.grieta.org.mx\/index.php\/category\/cintillo\/"},"img":{"alt_text":"","src":"https:\/\/i0.wp.com\/www.grieta.org.mx\/wp-content\/uploads\/2021\/04\/violaciones.png?resize=350%2C200&ssl=1","width":350,"height":200,"srcset":"https:\/\/i0.wp.com\/www.grieta.org.mx\/wp-content\/uploads\/2021\/04\/violaciones.png?resize=350%2C200&ssl=1 1x, https:\/\/i0.wp.com\/www.grieta.org.mx\/wp-content\/uploads\/2021\/04\/violaciones.png?resize=525%2C300&ssl=1 1.5x, https:\/\/i0.wp.com\/www.grieta.org.mx\/wp-content\/uploads\/2021\/04\/violaciones.png?resize=700%2C400&ssl=1 2x, https:\/\/i0.wp.com\/www.grieta.org.mx\/wp-content\/uploads\/2021\/04\/violaciones.png?resize=1050%2C600&ssl=1 3x"},"classes":[]}],"_links":{"self":[{"href":"https:\/\/www.grieta.org.mx\/index.php\/wp-json\/wp\/v2\/posts\/64904","targetHints":{"allow":["GET"]}}],"collection":[{"href":"https:\/\/www.grieta.org.mx\/index.php\/wp-json\/wp\/v2\/posts"}],"about":[{"href":"https:\/\/www.grieta.org.mx\/index.php\/wp-json\/wp\/v2\/types\/post"}],"author":[{"embeddable":true,"href":"https:\/\/www.grieta.org.mx\/index.php\/wp-json\/wp\/v2\/users\/2"}],"replies":[{"embeddable":true,"href":"https:\/\/www.grieta.org.mx\/index.php\/wp-json\/wp\/v2\/comments?post=64904"}],"version-history":[{"count":1,"href":"https:\/\/www.grieta.org.mx\/index.php\/wp-json\/wp\/v2\/posts\/64904\/revisions"}],"predecessor-version":[{"id":64910,"href":"https:\/\/www.grieta.org.mx\/index.php\/wp-json\/wp\/v2\/posts\/64904\/revisions\/64910"}],"wp:featuredmedia":[{"embeddable":true,"href":"https:\/\/www.grieta.org.mx\/index.php\/wp-json\/wp\/v2\/media\/64905"}],"wp:attachment":[{"href":"https:\/\/www.grieta.org.mx\/index.php\/wp-json\/wp\/v2\/media?parent=64904"}],"wp:term":[{"taxonomy":"category","embeddable":true,"href":"https:\/\/www.grieta.org.mx\/index.php\/wp-json\/wp\/v2\/categories?post=64904"},{"taxonomy":"post_tag","embeddable":true,"href":"https:\/\/www.grieta.org.mx\/index.php\/wp-json\/wp\/v2\/tags?post=64904"}],"curies":[{"name":"wp","href":"https:\/\/api.w.org\/{rel}","templated":true}]}}