{"id":64881,"date":"2022-08-14T15:55:36","date_gmt":"2022-08-14T20:55:36","guid":{"rendered":"https:\/\/www.grieta.org.mx\/?p=64881"},"modified":"2022-08-21T16:03:34","modified_gmt":"2022-08-21T21:03:34","slug":"ante-nula-definicion-del-nuevo-vertedero-metropolitano-habitantes-de-tala-se-mantienen-en-resistencia-jalisco","status":"publish","type":"post","link":"https:\/\/www.grieta.org.mx\/index.php\/2022\/08\/14\/ante-nula-definicion-del-nuevo-vertedero-metropolitano-habitantes-de-tala-se-mantienen-en-resistencia-jalisco\/","title":{"rendered":"Ante nula definici\u00f3n del nuevo vertedero metropolitano, habitantes de Tala se mantienen en resistencia (Jalisco)"},"content":{"rendered":"<p>Foto: Isaura L\u00f3pez Villalobos<\/p>\n<p>Los integrantes del Colectivo se\u00f1alan que a\u00fan no hay informaci\u00f3n sobre el lugar en el que estar\u00e1 el vertedero, adem\u00e1s de que la empresa tiene la posesi\u00f3n de las 38 hect\u00e1reas en el ejido de Tala<\/p>\n<p>Isaura L\u00f3pez Villalobos \/UDGTV<\/p>\n<p>En la plaza principal de Tala, este domingo se reunieron habitantes de tres poblados El Refugio, Ruise\u00f1ores y de Tala\u00a0<strong>como parte de las actividades por el primer aniversario de la resistencia social en contra del vertedero metropolitano<\/strong>, del Centro Integral de Econom\u00eda Circular de la empresa Caabsa (CIEC TALA).<\/p>\n<p>El Colectivo Resistencia Civil por el Valle se mantiene en alerta sobre las posibles pol\u00edticas p\u00fablicas que los municipios de la Zona Metropolitana de Guadalajara y el Gobierno de Jalisco realizan con Caabsa en las propuestas de un vertedero, luego de la clausura de Laureles y suspensi\u00f3n del CIEC en Tala.<\/p>\n<p>Los integrantes del Colectivo se\u00f1alan que a\u00fan no hay informaci\u00f3n sobre el lugar en el que estar\u00e1 el vertedero,\u00a0<strong>adem\u00e1s de que la empresa tiene la posesi\u00f3n de las 38 hect\u00e1reas en el ejido de Tala<\/strong>, sin que a la fecha se d\u00e9 la revocaci\u00f3n de la autorizaci\u00f3n emitida por la<br \/>\nSEMADET ni en el juicio de amparo que se sigue en los juzgados administrativos y del trabajo de Ciudad Judicial.<\/p>\n<p>A un a\u00f1o de resistencia,<strong>\u00a0el Colectivo mantiene reuniones con el objetivo de crear conciencia social y ambiental<\/strong>\u00a0sobre lo que hubiera significado tener el basurero metropolitano en Tala.<\/p>\n<p>Sus integrantes han compartido experiencia sobre la participaci\u00f3n social en la defensa y protecci\u00f3n del medio ambiente al manifestarse en contra del vertedero y aunque hay una suspensi\u00f3n definitiva judicial en amparo,<strong>\u00a0se\u00f1alan que no significa una revocaci\u00f3n o cancelaci\u00f3n del proyecto.<\/strong><\/p>\n<p><a href=\"https:\/\/udgtv.com\/noticias\/habitantes-tala-resistencia\/\">https:\/\/udgtv.com\/noticias\/habitantes-tala-resistencia\/<\/a><\/p>\n","protected":false},"excerpt":{"rendered":"<p>Foto: Isaura L\u00f3pez Villalobos Los integrantes del Colectivo se\u00f1alan que a\u00fan no hay informaci\u00f3n sobre el lugar en el que estar\u00e1 el vertedero, adem\u00e1s de que la empresa tiene la &hellip; <a href=\"https:\/\/www.grieta.org.mx\/index.php\/2022\/08\/14\/ante-nula-definicion-del-nuevo-vertedero-metropolitano-habitantes-de-tala-se-mantienen-en-resistencia-jalisco\/\" class=\"more-link\">Leer m\u00e1s<\/a><\/p>\n","protected":false},"author":2,"featured_media":64882,"comment_status":"closed","ping_status":"closed","sticky":false,"template":"","format":"standard","meta":{"ngg_post_thumbnail":0,"_jetpack_newsletter_access":"","_jetpack_dont_email_post_to_subs":false,"_jetpack_newsletter_tier_id":0,"_jetpack_memberships_contains_paywalled_content":false,"_jetpack_memberships_contains_paid_content":false,"footnotes":""},"categories":[80,1736,1278,2561,20,2,83],"tags":[2111,628,2793,2311,2562,2814,1817],"class_list":["post-64881","post","type-post","status-publish","format-standard","has-post-thumbnail","hentry","category-cintillo","category-despojo-de-territorio-en-jalisco","category-despojo-de-tierras-y-territorios","category-destruccion-ambiental-en-jalisco","category-jalisco","category-noticias-nacionales","category-temas-nacionales","tag-contaminacion","tag-defensa-del-territorio","tag-defensores-territorio","tag-despojo-de-tierras","tag-destruccion-ambiental","tag-destruccion-del-medio-ambiente","tag-tierras-ejidales","entry"],"jetpack_featured_media_url":"https:\/\/www.grieta.org.mx\/wp-content\/uploads\/2022\/08\/Vertedero-Tala-Isaura-Lopez-Villalobos-696x391-1.jpeg","jetpack_sharing_enabled":true,"jetpack_shortlink":"https:\/\/wp.me\/p7ZJR4-gSt","jetpack_likes_enabled":false,"jetpack-related-posts":[{"id":61308,"url":"https:\/\/www.grieta.org.mx\/index.php\/2021\/08\/19\/nuevo-vertedero-en-tala-amenaza-la-vida-de-sus-habitantes-jalisco\/","url_meta":{"origin":64881,"position":0},"title":"Nuevo vertedero en Tala amenaza la vida de sus habitantes (Jalisco)","author":"grieta","date":"19 agosto, 2021","format":false,"excerpt":"Foto: El Suspicaz Desde julio pasado el ayuntamiento de Tala, Jalisco concedi\u00f3 a\u00a0Caabsa Eagle\u00a0el permiso de operaci\u00f3n para el nuevo vertedero metropolitano anunciado por el gobierno estatal como una \u201crespuesta\u201d frente al inevitable cierre del relleno sanitario Los Laureles en Tonal\u00e1. El historial de esta empresa se encuentra plagado de\u2026","rel":"","context":"En &quot;CINTILLO&quot;","block_context":{"text":"CINTILLO","link":"https:\/\/www.grieta.org.mx\/index.php\/category\/cintillo\/"},"img":{"alt_text":"","src":"https:\/\/i0.wp.com\/www.grieta.org.mx\/wp-content\/uploads\/2021\/08\/photo1629423590-1068x601-1.jpeg?resize=350%2C200&ssl=1","width":350,"height":200,"srcset":"https:\/\/i0.wp.com\/www.grieta.org.mx\/wp-content\/uploads\/2021\/08\/photo1629423590-1068x601-1.jpeg?resize=350%2C200&ssl=1 1x, https:\/\/i0.wp.com\/www.grieta.org.mx\/wp-content\/uploads\/2021\/08\/photo1629423590-1068x601-1.jpeg?resize=525%2C300&ssl=1 1.5x, https:\/\/i0.wp.com\/www.grieta.org.mx\/wp-content\/uploads\/2021\/08\/photo1629423590-1068x601-1.jpeg?resize=700%2C400&ssl=1 2x, https:\/\/i0.wp.com\/www.grieta.org.mx\/wp-content\/uploads\/2021\/08\/photo1629423590-1068x601-1.jpeg?resize=1050%2C600&ssl=1 3x"},"classes":[]},{"id":65853,"url":"https:\/\/www.grieta.org.mx\/index.php\/2022\/12\/03\/interponen-denuncia-por-tala-en-ayotitlan-colima-jalisco\/","url_meta":{"origin":64881,"position":1},"title":"Interponen denuncia por tala en Ayotitl\u00e1n (Colima, Jalisco)","author":"grieta","date":"3 diciembre, 2022","format":false,"excerpt":"Imagen:\u00a0Especial Lauro Rodr\u00edguez \/ Letra Fr\u00eda Cuautitl\u00e1n de Garc\u00eda Barrag\u00e1n, Jalisco. 03 de diciembre de 2022.- (Letra Fr\u00eda)\u00a0El Observatorio Ciudadano por el Derecho Humano a la Verdad interpuso esta semana una denuncia ante la delegaci\u00f3n Jalisco de la Procuradur\u00eda Federal de Protecci\u00f3n al Ambiente (Profepa) para que investigue la tala\u2026","rel":"","context":"En &quot;CINTILLO&quot;","block_context":{"text":"CINTILLO","link":"https:\/\/www.grieta.org.mx\/index.php\/category\/cintillo\/"},"img":{"alt_text":"","src":"https:\/\/i0.wp.com\/www.grieta.org.mx\/wp-content\/uploads\/2022\/12\/minerias_ayotitlan_.webp?resize=350%2C200&ssl=1","width":350,"height":200,"srcset":"https:\/\/i0.wp.com\/www.grieta.org.mx\/wp-content\/uploads\/2022\/12\/minerias_ayotitlan_.webp?resize=350%2C200&ssl=1 1x, https:\/\/i0.wp.com\/www.grieta.org.mx\/wp-content\/uploads\/2022\/12\/minerias_ayotitlan_.webp?resize=525%2C300&ssl=1 1.5x, https:\/\/i0.wp.com\/www.grieta.org.mx\/wp-content\/uploads\/2022\/12\/minerias_ayotitlan_.webp?resize=700%2C400&ssl=1 2x"},"classes":[]},{"id":67254,"url":"https:\/\/www.grieta.org.mx\/index.php\/2023\/07\/25\/integrantes-de-obsur-y-vecinos-de-piramides-detienen-obras-en-dicha-colonia-de-zapopan-jalisco\/","url_meta":{"origin":64881,"position":2},"title":"Integrantes de OBSUR y vecinos de Pir\u00e1mides detienen obras en dicha colonia de Zapopan (Jalisco)","author":"grieta","date":"25 julio, 2023","format":false,"excerpt":"Imagen: Pablo Toledo Pablo Toledo \/ El Occidental Con pancartas de \"Zapopan la Ciudad de la Tala\" un grupo de vecinos de la colonia Pir\u00e1mides e integrantes del Observatorio de Medio Ambiente y Ciudad Para el Sur (OBSUR) se manifestaron para exigir al gobierno de Juan Jos\u00e9 Frangie y la\u2026","rel":"","context":"En &quot;CINTILLO&quot;","block_context":{"text":"CINTILLO","link":"https:\/\/www.grieta.org.mx\/index.php\/category\/cintillo\/"},"img":{"alt_text":"","src":"https:\/\/i0.wp.com\/www.grieta.org.mx\/wp-content\/uploads\/2023\/07\/OBSUR-vecinos-Piramides.jpeg?resize=350%2C200&ssl=1","width":350,"height":200,"srcset":"https:\/\/i0.wp.com\/www.grieta.org.mx\/wp-content\/uploads\/2023\/07\/OBSUR-vecinos-Piramides.jpeg?resize=350%2C200&ssl=1 1x, https:\/\/i0.wp.com\/www.grieta.org.mx\/wp-content\/uploads\/2023\/07\/OBSUR-vecinos-Piramides.jpeg?resize=525%2C300&ssl=1 1.5x, https:\/\/i0.wp.com\/www.grieta.org.mx\/wp-content\/uploads\/2023\/07\/OBSUR-vecinos-Piramides.jpeg?resize=700%2C400&ssl=1 2x"},"classes":[]},{"id":29862,"url":"https:\/\/www.grieta.org.mx\/index.php\/2019\/02\/28\/pretenden-despojar-de-sus-tierras-a-ejidatarios-de-santa-cruz-de-la-soledad-chapala-jalisco\/","url_meta":{"origin":64881,"position":3},"title":"Pretenden despojar de sus tierras a ejidatarios de Santa Cruz de la Soledad, Chapala (Jalisco)","author":"grieta","date":"28 febrero, 2019","format":false,"excerpt":"Defienden m\u00e1s de 450 hect\u00e1reas que podr\u00edan verse afectadas por la construcci\u00f3n de un complejo tur\u00edstico en el Cerro del Junco Isaura L\u00f3pez \/ El Occidental Ejidatarios de Santa Cruz de la Soledad en el municipio de Chapala, exigen justicia y el cumplimiento de la inscripci\u00f3n del Comisariado ejidal para\u2026","rel":"","context":"En &quot;CINTILLO&quot;","block_context":{"text":"CINTILLO","link":"https:\/\/www.grieta.org.mx\/index.php\/category\/cintillo\/"},"img":{"alt_text":"","src":"https:\/\/i0.wp.com\/www.grieta.org.mx\/wp-content\/uploads\/2018\/03\/14524434_1106112876131411_958039263622046936_o.jpg?resize=350%2C200&ssl=1","width":350,"height":200,"srcset":"https:\/\/i0.wp.com\/www.grieta.org.mx\/wp-content\/uploads\/2018\/03\/14524434_1106112876131411_958039263622046936_o.jpg?resize=350%2C200&ssl=1 1x, https:\/\/i0.wp.com\/www.grieta.org.mx\/wp-content\/uploads\/2018\/03\/14524434_1106112876131411_958039263622046936_o.jpg?resize=525%2C300&ssl=1 1.5x, https:\/\/i0.wp.com\/www.grieta.org.mx\/wp-content\/uploads\/2018\/03\/14524434_1106112876131411_958039263622046936_o.jpg?resize=700%2C400&ssl=1 2x"},"classes":[]},{"id":63435,"url":"https:\/\/www.grieta.org.mx\/index.php\/2022\/02\/09\/activistas-de-jalisco-denuncian-amenazas\/","url_meta":{"origin":64881,"position":4},"title":"Activistas de Jalisco denuncian amenazas","author":"grieta","date":"9 febrero, 2022","format":false,"excerpt":"Foto: Especial Juan Levario \/ El Diario NTR El asesinato de la abogada y activista Ver\u00f3nica Guerrero, ocurrido el 3 de febrero en Tonal\u00e1, provoc\u00f3 temor entre miembros de la sociedad civil organizada, pues al igual que ella han recibido amenazas. Adem\u00e1s, ven indolencia y complicidad del gobierno de Jalisco.\u2026","rel":"","context":"En &quot;Amenazas contra activistas en Jalisco&quot;","block_context":{"text":"Amenazas contra activistas en Jalisco","link":"https:\/\/www.grieta.org.mx\/index.php\/category\/noticias-nacionales\/jalisco\/amenazas-contra-activistas-en-jalisco\/"},"img":{"alt_text":"","src":"https:\/\/i0.wp.com\/www.grieta.org.mx\/wp-content\/uploads\/2022\/02\/2022-02-08_11-02-18___5909.jpg?resize=350%2C200&ssl=1","width":350,"height":200,"srcset":"https:\/\/i0.wp.com\/www.grieta.org.mx\/wp-content\/uploads\/2022\/02\/2022-02-08_11-02-18___5909.jpg?resize=350%2C200&ssl=1 1x, https:\/\/i0.wp.com\/www.grieta.org.mx\/wp-content\/uploads\/2022\/02\/2022-02-08_11-02-18___5909.jpg?resize=525%2C300&ssl=1 1.5x, https:\/\/i0.wp.com\/www.grieta.org.mx\/wp-content\/uploads\/2022\/02\/2022-02-08_11-02-18___5909.jpg?resize=700%2C400&ssl=1 2x"},"classes":[]},{"id":71024,"url":"https:\/\/www.grieta.org.mx\/index.php\/2025\/02\/10\/termoelectricas-aumentarian-la-contaminacion-jalisco\/","url_meta":{"origin":64881,"position":5},"title":"Termoel\u00e9ctricas aumentar\u00edan la contaminaci\u00f3n (Jalisco)","author":"grieta","date":"10 febrero, 2025","format":false,"excerpt":"Imagen: Especial Redacci\u00f3n \/ El Diario NTR Habitantes de Juanacatl\u00e1n y El Salto que hanluchado contra la\u00a0termoel\u00e9ctrica La Charrer\u00eda se manifestaron este lunes ante su posible reactivaci\u00f3n. La semana pasada, el gobierno federal anunci\u00f3 una nueva central de ciclo combinado en Jalisco, lo que reactiv\u00f3 las pl\u00e1ticas sobre el proyecto\u2026","rel":"","context":"En &quot;CINTILLO&quot;","block_context":{"text":"CINTILLO","link":"https:\/\/www.grieta.org.mx\/index.php\/category\/cintillo\/"},"img":{"alt_text":"","src":"https:\/\/i0.wp.com\/www.grieta.org.mx\/wp-content\/uploads\/2025\/02\/2025-02-10_04-02-38___1980.jpg?resize=350%2C200&ssl=1","width":350,"height":200,"srcset":"https:\/\/i0.wp.com\/www.grieta.org.mx\/wp-content\/uploads\/2025\/02\/2025-02-10_04-02-38___1980.jpg?resize=350%2C200&ssl=1 1x, https:\/\/i0.wp.com\/www.grieta.org.mx\/wp-content\/uploads\/2025\/02\/2025-02-10_04-02-38___1980.jpg?resize=525%2C300&ssl=1 1.5x, https:\/\/i0.wp.com\/www.grieta.org.mx\/wp-content\/uploads\/2025\/02\/2025-02-10_04-02-38___1980.jpg?resize=700%2C400&ssl=1 2x"},"classes":[]}],"_links":{"self":[{"href":"https:\/\/www.grieta.org.mx\/index.php\/wp-json\/wp\/v2\/posts\/64881","targetHints":{"allow":["GET"]}}],"collection":[{"href":"https:\/\/www.grieta.org.mx\/index.php\/wp-json\/wp\/v2\/posts"}],"about":[{"href":"https:\/\/www.grieta.org.mx\/index.php\/wp-json\/wp\/v2\/types\/post"}],"author":[{"embeddable":true,"href":"https:\/\/www.grieta.org.mx\/index.php\/wp-json\/wp\/v2\/users\/2"}],"replies":[{"embeddable":true,"href":"https:\/\/www.grieta.org.mx\/index.php\/wp-json\/wp\/v2\/comments?post=64881"}],"version-history":[{"count":1,"href":"https:\/\/www.grieta.org.mx\/index.php\/wp-json\/wp\/v2\/posts\/64881\/revisions"}],"predecessor-version":[{"id":64883,"href":"https:\/\/www.grieta.org.mx\/index.php\/wp-json\/wp\/v2\/posts\/64881\/revisions\/64883"}],"wp:featuredmedia":[{"embeddable":true,"href":"https:\/\/www.grieta.org.mx\/index.php\/wp-json\/wp\/v2\/media\/64882"}],"wp:attachment":[{"href":"https:\/\/www.grieta.org.mx\/index.php\/wp-json\/wp\/v2\/media?parent=64881"}],"wp:term":[{"taxonomy":"category","embeddable":true,"href":"https:\/\/www.grieta.org.mx\/index.php\/wp-json\/wp\/v2\/categories?post=64881"},{"taxonomy":"post_tag","embeddable":true,"href":"https:\/\/www.grieta.org.mx\/index.php\/wp-json\/wp\/v2\/tags?post=64881"}],"curies":[{"name":"wp","href":"https:\/\/api.w.org\/{rel}","templated":true}]}}