{"id":64829,"date":"2022-07-20T23:17:18","date_gmt":"2022-07-21T04:17:18","guid":{"rendered":"https:\/\/www.grieta.org.mx\/?p=64829"},"modified":"2022-08-20T23:28:41","modified_gmt":"2022-08-21T04:28:41","slug":"medicos-pasantes-de-la-laguna-marchan-por-un-servicio-social-seguro-coahuila-y-durango","status":"publish","type":"post","link":"https:\/\/www.grieta.org.mx\/index.php\/2022\/07\/20\/medicos-pasantes-de-la-laguna-marchan-por-un-servicio-social-seguro-coahuila-y-durango\/","title":{"rendered":"M\u00e9dicos pasantes de La Laguna marchan por un servicio social seguro (Coahuila y Durango)"},"content":{"rendered":"<p>El SIglo de Torre\u00f3n<br \/>\nFOTOGRAF\u00cdAS: \u00c9RICK SOTOMAYOR | EMMANUEL AZUARA | FERNANDO COMPE\u00c1N | ANG\u00c9LICA SANDOVAL<\/p>\n<p><strong>Este mi\u00e9rcoles, se reunieron estudiantes de Medicina en Torre\u00f3n y Lerdo para marchar de forma simult\u00e1nea por un servicio social seguro, esto a ra\u00edz de lo ocurrido con el joven Eric Andrade. El m\u00e9dico pasante asist\u00eda a un paciente en el Hospital Integral de El Salto, en Pueblo Nuevo, Durango, cuando fue asesinado a balazos. <\/strong><\/p>\n<p><img loading=\"lazy\" decoding=\"async\" data-attachment-id=\"64830\" data-permalink=\"https:\/\/www.grieta.org.mx\/index.php\/2022\/07\/20\/medicos-pasantes-de-la-laguna-marchan-por-un-servicio-social-seguro-coahuila-y-durango\/attachment\/27421196\/\" data-orig-file=\"https:\/\/www.grieta.org.mx\/wp-content\/uploads\/2022\/08\/27421196.jpeg\" data-orig-size=\"1600,1066\" data-comments-opened=\"0\" data-image-meta=\"{&quot;aperture&quot;:&quot;0&quot;,&quot;credit&quot;:&quot;&quot;,&quot;camera&quot;:&quot;&quot;,&quot;caption&quot;:&quot;&quot;,&quot;created_timestamp&quot;:&quot;0&quot;,&quot;copyright&quot;:&quot;&quot;,&quot;focal_length&quot;:&quot;0&quot;,&quot;iso&quot;:&quot;0&quot;,&quot;shutter_speed&quot;:&quot;0&quot;,&quot;title&quot;:&quot;&quot;,&quot;orientation&quot;:&quot;0&quot;}\" data-image-title=\"27421196\" data-image-description=\"\" data-image-caption=\"\" data-medium-file=\"https:\/\/www.grieta.org.mx\/wp-content\/uploads\/2022\/08\/27421196-300x200.jpeg\" data-large-file=\"https:\/\/www.grieta.org.mx\/wp-content\/uploads\/2022\/08\/27421196-1024x682.jpeg\" class=\"alignnone wp-image-64830\" src=\"http:\/\/www.grieta.org.mx\/wp-content\/uploads\/2022\/08\/27421196.jpeg\" alt=\"\" width=\"900\" height=\"600\" srcset=\"https:\/\/www.grieta.org.mx\/wp-content\/uploads\/2022\/08\/27421196.jpeg 1600w, https:\/\/www.grieta.org.mx\/wp-content\/uploads\/2022\/08\/27421196-300x200.jpeg 300w, https:\/\/www.grieta.org.mx\/wp-content\/uploads\/2022\/08\/27421196-1024x682.jpeg 1024w, https:\/\/www.grieta.org.mx\/wp-content\/uploads\/2022\/08\/27421196-768x512.jpeg 768w, https:\/\/www.grieta.org.mx\/wp-content\/uploads\/2022\/08\/27421196-1536x1023.jpeg 1536w\" sizes=\"auto, (max-width: 900px) 100vw, 900px\" \/><\/p>\n<p><img loading=\"lazy\" decoding=\"async\" data-attachment-id=\"64831\" data-permalink=\"https:\/\/www.grieta.org.mx\/index.php\/2022\/07\/20\/medicos-pasantes-de-la-laguna-marchan-por-un-servicio-social-seguro-coahuila-y-durango\/attachment\/27421197\/\" data-orig-file=\"https:\/\/www.grieta.org.mx\/wp-content\/uploads\/2022\/08\/27421197.jpeg\" data-orig-size=\"1579,1053\" data-comments-opened=\"0\" data-image-meta=\"{&quot;aperture&quot;:&quot;0&quot;,&quot;credit&quot;:&quot;&quot;,&quot;camera&quot;:&quot;&quot;,&quot;caption&quot;:&quot;&quot;,&quot;created_timestamp&quot;:&quot;0&quot;,&quot;copyright&quot;:&quot;&quot;,&quot;focal_length&quot;:&quot;0&quot;,&quot;iso&quot;:&quot;0&quot;,&quot;shutter_speed&quot;:&quot;0&quot;,&quot;title&quot;:&quot;&quot;,&quot;orientation&quot;:&quot;0&quot;}\" data-image-title=\"27421197\" data-image-description=\"\" data-image-caption=\"\" data-medium-file=\"https:\/\/www.grieta.org.mx\/wp-content\/uploads\/2022\/08\/27421197-300x200.jpeg\" data-large-file=\"https:\/\/www.grieta.org.mx\/wp-content\/uploads\/2022\/08\/27421197-1024x683.jpeg\" class=\"alignnone wp-image-64831\" src=\"http:\/\/www.grieta.org.mx\/wp-content\/uploads\/2022\/08\/27421197.jpeg\" alt=\"\" width=\"900\" height=\"600\" srcset=\"https:\/\/www.grieta.org.mx\/wp-content\/uploads\/2022\/08\/27421197.jpeg 1579w, https:\/\/www.grieta.org.mx\/wp-content\/uploads\/2022\/08\/27421197-300x200.jpeg 300w, https:\/\/www.grieta.org.mx\/wp-content\/uploads\/2022\/08\/27421197-1024x683.jpeg 1024w, https:\/\/www.grieta.org.mx\/wp-content\/uploads\/2022\/08\/27421197-768x512.jpeg 768w, https:\/\/www.grieta.org.mx\/wp-content\/uploads\/2022\/08\/27421197-1536x1024.jpeg 1536w\" sizes=\"auto, (max-width: 900px) 100vw, 900px\" \/><\/p>\n<p><img loading=\"lazy\" decoding=\"async\" data-attachment-id=\"64832\" data-permalink=\"https:\/\/www.grieta.org.mx\/index.php\/2022\/07\/20\/medicos-pasantes-de-la-laguna-marchan-por-un-servicio-social-seguro-coahuila-y-durango\/attachment\/27421199\/\" data-orig-file=\"https:\/\/www.grieta.org.mx\/wp-content\/uploads\/2022\/08\/27421199.jpeg\" data-orig-size=\"1550,1033\" data-comments-opened=\"0\" data-image-meta=\"{&quot;aperture&quot;:&quot;0&quot;,&quot;credit&quot;:&quot;&quot;,&quot;camera&quot;:&quot;&quot;,&quot;caption&quot;:&quot;&quot;,&quot;created_timestamp&quot;:&quot;0&quot;,&quot;copyright&quot;:&quot;&quot;,&quot;focal_length&quot;:&quot;0&quot;,&quot;iso&quot;:&quot;0&quot;,&quot;shutter_speed&quot;:&quot;0&quot;,&quot;title&quot;:&quot;&quot;,&quot;orientation&quot;:&quot;0&quot;}\" data-image-title=\"27421199\" data-image-description=\"\" data-image-caption=\"\" data-medium-file=\"https:\/\/www.grieta.org.mx\/wp-content\/uploads\/2022\/08\/27421199-300x200.jpeg\" data-large-file=\"https:\/\/www.grieta.org.mx\/wp-content\/uploads\/2022\/08\/27421199-1024x682.jpeg\" class=\"alignnone wp-image-64832\" src=\"http:\/\/www.grieta.org.mx\/wp-content\/uploads\/2022\/08\/27421199.jpeg\" alt=\"\" width=\"900\" height=\"600\" srcset=\"https:\/\/www.grieta.org.mx\/wp-content\/uploads\/2022\/08\/27421199.jpeg 1550w, https:\/\/www.grieta.org.mx\/wp-content\/uploads\/2022\/08\/27421199-300x200.jpeg 300w, https:\/\/www.grieta.org.mx\/wp-content\/uploads\/2022\/08\/27421199-1024x682.jpeg 1024w, https:\/\/www.grieta.org.mx\/wp-content\/uploads\/2022\/08\/27421199-768x512.jpeg 768w, https:\/\/www.grieta.org.mx\/wp-content\/uploads\/2022\/08\/27421199-1536x1024.jpeg 1536w\" sizes=\"auto, (max-width: 900px) 100vw, 900px\" \/><\/p>\n<p><img loading=\"lazy\" decoding=\"async\" data-attachment-id=\"64833\" data-permalink=\"https:\/\/www.grieta.org.mx\/index.php\/2022\/07\/20\/medicos-pasantes-de-la-laguna-marchan-por-un-servicio-social-seguro-coahuila-y-durango\/attachment\/27421221\/\" data-orig-file=\"https:\/\/www.grieta.org.mx\/wp-content\/uploads\/2022\/08\/27421221.jpeg\" data-orig-size=\"1600,900\" data-comments-opened=\"0\" data-image-meta=\"{&quot;aperture&quot;:&quot;0&quot;,&quot;credit&quot;:&quot;&quot;,&quot;camera&quot;:&quot;&quot;,&quot;caption&quot;:&quot;&quot;,&quot;created_timestamp&quot;:&quot;0&quot;,&quot;copyright&quot;:&quot;&quot;,&quot;focal_length&quot;:&quot;0&quot;,&quot;iso&quot;:&quot;0&quot;,&quot;shutter_speed&quot;:&quot;0&quot;,&quot;title&quot;:&quot;&quot;,&quot;orientation&quot;:&quot;0&quot;}\" data-image-title=\"27421221\" data-image-description=\"\" data-image-caption=\"\" data-medium-file=\"https:\/\/www.grieta.org.mx\/wp-content\/uploads\/2022\/08\/27421221-300x169.jpeg\" data-large-file=\"https:\/\/www.grieta.org.mx\/wp-content\/uploads\/2022\/08\/27421221-1024x576.jpeg\" class=\"alignnone wp-image-64833\" src=\"http:\/\/www.grieta.org.mx\/wp-content\/uploads\/2022\/08\/27421221.jpeg\" alt=\"\" width=\"900\" height=\"506\" srcset=\"https:\/\/www.grieta.org.mx\/wp-content\/uploads\/2022\/08\/27421221.jpeg 1600w, https:\/\/www.grieta.org.mx\/wp-content\/uploads\/2022\/08\/27421221-300x169.jpeg 300w, https:\/\/www.grieta.org.mx\/wp-content\/uploads\/2022\/08\/27421221-1024x576.jpeg 1024w, https:\/\/www.grieta.org.mx\/wp-content\/uploads\/2022\/08\/27421221-768x432.jpeg 768w, https:\/\/www.grieta.org.mx\/wp-content\/uploads\/2022\/08\/27421221-1536x864.jpeg 1536w\" sizes=\"auto, (max-width: 900px) 100vw, 900px\" \/><\/p>\n<p><img loading=\"lazy\" decoding=\"async\" data-attachment-id=\"64834\" data-permalink=\"https:\/\/www.grieta.org.mx\/index.php\/2022\/07\/20\/medicos-pasantes-de-la-laguna-marchan-por-un-servicio-social-seguro-coahuila-y-durango\/attachment\/27421213\/\" data-orig-file=\"https:\/\/www.grieta.org.mx\/wp-content\/uploads\/2022\/08\/27421213.jpeg\" data-orig-size=\"1600,1200\" data-comments-opened=\"0\" data-image-meta=\"{&quot;aperture&quot;:&quot;0&quot;,&quot;credit&quot;:&quot;&quot;,&quot;camera&quot;:&quot;&quot;,&quot;caption&quot;:&quot;&quot;,&quot;created_timestamp&quot;:&quot;0&quot;,&quot;copyright&quot;:&quot;&quot;,&quot;focal_length&quot;:&quot;0&quot;,&quot;iso&quot;:&quot;0&quot;,&quot;shutter_speed&quot;:&quot;0&quot;,&quot;title&quot;:&quot;&quot;,&quot;orientation&quot;:&quot;0&quot;}\" data-image-title=\"27421213\" data-image-description=\"\" data-image-caption=\"\" data-medium-file=\"https:\/\/www.grieta.org.mx\/wp-content\/uploads\/2022\/08\/27421213-300x225.jpeg\" data-large-file=\"https:\/\/www.grieta.org.mx\/wp-content\/uploads\/2022\/08\/27421213-1024x768.jpeg\" class=\"alignnone wp-image-64834\" src=\"http:\/\/www.grieta.org.mx\/wp-content\/uploads\/2022\/08\/27421213.jpeg\" alt=\"\" width=\"900\" height=\"675\" srcset=\"https:\/\/www.grieta.org.mx\/wp-content\/uploads\/2022\/08\/27421213.jpeg 1600w, https:\/\/www.grieta.org.mx\/wp-content\/uploads\/2022\/08\/27421213-300x225.jpeg 300w, https:\/\/www.grieta.org.mx\/wp-content\/uploads\/2022\/08\/27421213-1024x768.jpeg 1024w, https:\/\/www.grieta.org.mx\/wp-content\/uploads\/2022\/08\/27421213-768x576.jpeg 768w, https:\/\/www.grieta.org.mx\/wp-content\/uploads\/2022\/08\/27421213-1536x1152.jpeg 1536w\" sizes=\"auto, (max-width: 900px) 100vw, 900px\" \/><\/p>\n<p><img loading=\"lazy\" decoding=\"async\" data-attachment-id=\"64835\" data-permalink=\"https:\/\/www.grieta.org.mx\/index.php\/2022\/07\/20\/medicos-pasantes-de-la-laguna-marchan-por-un-servicio-social-seguro-coahuila-y-durango\/attachment\/27421211\/\" data-orig-file=\"https:\/\/www.grieta.org.mx\/wp-content\/uploads\/2022\/08\/27421211.jpeg\" data-orig-size=\"1600,1200\" data-comments-opened=\"0\" data-image-meta=\"{&quot;aperture&quot;:&quot;0&quot;,&quot;credit&quot;:&quot;&quot;,&quot;camera&quot;:&quot;&quot;,&quot;caption&quot;:&quot;&quot;,&quot;created_timestamp&quot;:&quot;0&quot;,&quot;copyright&quot;:&quot;&quot;,&quot;focal_length&quot;:&quot;0&quot;,&quot;iso&quot;:&quot;0&quot;,&quot;shutter_speed&quot;:&quot;0&quot;,&quot;title&quot;:&quot;&quot;,&quot;orientation&quot;:&quot;0&quot;}\" data-image-title=\"27421211\" data-image-description=\"\" data-image-caption=\"\" data-medium-file=\"https:\/\/www.grieta.org.mx\/wp-content\/uploads\/2022\/08\/27421211-300x225.jpeg\" data-large-file=\"https:\/\/www.grieta.org.mx\/wp-content\/uploads\/2022\/08\/27421211-1024x768.jpeg\" class=\"alignnone wp-image-64835\" src=\"http:\/\/www.grieta.org.mx\/wp-content\/uploads\/2022\/08\/27421211.jpeg\" alt=\"\" width=\"900\" height=\"675\" srcset=\"https:\/\/www.grieta.org.mx\/wp-content\/uploads\/2022\/08\/27421211.jpeg 1600w, https:\/\/www.grieta.org.mx\/wp-content\/uploads\/2022\/08\/27421211-300x225.jpeg 300w, https:\/\/www.grieta.org.mx\/wp-content\/uploads\/2022\/08\/27421211-1024x768.jpeg 1024w, https:\/\/www.grieta.org.mx\/wp-content\/uploads\/2022\/08\/27421211-768x576.jpeg 768w, https:\/\/www.grieta.org.mx\/wp-content\/uploads\/2022\/08\/27421211-1536x1152.jpeg 1536w\" sizes=\"auto, (max-width: 900px) 100vw, 900px\" \/><\/p>\n<p><img loading=\"lazy\" decoding=\"async\" data-attachment-id=\"64836\" data-permalink=\"https:\/\/www.grieta.org.mx\/index.php\/2022\/07\/20\/medicos-pasantes-de-la-laguna-marchan-por-un-servicio-social-seguro-coahuila-y-durango\/attachment\/27421212\/\" data-orig-file=\"https:\/\/www.grieta.org.mx\/wp-content\/uploads\/2022\/08\/27421212.jpeg\" data-orig-size=\"1600,1200\" data-comments-opened=\"0\" data-image-meta=\"{&quot;aperture&quot;:&quot;0&quot;,&quot;credit&quot;:&quot;&quot;,&quot;camera&quot;:&quot;&quot;,&quot;caption&quot;:&quot;&quot;,&quot;created_timestamp&quot;:&quot;0&quot;,&quot;copyright&quot;:&quot;&quot;,&quot;focal_length&quot;:&quot;0&quot;,&quot;iso&quot;:&quot;0&quot;,&quot;shutter_speed&quot;:&quot;0&quot;,&quot;title&quot;:&quot;&quot;,&quot;orientation&quot;:&quot;0&quot;}\" data-image-title=\"27421212\" data-image-description=\"\" data-image-caption=\"\" data-medium-file=\"https:\/\/www.grieta.org.mx\/wp-content\/uploads\/2022\/08\/27421212-300x225.jpeg\" data-large-file=\"https:\/\/www.grieta.org.mx\/wp-content\/uploads\/2022\/08\/27421212-1024x768.jpeg\" class=\"alignnone wp-image-64836\" src=\"http:\/\/www.grieta.org.mx\/wp-content\/uploads\/2022\/08\/27421212.jpeg\" alt=\"\" width=\"900\" height=\"675\" srcset=\"https:\/\/www.grieta.org.mx\/wp-content\/uploads\/2022\/08\/27421212.jpeg 1600w, https:\/\/www.grieta.org.mx\/wp-content\/uploads\/2022\/08\/27421212-300x225.jpeg 300w, https:\/\/www.grieta.org.mx\/wp-content\/uploads\/2022\/08\/27421212-1024x768.jpeg 1024w, https:\/\/www.grieta.org.mx\/wp-content\/uploads\/2022\/08\/27421212-768x576.jpeg 768w, https:\/\/www.grieta.org.mx\/wp-content\/uploads\/2022\/08\/27421212-1536x1152.jpeg 1536w\" sizes=\"auto, (max-width: 900px) 100vw, 900px\" \/><\/p>\n<p><img loading=\"lazy\" decoding=\"async\" data-attachment-id=\"64837\" data-permalink=\"https:\/\/www.grieta.org.mx\/index.php\/2022\/07\/20\/medicos-pasantes-de-la-laguna-marchan-por-un-servicio-social-seguro-coahuila-y-durango\/attachment\/27421227\/\" data-orig-file=\"https:\/\/www.grieta.org.mx\/wp-content\/uploads\/2022\/08\/27421227.jpeg\" data-orig-size=\"1600,1066\" data-comments-opened=\"0\" data-image-meta=\"{&quot;aperture&quot;:&quot;0&quot;,&quot;credit&quot;:&quot;&quot;,&quot;camera&quot;:&quot;&quot;,&quot;caption&quot;:&quot;&quot;,&quot;created_timestamp&quot;:&quot;0&quot;,&quot;copyright&quot;:&quot;&quot;,&quot;focal_length&quot;:&quot;0&quot;,&quot;iso&quot;:&quot;0&quot;,&quot;shutter_speed&quot;:&quot;0&quot;,&quot;title&quot;:&quot;&quot;,&quot;orientation&quot;:&quot;0&quot;}\" data-image-title=\"27421227\" data-image-description=\"\" data-image-caption=\"\" data-medium-file=\"https:\/\/www.grieta.org.mx\/wp-content\/uploads\/2022\/08\/27421227-300x200.jpeg\" data-large-file=\"https:\/\/www.grieta.org.mx\/wp-content\/uploads\/2022\/08\/27421227-1024x682.jpeg\" class=\"alignnone wp-image-64837\" src=\"http:\/\/www.grieta.org.mx\/wp-content\/uploads\/2022\/08\/27421227.jpeg\" alt=\"\" width=\"900\" height=\"600\" srcset=\"https:\/\/www.grieta.org.mx\/wp-content\/uploads\/2022\/08\/27421227.jpeg 1600w, https:\/\/www.grieta.org.mx\/wp-content\/uploads\/2022\/08\/27421227-300x200.jpeg 300w, https:\/\/www.grieta.org.mx\/wp-content\/uploads\/2022\/08\/27421227-1024x682.jpeg 1024w, https:\/\/www.grieta.org.mx\/wp-content\/uploads\/2022\/08\/27421227-768x512.jpeg 768w, https:\/\/www.grieta.org.mx\/wp-content\/uploads\/2022\/08\/27421227-1536x1023.jpeg 1536w\" sizes=\"auto, (max-width: 900px) 100vw, 900px\" \/><\/p>\n<p><img loading=\"lazy\" decoding=\"async\" data-attachment-id=\"64838\" data-permalink=\"https:\/\/www.grieta.org.mx\/index.php\/2022\/07\/20\/medicos-pasantes-de-la-laguna-marchan-por-un-servicio-social-seguro-coahuila-y-durango\/attachment\/27421205\/\" data-orig-file=\"https:\/\/www.grieta.org.mx\/wp-content\/uploads\/2022\/08\/27421205.jpeg\" data-orig-size=\"1600,1200\" data-comments-opened=\"0\" data-image-meta=\"{&quot;aperture&quot;:&quot;0&quot;,&quot;credit&quot;:&quot;&quot;,&quot;camera&quot;:&quot;&quot;,&quot;caption&quot;:&quot;&quot;,&quot;created_timestamp&quot;:&quot;0&quot;,&quot;copyright&quot;:&quot;&quot;,&quot;focal_length&quot;:&quot;0&quot;,&quot;iso&quot;:&quot;0&quot;,&quot;shutter_speed&quot;:&quot;0&quot;,&quot;title&quot;:&quot;&quot;,&quot;orientation&quot;:&quot;0&quot;}\" data-image-title=\"27421205\" data-image-description=\"\" data-image-caption=\"\" data-medium-file=\"https:\/\/www.grieta.org.mx\/wp-content\/uploads\/2022\/08\/27421205-300x225.jpeg\" data-large-file=\"https:\/\/www.grieta.org.mx\/wp-content\/uploads\/2022\/08\/27421205-1024x768.jpeg\" class=\"alignnone wp-image-64838\" src=\"http:\/\/www.grieta.org.mx\/wp-content\/uploads\/2022\/08\/27421205.jpeg\" alt=\"\" width=\"900\" height=\"675\" srcset=\"https:\/\/www.grieta.org.mx\/wp-content\/uploads\/2022\/08\/27421205.jpeg 1600w, https:\/\/www.grieta.org.mx\/wp-content\/uploads\/2022\/08\/27421205-300x225.jpeg 300w, https:\/\/www.grieta.org.mx\/wp-content\/uploads\/2022\/08\/27421205-1024x768.jpeg 1024w, https:\/\/www.grieta.org.mx\/wp-content\/uploads\/2022\/08\/27421205-768x576.jpeg 768w, https:\/\/www.grieta.org.mx\/wp-content\/uploads\/2022\/08\/27421205-1536x1152.jpeg 1536w\" sizes=\"auto, (max-width: 900px) 100vw, 900px\" \/><\/p>\n<p><img loading=\"lazy\" decoding=\"async\" data-attachment-id=\"64839\" data-permalink=\"https:\/\/www.grieta.org.mx\/index.php\/2022\/07\/20\/medicos-pasantes-de-la-laguna-marchan-por-un-servicio-social-seguro-coahuila-y-durango\/attachment\/27421214\/\" data-orig-file=\"https:\/\/www.grieta.org.mx\/wp-content\/uploads\/2022\/08\/27421214.jpeg\" data-orig-size=\"1600,1200\" data-comments-opened=\"0\" data-image-meta=\"{&quot;aperture&quot;:&quot;0&quot;,&quot;credit&quot;:&quot;&quot;,&quot;camera&quot;:&quot;&quot;,&quot;caption&quot;:&quot;&quot;,&quot;created_timestamp&quot;:&quot;0&quot;,&quot;copyright&quot;:&quot;&quot;,&quot;focal_length&quot;:&quot;0&quot;,&quot;iso&quot;:&quot;0&quot;,&quot;shutter_speed&quot;:&quot;0&quot;,&quot;title&quot;:&quot;&quot;,&quot;orientation&quot;:&quot;0&quot;}\" data-image-title=\"27421214\" data-image-description=\"\" data-image-caption=\"\" data-medium-file=\"https:\/\/www.grieta.org.mx\/wp-content\/uploads\/2022\/08\/27421214-300x225.jpeg\" data-large-file=\"https:\/\/www.grieta.org.mx\/wp-content\/uploads\/2022\/08\/27421214-1024x768.jpeg\" class=\"alignnone wp-image-64839\" src=\"http:\/\/www.grieta.org.mx\/wp-content\/uploads\/2022\/08\/27421214.jpeg\" alt=\"\" width=\"900\" height=\"675\" srcset=\"https:\/\/www.grieta.org.mx\/wp-content\/uploads\/2022\/08\/27421214.jpeg 1600w, https:\/\/www.grieta.org.mx\/wp-content\/uploads\/2022\/08\/27421214-300x225.jpeg 300w, https:\/\/www.grieta.org.mx\/wp-content\/uploads\/2022\/08\/27421214-1024x768.jpeg 1024w, https:\/\/www.grieta.org.mx\/wp-content\/uploads\/2022\/08\/27421214-768x576.jpeg 768w, https:\/\/www.grieta.org.mx\/wp-content\/uploads\/2022\/08\/27421214-1536x1152.jpeg 1536w\" sizes=\"auto, (max-width: 900px) 100vw, 900px\" \/><\/p>\n<p><a href=\"https:\/\/www.elsiglodetorreon.com.mx\/galerias\/foto\/27421202\" target=\"_blank\" rel=\"noopener\">https:\/\/www.elsiglodetorreon.com.mx\/galerias\/foto\/27421202<\/a><\/p>\n","protected":false},"excerpt":{"rendered":"<p>El SIglo de Torre\u00f3n FOTOGRAF\u00cdAS: \u00c9RICK SOTOMAYOR | EMMANUEL AZUARA | FERNANDO COMPE\u00c1N | ANG\u00c9LICA SANDOVAL Este mi\u00e9rcoles, se reunieron estudiantes de Medicina en Torre\u00f3n y Lerdo para marchar de &hellip; <a href=\"https:\/\/www.grieta.org.mx\/index.php\/2022\/07\/20\/medicos-pasantes-de-la-laguna-marchan-por-un-servicio-social-seguro-coahuila-y-durango\/\" class=\"more-link\">Leer m\u00e1s<\/a><\/p>\n","protected":false},"author":2,"featured_media":64832,"comment_status":"closed","ping_status":"closed","sticky":false,"template":"","format":"standard","meta":{"ngg_post_thumbnail":0,"_jetpack_newsletter_access":"","_jetpack_dont_email_post_to_subs":false,"_jetpack_newsletter_tier_id":0,"_jetpack_memberships_contains_paywalled_content":false,"_jetpack_memberships_contains_paid_content":false,"footnotes":""},"categories":[80,419,15,1205,2,3619],"tags":[2578,3730,747],"class_list":["post-64829","post","type-post","status-publish","format-standard","has-post-thumbnail","hentry","category-cintillo","category-coahuila","category-durango","category-movilizaciones-del-sector-salud-en-durango","category-noticias-nacionales","category-protestas-estudiantiles-en-coahuila","tag-desmantelamiento-del-sector-salud","tag-laguna","tag-movilizaciones-medicos","entry"],"jetpack_featured_media_url":"https:\/\/www.grieta.org.mx\/wp-content\/uploads\/2022\/08\/27421199.jpeg","jetpack_sharing_enabled":true,"jetpack_shortlink":"https:\/\/wp.me\/p7ZJR4-gRD","jetpack_likes_enabled":false,"jetpack-related-posts":[{"id":14956,"url":"https:\/\/www.grieta.org.mx\/index.php\/2016\/06\/23\/se-manifiestan-en-calles-de-gomez\/","url_meta":{"origin":64829,"position":0},"title":"Se manifiestan en calles de G\u00f3mez","author":"grieta","date":"23 junio, 2016","format":false,"excerpt":"G\u00d3MEZ PALACIO, DGO.- M\u00e9dicos de Ciudad Lerdo y G\u00f3mez Palacio marcharon ayer mi\u00e9rcoles por la tarde en contra la criminalizaci\u00f3n del gremio en casos de supuesta negligencia y la privatizaci\u00f3n del servicio de Salud P\u00fablica. Fue a las 18:00 horas que los galenos manifestantes se reunieron en el estacionamiento de\u2026","rel":"","context":"En &quot;CINTILLO&quot;","block_context":{"text":"CINTILLO","link":"https:\/\/www.grieta.org.mx\/index.php\/category\/cintillo\/"},"img":{"alt_text":"","src":"https:\/\/i0.wp.com\/www.grieta.org.mx\/wp-content\/uploads\/2016\/06\/836935.jpeg?resize=350%2C200&ssl=1","width":350,"height":200,"srcset":"https:\/\/i0.wp.com\/www.grieta.org.mx\/wp-content\/uploads\/2016\/06\/836935.jpeg?resize=350%2C200&ssl=1 1x, https:\/\/i0.wp.com\/www.grieta.org.mx\/wp-content\/uploads\/2016\/06\/836935.jpeg?resize=525%2C300&ssl=1 1.5x, https:\/\/i0.wp.com\/www.grieta.org.mx\/wp-content\/uploads\/2016\/06\/836935.jpeg?resize=700%2C400&ssl=1 2x"},"classes":[]},{"id":6608,"url":"https:\/\/www.grieta.org.mx\/index.php\/2016\/06\/24\/movilizacion-de-trabajadores-en-coahuila-contra-privatizacion-de-la-salud\/","url_meta":{"origin":64829,"position":1},"title":"Movilizaciones del sector salud en Coahuila","author":"grieta","date":"24 junio, 2016","format":false,"excerpt":"23\/06\/16. Marchan contra la Reforma de Salud (Saltillo) El Siglo de Torre\u00f3n 22\/06\/16. Torre\u00f3n se suma a movilizaciones de #Yosoym\u00e9dico17 El Siglo de Torre\u00f3n 01\/08\/15. Empleados de Salud toman las calles en catorce ciudades; rechazan una privatizaci\u00f3n Apia Virtual 01\/08\/15. Marchan contra Reformas al Sector Salud El Siglo de Torre\u00f3n","rel":"","context":"En &quot;Coahuila&quot;","block_context":{"text":"Coahuila","link":"https:\/\/www.grieta.org.mx\/index.php\/category\/noticias-nacionales\/coahuila\/"},"img":{"alt_text":"","src":"https:\/\/i0.wp.com\/www.grieta.org.mx\/wp-content\/uploads\/2018\/03\/14524434_1106112876131411_958039263622046936_o.jpg?resize=350%2C200&ssl=1","width":350,"height":200,"srcset":"https:\/\/i0.wp.com\/www.grieta.org.mx\/wp-content\/uploads\/2018\/03\/14524434_1106112876131411_958039263622046936_o.jpg?resize=350%2C200&ssl=1 1x, https:\/\/i0.wp.com\/www.grieta.org.mx\/wp-content\/uploads\/2018\/03\/14524434_1106112876131411_958039263622046936_o.jpg?resize=525%2C300&ssl=1 1.5x, https:\/\/i0.wp.com\/www.grieta.org.mx\/wp-content\/uploads\/2018\/03\/14524434_1106112876131411_958039263622046936_o.jpg?resize=700%2C400&ssl=1 2x"},"classes":[]},{"id":44994,"url":"https:\/\/www.grieta.org.mx\/index.php\/2020\/02\/23\/galeria-de-fotos-de-accion-dislocada-en-la-laguna-coahuila-durango-jornadas-samir-somos-todas-y-todos\/","url_meta":{"origin":64829,"position":2},"title":"Galer\u00eda de fotos de acci\u00f3n dislocada en La Laguna (Coahuila &#8211; Durango). Jornadas \u201cSamir Somos Todas y Todos\u201d","author":"Admin","date":"23 febrero, 2020","format":false,"excerpt":"Colectivo Grieta Proyecci\u00f3n de la palabra del EZLN en el Foro en Defensa del Territorio y la Madre Tierra en el espacio La Resistencia en Lerdo, La Laguna (Coahuila - Durango). Galer\u00eda de Fotos:","rel":"","context":"En &quot;CINTILLO&quot;","block_context":{"text":"CINTILLO","link":"https:\/\/www.grieta.org.mx\/index.php\/category\/cintillo\/"},"img":{"alt_text":"","src":"https:\/\/i0.wp.com\/www.grieta.org.mx\/wp-content\/uploads\/2020\/02\/0ae267b4-3465-40cf-979d-9417e4bf9632.jpg?resize=350%2C200&ssl=1","width":350,"height":200,"srcset":"https:\/\/i0.wp.com\/www.grieta.org.mx\/wp-content\/uploads\/2020\/02\/0ae267b4-3465-40cf-979d-9417e4bf9632.jpg?resize=350%2C200&ssl=1 1x, https:\/\/i0.wp.com\/www.grieta.org.mx\/wp-content\/uploads\/2020\/02\/0ae267b4-3465-40cf-979d-9417e4bf9632.jpg?resize=525%2C300&ssl=1 1.5x, https:\/\/i0.wp.com\/www.grieta.org.mx\/wp-content\/uploads\/2020\/02\/0ae267b4-3465-40cf-979d-9417e4bf9632.jpg?resize=700%2C400&ssl=1 2x"},"classes":[]},{"id":12476,"url":"https:\/\/www.grieta.org.mx\/index.php\/2016\/05\/16\/realizan-paro-en-dos-escuelas-de-la-laguna-de-durango\/","url_meta":{"origin":64829,"position":3},"title":"Realizan paro en dos escuelas de La Laguna de Durango","author":"grieta","date":"16 mayo, 2016","format":false,"excerpt":"Mayela Avila G\u00f3mez Palacio, Durango (16\/05\/2016).- Este lunes, la Telesecundaria del Ejido La Sierrita, municipio de Tlahualilo y la telesecundaria del ejido Britingham de G\u00f3mez Palacio se sumaron al paro nacional convocado por la Coordinadora Nacional de Trabajadores de la Educaci\u00f3n desde el pasado 15 de mayo para la denominada\u2026","rel":"","context":"En &quot;CINTILLO&quot;","block_context":{"text":"CINTILLO","link":"https:\/\/www.grieta.org.mx\/index.php\/category\/cintillo\/"},"img":{"alt_text":"","src":"https:\/\/i0.wp.com\/www.grieta.org.mx\/wp-content\/uploads\/2018\/03\/14524434_1106112876131411_958039263622046936_o.jpg?resize=350%2C200&ssl=1","width":350,"height":200,"srcset":"https:\/\/i0.wp.com\/www.grieta.org.mx\/wp-content\/uploads\/2018\/03\/14524434_1106112876131411_958039263622046936_o.jpg?resize=350%2C200&ssl=1 1x, https:\/\/i0.wp.com\/www.grieta.org.mx\/wp-content\/uploads\/2018\/03\/14524434_1106112876131411_958039263622046936_o.jpg?resize=525%2C300&ssl=1 1.5x, https:\/\/i0.wp.com\/www.grieta.org.mx\/wp-content\/uploads\/2018\/03\/14524434_1106112876131411_958039263622046936_o.jpg?resize=700%2C400&ssl=1 2x"},"classes":[]},{"id":15791,"url":"https:\/\/www.grieta.org.mx\/index.php\/2016\/06\/27\/marchan-miles-en-apoyo-al-magisterio\/","url_meta":{"origin":64829,"position":4},"title":"Marchan miles en apoyo al magisterio","author":"grieta","date":"27 junio, 2016","format":false,"excerpt":"COMARCA LAGUNERA.- SE UNEN MAESTROS, M\u00c9DICOS, EXPOLIC\u00cdAS Y SOCIEDAD CIVIL De G\u00f3mez Palacio a Torre\u00f3n, miles de maestros laguneros, motociclistas, m\u00e9dicos y asociaciones como la de Expolic\u00edas y Sociedad Civil de M\u00e9xico, marcharon por segunda vez por las principales calles de La Laguna en apoyo al magisterio de Oaxaca y\u2026","rel":"","context":"En &quot;CINTILLO&quot;","block_context":{"text":"CINTILLO","link":"https:\/\/www.grieta.org.mx\/index.php\/category\/cintillo\/"},"img":{"alt_text":"","src":"https:\/\/i0.wp.com\/www.grieta.org.mx\/wp-content\/uploads\/2018\/03\/14524434_1106112876131411_958039263622046936_o.jpg?resize=350%2C200&ssl=1","width":350,"height":200,"srcset":"https:\/\/i0.wp.com\/www.grieta.org.mx\/wp-content\/uploads\/2018\/03\/14524434_1106112876131411_958039263622046936_o.jpg?resize=350%2C200&ssl=1 1x, https:\/\/i0.wp.com\/www.grieta.org.mx\/wp-content\/uploads\/2018\/03\/14524434_1106112876131411_958039263622046936_o.jpg?resize=525%2C300&ssl=1 1.5x, https:\/\/i0.wp.com\/www.grieta.org.mx\/wp-content\/uploads\/2018\/03\/14524434_1106112876131411_958039263622046936_o.jpg?resize=700%2C400&ssl=1 2x"},"classes":[]},{"id":34318,"url":"https:\/\/www.grieta.org.mx\/index.php\/2019\/06\/04\/ciudadanos-se-manifiestan-en-tec-de-la-laguna-contra-instalacion-de-chemours-durango\/","url_meta":{"origin":64829,"position":5},"title":"Ciudadanos se manifiestan en Tec de La Laguna contra instalaci\u00f3n de Chemours (Durango)","author":"grieta","date":"4 junio, 2019","format":false,"excerpt":"Juan Carlos lozano \/Telediario Aguascalientes Integrantes de este movimiento repartieron informaci\u00f3n acerca de los antecedentes de esta empresa. Torre\u00f3n, Coahuila.- La ma\u00f1ana de este martes, integrantes de la Coordinadora Nacional de Trabajadores de la Educaci\u00f3n, el Movimiento Magisterial en La Laguna, y el Frente Unido de Pueblos de La Laguna\u2026","rel":"","context":"En &quot;CINTILLO&quot;","block_context":{"text":"CINTILLO","link":"https:\/\/www.grieta.org.mx\/index.php\/category\/cintillo\/"},"img":{"alt_text":"","src":"https:\/\/i0.wp.com\/www.grieta.org.mx\/wp-content\/uploads\/2019\/06\/d1-1.jpg?resize=350%2C200&ssl=1","width":350,"height":200,"srcset":"https:\/\/i0.wp.com\/www.grieta.org.mx\/wp-content\/uploads\/2019\/06\/d1-1.jpg?resize=350%2C200&ssl=1 1x, https:\/\/i0.wp.com\/www.grieta.org.mx\/wp-content\/uploads\/2019\/06\/d1-1.jpg?resize=525%2C300&ssl=1 1.5x, https:\/\/i0.wp.com\/www.grieta.org.mx\/wp-content\/uploads\/2019\/06\/d1-1.jpg?resize=700%2C400&ssl=1 2x"},"classes":[]}],"_links":{"self":[{"href":"https:\/\/www.grieta.org.mx\/index.php\/wp-json\/wp\/v2\/posts\/64829","targetHints":{"allow":["GET"]}}],"collection":[{"href":"https:\/\/www.grieta.org.mx\/index.php\/wp-json\/wp\/v2\/posts"}],"about":[{"href":"https:\/\/www.grieta.org.mx\/index.php\/wp-json\/wp\/v2\/types\/post"}],"author":[{"embeddable":true,"href":"https:\/\/www.grieta.org.mx\/index.php\/wp-json\/wp\/v2\/users\/2"}],"replies":[{"embeddable":true,"href":"https:\/\/www.grieta.org.mx\/index.php\/wp-json\/wp\/v2\/comments?post=64829"}],"version-history":[{"count":1,"href":"https:\/\/www.grieta.org.mx\/index.php\/wp-json\/wp\/v2\/posts\/64829\/revisions"}],"predecessor-version":[{"id":64840,"href":"https:\/\/www.grieta.org.mx\/index.php\/wp-json\/wp\/v2\/posts\/64829\/revisions\/64840"}],"wp:featuredmedia":[{"embeddable":true,"href":"https:\/\/www.grieta.org.mx\/index.php\/wp-json\/wp\/v2\/media\/64832"}],"wp:attachment":[{"href":"https:\/\/www.grieta.org.mx\/index.php\/wp-json\/wp\/v2\/media?parent=64829"}],"wp:term":[{"taxonomy":"category","embeddable":true,"href":"https:\/\/www.grieta.org.mx\/index.php\/wp-json\/wp\/v2\/categories?post=64829"},{"taxonomy":"post_tag","embeddable":true,"href":"https:\/\/www.grieta.org.mx\/index.php\/wp-json\/wp\/v2\/tags?post=64829"}],"curies":[{"name":"wp","href":"https:\/\/api.w.org\/{rel}","templated":true}]}}