{"id":64825,"date":"2022-08-16T19:31:45","date_gmt":"2022-08-17T00:31:45","guid":{"rendered":"https:\/\/www.grieta.org.mx\/?p=64825"},"modified":"2022-08-20T19:50:21","modified_gmt":"2022-08-21T00:50:21","slug":"amagan-maestros-del-tecnologico-de-carrillo-puerto-con-paro-laboral-denuncian-caso-de-acoso-sexual-plazas-sin-asignar-y-falta-de-pago-de-bono-quintana-roo","status":"publish","type":"post","link":"https:\/\/www.grieta.org.mx\/index.php\/2022\/08\/16\/amagan-maestros-del-tecnologico-de-carrillo-puerto-con-paro-laboral-denuncian-caso-de-acoso-sexual-plazas-sin-asignar-y-falta-de-pago-de-bono-quintana-roo\/","title":{"rendered":"Amagan maestros del Tecnol\u00f3gico de Carrillo Puerto con paro laboral: Denuncian caso de acoso sexual, plazas sin asignar y falta de pago de bono (Quintana Roo)"},"content":{"rendered":"<p>Noticaribe<\/p>\n<p>FELIPE CARRILLO PUERTO, MX.- Cerca de 30 maestros del Instituto de Tecnol\u00f3gico de Felipe Carrillo Puerto se manifestaron este mediod\u00eda a las afueras de este plantel para exigirle a la Secretar\u00eda de Educaci\u00f3n de Quintana Roo (SEQ) que cumpla con los acuerdos pactados desde mayo pasado, o de lo contrario evaluar\u00e1n llegar a un paro de labores, que podr\u00eda afectar el inicio del siguiente ciclo escolar.<\/p>\n<p>De acuerdo con los docentes, todos afiliados a la Siteqroo, a pesar de que en distintas ocasiones han firmado acuerdos y minutas ante representantes enviados por la SEQ, las condiciones laborales de la plantilla magisterial contin\u00faan siendo las mismas.<\/p>\n<p>Efren Turriza Borges, uno de los agraviados, se\u00f1al\u00f3 que entre sus principales exigencias se encuentran la asignaci\u00f3n de plazas con transparencia, pago de bono a docentes que ya cumplieron sus a\u00f1os de servicio en la instituci\u00f3n, y la expedici\u00f3n de la convocatoria para el concurso de est\u00edmulos administrativos.<\/p>\n<p>Por su parte, Larissa Francelia Canul Ar\u00e9valo, secretaria general del Siteqroo, con las \u00faltimas minutas firmadas en sus manos, se\u00f1al\u00f3 que una de los acuerdos incumplidos que m\u00e1s les preocupa es el pago del bono de a\u00f1o de antig\u00fcedad, que debi\u00f3 de efectuarse durante la primera quincena de agosto.<\/p>\n<p>Asimismo, Canul Ar\u00e9valo agreg\u00f3 que a todo esto se suma el caso del maestro C\u00e9sar P. F., aparentemente no sindicalizado, quien presuntamente abus\u00f3 sexualmente de una trabajadora de confianza de este plantel.<\/p>\n<p>\u201cEl maestro estuvo acosando sexualmente a una trabajadora de confianza, pero no por eso no quiere decir que no se la va apoyar a la compa\u00f1era, de hecho ya hay una demanda en la fiscal\u00eda, se dio la instrucci\u00f3n de que lo separaran del cargo y hasta la fecha no lo ha pasado. Tengo entendido que sigue laborando en Yucat\u00e1n, su lugar de origen\u201d, a\u00f1adi\u00f3.<\/p>\n<p>De igual forma, los docentes exigieron a las autoridades la liberaci\u00f3n de nuevas plazas magisteriales, las cuales deber\u00edan estar disponibles desde el a\u00f1o pasado, y que pertenec\u00edan a maestros ahora fallecidos.<\/p>\n<p>Finalmente, los maestros aseguraron que se sienten vulnerados en su libertad de expresi\u00f3n, toda vez que en d\u00edas pasados hab\u00edan colgado lonas con consignas en la fachada de este plantel, las cuales fueron despu\u00e9s retiradas, al parecer por directivos de esta casa de estudios. (Agencia SIM)<\/p>\n<p><a href=\"https:\/\/noticaribe.com.mx\/2022\/08\/16\/amagan-maestros-del-tecnologico-de-carrillo-puerto-con-paro-laboral-denuncian-caso-de-acoso-sexual-plazas-sin-asignar-y-falta-de-pago-de-bono\/\" rel=\"noopener\" target=\"_blank\">https:\/\/noticaribe.com.mx\/2022\/08\/16\/amagan-maestros-del-tecnologico-de-carrillo-puerto-con-paro-laboral-denuncian-caso-de-acoso-sexual-plazas-sin-asignar-y-falta-de-pago-de-bono\/<\/a><\/p>\n","protected":false},"excerpt":{"rendered":"<p>Noticaribe FELIPE CARRILLO PUERTO, MX.- Cerca de 30 maestros del Instituto de Tecnol\u00f3gico de Felipe Carrillo Puerto se manifestaron este mediod\u00eda a las afueras de este plantel para exigirle a &hellip; <a href=\"https:\/\/www.grieta.org.mx\/index.php\/2022\/08\/16\/amagan-maestros-del-tecnologico-de-carrillo-puerto-con-paro-laboral-denuncian-caso-de-acoso-sexual-plazas-sin-asignar-y-falta-de-pago-de-bono-quintana-roo\/\" class=\"more-link\">Leer m\u00e1s<\/a><\/p>\n","protected":false},"author":2,"featured_media":64826,"comment_status":"closed","ping_status":"closed","sticky":false,"template":"","format":"standard","meta":{"ngg_post_thumbnail":0,"_jetpack_newsletter_access":"","_jetpack_dont_email_post_to_subs":false,"_jetpack_newsletter_tier_id":0,"_jetpack_memberships_contains_paywalled_content":false,"_jetpack_memberships_contains_paid_content":false,"footnotes":""},"categories":[80,1084,910,2,28,83],"tags":[113,2463,105],"class_list":["post-64825","post","type-post","status-publish","format-standard","has-post-thumbnail","hentry","category-cintillo","category-conflictos-laborales-en-quintana-roo","category-explotacion-y-precariedad-laboral","category-noticias-nacionales","category-quintana-roo","category-temas-nacionales","tag-conflictos-laborales","tag-demandas-laborales","tag-derechos-laborales","entry"],"jetpack_featured_media_url":"https:\/\/www.grieta.org.mx\/wp-content\/uploads\/2022\/08\/CarrillolPuerto-e1661042787762.png","jetpack_sharing_enabled":true,"jetpack_shortlink":"https:\/\/wp.me\/p7ZJR4-gRz","jetpack_likes_enabled":false,"jetpack-related-posts":[{"id":31200,"url":"https:\/\/www.grieta.org.mx\/index.php\/2019\/03\/20\/personal-del-tec-de-carrillo-puerto-protesta-por-irregularidades-quintana-roo\/","url_meta":{"origin":64825,"position":0},"title":"Personal del Tec de Carrillo Puerto protesta por irregularidades (Quintana Roo)","author":"grieta","date":"20 marzo, 2019","format":false,"excerpt":"Aseguran que trabajan inconformes debido al incumplimiento de acuerdos. Jes\u00fas Caamal\/SIPSE FELIPE CARRILLO PUERTO, Q. Roo.- Miembros del Sindicato de Trabajadores de la Educaci\u00f3n Superior del Instituto Tecnol\u00f3gico de Felipe Carrillo Puerto (Stesitse), se mantienen inconformes ante distintas irregularidades administrativas por parte de la directiva de la instituci\u00f3n. Ayer, cerca\u2026","rel":"","context":"En &quot;CINTILLO&quot;","block_context":{"text":"CINTILLO","link":"https:\/\/www.grieta.org.mx\/index.php\/category\/cintillo\/"},"img":{"alt_text":"","src":"https:\/\/i0.wp.com\/www.grieta.org.mx\/wp-content\/uploads\/2019\/03\/1553092386223.jpg?resize=350%2C200&ssl=1","width":350,"height":200,"srcset":"https:\/\/i0.wp.com\/www.grieta.org.mx\/wp-content\/uploads\/2019\/03\/1553092386223.jpg?resize=350%2C200&ssl=1 1x, https:\/\/i0.wp.com\/www.grieta.org.mx\/wp-content\/uploads\/2019\/03\/1553092386223.jpg?resize=525%2C300&ssl=1 1.5x, https:\/\/i0.wp.com\/www.grieta.org.mx\/wp-content\/uploads\/2019\/03\/1553092386223.jpg?resize=700%2C400&ssl=1 2x"},"classes":[]},{"id":69507,"url":"https:\/\/www.grieta.org.mx\/index.php\/2024\/08\/26\/inicia-ciclo-escolar-con-protesta-de-trabajadores-de-bachillerato-en-felipe-carrillo-puerto-quintana-roo\/","url_meta":{"origin":64825,"position":1},"title":"Inicia ciclo escolar con protesta de trabajadores de bachillerato en Felipe Carrillo Puerto (Quintana Roo)","author":"grieta","date":"26 agosto, 2024","format":false,"excerpt":"Noticaribe FELIPE CARRILLO PUERTO, MX.- Trabajadores del Centro de Estudios de Bachillerato 5\/10 \u201cProf. Rafael Ram\u00edrez Casta\u00f1eda\u201d, iniciaron el nuevo ciclo escolar colocando diversas lonas afuera del plantel educativo, ubicado sobre la avenida constituyentes con 91 de la Emiliano Zapata II, donde denunciaron abuso de poder y hostigamiento laboral por\u2026","rel":"","context":"En &quot;CINTILLO&quot;","block_context":{"text":"CINTILLO","link":"https:\/\/www.grieta.org.mx\/index.php\/category\/cintillo\/"},"img":{"alt_text":"","src":"https:\/\/i0.wp.com\/www.grieta.org.mx\/wp-content\/uploads\/2024\/08\/Protesta-e1724949321283.jpg?resize=350%2C200&ssl=1","width":350,"height":200,"srcset":"https:\/\/i0.wp.com\/www.grieta.org.mx\/wp-content\/uploads\/2024\/08\/Protesta-e1724949321283.jpg?resize=350%2C200&ssl=1 1x, https:\/\/i0.wp.com\/www.grieta.org.mx\/wp-content\/uploads\/2024\/08\/Protesta-e1724949321283.jpg?resize=525%2C300&ssl=1 1.5x, https:\/\/i0.wp.com\/www.grieta.org.mx\/wp-content\/uploads\/2024\/08\/Protesta-e1724949321283.jpg?resize=700%2C400&ssl=1 2x"},"classes":[]},{"id":71732,"url":"https:\/\/www.grieta.org.mx\/index.php\/2025\/05\/15\/daran-inicio-a-planton-frente-al-palacio-municipal-se-suman-docentes-de-otros-municipios-a-la-megamarcha-en-felipe-carrillo-puerto-quintana-roo\/","url_meta":{"origin":64825,"position":2},"title":"Dar\u00e1n inicio a plant\u00f3n frente al Palacio Municipal: Se suman docentes de otros municipios a la megamarcha en Felipe Carrillo Puerto (Quintana Roo)","author":"grieta","date":"15 mayo, 2025","format":false,"excerpt":"Noticaribe FELIPE CARRILLO PUERTO, MX.- Alrededor de mil docentes, provenientes de diversos municipios del estado, se concentraron esta ma\u00f1ana en los accesos de esta ciudad, para sumarse a la megamarcha convocada por el Comit\u00e9 Estatal de Lucha en contra de la Ley del Instituto de Seguridad y Servicios Sociales de\u2026","rel":"","context":"En &quot;CINTILLO&quot;","block_context":{"text":"CINTILLO","link":"https:\/\/www.grieta.org.mx\/index.php\/category\/cintillo\/"},"img":{"alt_text":"","src":"https:\/\/i0.wp.com\/www.grieta.org.mx\/wp-content\/uploads\/2025\/05\/MaestrosQR-e1747659303124.jpg?resize=350%2C200&ssl=1","width":350,"height":200,"srcset":"https:\/\/i0.wp.com\/www.grieta.org.mx\/wp-content\/uploads\/2025\/05\/MaestrosQR-e1747659303124.jpg?resize=350%2C200&ssl=1 1x, https:\/\/i0.wp.com\/www.grieta.org.mx\/wp-content\/uploads\/2025\/05\/MaestrosQR-e1747659303124.jpg?resize=525%2C300&ssl=1 1.5x, https:\/\/i0.wp.com\/www.grieta.org.mx\/wp-content\/uploads\/2025\/05\/MaestrosQR-e1747659303124.jpg?resize=700%2C400&ssl=1 2x"},"classes":[]},{"id":66892,"url":"https:\/\/www.grieta.org.mx\/index.php\/2023\/05\/04\/no-a-la-incorporacion-de-la-educacion-indigena-al-inpi-realizan-maestros-marcha-de-rechazo-y-exigencia-d-permanecer-dentro-de-la-atencion-de-la-sep-quintana-roo\/","url_meta":{"origin":64825,"position":3},"title":"No a la incorporaci\u00f3n de la educaci\u00f3n ind\u00edgena al  INPI: Realizan maestros marcha de rechazo y exigencia d permanecer dentro de la atenci\u00f3n de la SEP (Quintana Roo)","author":"grieta","date":"4 mayo, 2023","format":false,"excerpt":"Rafael Brice\u00f1o \/ Noticaribe FELIPE CARRILLO PUERTO, MX. \u2013 Tras la propuesta federal de incorporar la educaci\u00f3n ind\u00edgena al Instituto Nacional de Pueblos Ind\u00edgenas (INPI), maestros realizaron una marcha de protesta para manifestar su rechazo al considerarlo un retroceso y exigir permanecer dentro de la Secretar\u00eda de Educaci\u00f3n P\u00fablica (SEP).\u2026","rel":"","context":"En &quot;CINTILLO&quot;","block_context":{"text":"CINTILLO","link":"https:\/\/www.grieta.org.mx\/index.php\/category\/cintillo\/"},"img":{"alt_text":"","src":"https:\/\/i0.wp.com\/www.grieta.org.mx\/wp-content\/uploads\/2023\/05\/EducacionIndigena-e1683302013245.jpg?resize=350%2C200&ssl=1","width":350,"height":200,"srcset":"https:\/\/i0.wp.com\/www.grieta.org.mx\/wp-content\/uploads\/2023\/05\/EducacionIndigena-e1683302013245.jpg?resize=350%2C200&ssl=1 1x, https:\/\/i0.wp.com\/www.grieta.org.mx\/wp-content\/uploads\/2023\/05\/EducacionIndigena-e1683302013245.jpg?resize=525%2C300&ssl=1 1.5x, https:\/\/i0.wp.com\/www.grieta.org.mx\/wp-content\/uploads\/2023\/05\/EducacionIndigena-e1683302013245.jpg?resize=700%2C400&ssl=1 2x"},"classes":[]},{"id":65862,"url":"https:\/\/www.grieta.org.mx\/index.php\/2022\/12\/02\/trabajadores-del-cobach-a-paro-escalonado-el-lunes-quintana-roo\/","url_meta":{"origin":64825,"position":4},"title":"Trabajadores del Cobach a paro escalonado, el lunes  (Quintana Roo)","author":"grieta","date":"2 diciembre, 2022","format":false,"excerpt":"Luisa C\u00e1rdenas \/ Quadrat\u00edn Quintana Roo CANC\u00daN, QRoo, 2 de diciembre de 2022.- A partir de este lunes, el Sindicato de Trabajadores de los Colegios de Bachilleres de Quintana Roo (Sitacobaqroo), programar\u00e1n paros escalonados al no haber una respuesta a sus demandas laborales. No descartan manifestaciones para hacer presi\u00f3n. Luisa\u2026","rel":"","context":"En &quot;CINTILLO&quot;","block_context":{"text":"CINTILLO","link":"https:\/\/www.grieta.org.mx\/index.php\/category\/cintillo\/"},"img":{"alt_text":"","src":"https:\/\/i0.wp.com\/www.grieta.org.mx\/wp-content\/uploads\/2022\/12\/Cobach-e1670267050610.jpg?resize=350%2C200&ssl=1","width":350,"height":200,"srcset":"https:\/\/i0.wp.com\/www.grieta.org.mx\/wp-content\/uploads\/2022\/12\/Cobach-e1670267050610.jpg?resize=350%2C200&ssl=1 1x, https:\/\/i0.wp.com\/www.grieta.org.mx\/wp-content\/uploads\/2022\/12\/Cobach-e1670267050610.jpg?resize=525%2C300&ssl=1 1.5x, https:\/\/i0.wp.com\/www.grieta.org.mx\/wp-content\/uploads\/2022\/12\/Cobach-e1670267050610.jpg?resize=700%2C400&ssl=1 2x"},"classes":[]},{"id":33336,"url":"https:\/\/www.grieta.org.mx\/index.php\/2019\/05\/09\/maestros-se-sumaran-a-protesta-de-integrantes-del-sitacobaqroo-en-chetumal\/","url_meta":{"origin":64825,"position":5},"title":"Maestros se sumar\u00e1n a protesta de integrantes del Sitacobaqroo en Chetumal","author":"grieta","date":"9 mayo, 2019","format":false,"excerpt":"Alejandro CHAN PUC\/Diario de Quintana Roo FELIPE CARRILLO PUERTO, 9 de mayo.- Ante la falta de respuesta por parte de autoridades educativas y de la Federaci\u00f3n, maestros de nivel medio superior de la Zona Maya, afiliados al Sindicato de Trabajadores del Colegio de Bachilleres de Quintana Roo (Sitacobaqroo) viajaron a\u2026","rel":"","context":"En &quot;CINTILLO&quot;","block_context":{"text":"CINTILLO","link":"https:\/\/www.grieta.org.mx\/index.php\/category\/cintillo\/"},"img":{"alt_text":"","src":"https:\/\/i0.wp.com\/www.grieta.org.mx\/wp-content\/uploads\/2019\/05\/a6.jpg?resize=350%2C200&ssl=1","width":350,"height":200},"classes":[]}],"_links":{"self":[{"href":"https:\/\/www.grieta.org.mx\/index.php\/wp-json\/wp\/v2\/posts\/64825","targetHints":{"allow":["GET"]}}],"collection":[{"href":"https:\/\/www.grieta.org.mx\/index.php\/wp-json\/wp\/v2\/posts"}],"about":[{"href":"https:\/\/www.grieta.org.mx\/index.php\/wp-json\/wp\/v2\/types\/post"}],"author":[{"embeddable":true,"href":"https:\/\/www.grieta.org.mx\/index.php\/wp-json\/wp\/v2\/users\/2"}],"replies":[{"embeddable":true,"href":"https:\/\/www.grieta.org.mx\/index.php\/wp-json\/wp\/v2\/comments?post=64825"}],"version-history":[{"count":1,"href":"https:\/\/www.grieta.org.mx\/index.php\/wp-json\/wp\/v2\/posts\/64825\/revisions"}],"predecessor-version":[{"id":64827,"href":"https:\/\/www.grieta.org.mx\/index.php\/wp-json\/wp\/v2\/posts\/64825\/revisions\/64827"}],"wp:featuredmedia":[{"embeddable":true,"href":"https:\/\/www.grieta.org.mx\/index.php\/wp-json\/wp\/v2\/media\/64826"}],"wp:attachment":[{"href":"https:\/\/www.grieta.org.mx\/index.php\/wp-json\/wp\/v2\/media?parent=64825"}],"wp:term":[{"taxonomy":"category","embeddable":true,"href":"https:\/\/www.grieta.org.mx\/index.php\/wp-json\/wp\/v2\/categories?post=64825"},{"taxonomy":"post_tag","embeddable":true,"href":"https:\/\/www.grieta.org.mx\/index.php\/wp-json\/wp\/v2\/tags?post=64825"}],"curies":[{"name":"wp","href":"https:\/\/api.w.org\/{rel}","templated":true}]}}