{"id":64775,"date":"2022-08-16T21:45:31","date_gmt":"2022-08-17T02:45:31","guid":{"rendered":"https:\/\/www.grieta.org.mx\/?p=64775"},"modified":"2022-08-16T21:45:31","modified_gmt":"2022-08-17T02:45:31","slug":"conceden-amparo-contra-la-ley-de-aguas-en-queretaro-a-comunidad-otomi","status":"publish","type":"post","link":"https:\/\/www.grieta.org.mx\/index.php\/2022\/08\/16\/conceden-amparo-contra-la-ley-de-aguas-en-queretaro-a-comunidad-otomi\/","title":{"rendered":"Conceden amparo contra la Ley de Aguas en Quer\u00e9taro a comunidad Otom\u00ed"},"content":{"rendered":"<h4>Noemi Ota\u00f1ez \/ Somoselmedio<\/h4>\n<h4>Foto: @yazminvalois<\/h4>\n<h4><strong>El pasado lunes 8 de agosto, en la Casa de los Pueblos y Comunidades Ind\u00edgenas \u00abSamir Flores Soberanes\u00bb, concejales de Santiago Mexquititl\u00e1n se pronunciaron contra la Ley de Concesiones de Agua en Quer\u00e9taro.<\/strong><\/h4>\n<p>Al grito <strong><em>\u201cno es sequ\u00eda, es saqueo\u201d y <\/em><\/strong><strong><em>\u201cel agua no se vende, se ama y se defiende\u201d<\/em>, <\/strong>las concejalas reafirmaron que su lucha es por el agua y por la vida.<\/p>\n<p>En conferencia de prensa, <strong>Carlos Gonz\u00e1les Garc\u00eda<\/strong>, abogado de la comunidad de Otom\u00ed de <strong>Santiago Mexquititl\u00e1n<\/strong> explic\u00f3 que el pasado primero de agosto, <strong>el juzgado S\u00e9ptimo de Distrito de Amparo y Juicios Federales de Quer\u00e9taro, concedi\u00f3 el amparo 907\/2022 a favor de la comunidad de Otom\u00ed, <\/strong>para que no se prive de los derechos a la comunidad.<\/p>\n<p><iframe loading=\"lazy\" title=\"YouTube video player\" src=\"https:\/\/www.youtube.com\/embed\/aAZOEiT5E1Y\" width=\"100%\" height=\"315\" frameborder=\"0\" allowfullscreen=\"allowfullscreen\" data-mce-fragment=\"1\"><\/iframe><\/p>\n<p><strong>Gonz\u00e1les Garc\u00eda<\/strong>, puntualiz\u00f3 que <strong>la Ley es inconstitucional e inconvencional y que violenta derechos de los pueblos ind\u00edgenas de Quer\u00e9taro y de la sociedad en general.<\/strong><\/p>\n<h5><strong><em>\u00abViolenta derechos y garant\u00edas fundamentales que est\u00e1n reconocidos en los art\u00edculos 1ero, 2do, 4to, 27 y 31 constitucionales y violenta de manera grave disposiciones de convenios y tratados internacionales.\u00bb<\/em><\/strong><\/h5>\n<p>Gonz\u00e1lez, afirm\u00f3 que la Ley contiene un violaci\u00f3n grave por no haber sido consultada a las comunidades y pueblos ind\u00edgenas de Quer\u00e9taro; los acuerdos entre los poderes legislativos y ejecutivos del estado crearon y expidieron dicha Ley.<\/p>\n<p><em><b>\u00abLa suspensi\u00f3n se concedi\u00f3, dada la gravedad de los actos se\u00f1alados y de la afectaci\u00f3n de los derechos sustantivos de la comunidad, el 09 de agosto, a partir de una audiencia incidental. Esperamos la suspensi\u00f3n definitiva a la comunidad para que no se privatice el agua.\u00bb<\/b><\/em><\/p>\n<p>Por su parte, <strong>Estela Hern\u00e1ndez<\/strong>, integrante del <strong>Concejo Aut\u00f3nomo de Santiago Mexquititl\u00e1n<\/strong>, se\u00f1al\u00f3 que en reuni\u00f3n con la <strong>Comisi\u00f3n Nacional del Agua (CONAGUA)<\/strong>, y la <strong>Comisi\u00f3n Estatal de Aguas (CEA)<\/strong>, ambos organismos en coordinaci\u00f3n, acordaron la <strong>restituci\u00f3n del pozo de agua potable<\/strong> del Barrio Cuarto de la comunidad originaria, sin embargo, en una segunda reuni\u00f3n, la <strong>CEA<\/strong> se retract\u00f3 del primer acuerdo y, en el tercer di\u00e1logo la <strong>CONAGUA<\/strong> permaneci\u00f3 con la disposici\u00f3n, pero la <strong>CEA<\/strong> argument\u00f3 que la Ley de Concesiones imped\u00eda cumplir su promesa del primer di\u00e1logo; ante las posturas de las organizaciones los di\u00e1logos quedaron suspendidos.<\/p>\n<p><strong><em>\u00abLa CEA saqueaba nuestra agua a trav\u00e9s de pipas y de tuber\u00edas a empresas privadas y comunidades que no son del estado de Quer\u00e9taro, mientras en las comunidades del estado sigue existiendo escasez. El agua potable es de mala calidad, y se niegan a devolverla al pozo de agua al Barrio Cuarto de la comunidad\u00bb<\/em><\/strong>, resalt\u00f3 Estela Hern\u00e1ndez.<\/p>\n<figure id=\"attachment_31580\" class=\"wp-caption aligncenter\" aria-describedby=\"caption-attachment-31580\"><img loading=\"lazy\" decoding=\"async\" class=\"wp-image-31580 size-large\" src=\"https:\/\/www.somoselmedio.com\/wp-content\/uploads\/2022\/08\/WhatsApp-Image-2022-08-08-at-11.54.20-AM-1024x768.jpeg\" sizes=\"auto, (max-width: 1024px) 100vw, 1024px\" srcset=\"https:\/\/www.somoselmedio.com\/wp-content\/uploads\/2022\/08\/WhatsApp-Image-2022-08-08-at-11.54.20-AM-1024x768.jpeg 1024w, https:\/\/www.somoselmedio.com\/wp-content\/uploads\/2022\/08\/WhatsApp-Image-2022-08-08-at-11.54.20-AM-300x225.jpeg 300w, https:\/\/www.somoselmedio.com\/wp-content\/uploads\/2022\/08\/WhatsApp-Image-2022-08-08-at-11.54.20-AM-768x576.jpeg 768w, https:\/\/www.somoselmedio.com\/wp-content\/uploads\/2022\/08\/WhatsApp-Image-2022-08-08-at-11.54.20-AM-150x113.jpeg 150w, https:\/\/www.somoselmedio.com\/wp-content\/uploads\/2022\/08\/WhatsApp-Image-2022-08-08-at-11.54.20-AM-696x522.jpeg 696w, https:\/\/www.somoselmedio.com\/wp-content\/uploads\/2022\/08\/WhatsApp-Image-2022-08-08-at-11.54.20-AM-1068x801.jpeg 1068w, https:\/\/www.somoselmedio.com\/wp-content\/uploads\/2022\/08\/WhatsApp-Image-2022-08-08-at-11.54.20-AM-265x198.jpeg 265w, https:\/\/www.somoselmedio.com\/wp-content\/uploads\/2022\/08\/WhatsApp-Image-2022-08-08-at-11.54.20-AM.jpeg 1280w\" alt=\"Ley de Aguas en Quer\u00e9taro\" width=\"1024\" height=\"768\" \/><figcaption id=\"caption-attachment-31580\" class=\"wp-caption-text\">Conferencia de la Ley de Aguas en Quer\u00e9taro Foto: <em>@yazminvalois<\/em><\/figcaption><\/figure>\n<p>Ante esto, la comunidad aut\u00f3noma de <strong>Santiago Mexquititl\u00e1n<\/strong>, denunci\u00f3 que la <strong>Ley de Concesiones del Agua en Quer\u00e9taro, <\/strong>viola su autonom\u00eda y sus derechos al agua.<\/p>\n<h5><em><b>\u00abNos est\u00e1n robando esa autonom\u00eda de manera descarada cuando nos quieren cobrar tributo por todo, para entreg\u00e1rselos a las empresas a costa de la miseria en nuestra comunidad.\u00bb<\/b><\/em><\/h5>\n<p>El pasado 20 de julio, la <strong>Defensor\u00eda de Derechos Humanos<\/strong> y la <strong>CNDH<\/strong>, <a href=\"https:\/\/www.facebook.com\/125269014208515\/posts\/pfbid0iisYD3yf2VY6cG2GbPwjB5U4bsrvSycr63RxqtRafevdgxQeqqyyNuN4jzvjxUywl\/\" target=\"_blank\" rel=\"noopener\">emitieron comunicados<\/a>\u00a0 donde explicaban <strong>que la Ley no violentaba el derecho al agua <\/strong>sino que<strong> permit\u00eda concesionar los servicios de la red de agua potable y no el vital l\u00edquido, por lo que la Ley no era inconstitucional.\u00a0<\/strong><\/p>\n<p><img loading=\"lazy\" decoding=\"async\" data-attachment-id=\"31614\" data-permalink=\"https:\/\/www.grieta.org.mx\/index.php\/2019\/04\/01\/arte-musica-y-baile-a-100-anos-del-asesinato-del-general-emiliano-zapata\/photo_2019-04-02-12-39-46\/\" data-orig-file=\"https:\/\/www.grieta.org.mx\/wp-content\/uploads\/2019\/04\/photo_2019-04-02-12.39.46.jpeg\" data-orig-size=\"1280,960\" data-comments-opened=\"0\" data-image-meta=\"{&quot;aperture&quot;:&quot;0&quot;,&quot;credit&quot;:&quot;&quot;,&quot;camera&quot;:&quot;&quot;,&quot;caption&quot;:&quot;&quot;,&quot;created_timestamp&quot;:&quot;0&quot;,&quot;copyright&quot;:&quot;&quot;,&quot;focal_length&quot;:&quot;0&quot;,&quot;iso&quot;:&quot;0&quot;,&quot;shutter_speed&quot;:&quot;0&quot;,&quot;title&quot;:&quot;&quot;,&quot;orientation&quot;:&quot;0&quot;}\" data-image-title=\"photo_2019-04-02 12.39.46\" data-image-description=\"\" data-image-caption=\"\" data-medium-file=\"https:\/\/www.grieta.org.mx\/wp-content\/uploads\/2019\/04\/photo_2019-04-02-12.39.46-300x225.jpeg\" data-large-file=\"https:\/\/www.grieta.org.mx\/wp-content\/uploads\/2019\/04\/photo_2019-04-02-12.39.46-1024x768.jpeg\" class=\"aligncenter wp-image-31614 size-large\" src=\"https:\/\/www.somoselmedio.com\/wp-content\/uploads\/2022\/08\/WhatsApp-Image-2022-08-08-at-11.43.38-AM-1024x768.jpeg\" sizes=\"auto, (max-width: 1024px) 100vw, 1024px\" srcset=\"https:\/\/www.somoselmedio.com\/wp-content\/uploads\/2022\/08\/WhatsApp-Image-2022-08-08-at-11.43.38-AM-1024x768.jpeg 1024w, https:\/\/www.somoselmedio.com\/wp-content\/uploads\/2022\/08\/WhatsApp-Image-2022-08-08-at-11.43.38-AM-300x225.jpeg 300w, https:\/\/www.somoselmedio.com\/wp-content\/uploads\/2022\/08\/WhatsApp-Image-2022-08-08-at-11.43.38-AM-768x576.jpeg 768w, https:\/\/www.somoselmedio.com\/wp-content\/uploads\/2022\/08\/WhatsApp-Image-2022-08-08-at-11.43.38-AM-1536x1152.jpeg 1536w, https:\/\/www.somoselmedio.com\/wp-content\/uploads\/2022\/08\/WhatsApp-Image-2022-08-08-at-11.43.38-AM-150x113.jpeg 150w, https:\/\/www.somoselmedio.com\/wp-content\/uploads\/2022\/08\/WhatsApp-Image-2022-08-08-at-11.43.38-AM-696x522.jpeg 696w, https:\/\/www.somoselmedio.com\/wp-content\/uploads\/2022\/08\/WhatsApp-Image-2022-08-08-at-11.43.38-AM-1068x801.jpeg 1068w, https:\/\/www.somoselmedio.com\/wp-content\/uploads\/2022\/08\/WhatsApp-Image-2022-08-08-at-11.43.38-AM-265x198.jpeg 265w, https:\/\/www.somoselmedio.com\/wp-content\/uploads\/2022\/08\/WhatsApp-Image-2022-08-08-at-11.43.38-AM.jpeg 1600w\" alt=\"Ley de Aguas en Quer\u00e9taro\" width=\"1024\" height=\"768\" \/><\/p>\n<p>Estela Hern\u00e1ndez cuestion\u00f3 el actuar de las autoridades, las cuales buscan que los pueblos y comunidades ind\u00edgenas sean representados por instituciones, para que desistan de su lucha, con tanto tr\u00e1mite burocr\u00e1tico.<\/p>\n<p><strong><em>\u00abEs inconcebible que siempre nos pongan a alguna instituci\u00f3n para que hable por nosotros y, entre tanto tr\u00e1mite burocr\u00e1tico nos vayan perdiendo y, adem\u00e1s, vayamos perdiendo el ideal de una vida digna, ante esto te meten tanto miedo para que te conformes a ser sumiso ante ciertas falsas autoridades y malos gobiernos.\u00bb<\/em><\/strong><\/p>\n<p><a href=\"https:\/\/www.somoselmedio.com\/2022\/08\/09\/amparo-ley-de-aguas\/\" target=\"_blank\" rel=\"noopener\">https:\/\/www.somoselmedio.com\/2022\/08\/09\/amparo-ley-de-aguas\/<\/a><\/p>\n<p>&nbsp;<\/p>\n","protected":false},"excerpt":{"rendered":"<p>Noemi Ota\u00f1ez \/ Somoselmedio Foto: @yazminvalois El pasado lunes 8 de agosto, en la Casa de los Pueblos y Comunidades Ind\u00edgenas \u00abSamir Flores Soberanes\u00bb, concejales de Santiago Mexquititl\u00e1n se pronunciaron &hellip; <a href=\"https:\/\/www.grieta.org.mx\/index.php\/2022\/08\/16\/conceden-amparo-contra-la-ley-de-aguas-en-queretaro-a-comunidad-otomi\/\" class=\"more-link\">Leer m\u00e1s<\/a><\/p>\n","protected":false},"author":2,"featured_media":21928,"comment_status":"closed","ping_status":"closed","sticky":false,"template":"","format":"standard","meta":{"ngg_post_thumbnail":0,"_jetpack_newsletter_access":"","_jetpack_dont_email_post_to_subs":false,"_jetpack_newsletter_tier_id":0,"_jetpack_memberships_contains_paywalled_content":false,"_jetpack_memberships_contains_paid_content":false,"footnotes":""},"categories":[3167,914,3030,2480,2,27,3165,83],"tags":[],"class_list":["post-64775","post","type-post","status-publish","format-standard","has-post-thumbnail","hentry","category-autonomias","category-privatizacion-del-agua","category-crisis-del-agua-en-queretaro","category-lucha-y-resistencia-del-pueblo-de-queretaro","category-noticias-nacionales","category-queretaro","category-resistencias","category-temas-nacionales","entry"],"jetpack_featured_media_url":"https:\/\/www.grieta.org.mx\/wp-content\/uploads\/2018\/03\/14524434_1106112876131411_958039263622046936_o.jpg","jetpack_sharing_enabled":true,"jetpack_shortlink":"https:\/\/wp.me\/p7ZJR4-gQL","jetpack_likes_enabled":false,"jetpack-related-posts":[{"id":71110,"url":"https:\/\/www.grieta.org.mx\/index.php\/2025\/02\/22\/denuncian-hostigamiento-judicial-contra-defensoras-del-territorio-en-santiago-mexquititlan-queretaro\/","url_meta":{"origin":64775,"position":0},"title":"Denuncian hostigamiento judicial contra defensoras del territorio en Santiago Mexquititl\u00e1n (Quer\u00e9taro)","author":"grieta","date":"22 febrero, 2025","format":false,"excerpt":"David \u00c1lvarez \/ Proyecto Saltapatr\u00e1s Foto: Laura Santos El Concejo Aut\u00f3nomo de Santiago Mexquititl\u00e1n denunci\u00f3 un acto de hostigamiento judicial contra mujeres defensoras del territorio en la comunidad, relacionado con el amparo colectivo 907\/2022 sobre el acceso al agua. Seg\u00fan el comunicado del grupo, el 20 de febrero de 2025\u2026","rel":"","context":"En &quot;Abuso policiaco y tortura en Quer\u00e9taro&quot;","block_context":{"text":"Abuso policiaco y tortura en Quer\u00e9taro","link":"https:\/\/www.grieta.org.mx\/index.php\/category\/noticias-nacionales\/queretaro\/abuso-policiaco-y-tortura-en-queretaro\/"},"img":{"alt_text":"","src":"https:\/\/i0.wp.com\/www.grieta.org.mx\/wp-content\/uploads\/2025\/02\/Denuncian-hostigamiento-judicial-contra-defensoras-del-territorio-en-Santiago-Mexquititlan.jpeg?resize=350%2C200&ssl=1","width":350,"height":200,"srcset":"https:\/\/i0.wp.com\/www.grieta.org.mx\/wp-content\/uploads\/2025\/02\/Denuncian-hostigamiento-judicial-contra-defensoras-del-territorio-en-Santiago-Mexquititlan.jpeg?resize=350%2C200&ssl=1 1x, https:\/\/i0.wp.com\/www.grieta.org.mx\/wp-content\/uploads\/2025\/02\/Denuncian-hostigamiento-judicial-contra-defensoras-del-territorio-en-Santiago-Mexquititlan.jpeg?resize=525%2C300&ssl=1 1.5x, https:\/\/i0.wp.com\/www.grieta.org.mx\/wp-content\/uploads\/2025\/02\/Denuncian-hostigamiento-judicial-contra-defensoras-del-territorio-en-Santiago-Mexquititlan.jpeg?resize=700%2C400&ssl=1 2x, https:\/\/i0.wp.com\/www.grieta.org.mx\/wp-content\/uploads\/2025\/02\/Denuncian-hostigamiento-judicial-contra-defensoras-del-territorio-en-Santiago-Mexquititlan.jpeg?resize=1050%2C600&ssl=1 3x, https:\/\/i0.wp.com\/www.grieta.org.mx\/wp-content\/uploads\/2025\/02\/Denuncian-hostigamiento-judicial-contra-defensoras-del-territorio-en-Santiago-Mexquititlan.jpeg?resize=1400%2C800&ssl=1 4x"},"classes":[]},{"id":50258,"url":"https:\/\/www.grieta.org.mx\/index.php\/2020\/05\/25\/pobladores-de-santiago-mexquititlan-toman-presidencia-municipal-de-amealco-queretaro\/","url_meta":{"origin":64775,"position":1},"title":"Pobladores de Santiago Mexquititl\u00e1n toman presidencia municipal de Amealco (Quer\u00e9taro)","author":"grieta","date":"25 mayo, 2020","format":false,"excerpt":"Imagen tomada de: sanpanchotv.wordpress.com San Pancho TV El 25 de mayo del 2020, tianguistas y pobladores de Santiago Mexquititl\u00e1n tomaron la presidencia del municipio de Amealco, en Quer\u00e9taro, como acto de protesta ante la implementaci\u00f3n de la \u201cley garrote\u201d, as\u00ed como en contra de el corte de agua que ha\u2026","rel":"","context":"En &quot;Abuso policiaco y tortura en Quer\u00e9taro&quot;","block_context":{"text":"Abuso policiaco y tortura en Quer\u00e9taro","link":"https:\/\/www.grieta.org.mx\/index.php\/category\/noticias-nacionales\/queretaro\/abuso-policiaco-y-tortura-en-queretaro\/"},"img":{"alt_text":"","src":"https:\/\/i0.wp.com\/www.grieta.org.mx\/wp-content\/uploads\/2020\/06\/Pobladores-de-Santiago-Mexquititl%C3%A1n-toman-presidencia-municipal-de-Amealco-qro-jun.jpeg?resize=350%2C200&ssl=1","width":350,"height":200},"classes":[]},{"id":51629,"url":"https:\/\/www.grieta.org.mx\/index.php\/2020\/07\/02\/agresiones-al-pueblo-de-santiago-mexquititlan-queretaro\/","url_meta":{"origin":64775,"position":2},"title":"Agresiones al pueblo de Santiago Mexquititl\u00e1n (Quer\u00e9taro)","author":"grieta","date":"2 julio, 2020","format":false,"excerpt":"Imagen tomada de: sicmx.org Agust\u00edn Escobar Ledesma \/ Sistema Informativo Ciudadano Uno de los problemas m\u00e1s acuciantes que tiene Santiago Mexquititl\u00e1n, Amealco, Qro., es que sus seis barrios, repetidamente, son dejados sin el servicio de agua potable. La \u00faltima ocasi\u00f3n, ocurrida entre mayo y junio, fue que la Comisi\u00f3n Estatal\u2026","rel":"","context":"En &quot;Autonom\u00edas&quot;","block_context":{"text":"Autonom\u00edas","link":"https:\/\/www.grieta.org.mx\/index.php\/category\/resistencias\/autonomias\/"},"img":{"alt_text":"","src":"https:\/\/i0.wp.com\/www.grieta.org.mx\/wp-content\/uploads\/2020\/07\/Agresiones-al-pueblo-de-Santiago-Mexquititl%C3%A1n-qro-jul.jpeg?resize=350%2C200&ssl=1","width":350,"height":200,"srcset":"https:\/\/i0.wp.com\/www.grieta.org.mx\/wp-content\/uploads\/2020\/07\/Agresiones-al-pueblo-de-Santiago-Mexquititl%C3%A1n-qro-jul.jpeg?resize=350%2C200&ssl=1 1x, https:\/\/i0.wp.com\/www.grieta.org.mx\/wp-content\/uploads\/2020\/07\/Agresiones-al-pueblo-de-Santiago-Mexquititl%C3%A1n-qro-jul.jpeg?resize=525%2C300&ssl=1 1.5x, https:\/\/i0.wp.com\/www.grieta.org.mx\/wp-content\/uploads\/2020\/07\/Agresiones-al-pueblo-de-Santiago-Mexquititl%C3%A1n-qro-jul.jpeg?resize=700%2C400&ssl=1 2x"},"classes":[]},{"id":72247,"url":"https:\/\/www.grieta.org.mx\/index.php\/2025\/08\/21\/santiago-mexquititlan-exige-salida-de-la-cea-de-su-territorio-queretaro\/","url_meta":{"origin":64775,"position":3},"title":"Santiago Mexquititl\u00e1n exige salida de la CEA de su territorio (Quer\u00e9taro)","author":"grieta","date":"21 agosto, 2025","format":false,"excerpt":"Publicado en\u00a0agosto 21, 2025 David \u00c1lvarez \/ \u00a0Proyecto Saltapatr\u00e1s Fotograf\u00eda: David \u00c1lvarez La ma\u00f1ana del jueves, integrantes del Concejo Ind\u00edgena de Santiago Mexquititl\u00e1n se reunieron a las afueras de las oficinas de la Comisi\u00f3n Nacional del Agua (CONAGUA) para anunciar la decisi\u00f3n de remover a la Comisi\u00f3n Estatal de Aguas\u2026","rel":"","context":"En &quot;CINTILLO&quot;","block_context":{"text":"CINTILLO","link":"https:\/\/www.grieta.org.mx\/index.php\/category\/cintillo\/"},"img":{"alt_text":"","src":"https:\/\/i0.wp.com\/www.grieta.org.mx\/wp-content\/uploads\/2025\/08\/Santiago-Mexquititlan-exige-salida-de-la-CEA-de-su-territorio.png?resize=350%2C200&ssl=1","width":350,"height":200,"srcset":"https:\/\/i0.wp.com\/www.grieta.org.mx\/wp-content\/uploads\/2025\/08\/Santiago-Mexquititlan-exige-salida-de-la-CEA-de-su-territorio.png?resize=350%2C200&ssl=1 1x, https:\/\/i0.wp.com\/www.grieta.org.mx\/wp-content\/uploads\/2025\/08\/Santiago-Mexquititlan-exige-salida-de-la-CEA-de-su-territorio.png?resize=525%2C300&ssl=1 1.5x, https:\/\/i0.wp.com\/www.grieta.org.mx\/wp-content\/uploads\/2025\/08\/Santiago-Mexquititlan-exige-salida-de-la-CEA-de-su-territorio.png?resize=700%2C400&ssl=1 2x, https:\/\/i0.wp.com\/www.grieta.org.mx\/wp-content\/uploads\/2025\/08\/Santiago-Mexquititlan-exige-salida-de-la-CEA-de-su-territorio.png?resize=1050%2C600&ssl=1 3x"},"classes":[]},{"id":63891,"url":"https:\/\/www.grieta.org.mx\/index.php\/2022\/04\/02\/habitantes-de-santiago-mexquititlan-demandan-a-conagua-el-control-de-su-pozo-queretaro\/","url_meta":{"origin":64775,"position":4},"title":"Habitantes de Santiago Mexquititl\u00e1n demandan a Conagua el control de su pozo (Quer\u00e9taro)","author":"grieta","date":"2 abril, 2022","format":false,"excerpt":"Texto y fotos: Alejandro Ruiz \/ Pie de P\u00e1gina A un a\u00f1o de denunciar el saqueo del agua de su comunidad, habitantes de Santiago Mexquititl\u00e1n, Quer\u00e9taro, exigieron en Comisi\u00f3n Nacional de Aguas que les restituyan el control del pozo de donde se surt\u00edan pipas particulares CIUDAD DE M\u00c9XICO.- Habitantes de\u2026","rel":"","context":"En &quot;Abuso policiaco y tortura en Quer\u00e9taro&quot;","block_context":{"text":"Abuso policiaco y tortura en Quer\u00e9taro","link":"https:\/\/www.grieta.org.mx\/index.php\/category\/noticias-nacionales\/queretaro\/abuso-policiaco-y-tortura-en-queretaro\/"},"img":{"alt_text":"","src":"https:\/\/i0.wp.com\/www.grieta.org.mx\/wp-content\/uploads\/2018\/03\/14524434_1106112876131411_958039263622046936_o.jpg?resize=350%2C200&ssl=1","width":350,"height":200,"srcset":"https:\/\/i0.wp.com\/www.grieta.org.mx\/wp-content\/uploads\/2018\/03\/14524434_1106112876131411_958039263622046936_o.jpg?resize=350%2C200&ssl=1 1x, https:\/\/i0.wp.com\/www.grieta.org.mx\/wp-content\/uploads\/2018\/03\/14524434_1106112876131411_958039263622046936_o.jpg?resize=525%2C300&ssl=1 1.5x, https:\/\/i0.wp.com\/www.grieta.org.mx\/wp-content\/uploads\/2018\/03\/14524434_1106112876131411_958039263622046936_o.jpg?resize=700%2C400&ssl=1 2x"},"classes":[]},{"id":71787,"url":"https:\/\/www.grieta.org.mx\/index.php\/2025\/06\/05\/denunciamos-tortura-y-agresiones-sexuales-en-contra-de-integrantes-de-la-comunidad-indigena-nhonho-otomi-de-santiago-mexquititlan-queretaro\/","url_meta":{"origin":64775,"position":5},"title":"DENUNCIAMOS TORTURA Y AGRESIONES SEXUALES EN CONTRA DE INTEGRANTES DE LA COMUNIDAD IND\u00cdGENA \u00d1H\u00d6\u00d1H\u00d6 (OTOM\u00cd) DE SANTIAGO MEXQUITITL\u00c1N, QUER\u00c9TARO.","author":"grieta","date":"5 junio, 2025","format":false,"excerpt":"DENUNCIAMOS TORTURA Y AGRESIONES SEXUALES EN CONTRA DE INTEGRANTES DE LA COMUNIDAD IND\u00cdGENA \u00d1H\u00d6\u00d1H\u00d6 (OTOM\u00cd) DE SANTIAGO MEXQUITITL\u00c1N, QUER\u00c9TARO. A nuestras hermanas y hermanos del pueblo \u00f1h\u00f6\u00f1h\u00f6 (otom\u00ed) de Santiago Mexquititl\u00e1n, Quer\u00e9taro: Al Concejo Ind\u00edgena de Gobierno de Santiago Mexquititl\u00e1n: A los pueblos de M\u00e9xico y del mundo, A los\u2026","rel":"","context":"En &quot;CINTILLO&quot;","block_context":{"text":"CINTILLO","link":"https:\/\/www.grieta.org.mx\/index.php\/category\/cintillo\/"},"img":{"alt_text":"","src":"https:\/\/i0.wp.com\/www.grieta.org.mx\/wp-content\/uploads\/2025\/06\/CINTILLO_PROP.jpg?resize=350%2C200&ssl=1","width":350,"height":200,"srcset":"https:\/\/i0.wp.com\/www.grieta.org.mx\/wp-content\/uploads\/2025\/06\/CINTILLO_PROP.jpg?resize=350%2C200&ssl=1 1x, https:\/\/i0.wp.com\/www.grieta.org.mx\/wp-content\/uploads\/2025\/06\/CINTILLO_PROP.jpg?resize=525%2C300&ssl=1 1.5x, https:\/\/i0.wp.com\/www.grieta.org.mx\/wp-content\/uploads\/2025\/06\/CINTILLO_PROP.jpg?resize=700%2C400&ssl=1 2x"},"classes":[]}],"_links":{"self":[{"href":"https:\/\/www.grieta.org.mx\/index.php\/wp-json\/wp\/v2\/posts\/64775","targetHints":{"allow":["GET"]}}],"collection":[{"href":"https:\/\/www.grieta.org.mx\/index.php\/wp-json\/wp\/v2\/posts"}],"about":[{"href":"https:\/\/www.grieta.org.mx\/index.php\/wp-json\/wp\/v2\/types\/post"}],"author":[{"embeddable":true,"href":"https:\/\/www.grieta.org.mx\/index.php\/wp-json\/wp\/v2\/users\/2"}],"replies":[{"embeddable":true,"href":"https:\/\/www.grieta.org.mx\/index.php\/wp-json\/wp\/v2\/comments?post=64775"}],"version-history":[{"count":1,"href":"https:\/\/www.grieta.org.mx\/index.php\/wp-json\/wp\/v2\/posts\/64775\/revisions"}],"predecessor-version":[{"id":64776,"href":"https:\/\/www.grieta.org.mx\/index.php\/wp-json\/wp\/v2\/posts\/64775\/revisions\/64776"}],"wp:featuredmedia":[{"embeddable":true,"href":"https:\/\/www.grieta.org.mx\/index.php\/wp-json\/wp\/v2\/media\/21928"}],"wp:attachment":[{"href":"https:\/\/www.grieta.org.mx\/index.php\/wp-json\/wp\/v2\/media?parent=64775"}],"wp:term":[{"taxonomy":"category","embeddable":true,"href":"https:\/\/www.grieta.org.mx\/index.php\/wp-json\/wp\/v2\/categories?post=64775"},{"taxonomy":"post_tag","embeddable":true,"href":"https:\/\/www.grieta.org.mx\/index.php\/wp-json\/wp\/v2\/tags?post=64775"}],"curies":[{"name":"wp","href":"https:\/\/api.w.org\/{rel}","templated":true}]}}