{"id":64721,"date":"2022-08-01T20:58:05","date_gmt":"2022-08-02T01:58:05","guid":{"rendered":"https:\/\/www.grieta.org.mx\/?p=64721"},"modified":"2022-08-07T21:01:42","modified_gmt":"2022-08-08T02:01:42","slug":"en-camiones-chatarra-se-trasladan-jornaleros-a-campos-en-sinaloa","status":"publish","type":"post","link":"https:\/\/www.grieta.org.mx\/index.php\/2022\/08\/01\/en-camiones-chatarra-se-trasladan-jornaleros-a-campos-en-sinaloa\/","title":{"rendered":"En camiones chatarra se trasladan jornaleros a campos en Sinaloa"},"content":{"rendered":"<p>Debate\/Mar\u00eda Bustillos<\/p>\n<p>Sinaloa.-\u00a0Con las llantas lisas, ventanas selladas, l\u00e1minas oxidadas y <strong>siendo verdaderas chatarras <\/strong>circulan<strong> una gran cantidad de camiones que transportan <\/strong>a <strong>personas que trabajan<\/strong> en los empaques y<strong> campos agr\u00edcolas <\/strong>de Sinaloa.<\/p>\n<h3>Percance<\/h3>\n<p>El accidente en el que resultaron lesionados alrededor de 15 jornaleros, ocurrido el pasado jueves sobre la carretera Culiac\u00e1n-Eldorado, dej\u00f3 en evidencia \u00a0las malas condiciones y el riesgo que representan estas unidades para las personas que se trasladan en las mismas.<\/p>\n<p>La unidad que se impact\u00f3 en un poste de luz estaba en muy malas condiciones;se miraba chatarra ambulante, pero aun as\u00ed andaba en circulaci\u00f3n, sin ser detectada por las autoridades.<\/p>\n<p>El presidente de profesionistas ind\u00edgenas del Noroeste, Jorge L\u00f3pez Hern\u00e1ndez, dijo que este es un problema que siempre ha existido y que hasta el momento no se le ha dado atenci\u00f3n por parte de las autoridades. \u00a0Mencion\u00f3 que lamentablemente <strong>los camiones<\/strong> se encuentran p\u00e9simas condiciones, adem\u00e1s de que<strong> no cuentan con seguro de da\u00f1os<\/strong>, por lo que la Direcci\u00f3n de Trabajo y Previsi\u00f3n Social tienen que poner mayor atenci\u00f3n para prevenir accidentes.<\/p>\n<p>L\u00f3pez Hern\u00e1ndez reconoci\u00f3 que s\u00ed hay algunas unidades en buenas condiciones, pero la mayor\u00eda ya son viejas, por lo que se\u00f1al\u00f3 la urgencia de que se levante un padr\u00f3n de cu\u00e1ntos camiones son los que est\u00e1n en buen funcionamiento y revisar que los choferes cumplan con los requisitos para circular entre ellos que tengan la licencia vigente.<\/p>\n<p>\u201cEsto es un foco de atenci\u00f3n para el Gobierno del Estado, porque cuando inicia la temporada de trabajo para los jornaleros hay mayor circulaci\u00f3n de traslado a los campos y ser\u00eda bueno que se hagan operativos para que haya un buen funcionamiento de las unidades\u201d.<\/p>\n<p>Agreg\u00f3 que en este tema hace falta voluntad pol\u00edtica del Gobierno del Estado para coordinarse con los que otorgan los permisos para atestiguar que realmente cumplan con lo establecido y garantice la seguridad.<\/p>\n<h3>Operativos<\/h3>\n<p>Por su parte, el director de Vialidad y Transportes, Miguel Loaiza P\u00e9rez, declar\u00f3 que ellos reforzar\u00e1n los operativos y que los camiones que ya no se encuentren en condiciones ser\u00e1n sacados de circulaci\u00f3n.<\/p>\n<p>Por qu\u00e9 es importante:<\/p>\n<p>Las unidades de transporte deben estar en buenas condiciones y tambi\u00e9n contar con los seguros de viajero, con el fin de pagar los da\u00f1os a los usuarios en caso de un accidente.<\/p>\n<h3>Los Datos<\/h3>\n<p><strong>Accidente en carretera\u00a0<\/strong><\/p>\n<p>El pasado jueves 21 de julio un cami\u00f3n que trasladaba a un grupo de jornaleros sufri\u00f3 un accidente y muchos de ellos sufrieron lesiones, ya que era un cami\u00f3n viejo.<\/p>\n<p><strong>Sin permiso para circular<\/strong><\/p>\n<p>Adem\u00e1s, se expuso que este cami\u00f3n no contaba con permiso para circular, por lo que la duda es: \u00bfcu\u00e1ntos camiones en las mismas condiciones andan en las carreteras?<\/p>\n<p><a href=\"https:\/\/www.debate.com.mx\/sinaloa\/culiacan\/En-camiones-chatarra-se-trasladan-jornaleros-a-campos-en-Sinaloa-20220724-0003.html\">https:\/\/www.debate.com.mx\/sinaloa\/culiacan\/En-camiones-chatarra-se-trasladan-jornaleros-a-campos-en-Sinaloa-20220724-0003.html<\/a><\/p>\n","protected":false},"excerpt":{"rendered":"<p>Debate\/Mar\u00eda Bustillos Sinaloa.-\u00a0Con las llantas lisas, ventanas selladas, l\u00e1minas oxidadas y siendo verdaderas chatarras circulan una gran cantidad de camiones que transportan a personas que trabajan en los empaques y &hellip; <a href=\"https:\/\/www.grieta.org.mx\/index.php\/2022\/08\/01\/en-camiones-chatarra-se-trasladan-jornaleros-a-campos-en-sinaloa\/\" class=\"more-link\">Leer m\u00e1s<\/a><\/p>\n","protected":false},"author":2,"featured_media":64722,"comment_status":"closed","ping_status":"closed","sticky":false,"template":"","format":"standard","meta":{"ngg_post_thumbnail":0,"_jetpack_newsletter_access":"","_jetpack_dont_email_post_to_subs":false,"_jetpack_newsletter_tier_id":0,"_jetpack_memberships_contains_paywalled_content":false,"_jetpack_memberships_contains_paid_content":false,"footnotes":""},"categories":[85,2490,30,83],"tags":[195,204,2794,1056],"class_list":["post-64721","post","type-post","status-publish","format-standard","has-post-thumbnail","hentry","category-jornaleros","category-jornaleros-en-sinaloa","category-sinaloa","category-temas-nacionales","tag-explotacion","tag-jornaleros","tag-jornaleros-agricolas","tag-lucha-de-jornaleros","entry"],"jetpack_featured_media_url":"https:\/\/www.grieta.org.mx\/wp-content\/uploads\/2022\/08\/camion-jornaleros.jpg_172596871.webp","jetpack_sharing_enabled":true,"jetpack_shortlink":"https:\/\/wp.me\/p7ZJR4-gPT","jetpack_likes_enabled":false,"jetpack-related-posts":[{"id":55684,"url":"https:\/\/www.grieta.org.mx\/index.php\/2020\/12\/04\/protesta-fiob-por-cierre-de-comedores-para-hijos-de-jornaleros-en-sinaloa\/","url_meta":{"origin":64721,"position":0},"title":"Protesta FIOB por cierre de comedores para hijos de jornaleros en Sinaloa","author":"grieta","date":"4 diciembre, 2020","format":false,"excerpt":"Diario Marca \u00a0 Huajuapan de Le\u00f3n, Oax.-\u00a0El coordinador general del Frente Ind\u00edgena de Organizaciones Binacionales (FIOB), Ezequiel Rosales Carre\u00f1o, inform\u00f3 que el cierre de 27 comedores para hijos de jornaleros en Sinaloa, fue un duro golpe a este sector migrante por parte de la Secretar\u00eda del Bienestar (SEBIEN) a nivel\u2026","rel":"","context":"En &quot;Conflictos laborales en Sinaloa&quot;","block_context":{"text":"Conflictos laborales en Sinaloa","link":"https:\/\/www.grieta.org.mx\/index.php\/category\/noticias-nacionales\/sinaloa\/conflictos-laborales-en-sinaloa\/"},"img":{"alt_text":"","src":"https:\/\/i0.wp.com\/www.grieta.org.mx\/wp-content\/uploads\/2020\/12\/60886382-8B8B-41BC-B6A3-639617418705.jpeg?resize=350%2C200&ssl=1","width":350,"height":200},"classes":[]},{"id":41875,"url":"https:\/\/www.grieta.org.mx\/index.php\/2019\/12\/03\/ninos-jornaleros-en-sinaloa-en-riesgo-de-muerte-hasta-12-fallecen-cada-temporada\/","url_meta":{"origin":64721,"position":1},"title":"Ni\u00f1os jornaleros en Sinaloa, en riesgo de muerte: hasta 12 fallecen cada temporada","author":"grieta","date":"3 diciembre, 2019","format":false,"excerpt":"Idra Cirigo\/Contral\u00ednea Cada temporada agr\u00edcola entre\u00a0siete\u00a0y\u00a0doce\u00a0ni\u00f1os\u00a0pierden la vida por causas prevenibles. Los hijos de jornaleros que trabajan en los campos de\u00a0Sinaloa\u00a0mueren\u00a0por infecciones gastrointestinales,\u00a0anemia,\u00a0desnutrici\u00f3n\u00a0o accidentes durante la temporada de recolecci\u00f3n de cosechas, advirti\u00f3 la organizaci\u00f3n internacional Save the Children. Agreg\u00f3 que de los 200 mil jornaleros que llegan al estado, casi\u2026","rel":"","context":"En &quot;CINTILLO&quot;","block_context":{"text":"CINTILLO","link":"https:\/\/www.grieta.org.mx\/index.php\/category\/cintillo\/"},"img":{"alt_text":"","src":"https:\/\/i0.wp.com\/www.grieta.org.mx\/wp-content\/uploads\/2019\/12\/Guerrero_cosecha_mai769z-1.jpg?resize=350%2C200&ssl=1","width":350,"height":200,"srcset":"https:\/\/i0.wp.com\/www.grieta.org.mx\/wp-content\/uploads\/2019\/12\/Guerrero_cosecha_mai769z-1.jpg?resize=350%2C200&ssl=1 1x, https:\/\/i0.wp.com\/www.grieta.org.mx\/wp-content\/uploads\/2019\/12\/Guerrero_cosecha_mai769z-1.jpg?resize=525%2C300&ssl=1 1.5x"},"classes":[]},{"id":66711,"url":"https:\/\/www.grieta.org.mx\/index.php\/2023\/03\/27\/alertan-por-neumonia-en-hijos-de-jornaleros-de-sinaloa-por-anos-han-sido-olvidados\/","url_meta":{"origin":64721,"position":2},"title":"Alertan por neumon\u00eda en hijos de jornaleros de Sinaloa. Por a\u00f1os han sido olvidados","author":"grieta","date":"27 marzo, 2023","format":false,"excerpt":"SinEmbargo\/Nora Nancy Gaspar Resendiz Hasta este lunes 20 de marzo, 11 menores, todos hijos de jornaleros agr\u00edcolas, fueron hospitalizados en Sinaloa luego de que presentaron principios de neumon\u00eda. Con s\u00edntomas como v\u00f3mito, fiebre y problemas respiratorios, los pacientes, que van de los cinco meses de nacidos a los cinco a\u00f1os\u2026","rel":"","context":"En &quot;CINTILLO&quot;","block_context":{"text":"CINTILLO","link":"https:\/\/www.grieta.org.mx\/index.php\/category\/cintillo\/"},"img":{"alt_text":"","src":"https:\/\/i0.wp.com\/www.grieta.org.mx\/wp-content\/uploads\/2023\/03\/jornalerosagricolas_1.jpg?resize=350%2C200&ssl=1","width":350,"height":200,"srcset":"https:\/\/i0.wp.com\/www.grieta.org.mx\/wp-content\/uploads\/2023\/03\/jornalerosagricolas_1.jpg?resize=350%2C200&ssl=1 1x, https:\/\/i0.wp.com\/www.grieta.org.mx\/wp-content\/uploads\/2023\/03\/jornalerosagricolas_1.jpg?resize=525%2C300&ssl=1 1.5x, https:\/\/i0.wp.com\/www.grieta.org.mx\/wp-content\/uploads\/2023\/03\/jornalerosagricolas_1.jpg?resize=700%2C400&ssl=1 2x, https:\/\/i0.wp.com\/www.grieta.org.mx\/wp-content\/uploads\/2023\/03\/jornalerosagricolas_1.jpg?resize=1050%2C600&ssl=1 3x, https:\/\/i0.wp.com\/www.grieta.org.mx\/wp-content\/uploads\/2023\/03\/jornalerosagricolas_1.jpg?resize=1400%2C800&ssl=1 4x"},"classes":[]},{"id":11219,"url":"https:\/\/www.grieta.org.mx\/index.php\/2016\/04\/20\/son-17000-jornaleros-los-que-trabajan-en-los-campos-agricolas-de-bcs-gobierno-estatal\/","url_meta":{"origin":64721,"position":3},"title":"Son 17,000 jornaleros los que trabajan en los campos agr\u00edcolas de BCS","author":"grieta","date":"20 abril, 2016","format":false,"excerpt":"Redacci\u00f3n BCS Noticias La Paz, Baja California Sur (BCS). El \u00faltimo padr\u00f3n realizado por la Secretar\u00eda de Desarrollo Social en Baja California Sur indica que hay un total de 17,000 jornaleros \u2014la mayor\u00eda de Oaxaca, Guerrero, Sinaloa y Chihuahua\u2014 los que trabajan actualmente en 84 campos agr\u00edcolas de la media\u2026","rel":"","context":"En &quot;CINTILLO&quot;","block_context":{"text":"CINTILLO","link":"https:\/\/www.grieta.org.mx\/index.php\/category\/cintillo\/"},"img":{"alt_text":"","src":"https:\/\/i0.wp.com\/www.grieta.org.mx\/wp-content\/uploads\/2018\/03\/14524434_1106112876131411_958039263622046936_o.jpg?resize=350%2C200&ssl=1","width":350,"height":200,"srcset":"https:\/\/i0.wp.com\/www.grieta.org.mx\/wp-content\/uploads\/2018\/03\/14524434_1106112876131411_958039263622046936_o.jpg?resize=350%2C200&ssl=1 1x, https:\/\/i0.wp.com\/www.grieta.org.mx\/wp-content\/uploads\/2018\/03\/14524434_1106112876131411_958039263622046936_o.jpg?resize=525%2C300&ssl=1 1.5x, https:\/\/i0.wp.com\/www.grieta.org.mx\/wp-content\/uploads\/2018\/03\/14524434_1106112876131411_958039263622046936_o.jpg?resize=700%2C400&ssl=1 2x"},"classes":[]},{"id":68496,"url":"https:\/\/www.grieta.org.mx\/index.php\/2024\/02\/10\/jornaleros-agricolas-explotacion-y-abuso\/","url_meta":{"origin":64721,"position":4},"title":"JORNALEROS AGR\u00cdCOLAS: EXPLOTACI\u00d3N Y ABUSO","author":"grieta","date":"10 febrero, 2024","format":false,"excerpt":"Por\u00a0Mart\u00edn Gonz\u00e1lez RIODOCE En la sindicatura de Villa Benito Ju\u00e1rez, Navolato, los trabajadores del campo viven situaciones de precariedad laboral y de vivienda El coordinador del movimiento Unificaci\u00f3n Lucha Triqui en Sinaloa, Juan L\u00f3pez Garc\u00eda, lo dice con todas sus letras: el de los jornaleros agr\u00edcolas es el sector que\u2026","rel":"","context":"En &quot;Jornaleros&quot;","block_context":{"text":"Jornaleros","link":"https:\/\/www.grieta.org.mx\/index.php\/category\/temas-nacionales\/jornaleros\/"},"img":{"alt_text":"","src":"https:\/\/i0.wp.com\/www.grieta.org.mx\/wp-content\/uploads\/2024\/02\/jornaleros-villa-juarez-scaled-qi489nhecvmotvefnkz89edua49o1k33abvct494so.jpg?resize=350%2C200&ssl=1","width":350,"height":200,"srcset":"https:\/\/i0.wp.com\/www.grieta.org.mx\/wp-content\/uploads\/2024\/02\/jornaleros-villa-juarez-scaled-qi489nhecvmotvefnkz89edua49o1k33abvct494so.jpg?resize=350%2C200&ssl=1 1x, https:\/\/i0.wp.com\/www.grieta.org.mx\/wp-content\/uploads\/2024\/02\/jornaleros-villa-juarez-scaled-qi489nhecvmotvefnkz89edua49o1k33abvct494so.jpg?resize=525%2C300&ssl=1 1.5x, https:\/\/i0.wp.com\/www.grieta.org.mx\/wp-content\/uploads\/2024\/02\/jornaleros-villa-juarez-scaled-qi489nhecvmotvefnkz89edua49o1k33abvct494so.jpg?resize=700%2C400&ssl=1 2x, https:\/\/i0.wp.com\/www.grieta.org.mx\/wp-content\/uploads\/2024\/02\/jornaleros-villa-juarez-scaled-qi489nhecvmotvefnkz89edua49o1k33abvct494so.jpg?resize=1050%2C600&ssl=1 3x"},"classes":[]},{"id":62874,"url":"https:\/\/www.grieta.org.mx\/index.php\/2021\/09\/01\/jornaleros-agricolas-de-los-mas-vulnerados-ante-covid-19\/","url_meta":{"origin":64721,"position":5},"title":"Jornaleros agr\u00edcolas, de los m\u00e1s vulnerados ante Covid-19","author":"grieta","date":"1 septiembre, 2021","format":false,"excerpt":"\u00c9rika Ram\u00edrez -Contar\u00f1inea, 01 Sep 2021 La Red Nacional de Jornaleros y Jornaleras Agr\u00edcolas (REJJA), con presencia en Chiapas, Oaxaca, Guerrero, Ciudad de M\u00e9xico, Morelos, San Luis Potos\u00ed, Guanajuato, Sinaloa y Sonora, alert\u00f3 que este grupo de campesinos migrantes se enfrentan \u201ca una serie de situaciones que han vulnerado a\u00fan\u2026","rel":"","context":"En &quot;Aguascalientes&quot;","block_context":{"text":"Aguascalientes","link":"https:\/\/www.grieta.org.mx\/index.php\/category\/noticias-nacionales\/aguascalientes\/"},"img":{"alt_text":"","src":"https:\/\/i0.wp.com\/www.grieta.org.mx\/wp-content\/uploads\/2021\/12\/Captura-de-pantalla-2021-12-16-a-las-10.23.42.png?resize=350%2C200&ssl=1","width":350,"height":200,"srcset":"https:\/\/i0.wp.com\/www.grieta.org.mx\/wp-content\/uploads\/2021\/12\/Captura-de-pantalla-2021-12-16-a-las-10.23.42.png?resize=350%2C200&ssl=1 1x, https:\/\/i0.wp.com\/www.grieta.org.mx\/wp-content\/uploads\/2021\/12\/Captura-de-pantalla-2021-12-16-a-las-10.23.42.png?resize=525%2C300&ssl=1 1.5x, https:\/\/i0.wp.com\/www.grieta.org.mx\/wp-content\/uploads\/2021\/12\/Captura-de-pantalla-2021-12-16-a-las-10.23.42.png?resize=700%2C400&ssl=1 2x, https:\/\/i0.wp.com\/www.grieta.org.mx\/wp-content\/uploads\/2021\/12\/Captura-de-pantalla-2021-12-16-a-las-10.23.42.png?resize=1050%2C600&ssl=1 3x, https:\/\/i0.wp.com\/www.grieta.org.mx\/wp-content\/uploads\/2021\/12\/Captura-de-pantalla-2021-12-16-a-las-10.23.42.png?resize=1400%2C800&ssl=1 4x"},"classes":[]}],"_links":{"self":[{"href":"https:\/\/www.grieta.org.mx\/index.php\/wp-json\/wp\/v2\/posts\/64721","targetHints":{"allow":["GET"]}}],"collection":[{"href":"https:\/\/www.grieta.org.mx\/index.php\/wp-json\/wp\/v2\/posts"}],"about":[{"href":"https:\/\/www.grieta.org.mx\/index.php\/wp-json\/wp\/v2\/types\/post"}],"author":[{"embeddable":true,"href":"https:\/\/www.grieta.org.mx\/index.php\/wp-json\/wp\/v2\/users\/2"}],"replies":[{"embeddable":true,"href":"https:\/\/www.grieta.org.mx\/index.php\/wp-json\/wp\/v2\/comments?post=64721"}],"version-history":[{"count":1,"href":"https:\/\/www.grieta.org.mx\/index.php\/wp-json\/wp\/v2\/posts\/64721\/revisions"}],"predecessor-version":[{"id":64723,"href":"https:\/\/www.grieta.org.mx\/index.php\/wp-json\/wp\/v2\/posts\/64721\/revisions\/64723"}],"wp:featuredmedia":[{"embeddable":true,"href":"https:\/\/www.grieta.org.mx\/index.php\/wp-json\/wp\/v2\/media\/64722"}],"wp:attachment":[{"href":"https:\/\/www.grieta.org.mx\/index.php\/wp-json\/wp\/v2\/media?parent=64721"}],"wp:term":[{"taxonomy":"category","embeddable":true,"href":"https:\/\/www.grieta.org.mx\/index.php\/wp-json\/wp\/v2\/categories?post=64721"},{"taxonomy":"post_tag","embeddable":true,"href":"https:\/\/www.grieta.org.mx\/index.php\/wp-json\/wp\/v2\/tags?post=64721"}],"curies":[{"name":"wp","href":"https:\/\/api.w.org\/{rel}","templated":true}]}}