{"id":64694,"date":"2022-08-06T10:19:45","date_gmt":"2022-08-06T15:19:45","guid":{"rendered":"https:\/\/www.grieta.org.mx\/?p=64694"},"modified":"2022-08-07T11:13:05","modified_gmt":"2022-08-07T16:13:05","slug":"acusan-intimidacion-de-autoridades-durante-pega-de-fichas-de-busqueda-jalisco","status":"publish","type":"post","link":"https:\/\/www.grieta.org.mx\/index.php\/2022\/08\/06\/acusan-intimidacion-de-autoridades-durante-pega-de-fichas-de-busqueda-jalisco\/","title":{"rendered":"Acusan intimidaci\u00f3n de autoridades durante pega de fichas de b\u00fasqueda (Jalisco)"},"content":{"rendered":"<p>Foto:\u00a0 Especial<\/p>\n<p>Lauro Rodr\u00edguez \/ El Diario NTR<\/p>\n<p>El colectivo Luz de Esperanza acudi\u00f3 hoy al centro de Guadalajara a realizar pega de fichas de b\u00fasqueda en Plaza Liberaci\u00f3n y otros puntos de alta visibilizaci\u00f3n. Sin embargo, acusaron que fueron intimidados por las autoridades del gobierno del estado y por polic\u00edas municipales que pretend\u00edan detener las actividades.<\/p>\n<p>\u201cEstamos en nuestra pega de fichas. Como ma\u00f1ana tenemos kerm\u00e9s, tuvimos hoy pega de c\u00e9dulas de b\u00fasqueda. Ya lleg\u00f3 el gobierno del estado a intimidarnos. Tambi\u00e9n lleg\u00f3 a intimidarnos la polic\u00eda municipal (Nos dijeron) que estaba prohibido y que no pod\u00edamos pegar nuestras c\u00e9dulas de b\u00fasqueda. Les pedimos que nos mostraran el reglamento o el ordenamiento legal y qu\u00e9 n\u00famero de art\u00edculo proh\u00edbe pegar las c\u00e9dulas de b\u00fasqueda\u201d, mencion\u00f3 H\u00e9ctor Flores Gonz\u00e1lez, vocero del colectivo.<\/p>\n<p>Afirm\u00f3 que ante esta respuesta del colectivo, los polic\u00edas de Guadalajara no tuvieron argumentos para continuar con su alegato de prohibir la pega de c\u00e9dulas. Por lo tanto, se retiraron, pero comenzaron a fotografiarlos y documentar la actividad en video. Posteriormente, llegaron otros polic\u00edas a \u201cdar autorizaci\u00f3n\u201d.<\/p>\n<p>\u201cSe retiraron a lo lejos a tomarnos fotos y video, pero llegaron unos en bicicleta a informarnos que no, que no estaba prohibido y que continu\u00e1ramos con nuestra actividad\u201d.<\/p>\n<p>Ma\u00f1ana, el colectivo tendr\u00e1 una kerm\u00e9s para recabar fondos en especie o econ\u00f3micos de cara a las b\u00fasquedas en campo que tendr\u00e1n el martes y mi\u00e9rcoles en Zapopan. Se realizar\u00e1 en el parque La Calma de Zapopan de 2 de la tarde a 9 de la noche.<\/p>\n<p><a href=\"https:\/\/www.ntrguadalajara.com\/post.php?id_nota=185717\">https:\/\/www.ntrguadalajara.com\/post.php?id_nota=185717<\/a><\/p>\n","protected":false},"excerpt":{"rendered":"<p>Foto:\u00a0 Especial Lauro Rodr\u00edguez \/ El Diario NTR El colectivo Luz de Esperanza acudi\u00f3 hoy al centro de Guadalajara a realizar pega de fichas de b\u00fasqueda en Plaza Liberaci\u00f3n y &hellip; <a href=\"https:\/\/www.grieta.org.mx\/index.php\/2022\/08\/06\/acusan-intimidacion-de-autoridades-durante-pega-de-fichas-de-busqueda-jalisco\/\" class=\"more-link\">Leer m\u00e1s<\/a><\/p>\n","protected":false},"author":2,"featured_media":64703,"comment_status":"closed","ping_status":"closed","sticky":false,"template":"","format":"standard","meta":{"ngg_post_thumbnail":0,"_jetpack_newsletter_access":"","_jetpack_dont_email_post_to_subs":false,"_jetpack_newsletter_tier_id":0,"_jetpack_memberships_contains_paywalled_content":false,"_jetpack_memberships_contains_paid_content":false,"footnotes":""},"categories":[80,87,1032,20,2,83],"tags":[199,3791,2860,1828,3937,1668,249,2233,210,3465,3367],"class_list":["post-64694","post","type-post","status-publish","format-standard","has-post-thumbnail","hentry","category-cintillo","category-desaparecidos","category-desaparecidos-en-jalisco","category-jalisco","category-noticias-nacionales","category-temas-nacionales","tag-abuso-policiaco","tag-acciones-por-desaparecidos","tag-amenazas-contra-activistas","tag-busqueda-de-desaparecidos","tag-desaparecdios","tag-familiares-de-desaparecidos","tag-hostigamiento","tag-hostigamiento-contra-familiares-de-desaparecidos","tag-intimidacion","tag-manifestaciones-contra-la-violencia-policiaca","tag-represion-policial","entry"],"jetpack_featured_media_url":"https:\/\/www.grieta.org.mx\/wp-content\/uploads\/2022\/08\/2022-08-06_11-08-44___6922.jpg","jetpack_sharing_enabled":true,"jetpack_shortlink":"https:\/\/wp.me\/p7ZJR4-gPs","jetpack_likes_enabled":false,"jetpack-related-posts":[{"id":65524,"url":"https:\/\/www.grieta.org.mx\/index.php\/2022\/10\/09\/a-pesar-de-hostigamiento-policial-colectivo-pega-fichas-de-busqueda-en-el-centro-de-tonala-jalisco\/","url_meta":{"origin":64694,"position":0},"title":"A pesar de hostigamiento policial, Colectivo pega fichas de b\u00fasqueda en el centro de Tonal\u00e1 (Jalisco)","author":"grieta","date":"9 octubre, 2022","format":false,"excerpt":"Imagen: Especial Jos\u00e9 Toral \/ El Diario NTR A pesar de que elementos de la polic\u00eda de Tonal\u00e1 intentaron obstaculizar la tarea, familiares de personas desaparecidas pegaron la ma\u00f1ana de este domingo fichas de b\u00fasqueda de sus seres queridos en el centro del municipio. El colectivo Luz de Esperanza difundi\u00f3\u2026","rel":"","context":"En &quot;CINTILLO&quot;","block_context":{"text":"CINTILLO","link":"https:\/\/www.grieta.org.mx\/index.php\/category\/cintillo\/"},"img":{"alt_text":"","src":"https:\/\/i0.wp.com\/www.grieta.org.mx\/wp-content\/uploads\/2022\/10\/2022-10-09_03-10-23___1464.jpg?resize=350%2C200&ssl=1","width":350,"height":200,"srcset":"https:\/\/i0.wp.com\/www.grieta.org.mx\/wp-content\/uploads\/2022\/10\/2022-10-09_03-10-23___1464.jpg?resize=350%2C200&ssl=1 1x, https:\/\/i0.wp.com\/www.grieta.org.mx\/wp-content\/uploads\/2022\/10\/2022-10-09_03-10-23___1464.jpg?resize=525%2C300&ssl=1 1.5x, https:\/\/i0.wp.com\/www.grieta.org.mx\/wp-content\/uploads\/2022\/10\/2022-10-09_03-10-23___1464.jpg?resize=700%2C400&ssl=1 2x"},"classes":[]},{"id":65751,"url":"https:\/\/www.grieta.org.mx\/index.php\/2022\/11\/16\/gobierno-de-jalisco-de-nueva-cuenta-borra-cedulas-de-busqueda-de-desaparecidos\/","url_meta":{"origin":64694,"position":1},"title":"Gobierno de Jalisco de nueva cuenta borra c\u00e9dulas de b\u00fasqueda de desaparecidos","author":"grieta","date":"16 noviembre, 2022","format":false,"excerpt":"Imagen: Especial Lauro Rodr\u00edguez \/ El Diario NTR El Colectivo Luz de Esperanza document\u00f3 que, de nueva cuenta, presuntos trabajadores del gobierno municipal de Guadalajara borraron las c\u00e9dulas de b\u00fasqueda que el domingo colocaron en el centro de la ciudad. Esta no es la primera ocasi\u00f3n que esto ocurre. El\u2026","rel":"","context":"En &quot;CINTILLO&quot;","block_context":{"text":"CINTILLO","link":"https:\/\/www.grieta.org.mx\/index.php\/category\/cintillo\/"},"img":{"alt_text":"","src":"https:\/\/i0.wp.com\/www.grieta.org.mx\/wp-content\/uploads\/2022\/11\/2022-11-16_12-11-55___2034.png?resize=350%2C200&ssl=1","width":350,"height":200,"srcset":"https:\/\/i0.wp.com\/www.grieta.org.mx\/wp-content\/uploads\/2022\/11\/2022-11-16_12-11-55___2034.png?resize=350%2C200&ssl=1 1x, https:\/\/i0.wp.com\/www.grieta.org.mx\/wp-content\/uploads\/2022\/11\/2022-11-16_12-11-55___2034.png?resize=525%2C300&ssl=1 1.5x, https:\/\/i0.wp.com\/www.grieta.org.mx\/wp-content\/uploads\/2022\/11\/2022-11-16_12-11-55___2034.png?resize=700%2C400&ssl=1 2x"},"classes":[]},{"id":66707,"url":"https:\/\/www.grieta.org.mx\/index.php\/2023\/03\/26\/colectivo-de-busqueda-tapiza-el-centro-de-culiacan-con-fichas-de-desaparecidos\/","url_meta":{"origin":64694,"position":2},"title":"Colectivo de b\u00fasqueda tapiza el centro de Culiac\u00e1n con fichas de desaparecidos","author":"grieta","date":"26 marzo, 2023","format":false,"excerpt":"Miembros del colectivo de b\u00fasqueda Sabuesos Guerreras en compa\u00f1\u00eda de la Comisi\u00f3n Estatal de B\u00fasqueda y la Polic\u00eda Municipal realizaron la pega de fichas El colectivo Sabuesos Guerreras peg\u00f3 las fichas de sus familiares desaparecidos en el centro de la ciudad. Foto: Manuela Bustamante | El Sol de Sinaloa Manuela\u2026","rel":"","context":"En &quot;Desaparecidos en Sinaloa&quot;","block_context":{"text":"Desaparecidos en Sinaloa","link":"https:\/\/www.grieta.org.mx\/index.php\/category\/noticias-nacionales\/sinaloa\/desaparecidos-en-sinaloa\/"},"img":{"alt_text":"","src":"https:\/\/i0.wp.com\/www.grieta.org.mx\/wp-content\/uploads\/2023\/03\/crearan-registro-de-desaparecidos-en-sonora-sinaloa-y-durango-172202-1.jpeg?resize=350%2C200&ssl=1","width":350,"height":200,"srcset":"https:\/\/i0.wp.com\/www.grieta.org.mx\/wp-content\/uploads\/2023\/03\/crearan-registro-de-desaparecidos-en-sonora-sinaloa-y-durango-172202-1.jpeg?resize=350%2C200&ssl=1 1x, https:\/\/i0.wp.com\/www.grieta.org.mx\/wp-content\/uploads\/2023\/03\/crearan-registro-de-desaparecidos-en-sonora-sinaloa-y-durango-172202-1.jpeg?resize=525%2C300&ssl=1 1.5x, https:\/\/i0.wp.com\/www.grieta.org.mx\/wp-content\/uploads\/2023\/03\/crearan-registro-de-desaparecidos-en-sonora-sinaloa-y-durango-172202-1.jpeg?resize=700%2C400&ssl=1 2x"},"classes":[]},{"id":63366,"url":"https:\/\/www.grieta.org.mx\/index.php\/2022\/02\/06\/trabajo-de-busqueda-a-pie-la-labor-de-las-familias-de-las-victimas-de-desaparicion-en-jalisco-colectivo-luz-de-esperanza\/","url_meta":{"origin":64694,"position":3},"title":"\u201cTrabajo de b\u00fasqueda a pie\u201d la labor de las familias de las v\u00edctimas de desaparici\u00f3n en Jalisco: Colectivo Luz de Esperanza","author":"grieta","date":"6 febrero, 2022","format":false,"excerpt":"Foto: Zona Docs Las y los familiares que conforman el\u00a0Colectivo Luz de Esperanza\u00a0en Jalisco llevan a cabo acciones de b\u00fasqueda y visibilizaci\u00f3n de la problem\u00e1tica de las desapariciones en el estado dentro de la Zona Metropolitana de Guadalajara. Este 6 de febrero se reunieron en las inmediaciones del Mercado de\u2026","rel":"","context":"En &quot;CINTILLO&quot;","block_context":{"text":"CINTILLO","link":"https:\/\/www.grieta.org.mx\/index.php\/category\/cintillo\/"},"img":{"alt_text":"","src":"https:\/\/i0.wp.com\/www.grieta.org.mx\/wp-content\/uploads\/2022\/02\/Unknown-7-696x464-1.jpeg?resize=350%2C200&ssl=1","width":350,"height":200,"srcset":"https:\/\/i0.wp.com\/www.grieta.org.mx\/wp-content\/uploads\/2022\/02\/Unknown-7-696x464-1.jpeg?resize=350%2C200&ssl=1 1x, https:\/\/i0.wp.com\/www.grieta.org.mx\/wp-content\/uploads\/2022\/02\/Unknown-7-696x464-1.jpeg?resize=525%2C300&ssl=1 1.5x"},"classes":[]},{"id":64115,"url":"https:\/\/www.grieta.org.mx\/index.php\/2022\/04\/25\/familiares-de-personas-desaparecidas-realizan-busqueda-nayarti\/","url_meta":{"origin":64694,"position":4},"title":"Familiares de personas desaparecidas realizan b\u00fasqueda (Nayarit)","author":"grieta","date":"25 abril, 2022","format":false,"excerpt":"Foto: Tribuna de la Bah\u00eda Israel Torres \/ Tribuna de la Bab\u00eda Familiares y padres de unas siete a ocho personas desaparecidas, realizaron labores de b\u00fasqueda la tarde de este s\u00e1bado en los poblados El Guam\u00fachil, San Quint\u00edn, San Ignacio y Sayulita con el objetivo de recabar m\u00e1s informaci\u00f3n del\u2026","rel":"","context":"En &quot;CINTILLO&quot;","block_context":{"text":"CINTILLO","link":"https:\/\/www.grieta.org.mx\/index.php\/category\/cintillo\/"},"img":{"alt_text":"","src":"https:\/\/i0.wp.com\/www.grieta.org.mx\/wp-content\/uploads\/2022\/05\/busqueda-de-personas-deaparecidas-cover.jpg?resize=350%2C200&ssl=1","width":350,"height":200,"srcset":"https:\/\/i0.wp.com\/www.grieta.org.mx\/wp-content\/uploads\/2022\/05\/busqueda-de-personas-deaparecidas-cover.jpg?resize=350%2C200&ssl=1 1x, https:\/\/i0.wp.com\/www.grieta.org.mx\/wp-content\/uploads\/2022\/05\/busqueda-de-personas-deaparecidas-cover.jpg?resize=525%2C300&ssl=1 1.5x, https:\/\/i0.wp.com\/www.grieta.org.mx\/wp-content\/uploads\/2022\/05\/busqueda-de-personas-deaparecidas-cover.jpg?resize=700%2C400&ssl=1 2x"},"classes":[]},{"id":70030,"url":"https:\/\/www.grieta.org.mx\/index.php\/2024\/09\/30\/ley-de-ausentes-sin-cumplimiento-jalisco\/","url_meta":{"origin":64694,"position":5},"title":"Ley de ausentes, sin cumplimiento (Jalisco)","author":"grieta","date":"30 septiembre, 2024","format":false,"excerpt":"Imagen: \u00a0Michelle V\u00e1zquez Lauro Rodr\u00edguez - Jessica Pilar P\u00e9rez \/ Noticias NTR Como parte de la campa\u00f1a El Sexenio de las Desapariciones, el colectivo Por Amor a Ellxs y el Centro de Justicia para la Paz y el Desarrollo (Cepad), con el apoyo de Zona Docs, recriminaron al gobierno de\u2026","rel":"","context":"En &quot;CINTILLO&quot;","block_context":{"text":"CINTILLO","link":"https:\/\/www.grieta.org.mx\/index.php\/category\/cintillo\/"},"img":{"alt_text":"","src":"https:\/\/i0.wp.com\/www.grieta.org.mx\/wp-content\/uploads\/2024\/10\/2024-09-29_10-09-17___6421.jpg?resize=350%2C200&ssl=1","width":350,"height":200,"srcset":"https:\/\/i0.wp.com\/www.grieta.org.mx\/wp-content\/uploads\/2024\/10\/2024-09-29_10-09-17___6421.jpg?resize=350%2C200&ssl=1 1x, https:\/\/i0.wp.com\/www.grieta.org.mx\/wp-content\/uploads\/2024\/10\/2024-09-29_10-09-17___6421.jpg?resize=525%2C300&ssl=1 1.5x, https:\/\/i0.wp.com\/www.grieta.org.mx\/wp-content\/uploads\/2024\/10\/2024-09-29_10-09-17___6421.jpg?resize=700%2C400&ssl=1 2x"},"classes":[]}],"_links":{"self":[{"href":"https:\/\/www.grieta.org.mx\/index.php\/wp-json\/wp\/v2\/posts\/64694","targetHints":{"allow":["GET"]}}],"collection":[{"href":"https:\/\/www.grieta.org.mx\/index.php\/wp-json\/wp\/v2\/posts"}],"about":[{"href":"https:\/\/www.grieta.org.mx\/index.php\/wp-json\/wp\/v2\/types\/post"}],"author":[{"embeddable":true,"href":"https:\/\/www.grieta.org.mx\/index.php\/wp-json\/wp\/v2\/users\/2"}],"replies":[{"embeddable":true,"href":"https:\/\/www.grieta.org.mx\/index.php\/wp-json\/wp\/v2\/comments?post=64694"}],"version-history":[{"count":1,"href":"https:\/\/www.grieta.org.mx\/index.php\/wp-json\/wp\/v2\/posts\/64694\/revisions"}],"predecessor-version":[{"id":64705,"href":"https:\/\/www.grieta.org.mx\/index.php\/wp-json\/wp\/v2\/posts\/64694\/revisions\/64705"}],"wp:featuredmedia":[{"embeddable":true,"href":"https:\/\/www.grieta.org.mx\/index.php\/wp-json\/wp\/v2\/media\/64703"}],"wp:attachment":[{"href":"https:\/\/www.grieta.org.mx\/index.php\/wp-json\/wp\/v2\/media?parent=64694"}],"wp:term":[{"taxonomy":"category","embeddable":true,"href":"https:\/\/www.grieta.org.mx\/index.php\/wp-json\/wp\/v2\/categories?post=64694"},{"taxonomy":"post_tag","embeddable":true,"href":"https:\/\/www.grieta.org.mx\/index.php\/wp-json\/wp\/v2\/tags?post=64694"}],"curies":[{"name":"wp","href":"https:\/\/api.w.org\/{rel}","templated":true}]}}