{"id":64684,"date":"2022-08-05T11:48:50","date_gmt":"2022-08-05T16:48:50","guid":{"rendered":"https:\/\/www.grieta.org.mx\/?p=64684"},"modified":"2022-08-06T19:01:12","modified_gmt":"2022-08-07T00:01:12","slug":"ambientalistas-detienen-maquinaria-en-obras-del-tren-maya-quintana-roo","status":"publish","type":"post","link":"https:\/\/www.grieta.org.mx\/index.php\/2022\/08\/05\/ambientalistas-detienen-maquinaria-en-obras-del-tren-maya-quintana-roo\/","title":{"rendered":"Ambientalistas detienen maquinaria en obras del Tren Maya (Quintana Roo)"},"content":{"rendered":"<p>Octavio Mart\u00ednez \/ Novedades Quintana Roo<\/p>\n<p>Las obras del Tren Maya Tramo 5 Sur fueron detenidas temporalmente la ma\u00f1ana de ayer por ambientalistas en Akumal, tras la revocaci\u00f3n de las suspensiones definitivas otorgadas dentro de juicios de amparo.<\/p>\n<p>Los inconformes llegaron al desmonte de dicho poblado donde realizaron una protesta pac\u00edfica entre la maquinaria pesada; ante ello, los trabajadores del proyecto federal bajaron de las unidades, las apagaron y se alejaron del sitio, donde minutos antes tumbaron \u00e1rboles.<\/p>\n<p>Estas acciones son las primeras que un grupo de ambientalistas emprenden luego de la revocaci\u00f3n de las suspensiones  definitivas, aunque hay que recordar que el Gobierno de M\u00e9xico ya hab\u00eda reanudado los trabajos desde el 14 de julio, cuando tambi\u00e9n el presidente de la Rep\u00fablica, Andr\u00e9s Manuel L\u00f3pez Obrador, anunci\u00f3 que su obra sexenal fue declarada de seguridad nacional.<\/p>\n<p>Los manifestantes que se apostaron en el desmonte de Akumal, en el municipio de Tulum, recordaron que el proyecto pone en riesgo los ecosistemas que existen en la denominada selva maya.<\/p>\n<p>Nicole Lucero Vel\u00e1squez, ambientalista, se\u00f1al\u00f3 una caverna que corre por el trazo del tren en dicha localidad. Debido a esa situaci\u00f3n, los trabajadores del proyecto no han podido avanzar por esa zona con las labores de desmonte. <\/p>\n<p>    \u201cHacemos esta manifestaci\u00f3n, esta guardia como la llamamos, para ver si el gobierno, las autoridades est\u00e1n viendo que la Manifestaci\u00f3n de Impacto Ambiental (&#8230;) est\u00e1 fragmentado (&#8230;) y lo que nos preocupa en la MIA es que no es un proyecto lineal, incluye polos de desarrollo y no s\u00f3lo va a impactar la selva\u201d.<\/p>\n<p>En el lugar se pudo constatar que los trabajos son realizados por trabajadores contratados por la empresa licitada por la administraci\u00f3n p\u00fablica federal, de nombre, Grupo Indi.<\/p>\n<p>En el contexto del conflicto legal entre ambientalistas y las dependencias federales que participan en el Tren Maya, la Secretar\u00eda de Medio Ambiente y Recursos Naturales (Semarnat) emiti\u00f3 un comunicado en el que expresa su benepl\u00e1cito por la revocaci\u00f3n de las suspensiones de tres demandas de amparo; pero no mencion\u00f3 que hay vigentes otros tres procesos judiciales que cuentan con tal beneficio constitucional.<\/p>\n<p><a href=\"https:\/\/sipse.com\/novedades\/ambientalistas-detienen-maquinaria-en-obras-del-tren-maya-430315.html\" rel=\"noopener\" target=\"_blank\">https:\/\/sipse.com\/novedades\/ambientalistas-detienen-maquinaria-en-obras-del-tren-maya-430315.html<\/a><\/p>\n","protected":false},"excerpt":{"rendered":"<p>Octavio Mart\u00ednez \/ Novedades Quintana Roo Las obras del Tren Maya Tramo 5 Sur fueron detenidas temporalmente la ma\u00f1ana de ayer por ambientalistas en Akumal, tras la revocaci\u00f3n de las &hellip; <a href=\"https:\/\/www.grieta.org.mx\/index.php\/2022\/08\/05\/ambientalistas-detienen-maquinaria-en-obras-del-tren-maya-quintana-roo\/\" class=\"more-link\">Leer m\u00e1s<\/a><\/p>\n","protected":false},"author":2,"featured_media":64685,"comment_status":"closed","ping_status":"closed","sticky":false,"template":"","format":"standard","meta":{"ngg_post_thumbnail":0,"_jetpack_newsletter_access":"","_jetpack_dont_email_post_to_subs":false,"_jetpack_newsletter_tier_id":0,"_jetpack_memberships_contains_paywalled_content":false,"_jetpack_memberships_contains_paid_content":false,"footnotes":""},"categories":[80,3,922,926,944,952,2,28,1876,2026],"tags":[2988,3514,3646,1878],"class_list":["post-64684","post","type-post","status-publish","format-standard","has-post-thumbnail","hentry","category-cintillo","category-megaproyectos","category-megaproyectos-estados","category-mp-campeche","category-mp-quintana-roo","category-mp-yucatan","category-noticias-nacionales","category-quintana-roo","category-resistencia-al-tren-maya-en-la-peninsula-de-yucatan-quintana-roo","category-tren-maya","tag-deforestacion-por-el-tren-maya","tag-protestas-contra-tren-maya","tag-resistencia-contra-el-tren-maya","tag-tren-maya","entry"],"jetpack_featured_media_url":"https:\/\/www.grieta.org.mx\/wp-content\/uploads\/2022\/08\/TrenAmbientalistas-e1659805095576.png","jetpack_sharing_enabled":true,"jetpack_shortlink":"https:\/\/wp.me\/p7ZJR4-gPi","jetpack_likes_enabled":false,"jetpack-related-posts":[{"id":67351,"url":"https:\/\/www.grieta.org.mx\/index.php\/2023\/08\/05\/paraliza-obras-de-tren-maya-quema-de-maquinaria-en-tramo-6-quintana-roo\/","url_meta":{"origin":64684,"position":0},"title":"Paraliza obras de Tren Maya quema de maquinaria en tramo 6 (Quintana Roo)","author":"grieta","date":"5 agosto, 2023","format":false,"excerpt":"antonio.hernandez.press \/ Quadrat\u00edn Quintana Roo OTH\u00d3N P. BLANCO, QRoo, 5 de agosto de 2023.- Cinco maquinarias pesadas fueron incendiadas en las obras del Tren Maya, en el frente seis del Tramo 6, muy cerca de la comunidad de Buenavista, supuestamente por parte de trabajadores inconformes por falta de pago. De\u2026","rel":"","context":"En &quot;CINTILLO&quot;","block_context":{"text":"CINTILLO","link":"https:\/\/www.grieta.org.mx\/index.php\/category\/cintillo\/"},"img":{"alt_text":"","src":"https:\/\/i0.wp.com\/www.grieta.org.mx\/wp-content\/uploads\/2023\/08\/Quema-e1691331646543.jpg?resize=350%2C200&ssl=1","width":350,"height":200,"srcset":"https:\/\/i0.wp.com\/www.grieta.org.mx\/wp-content\/uploads\/2023\/08\/Quema-e1691331646543.jpg?resize=350%2C200&ssl=1 1x, https:\/\/i0.wp.com\/www.grieta.org.mx\/wp-content\/uploads\/2023\/08\/Quema-e1691331646543.jpg?resize=525%2C300&ssl=1 1.5x, https:\/\/i0.wp.com\/www.grieta.org.mx\/wp-content\/uploads\/2023\/08\/Quema-e1691331646543.jpg?resize=700%2C400&ssl=1 2x"},"classes":[]},{"id":47874,"url":"https:\/\/www.grieta.org.mx\/index.php\/2020\/04\/13\/las-vias-torcidas-del-tren-maya-video\/","url_meta":{"origin":64684,"position":1},"title":"Las v\u00edas torcidas del tren maya (Video)","author":"grieta","date":"13 abril, 2020","format":false,"excerpt":"https:\/\/www.youtube.com\/watch?v=k8FRX9eT0YY","rel":"","context":"En &quot;16. Pueblo Maya&quot;","block_context":{"text":"16. Pueblo Maya","link":"https:\/\/www.grieta.org.mx\/index.php\/category\/espejos-de-la-resistencia\/16-pueblo-maya\/"},"img":{"alt_text":"","src":"https:\/\/i0.wp.com\/www.grieta.org.mx\/wp-content\/uploads\/2020\/04\/ViasTorcidasTrenMaya.png?resize=350%2C200&ssl=1","width":350,"height":200,"srcset":"https:\/\/i0.wp.com\/www.grieta.org.mx\/wp-content\/uploads\/2020\/04\/ViasTorcidasTrenMaya.png?resize=350%2C200&ssl=1 1x, https:\/\/i0.wp.com\/www.grieta.org.mx\/wp-content\/uploads\/2020\/04\/ViasTorcidasTrenMaya.png?resize=525%2C300&ssl=1 1.5x, https:\/\/i0.wp.com\/www.grieta.org.mx\/wp-content\/uploads\/2020\/04\/ViasTorcidasTrenMaya.png?resize=700%2C400&ssl=1 2x"},"classes":[]},{"id":68844,"url":"https:\/\/www.grieta.org.mx\/index.php\/2024\/04\/29\/ambientalistas-clausuran-las-oficinas-de-semarnat-tras-calificarla-de-ecocida-quintana-roo\/","url_meta":{"origin":64684,"position":2},"title":"Ambientalistas &#8220;clausuran&#8221; las oficinas de Semarnat tras calificarla de ecocida (Quintana Roo)","author":"grieta","date":"29 abril, 2024","format":false,"excerpt":"Leslie Gordillo \/ NOTICARIBE PENINSULAR CANC\u00daN.- Un grupo de ambientalistas, representante de diferentes organismos y asociaciones civiles, se manifestaron en la zona hotelera de Canc\u00fan y clausuraron de manera simb\u00f3lica las oficinas de la Secretar\u00eda de Medio Ambiente y Recursos Naturales (Semarnat). La denuncia es que la Semarnat ha sido\u2026","rel":"","context":"En &quot;Campeche&quot;","block_context":{"text":"Campeche","link":"https:\/\/www.grieta.org.mx\/index.php\/category\/noticias-nacionales\/campeche\/"},"img":{"alt_text":"","src":"https:\/\/i0.wp.com\/www.grieta.org.mx\/wp-content\/uploads\/2024\/04\/ambientalitas-e1715552774254.jpg?resize=350%2C200&ssl=1","width":350,"height":200,"srcset":"https:\/\/i0.wp.com\/www.grieta.org.mx\/wp-content\/uploads\/2024\/04\/ambientalitas-e1715552774254.jpg?resize=350%2C200&ssl=1 1x, https:\/\/i0.wp.com\/www.grieta.org.mx\/wp-content\/uploads\/2024\/04\/ambientalitas-e1715552774254.jpg?resize=525%2C300&ssl=1 1.5x, https:\/\/i0.wp.com\/www.grieta.org.mx\/wp-content\/uploads\/2024\/04\/ambientalitas-e1715552774254.jpg?resize=700%2C400&ssl=1 2x"},"classes":[]},{"id":68649,"url":"https:\/\/www.grieta.org.mx\/index.php\/2024\/03\/22\/con-bloqueo-a-playa-del-carmen-ambientalistas-exigen-freno-a-obras-del-tren-maya-tramo-5-sur-quintana-roo\/","url_meta":{"origin":64684,"position":3},"title":"Con bloqueo a Playa del Carmen, ambientalistas exigen freno a obras del Tren Maya tramo 5 sur (Quintana Roo)","author":"grieta","date":"22 marzo, 2024","format":false,"excerpt":"Octavio Mart\u00ednez \/ Revista Proceso PLAYA DEL CARMEN, Q. Roo (apro).- Ambientalistas y simpatizantes del colectivo S\u00e9lvame del Tren realizaron bloqueos a la carretera federal 307, que sirve de acceso a Playa del Carmen, para exigir que el gobierno federal acate la suspensi\u00f3n judicial de los trabajos del Tren Maya\u2026","rel":"","context":"En &quot;CINTILLO&quot;","block_context":{"text":"CINTILLO","link":"https:\/\/www.grieta.org.mx\/index.php\/category\/cintillo\/"},"img":{"alt_text":"","src":"https:\/\/i0.wp.com\/www.grieta.org.mx\/wp-content\/uploads\/2024\/03\/BloqueoPlaya-e1711311550223.jpg?resize=350%2C200&ssl=1","width":350,"height":200,"srcset":"https:\/\/i0.wp.com\/www.grieta.org.mx\/wp-content\/uploads\/2024\/03\/BloqueoPlaya-e1711311550223.jpg?resize=350%2C200&ssl=1 1x, https:\/\/i0.wp.com\/www.grieta.org.mx\/wp-content\/uploads\/2024\/03\/BloqueoPlaya-e1711311550223.jpg?resize=525%2C300&ssl=1 1.5x, https:\/\/i0.wp.com\/www.grieta.org.mx\/wp-content\/uploads\/2024\/03\/BloqueoPlaya-e1711311550223.jpg?resize=700%2C400&ssl=1 2x"},"classes":[]},{"id":35945,"url":"https:\/\/www.grieta.org.mx\/index.php\/2019\/07\/05\/expansion-de-megaproyectos-en-la-peninsula-de-yucatan-video\/","url_meta":{"origin":64684,"position":4},"title":"Expansi\u00f3n de Megaproyectos en la Pen\u00ednsula de Yucat\u00e1n (Video)","author":"grieta","date":"5 julio, 2019","format":false,"excerpt":"https:\/\/youtu.be\/qLBARIAaBsI","rel":"","context":"En &quot;Campeche&quot;","block_context":{"text":"Campeche","link":"https:\/\/www.grieta.org.mx\/index.php\/category\/noticias-nacionales\/campeche\/"},"img":{"alt_text":"","src":"https:\/\/i0.wp.com\/img.youtube.com\/vi\/qLBARIAaBsI\/0.jpg?resize=350%2C200","width":350,"height":200},"classes":[]},{"id":67075,"url":"https:\/\/www.grieta.org.mx\/index.php\/2023\/06\/04\/enrejan-obras-del-tramo-5-del-tren-maya\/","url_meta":{"origin":64684,"position":5},"title":"Enrejan obras del Tramo 5 del Tren Maya","author":"grieta","date":"4 junio, 2023","format":false,"excerpt":"Arturo Miranda\/Quadrat\u00edn Quintana Roo CANC\u00daN, QRoo, 4 de junio de 2023.- Se prohibi\u00f3 en definitiva el acceso al Tramo Cinco sur del Tren Maya mediante la colocaci\u00f3n de una reja met\u00e1lica, la cual impide transitar hacia los puntos en los que se ha denunciado el relleno de cuevas como la\u2026","rel":"","context":"En &quot;CINTILLO&quot;","block_context":{"text":"CINTILLO","link":"https:\/\/www.grieta.org.mx\/index.php\/category\/cintillo\/"},"img":{"alt_text":"","src":"https:\/\/i0.wp.com\/www.grieta.org.mx\/wp-content\/uploads\/2023\/06\/tramo5-e1687546162147.jpg?resize=350%2C200&ssl=1","width":350,"height":200,"srcset":"https:\/\/i0.wp.com\/www.grieta.org.mx\/wp-content\/uploads\/2023\/06\/tramo5-e1687546162147.jpg?resize=350%2C200&ssl=1 1x, https:\/\/i0.wp.com\/www.grieta.org.mx\/wp-content\/uploads\/2023\/06\/tramo5-e1687546162147.jpg?resize=525%2C300&ssl=1 1.5x, https:\/\/i0.wp.com\/www.grieta.org.mx\/wp-content\/uploads\/2023\/06\/tramo5-e1687546162147.jpg?resize=700%2C400&ssl=1 2x"},"classes":[]}],"_links":{"self":[{"href":"https:\/\/www.grieta.org.mx\/index.php\/wp-json\/wp\/v2\/posts\/64684","targetHints":{"allow":["GET"]}}],"collection":[{"href":"https:\/\/www.grieta.org.mx\/index.php\/wp-json\/wp\/v2\/posts"}],"about":[{"href":"https:\/\/www.grieta.org.mx\/index.php\/wp-json\/wp\/v2\/types\/post"}],"author":[{"embeddable":true,"href":"https:\/\/www.grieta.org.mx\/index.php\/wp-json\/wp\/v2\/users\/2"}],"replies":[{"embeddable":true,"href":"https:\/\/www.grieta.org.mx\/index.php\/wp-json\/wp\/v2\/comments?post=64684"}],"version-history":[{"count":1,"href":"https:\/\/www.grieta.org.mx\/index.php\/wp-json\/wp\/v2\/posts\/64684\/revisions"}],"predecessor-version":[{"id":64686,"href":"https:\/\/www.grieta.org.mx\/index.php\/wp-json\/wp\/v2\/posts\/64684\/revisions\/64686"}],"wp:featuredmedia":[{"embeddable":true,"href":"https:\/\/www.grieta.org.mx\/index.php\/wp-json\/wp\/v2\/media\/64685"}],"wp:attachment":[{"href":"https:\/\/www.grieta.org.mx\/index.php\/wp-json\/wp\/v2\/media?parent=64684"}],"wp:term":[{"taxonomy":"category","embeddable":true,"href":"https:\/\/www.grieta.org.mx\/index.php\/wp-json\/wp\/v2\/categories?post=64684"},{"taxonomy":"post_tag","embeddable":true,"href":"https:\/\/www.grieta.org.mx\/index.php\/wp-json\/wp\/v2\/tags?post=64684"}],"curies":[{"name":"wp","href":"https:\/\/api.w.org\/{rel}","templated":true}]}}