{"id":64665,"date":"2022-08-01T16:26:21","date_gmt":"2022-08-01T21:26:21","guid":{"rendered":"https:\/\/www.grieta.org.mx\/?p=64665"},"modified":"2022-08-04T16:53:07","modified_gmt":"2022-08-04T21:53:07","slug":"la-zona-turistica-del-caribe-mexicano-padece-ola-de-desapariciones-quintana-roo","status":"publish","type":"post","link":"https:\/\/www.grieta.org.mx\/index.php\/2022\/08\/01\/la-zona-turistica-del-caribe-mexicano-padece-ola-de-desapariciones-quintana-roo\/","title":{"rendered":"La zona tur\u00edstica del Caribe mexicano padece ola de desapariciones (Quintana Roo)"},"content":{"rendered":"<p>El Periodico USA<\/p>\n<p>Canc\u00fan (M\u00e9xico), (EFE).- Los principales destinos tur\u00edsticos del Caribe mexicano, Canc\u00fan, Playa del Carmen, Tulum e Isla Mujeres, acumulan 27 carpetas de investigaci\u00f3n por desaparici\u00f3n forzada desde 2018 hasta junio pasado, seg\u00fan informa este lunes a Efe Carlos Maya Gir\u00f3n, vicefiscal general de la zona norte del estado Quintana Roo.<br \/>\nSe trata de trabajadores del sector tur\u00edstico o la construcci\u00f3n, las dos principales actividades econ\u00f3micas de la entidad, que recibe al a\u00f1o, en sus 118.000 cuartos de hotel, m\u00e1s de 10 millones de turistas, que dejan una derrama superior a los 10.000 millones de d\u00f3lares.<\/p>\n<p>Mar\u00eda Esther Barrera ha perdido a tres hijos. El primero, de muerte de cuna, el segundo por una intoxicaci\u00f3n, y del tercero no sabe de su paradero, pues en diciembre pasado lo desaparecieron en pleno coraz\u00f3n de la Riviera Maya, donde cada vez son m\u00e1s frecuentes estos casos.<br \/>\n\u201cA los otros dos he tenido el honor de enterrarlos, pero a mi hijo Artemio no\u201d, dice Barrera en una entrevista.<br \/>\nArtemio Lorenzana Barrera, el hijo desaparecido de Mar\u00eda Esther, naci\u00f3 en Tecpan de Galeana, en el tambi\u00e9n tur\u00edstico estado de Guerrero, en 1968.<\/p>\n<p>En Playa del Carmen, Artemio hab\u00eda conseguido fundar un peque\u00f1o negocio de tours.<br \/>\nEn una diminuta caseta apostada en la Quinta Avenida, la m\u00e1s transitada del destino, ofrec\u00eda paquetes tur\u00edsticos, pero un grupo criminal le arrebat\u00f3 el negocio, seg\u00fan narra Barrera.<br \/>\n\u201cLo obligaron a trabajar para ellos, pero \u00e9l pidi\u00f3 permiso de irse, porque no quiso estar ya ah\u00ed. Como al inicio no protest\u00f3 ni nada, lo dejaron, pero tuvo que pagar para irse\u201d, recuerda Guadalupe Lorenzana, prima de Artemio, tambi\u00e9n presente en la entrevista.<\/p>\n<p>CASOS SE ACUMULAN<br \/>\nLo que ocurre en Quintana Roo, en el Caribe mexicano, refleja la crisis de desapariciones en el pa\u00eds, que en mayo pasado rebas\u00f3 la cifra oficial de 100.000 personas desaparecidas y no localizadas desde que hay registro en 1964.<br \/>\n\u00c1ngel de la Cruz es otro joven desaparecido. Originario de Macuspana, Tabasco, \u00c1ngel lleg\u00f3 a Quintana Roo para trabajar como ayudante de alba\u00f1il en las obras de un lujoso resort en la zona continental de Isla Mujeres.<br \/>\nEl 15 de junio de 2020 se present\u00f3 a trabajar y el s\u00e1bado siguiente fue levantado por unos sujetos porque el contratista de la obra les deb\u00eda dinero, cuenta Vicente de la Cruz, padre de De la Cruz.<\/p>\n<p>\u201cFue para presionar al contratista\u201d, relata el padre.<br \/>\nLo mataron y arrojaron su cuerpo, junto a otros cuatro, a un costado del hotel, en una de las primeras fosas clandestinas conocidas del Caribe mexicano.<br \/>\nEl crimen organizado controla obras de construcci\u00f3n en la zona conocida como Isla Blanca, seg\u00fan James Tobin, representante ciudadano del Consejo Nacional de Seguridad.<br \/>\nTobin explica a Efe que los grupos criminales infiltran a uno de sus miembros en la obra para obtener informaci\u00f3n sobre los contratistas, personal y sobre los \u201cdue\u00f1os de la plaza\u201d.<br \/>\nLos delincuentes extorsionan a alba\u00f1iles, carpinteros y dem\u00e1s obreros con cuotas que oscilan entre los 300 y 500 pesos (entre 15 y 25 d\u00f3lares), mientras que los contratistas deben pagarles \u201cderecho de piso\u201d (cobro forzoso del crimen organizado).<\/p>\n<p>\u00d3scar Carlos Inacua decidi\u00f3 dejar el trabajo que ten\u00eda como plomero en el mismo resort que \u00c1ngel y consigui\u00f3 emplearse en las obras un lujoso hotel en la carretera 307 en Canc\u00fan. Pero un d\u00eda de febrero de 2021, \u00d3scar entr\u00f3 a la obra y de \u00e9l no se supo m\u00e1s.<br \/>\n\u201c\u00c9l llevaba muy poquito trabajando ah\u00ed. Entr\u00f3 a trabajar y ya no volvi\u00f3 a salir. Fue 11 de febrero. En resumidas cuentas no hay nada. Nosotros fuimos a denunciar y nos dec\u00edan \u2018s\u00ed, no se preocupen, vamos a investigar\u2019. Ha pasado m\u00e1s de un a\u00f1o y no nos resuelven nada\u201d, cuenta Lizbeth, su hermana, quien detalla que su hermano desapareci\u00f3 junto con otro trabajador.<\/p>\n<p>ESCASOS RECURSOS<br \/>\nEn medio de esta crisis, la Secretar\u00eda de Gobernaci\u00f3n (Segob) aportar\u00e1 15,8 millones de pesos (unos 790.000 d\u00f3lares) para reforzar la b\u00fasqueda de personas en Quintana Roo este a\u00f1o, a trav\u00e9s de la Comisi\u00f3n de B\u00fasqueda de Personas estatal, lo que es 2,2 millones de pesos (cerca de 110.000 d\u00f3lares) menor a lo otorgado en 2021.<br \/>\n\u201cEs inaceptable y se debe a la falta de resultados de la Comisi\u00f3n de B\u00fasqueda Estatal, que no realizan su tarea\u201d, critic\u00f3 Ludovico Zamora, vocero de Verdad, Memoria y Justicia, colectivo fundado hace poco m\u00e1s de un a\u00f1o, compuesto de familiares de desaparecidos.<\/p>\n<p><a href=\"https:\/\/www.elperiodicousa.com\/la-zona-turistica-del-caribe-mexicano-padece-ola-de-desapariciones\/\" rel=\"noopener\" target=\"_blank\">https:\/\/www.elperiodicousa.com\/la-zona-turistica-del-caribe-mexicano-padece-ola-de-desapariciones\/<\/a><\/p>\n","protected":false},"excerpt":{"rendered":"<p>El Periodico USA Canc\u00fan (M\u00e9xico), (EFE).- Los principales destinos tur\u00edsticos del Caribe mexicano, Canc\u00fan, Playa del Carmen, Tulum e Isla Mujeres, acumulan 27 carpetas de investigaci\u00f3n por desaparici\u00f3n forzada desde &hellip; <a href=\"https:\/\/www.grieta.org.mx\/index.php\/2022\/08\/01\/la-zona-turistica-del-caribe-mexicano-padece-ola-de-desapariciones-quintana-roo\/\" class=\"more-link\">Leer m\u00e1s<\/a><\/p>\n","protected":false},"author":2,"featured_media":64666,"comment_status":"closed","ping_status":"closed","sticky":false,"template":"","format":"standard","meta":{"ngg_post_thumbnail":0,"_jetpack_newsletter_access":"","_jetpack_dont_email_post_to_subs":false,"_jetpack_newsletter_tier_id":0,"_jetpack_memberships_contains_paywalled_content":false,"_jetpack_memberships_contains_paid_content":false,"footnotes":""},"categories":[80,87,2808,2,28,83],"tags":[3700,1828,3937],"class_list":["post-64665","post","type-post","status-publish","format-standard","has-post-thumbnail","hentry","category-cintillo","category-desaparecidos","category-desaparecidos-en-quintana-roo","category-noticias-nacionales","category-quintana-roo","category-temas-nacionales","tag-aumento-desaparecidos","tag-busqueda-de-desaparecidos","tag-desaparecdios","entry"],"jetpack_featured_media_url":"https:\/\/www.grieta.org.mx\/wp-content\/uploads\/2022\/08\/Desaparecidos-e1659648614528.png","jetpack_sharing_enabled":true,"jetpack_shortlink":"https:\/\/wp.me\/p7ZJR4-gOZ","jetpack_likes_enabled":false,"jetpack-related-posts":[{"id":69534,"url":"https:\/\/www.grieta.org.mx\/index.php\/2024\/08\/30\/marchan-por-desaparecidos-en-cancun-y-chetumal-quintana-roo\/","url_meta":{"origin":64665,"position":0},"title":"Marchan por desaparecidos en Canc\u00fan y Chetumal (Quintana Roo)","author":"grieta","date":"30 agosto, 2024","format":false,"excerpt":"Noticaribe CANC\u00daN, MX.- Madres y otros familiares de personas desaparecidos marcharon hoy en Canc\u00fan y en Chetumal para conmemorar el D\u00eda de la B\u00fasqueda de Personas. En Canc\u00fan, dos colectivos, el \u201d Verdad y Justicia\u201d, as\u00ed como las \u201cMadres Buscadoras\u201d marcharon por separado rumbo al Palacio Municipal. Integrantes de \u201cVerdad,\u2026","rel":"","context":"En &quot;CINTILLO&quot;","block_context":{"text":"CINTILLO","link":"https:\/\/www.grieta.org.mx\/index.php\/category\/cintillo\/"},"img":{"alt_text":"","src":"https:\/\/i0.wp.com\/www.grieta.org.mx\/wp-content\/uploads\/2024\/08\/Marchan-e1725139943721.jpg?resize=350%2C200&ssl=1","width":350,"height":200,"srcset":"https:\/\/i0.wp.com\/www.grieta.org.mx\/wp-content\/uploads\/2024\/08\/Marchan-e1725139943721.jpg?resize=350%2C200&ssl=1 1x, https:\/\/i0.wp.com\/www.grieta.org.mx\/wp-content\/uploads\/2024\/08\/Marchan-e1725139943721.jpg?resize=525%2C300&ssl=1 1.5x, https:\/\/i0.wp.com\/www.grieta.org.mx\/wp-content\/uploads\/2024\/08\/Marchan-e1725139943721.jpg?resize=700%2C400&ssl=1 2x"},"classes":[]},{"id":67802,"url":"https:\/\/www.grieta.org.mx\/index.php\/2023\/09\/16\/madres-buscadores-de-cancun-irrumpen-desfile-civico-militar-reclaman-justicia-a-autoridades-quintana-roo\/","url_meta":{"origin":64665,"position":1},"title":"Madres Buscadores de Canc\u00fan irrumpen Desfile C\u00edvico-Militar; reclaman justicia a autoridades (Quintana Roo)","author":"grieta","date":"16 septiembre, 2023","format":false,"excerpt":"Mart\u00edn Chi \/ Foto David P\u00e9rez \/ Por Esto! Las Madres Buscadoras de Canc\u00fan irrumpieron entre los participantes del Desfile C\u00edvico-Militar por el 213 aniversario del inicio de la Independencia de M\u00e9xico y se manifestaron frente al pres\u00eddium, clamando justicia por los desaparecidos. Las madres gritaron consignas buscando justicia y\u2026","rel":"","context":"En &quot;CINTILLO&quot;","block_context":{"text":"CINTILLO","link":"https:\/\/www.grieta.org.mx\/index.php\/category\/cintillo\/"},"img":{"alt_text":"","src":"https:\/\/i0.wp.com\/www.grieta.org.mx\/wp-content\/uploads\/2023\/09\/MadresBuscadoras-e1695694298833.jpg?resize=350%2C200&ssl=1","width":350,"height":200,"srcset":"https:\/\/i0.wp.com\/www.grieta.org.mx\/wp-content\/uploads\/2023\/09\/MadresBuscadoras-e1695694298833.jpg?resize=350%2C200&ssl=1 1x, https:\/\/i0.wp.com\/www.grieta.org.mx\/wp-content\/uploads\/2023\/09\/MadresBuscadoras-e1695694298833.jpg?resize=525%2C300&ssl=1 1.5x, https:\/\/i0.wp.com\/www.grieta.org.mx\/wp-content\/uploads\/2023\/09\/MadresBuscadoras-e1695694298833.jpg?resize=700%2C400&ssl=1 2x"},"classes":[]},{"id":65576,"url":"https:\/\/www.grieta.org.mx\/index.php\/2022\/10\/20\/marchan-activistas-contra-nulos-resultados-de-la-fiscalia-en-casos-de-desaparecidos-quintana-roo\/","url_meta":{"origin":64665,"position":2},"title":"Marchan activistas contra nulos resultados de la Fiscal\u00eda en casos de desaparecidos (Quintana Roo)","author":"grieta","date":"20 octubre, 2022","format":false,"excerpt":"Juan Morales \/ Grupo Pir\u00e1mide Canc\u00fan, Quintana Roo.- Miembros del colectivo Verdad, Memoria y Justicia marcharon en Canc\u00fan contra los nulos resultados de la Fiscal\u00eda General del Estado (FGE) en los reportes de personas desaparecidas, los cuales aumentaron durante septiembre con dos casos m\u00e1s. Los manifestantes arrancaron su protesta desde\u2026","rel":"","context":"En &quot;CINTILLO&quot;","block_context":{"text":"CINTILLO","link":"https:\/\/www.grieta.org.mx\/index.php\/category\/cintillo\/"},"img":{"alt_text":"","src":"https:\/\/i0.wp.com\/www.grieta.org.mx\/wp-content\/uploads\/2022\/10\/DesaparecidosQroo-e1666432285627.jpg?resize=350%2C200&ssl=1","width":350,"height":200,"srcset":"https:\/\/i0.wp.com\/www.grieta.org.mx\/wp-content\/uploads\/2022\/10\/DesaparecidosQroo-e1666432285627.jpg?resize=350%2C200&ssl=1 1x, https:\/\/i0.wp.com\/www.grieta.org.mx\/wp-content\/uploads\/2022\/10\/DesaparecidosQroo-e1666432285627.jpg?resize=525%2C300&ssl=1 1.5x, https:\/\/i0.wp.com\/www.grieta.org.mx\/wp-content\/uploads\/2022\/10\/DesaparecidosQroo-e1666432285627.jpg?resize=700%2C400&ssl=1 2x"},"classes":[]},{"id":61401,"url":"https:\/\/www.grieta.org.mx\/index.php\/2021\/08\/26\/cancun-quintana-roo-de-paraiso-turistico-a-infierno-registra-27-desaparecidos-en-agosto\/","url_meta":{"origin":64665,"position":3},"title":"Canc\u00fan, Quintana Roo, de para\u00edso tur\u00edstico a infierno: Registra 27 desaparecidos en agosto","author":"grieta","date":"26 agosto, 2021","format":false,"excerpt":"Carlos Hern\u00e1ndez \/ PorEsto! Durante los primeros 25 d\u00edas de agosto, la Fiscal\u00eda General del Estado de Quintana Roo (FGE) report\u00f3 la desaparici\u00f3n de 55 personas; 21 fueron localizadas, del resto se desconoce su paradero. Los municipios con mayor incidencia durante este mes son: Benito Ju\u00e1rez (Canc\u00fan) (27), Solidaridad (12),\u2026","rel":"","context":"En &quot;CINTILLO&quot;","block_context":{"text":"CINTILLO","link":"https:\/\/www.grieta.org.mx\/index.php\/category\/cintillo\/"},"img":{"alt_text":"","src":"https:\/\/i0.wp.com\/www.grieta.org.mx\/wp-content\/uploads\/2021\/08\/CancunInfierno-e1630361530280.png?resize=350%2C200&ssl=1","width":350,"height":200,"srcset":"https:\/\/i0.wp.com\/www.grieta.org.mx\/wp-content\/uploads\/2021\/08\/CancunInfierno-e1630361530280.png?resize=350%2C200&ssl=1 1x, https:\/\/i0.wp.com\/www.grieta.org.mx\/wp-content\/uploads\/2021\/08\/CancunInfierno-e1630361530280.png?resize=525%2C300&ssl=1 1.5x, https:\/\/i0.wp.com\/www.grieta.org.mx\/wp-content\/uploads\/2021\/08\/CancunInfierno-e1630361530280.png?resize=700%2C400&ssl=1 2x"},"classes":[]},{"id":68905,"url":"https:\/\/www.grieta.org.mx\/index.php\/2024\/05\/10\/cancun-madres-buscadoras-bloquean-la-av-xcaret-para-reclamar-por-desaparecidos-quintana-roo\/","url_meta":{"origin":64665,"position":4},"title":"Canc\u00fan: Madres buscadoras bloquean la av. Xcaret para reclamar por desaparecidos (Quintana Roo)","author":"grieta","date":"10 mayo, 2024","format":false,"excerpt":"Eduardo del Valle \/ Novedades Quintana Roo Un bloqueo de un carril de la avenida Xcaret de Canc\u00fan se hizo ayer, por Madres Buscadoras de Quintana Roo como un reclamo m\u00e1s a las autoridades por la falta de resultados en la b\u00fasqueda de desaparecidos. El carril de la Xcaret, con\u2026","rel":"","context":"En &quot;CINTILLO&quot;","block_context":{"text":"CINTILLO","link":"https:\/\/www.grieta.org.mx\/index.php\/category\/cintillo\/"},"img":{"alt_text":"","src":"https:\/\/i0.wp.com\/www.grieta.org.mx\/wp-content\/uploads\/2024\/05\/Desaparecidos-e1715553297915.jpg?resize=350%2C200&ssl=1","width":350,"height":200,"srcset":"https:\/\/i0.wp.com\/www.grieta.org.mx\/wp-content\/uploads\/2024\/05\/Desaparecidos-e1715553297915.jpg?resize=350%2C200&ssl=1 1x, https:\/\/i0.wp.com\/www.grieta.org.mx\/wp-content\/uploads\/2024\/05\/Desaparecidos-e1715553297915.jpg?resize=525%2C300&ssl=1 1.5x, https:\/\/i0.wp.com\/www.grieta.org.mx\/wp-content\/uploads\/2024\/05\/Desaparecidos-e1715553297915.jpg?resize=700%2C400&ssl=1 2x"},"classes":[]},{"id":68710,"url":"https:\/\/www.grieta.org.mx\/index.php\/2024\/02\/06\/desaparece-un-periodista-mexicano-en-cancun-luego-de-recibir-presuntas-amenazas-quintana-roo\/","url_meta":{"origin":64665,"position":5},"title":"Desaparece un periodista mexicano en Canc\u00fan luego de recibir presuntas amenazas (Quintana Roo)","author":"grieta","date":"6 febrero, 2024","format":false,"excerpt":"La Opini\u00f3n La violencia contra periodistas en M\u00e9xico sigue siendo un problema alarmante en el pa\u00eds, que se mantiene como una de las naciones m\u00e1s peligrosas para quienes ejercen dicha actividad. El caso m\u00e1s reciente es la desaparici\u00f3n de un reportero en la ciudad tur\u00edstica de Canc\u00fan, de quien no\u2026","rel":"","context":"En &quot;CINTILLO&quot;","block_context":{"text":"CINTILLO","link":"https:\/\/www.grieta.org.mx\/index.php\/category\/cintillo\/"},"img":{"alt_text":"","src":"https:\/\/i0.wp.com\/www.grieta.org.mx\/wp-content\/uploads\/2024\/03\/Periodista-e1711913038305.jpg?resize=350%2C200&ssl=1","width":350,"height":200,"srcset":"https:\/\/i0.wp.com\/www.grieta.org.mx\/wp-content\/uploads\/2024\/03\/Periodista-e1711913038305.jpg?resize=350%2C200&ssl=1 1x, https:\/\/i0.wp.com\/www.grieta.org.mx\/wp-content\/uploads\/2024\/03\/Periodista-e1711913038305.jpg?resize=525%2C300&ssl=1 1.5x, https:\/\/i0.wp.com\/www.grieta.org.mx\/wp-content\/uploads\/2024\/03\/Periodista-e1711913038305.jpg?resize=700%2C400&ssl=1 2x"},"classes":[]}],"_links":{"self":[{"href":"https:\/\/www.grieta.org.mx\/index.php\/wp-json\/wp\/v2\/posts\/64665","targetHints":{"allow":["GET"]}}],"collection":[{"href":"https:\/\/www.grieta.org.mx\/index.php\/wp-json\/wp\/v2\/posts"}],"about":[{"href":"https:\/\/www.grieta.org.mx\/index.php\/wp-json\/wp\/v2\/types\/post"}],"author":[{"embeddable":true,"href":"https:\/\/www.grieta.org.mx\/index.php\/wp-json\/wp\/v2\/users\/2"}],"replies":[{"embeddable":true,"href":"https:\/\/www.grieta.org.mx\/index.php\/wp-json\/wp\/v2\/comments?post=64665"}],"version-history":[{"count":1,"href":"https:\/\/www.grieta.org.mx\/index.php\/wp-json\/wp\/v2\/posts\/64665\/revisions"}],"predecessor-version":[{"id":64676,"href":"https:\/\/www.grieta.org.mx\/index.php\/wp-json\/wp\/v2\/posts\/64665\/revisions\/64676"}],"wp:featuredmedia":[{"embeddable":true,"href":"https:\/\/www.grieta.org.mx\/index.php\/wp-json\/wp\/v2\/media\/64666"}],"wp:attachment":[{"href":"https:\/\/www.grieta.org.mx\/index.php\/wp-json\/wp\/v2\/media?parent=64665"}],"wp:term":[{"taxonomy":"category","embeddable":true,"href":"https:\/\/www.grieta.org.mx\/index.php\/wp-json\/wp\/v2\/categories?post=64665"},{"taxonomy":"post_tag","embeddable":true,"href":"https:\/\/www.grieta.org.mx\/index.php\/wp-json\/wp\/v2\/tags?post=64665"}],"curies":[{"name":"wp","href":"https:\/\/api.w.org\/{rel}","templated":true}]}}