{"id":64651,"date":"2022-07-30T11:56:19","date_gmt":"2022-07-30T16:56:19","guid":{"rendered":"https:\/\/www.grieta.org.mx\/?p=64651"},"modified":"2022-07-31T19:34:30","modified_gmt":"2022-08-01T00:34:30","slug":"suman-27-feminicidios-de-ninas-un-total-de-529-adolescentes-asesinados-este-sexenio-en-jalisco","status":"publish","type":"post","link":"https:\/\/www.grieta.org.mx\/index.php\/2022\/07\/30\/suman-27-feminicidios-de-ninas-un-total-de-529-adolescentes-asesinados-este-sexenio-en-jalisco\/","title":{"rendered":"Suman 27 feminicidios de ni\u00f1as, un total de 529 adolescentes asesinados este sexenio en Jalisco"},"content":{"rendered":"<p>Imagen: G. Gallo<\/p>\n<p>El Informador<\/p>\n<p>De acuerdo con informes de la Red por los Derechos de la Infancia de M\u00e9xico (REDIM), con cifras del Secretariado Ejecutivo del Sistema Nacional de Seguridad P\u00fablica, en lo que va de la actual administraci\u00f3n estatal van 27 feminicidios de menores.<\/p>\n<p>Por ejemplo, el pasado lunes se dio cuenta del feminicidio de una adolescente en el municipio de Villa Purificaci\u00f3n, donde fue encontrada sin vida al interior de un domicilio, ubicado en el cruce de P\u00e9rula y Chamela. La menor de edad ten\u00eda m\u00faltiples lesiones por golpes contundentes en todo su cuerpo. Otro caso fue el de un ni\u00f1o y una ni\u00f1a localizados sin vida en el municipio de San Gabriel; sus cuerpos fueron encontrados en un terreno abandonado y con huellas de agresiones.<\/p>\n<p>Un caso reciente que, aunque no termin\u00f3 en muerte, revela el aumento de violencia contra ni\u00f1as y adolescentes, fue el de la ni\u00f1a agredida en Tonal\u00e1.<\/p>\n<p>El pasado 23 de julio, Martha se enter\u00f3 que en el albergue \u201cCasa de Vida Camino a la Fortaleza\u201d, ubicado en la colonia Santa Isabel, su hija Jazm\u00edn, de 11 a\u00f1os, estaba internada por ansiedad severa y ataques epil\u00e9pticos, fue rociada con alcohol y quemada.<\/p>\n<p><strong>Tambi\u00e9n asesinan a 529 menores\u00a0<\/strong><\/p>\n<p>En el apartado del delito de homicidio del informe de la Red por los Derechos de la Infancia de M\u00e9xico (REDIM),\u00a0<strong>en lo que va de la actual administraci\u00f3n van un total de 529 de este tipo de cr\u00edmenes en contra de menores de cero a 17 a\u00f1os.<\/strong><\/p>\n<p>Uno de los casos \u00a0fue el de\u00a0<strong>Eduardo Salom\u00f3n Puertos Gayt\u00e1n,<\/strong>\u00a0un joven de 16 a\u00f1os, que fue herido a balazos el 4 de febrero, cuando cuidaba a sus hermanos menores, en su domicilio en la colonia Hacienda de Los Fresnos.<\/p>\n<p><strong>Numeralia<\/strong><\/p>\n<p><strong>Feminicidios de menores seg\u00fan el informe<\/strong><\/p>\n<p>2022: 3<\/p>\n<p>2021: 9<\/p>\n<p>2020: 7<\/p>\n<p>2019: 8<\/p>\n<p>Total: 27<\/p>\n<p><a href=\"https:\/\/www.informador.mx\/jalisco\/Feminicidio-Suman-27-muertes--de-ninas-y-adolescentes-este-sexenio-en-Jalisco-20220730-0045.html\">https:\/\/www.informador.mx\/jalisco\/Feminicidio-Suman-27-muertes&#8211;de-ninas-y-adolescentes-este-sexenio-en-Jalisco-20220730-0045.html<\/a><\/p>\n","protected":false},"excerpt":{"rendered":"<p>Imagen: G. Gallo El Informador De acuerdo con informes de la Red por los Derechos de la Infancia de M\u00e9xico (REDIM), con cifras del Secretariado Ejecutivo del Sistema Nacional de &hellip; <a href=\"https:\/\/www.grieta.org.mx\/index.php\/2022\/07\/30\/suman-27-feminicidios-de-ninas-un-total-de-529-adolescentes-asesinados-este-sexenio-en-jalisco\/\" class=\"more-link\">Leer m\u00e1s<\/a><\/p>\n","protected":false},"author":2,"featured_media":64652,"comment_status":"closed","ping_status":"closed","sticky":false,"template":"","format":"standard","meta":{"ngg_post_thumbnail":0,"_jetpack_newsletter_access":"","_jetpack_dont_email_post_to_subs":false,"_jetpack_newsletter_tier_id":0,"_jetpack_memberships_contains_paywalled_content":false,"_jetpack_memberships_contains_paid_content":false,"footnotes":""},"categories":[80,84,2107,20,1827,2303,2,83],"tags":[2938,2959,81,3476,3776,2193],"class_list":["post-64651","post","type-post","status-publish","format-standard","has-post-thumbnail","hentry","category-cintillo","category-feminicidios","category-feminicidios-en-jalisco","category-jalisco","category-la-ninez-en-la-tormenta-capitalista","category-la-ninez-en-la-tormenta-en-jalisco","category-noticias-nacionales","category-temas-nacionales","tag-asesinato-de-jovenes","tag-estadisticas-de-feminicidio","tag-feminicidios","tag-jovenes-en-la-tormenta-capitalista","tag-la-ninez-en-la-tormenta-capitalista","tag-ninas-asesinadas","entry"],"jetpack_featured_media_url":"https:\/\/www.grieta.org.mx\/wp-content\/uploads\/2022\/07\/imagen_imagen_20220721-213552-20220721-gil_cmyk_crop1659179338221.jpg_1970638775.webp","jetpack_sharing_enabled":true,"jetpack_shortlink":"https:\/\/wp.me\/p7ZJR4-gOL","jetpack_likes_enabled":false,"jetpack-related-posts":[{"id":65588,"url":"https:\/\/www.grieta.org.mx\/index.php\/2022\/10\/22\/jalisco-segundo-lugar-en-feminicidios-infantiles\/","url_meta":{"origin":64651,"position":0},"title":"Jalisco, segundo lugar en feminicidios infantiles","author":"grieta","date":"22 octubre, 2022","format":false,"excerpt":"Imagen: Cuartoscuro Redacci\u00f3n \/ El Diario TNR Jalisco se ubica en el segundo sitio a nivel nacional con m\u00e1s feminicidios infantiles y adolescentes, el cuarto lugar con m\u00e1s hospitalizaciones de menores de edad por violencia sexual, y quinto lugar en homicidios de menores de 0 a 17 a\u00f1os, precis\u00f3 Tania\u2026","rel":"","context":"En &quot;CINTILLO&quot;","block_context":{"text":"CINTILLO","link":"https:\/\/www.grieta.org.mx\/index.php\/category\/cintillo\/"},"img":{"alt_text":"","src":"https:\/\/i0.wp.com\/www.grieta.org.mx\/wp-content\/uploads\/2022\/10\/2022-10-22_03-10-55___5899.jpg?resize=350%2C200&ssl=1","width":350,"height":200,"srcset":"https:\/\/i0.wp.com\/www.grieta.org.mx\/wp-content\/uploads\/2022\/10\/2022-10-22_03-10-55___5899.jpg?resize=350%2C200&ssl=1 1x, https:\/\/i0.wp.com\/www.grieta.org.mx\/wp-content\/uploads\/2022\/10\/2022-10-22_03-10-55___5899.jpg?resize=525%2C300&ssl=1 1.5x, https:\/\/i0.wp.com\/www.grieta.org.mx\/wp-content\/uploads\/2022\/10\/2022-10-22_03-10-55___5899.jpg?resize=700%2C400&ssl=1 2x"},"classes":[]},{"id":66568,"url":"https:\/\/www.grieta.org.mx\/index.php\/2023\/03\/14\/jalisco-tercer-estado-en-el-que-matan-mas-ninas\/","url_meta":{"origin":64651,"position":1},"title":"Jalisco, tercer estado en el que matan m\u00e1s ni\u00f1as","author":"grieta","date":"14 marzo, 2023","format":false,"excerpt":"Imagen: Archivo NTR \/\u00a0 GP Sonia Serrano I\u00f1iguez \/ El Diario NTR De 2015 a 2022 fueron asesinadas 2 mil 166 ni\u00f1as y adolescentes en el pa\u00eds, delito en el que Jalisco ocupa el tercer lugar nacional con 140 v\u00edctimas, apenas por debajo del Estado de M\u00e9xico y Guanajuato. El\u2026","rel":"","context":"En &quot;CINTILLO&quot;","block_context":{"text":"CINTILLO","link":"https:\/\/www.grieta.org.mx\/index.php\/category\/cintillo\/"},"img":{"alt_text":"","src":"https:\/\/i0.wp.com\/www.grieta.org.mx\/wp-content\/uploads\/2023\/03\/2023-03-14_12-03-49___6344.jpg?resize=350%2C200&ssl=1","width":350,"height":200,"srcset":"https:\/\/i0.wp.com\/www.grieta.org.mx\/wp-content\/uploads\/2023\/03\/2023-03-14_12-03-49___6344.jpg?resize=350%2C200&ssl=1 1x, https:\/\/i0.wp.com\/www.grieta.org.mx\/wp-content\/uploads\/2023\/03\/2023-03-14_12-03-49___6344.jpg?resize=525%2C300&ssl=1 1.5x, https:\/\/i0.wp.com\/www.grieta.org.mx\/wp-content\/uploads\/2023\/03\/2023-03-14_12-03-49___6344.jpg?resize=700%2C400&ssl=1 2x"},"classes":[]},{"id":30911,"url":"https:\/\/www.grieta.org.mx\/index.php\/2019\/03\/08\/al-menos-siete-feminicidios-mensuales-de-ninas-y-adolescentes-redim\/","url_meta":{"origin":64651,"position":2},"title":"Al menos siete feminicidios mensuales de ni\u00f1as y adolescentes: REDIM","author":"grieta","date":"8 marzo, 2019","format":false,"excerpt":"L\u00f3pez D\u00f3riga Digital La cifra de adolescentes v\u00edctimas de feminicidios a nivel nacional se duplic\u00f3 de 2015 a 2018, al pasar de 422 a 861 casos La Red por los Derechos de la Infancia en M\u00e9xico (REDIM) asegur\u00f3 que la violencia machista y omisi\u00f3n de las autoridades son responsables de\u2026","rel":"","context":"En &quot;Chihuahua&quot;","block_context":{"text":"Chihuahua","link":"https:\/\/www.grieta.org.mx\/index.php\/category\/noticias-nacionales\/chihuahua\/"},"img":{"alt_text":"","src":"https:\/\/i0.wp.com\/www.grieta.org.mx\/wp-content\/uploads\/2019\/03\/Al-menos-siete-feminicidios-mensuales-de-ni%C3%B1as-y-adolescentes-REDIM-nl-mzo.jpg?resize=350%2C200&ssl=1","width":350,"height":200,"srcset":"https:\/\/i0.wp.com\/www.grieta.org.mx\/wp-content\/uploads\/2019\/03\/Al-menos-siete-feminicidios-mensuales-de-ni%C3%B1as-y-adolescentes-REDIM-nl-mzo.jpg?resize=350%2C200&ssl=1 1x, https:\/\/i0.wp.com\/www.grieta.org.mx\/wp-content\/uploads\/2019\/03\/Al-menos-siete-feminicidios-mensuales-de-ni%C3%B1as-y-adolescentes-REDIM-nl-mzo.jpg?resize=525%2C300&ssl=1 1.5x, https:\/\/i0.wp.com\/www.grieta.org.mx\/wp-content\/uploads\/2019\/03\/Al-menos-siete-feminicidios-mensuales-de-ni%C3%B1as-y-adolescentes-REDIM-nl-mzo.jpg?resize=700%2C400&ssl=1 2x"},"classes":[]},{"id":65945,"url":"https:\/\/www.grieta.org.mx\/index.php\/2022\/12\/04\/colima-entre-los-estados-mas-inseguros-para-ninas-y-adolescentes\/","url_meta":{"origin":64651,"position":3},"title":"Colima, entre los estados m\u00e1s inseguros para ni\u00f1as y adolescentes","author":"grieta","date":"4 diciembre, 2022","format":false,"excerpt":"Imagen: Diario Avanzada Heidi de Le\u00f3n Guti\u00e9rrez \/ Diario Avanzada Colima, M\u00e9xico, Avanzada (04\/12\/2022).- Colima se encuentra entre los 14 estados m\u00e1s inseguros para las ni\u00f1as y adolescentes, de acuerdo al monitoreo que realiz\u00f3 la organizaci\u00f3n: Aqu\u00ed estamos: feminicidio infantil en M\u00e9xico. El reporte fue elaborado por un grupo de\u2026","rel":"","context":"En &quot;CINTILLO&quot;","block_context":{"text":"CINTILLO","link":"https:\/\/www.grieta.org.mx\/index.php\/category\/cintillo\/"},"img":{"alt_text":"","src":"https:\/\/i0.wp.com\/www.grieta.org.mx\/wp-content\/uploads\/2022\/12\/image-25-1.png?resize=350%2C200&ssl=1","width":350,"height":200,"srcset":"https:\/\/i0.wp.com\/www.grieta.org.mx\/wp-content\/uploads\/2022\/12\/image-25-1.png?resize=350%2C200&ssl=1 1x, https:\/\/i0.wp.com\/www.grieta.org.mx\/wp-content\/uploads\/2022\/12\/image-25-1.png?resize=525%2C300&ssl=1 1.5x"},"classes":[]},{"id":65948,"url":"https:\/\/www.grieta.org.mx\/index.php\/2022\/12\/07\/municipios-metropolitanos-con-mas-victimas-de-abuso-sexual-infantil-en-jalisco\/","url_meta":{"origin":64651,"position":4},"title":"Municipios metropolitanos con m\u00e1s v\u00edctimas de abuso sexual infantil en Jalisco","author":"grieta","date":"7 diciembre, 2022","format":false,"excerpt":"Imagen; Cuartoscuro Redacci\u00f3n \/ El Diario NTR Jalisco es uno de los estados con m\u00e1s v\u00edctimas de abuso sexual infantil, Guadalajara, Tlaquepaque, Tonal\u00e1, Zapopan y Puerto Vallarta son los municipios con m\u00e1s casos, de acuerdo con el estudio de investigaci\u00f3n sobre la violencia sexual y la muerte de ni\u00f1as y\u2026","rel":"","context":"En &quot;CINTILLO&quot;","block_context":{"text":"CINTILLO","link":"https:\/\/www.grieta.org.mx\/index.php\/category\/cintillo\/"},"img":{"alt_text":"","src":"https:\/\/i0.wp.com\/www.grieta.org.mx\/wp-content\/uploads\/2022\/12\/2022-12-07_06-12-21___7.jpg?resize=350%2C200&ssl=1","width":350,"height":200,"srcset":"https:\/\/i0.wp.com\/www.grieta.org.mx\/wp-content\/uploads\/2022\/12\/2022-12-07_06-12-21___7.jpg?resize=350%2C200&ssl=1 1x, https:\/\/i0.wp.com\/www.grieta.org.mx\/wp-content\/uploads\/2022\/12\/2022-12-07_06-12-21___7.jpg?resize=525%2C300&ssl=1 1.5x, https:\/\/i0.wp.com\/www.grieta.org.mx\/wp-content\/uploads\/2022\/12\/2022-12-07_06-12-21___7.jpg?resize=700%2C400&ssl=1 2x"},"classes":[]},{"id":39453,"url":"https:\/\/www.grieta.org.mx\/index.php\/2019\/08\/19\/64-huerfanos-victimas-indirectas-de-feminicidios-en-slp\/","url_meta":{"origin":64651,"position":5},"title":"64 hu\u00e9rfanos, v\u00edctimas indirectas de feminicidios en SLP","author":"grieta","date":"19 agosto, 2019","format":false,"excerpt":"Redacci\u00f3n \/ La Orquesta En San Luis Potos\u00ed existen 64 menores hu\u00e9rfanos a causa de feminicidios, de 238 que han sido registrados a lo largo del pa\u00eds, aunque en la \u00faltima d\u00e9cada al menos 3 mil ni\u00f1as y ni\u00f1os cuya madre fue v\u00edctima de este tipo de delito. De acuerdo\u2026","rel":"","context":"En &quot;CINTILLO&quot;","block_context":{"text":"CINTILLO","link":"https:\/\/www.grieta.org.mx\/index.php\/category\/cintillo\/"},"img":{"alt_text":"","src":"https:\/\/i0.wp.com\/www.grieta.org.mx\/wp-content\/uploads\/2019\/09\/1034572926.jpg?resize=350%2C200&ssl=1","width":350,"height":200,"srcset":"https:\/\/i0.wp.com\/www.grieta.org.mx\/wp-content\/uploads\/2019\/09\/1034572926.jpg?resize=350%2C200&ssl=1 1x, https:\/\/i0.wp.com\/www.grieta.org.mx\/wp-content\/uploads\/2019\/09\/1034572926.jpg?resize=525%2C300&ssl=1 1.5x, https:\/\/i0.wp.com\/www.grieta.org.mx\/wp-content\/uploads\/2019\/09\/1034572926.jpg?resize=700%2C400&ssl=1 2x"},"classes":[]}],"_links":{"self":[{"href":"https:\/\/www.grieta.org.mx\/index.php\/wp-json\/wp\/v2\/posts\/64651","targetHints":{"allow":["GET"]}}],"collection":[{"href":"https:\/\/www.grieta.org.mx\/index.php\/wp-json\/wp\/v2\/posts"}],"about":[{"href":"https:\/\/www.grieta.org.mx\/index.php\/wp-json\/wp\/v2\/types\/post"}],"author":[{"embeddable":true,"href":"https:\/\/www.grieta.org.mx\/index.php\/wp-json\/wp\/v2\/users\/2"}],"replies":[{"embeddable":true,"href":"https:\/\/www.grieta.org.mx\/index.php\/wp-json\/wp\/v2\/comments?post=64651"}],"version-history":[{"count":1,"href":"https:\/\/www.grieta.org.mx\/index.php\/wp-json\/wp\/v2\/posts\/64651\/revisions"}],"predecessor-version":[{"id":64653,"href":"https:\/\/www.grieta.org.mx\/index.php\/wp-json\/wp\/v2\/posts\/64651\/revisions\/64653"}],"wp:featuredmedia":[{"embeddable":true,"href":"https:\/\/www.grieta.org.mx\/index.php\/wp-json\/wp\/v2\/media\/64652"}],"wp:attachment":[{"href":"https:\/\/www.grieta.org.mx\/index.php\/wp-json\/wp\/v2\/media?parent=64651"}],"wp:term":[{"taxonomy":"category","embeddable":true,"href":"https:\/\/www.grieta.org.mx\/index.php\/wp-json\/wp\/v2\/categories?post=64651"},{"taxonomy":"post_tag","embeddable":true,"href":"https:\/\/www.grieta.org.mx\/index.php\/wp-json\/wp\/v2\/tags?post=64651"}],"curies":[{"name":"wp","href":"https:\/\/api.w.org\/{rel}","templated":true}]}}