{"id":64626,"date":"2022-07-27T12:50:33","date_gmt":"2022-07-27T17:50:33","guid":{"rendered":"https:\/\/www.grieta.org.mx\/?p=64626"},"modified":"2022-07-28T13:08:33","modified_gmt":"2022-07-28T18:08:33","slug":"desalojo-violento-en-tulum-este-es-el-recuento-de-los-hechos-quintana-roo","status":"publish","type":"post","link":"https:\/\/www.grieta.org.mx\/index.php\/2022\/07\/27\/desalojo-violento-en-tulum-este-es-el-recuento-de-los-hechos-quintana-roo\/","title":{"rendered":"Desalojo violento en Tulum: Este es el recuento de los hechos (Quintana Roo)"},"content":{"rendered":"<p>Yolanda Aldana \/ Por Esto!<\/p>\n<p>Con profundo malestar y miedo, los vecinos de la colonia irregular 2 de Octubre en Tulum, se unieron para apoyar a dos familias, quienes acusan a la Polic\u00eda Municipal y Estatal del derrumbe de sus viviendas, excesivo uso de la fuerza y abuso policiaco, se\u00f1al\u00e1ndolos incluso de robar y tomar parte de la mercanc\u00eda que la familia Pozos Tek ten\u00eda en la puerta de su hogar.<\/p>\n<p>\u201cD\u00f3nde va a ir a dormir mi hija, nos derrumbaron la entrada de la casa que es una sencilla palapa, la ropa, zapatos, hamacas y dem\u00e1s art\u00edculos se quedaron entre los escombros\u201d, dijo afligida la madre de Mar\u00eda del Roc\u00edo Pozos Tek.<\/p>\n<p>Curiosamente, los predios colindantes con un edificio de departamentos en construcci\u00f3n \u201cSoko Tulum\u201d, por lo que los afectados presumen que los due\u00f1os son los responsables, porque aseguran que buscan ampliar el inmueble, y el espacio que ocupan estas familias podr\u00eda ser id\u00f3neo para un estacionamiento. Esos apartamentos ya est\u00e1n en preventa, desde 152 mil d\u00f3lares.<\/p>\n<p><img loading=\"lazy\" decoding=\"async\" data-attachment-id=\"64628\" data-permalink=\"https:\/\/www.grieta.org.mx\/index.php\/2022\/07\/27\/desalojo-violento-en-tulum-este-es-el-recuento-de-los-hechos-quintana-roo\/desalojotulum2\/\" data-orig-file=\"https:\/\/www.grieta.org.mx\/wp-content\/uploads\/2022\/07\/DesalojoTulum2-e1659031287320.png\" data-orig-size=\"800,519\" data-comments-opened=\"0\" data-image-meta=\"{&quot;aperture&quot;:&quot;0&quot;,&quot;credit&quot;:&quot;&quot;,&quot;camera&quot;:&quot;&quot;,&quot;caption&quot;:&quot;&quot;,&quot;created_timestamp&quot;:&quot;0&quot;,&quot;copyright&quot;:&quot;&quot;,&quot;focal_length&quot;:&quot;0&quot;,&quot;iso&quot;:&quot;0&quot;,&quot;shutter_speed&quot;:&quot;0&quot;,&quot;title&quot;:&quot;&quot;,&quot;orientation&quot;:&quot;0&quot;}\" data-image-title=\"DesalojoTulum2\" data-image-description=\"\" data-image-caption=\"\" data-medium-file=\"https:\/\/www.grieta.org.mx\/wp-content\/uploads\/2022\/07\/DesalojoTulum2-e1659031287320-300x195.png\" data-large-file=\"https:\/\/www.grieta.org.mx\/wp-content\/uploads\/2022\/07\/DesalojoTulum2-1024x664.png\" src=\"http:\/\/www.grieta.org.mx\/wp-content\/uploads\/2022\/07\/DesalojoTulum2-e1659031287320.png\" alt=\"\" width=\"800\" height=\"519\" class=\"alignnone size-full wp-image-64628\" srcset=\"https:\/\/www.grieta.org.mx\/wp-content\/uploads\/2022\/07\/DesalojoTulum2-e1659031287320.png 800w, https:\/\/www.grieta.org.mx\/wp-content\/uploads\/2022\/07\/DesalojoTulum2-e1659031287320-300x195.png 300w, https:\/\/www.grieta.org.mx\/wp-content\/uploads\/2022\/07\/DesalojoTulum2-e1659031287320-768x498.png 768w\" sizes=\"auto, (max-width: 800px) 100vw, 800px\" \/><\/p>\n<p>La madre de la afectada mencion\u00f3 que desde meses atr\u00e1s les han llegado con solicitudes de compra, \u201ctodos hijos o todos entenados, la autoridad est\u00e1 chueca y se vende al mejor postor, por qu\u00e9 a due\u00f1os de departamentos de lujo y zonas residenciales no las sacan de esta zona 2 de Octubre, porque entonces tambi\u00e9n ellos son invasores\u201d, manifest\u00f3.<\/p>\n<p>La madre de familia junto con varios vecinos, pidieron a los medios de comunicaci\u00f3n hablar con la verdad y no tergiversar la informaci\u00f3n, y acusaron que un pseudo reportero al hacer una transmisi\u00f3n dijo que los \u201cparacaidistas\u201d del asentamiento irregular 2 de Octubre en Tulum les dispararon a los polic\u00edas, lo que es falso.<\/p>\n<p>Sin embargo, los invasores impidieron que los uniformados cumplieran su cometido, ya que armaron barricadas con piedras, palos y basura que incendiaron, as\u00ed como intentaron cerrar el paso de la carretera que comunica la ciudad con la zona de playas, con el objeto de frenar la acci\u00f3n.<\/p>\n<p>Fueron m\u00e1s de 500 personas que actuaron para proteger el avance de los polic\u00edas, porque mencionaron que los intentos de desalojo son una constante a la que se enfrentan estas familias, quienes son el motor obrero del noveno municipio.<\/p>\n<p>Fue alrededor de las 11:00 de la ma\u00f1ana, cuando las fuerzas policiacas de Tulum y el Gobierno de Quintana Roo llegaron para cumplir la orden del Juzgado Octavo de Distrito, a trav\u00e9s del n\u00famero de oficio 549\/2022-11, que gir\u00f3 a la Fiscal\u00eda General del Estado (FGE Quintana Roo), la cual solicit\u00f3 el apoyo de la Direcci\u00f3n de Seguridad P\u00fablica para lograr el aseguramiento de los inmuebles que son material de las carpetas: FGE\/QR\/TUL\/03\/255\/2018 Y FGE\/ QR\/TUL\/ 03\/256\/2018, todo esto como parte de un juicio de amparo indirecto 729\/ 2021-11 promovido por Ana Josefa Peralta Alonzo.<\/p>\n<p><img loading=\"lazy\" decoding=\"async\" data-attachment-id=\"64629\" data-permalink=\"https:\/\/www.grieta.org.mx\/index.php\/2022\/07\/27\/desalojo-violento-en-tulum-este-es-el-recuento-de-los-hechos-quintana-roo\/desalojotulum3\/\" data-orig-file=\"https:\/\/www.grieta.org.mx\/wp-content\/uploads\/2022\/07\/DesalojoTulum3-e1659031390872.png\" data-orig-size=\"800,580\" data-comments-opened=\"0\" data-image-meta=\"{&quot;aperture&quot;:&quot;0&quot;,&quot;credit&quot;:&quot;&quot;,&quot;camera&quot;:&quot;&quot;,&quot;caption&quot;:&quot;&quot;,&quot;created_timestamp&quot;:&quot;0&quot;,&quot;copyright&quot;:&quot;&quot;,&quot;focal_length&quot;:&quot;0&quot;,&quot;iso&quot;:&quot;0&quot;,&quot;shutter_speed&quot;:&quot;0&quot;,&quot;title&quot;:&quot;&quot;,&quot;orientation&quot;:&quot;0&quot;}\" data-image-title=\"DesalojoTulum3\" data-image-description=\"\" data-image-caption=\"\" data-medium-file=\"https:\/\/www.grieta.org.mx\/wp-content\/uploads\/2022\/07\/DesalojoTulum3-e1659031390872-300x218.png\" data-large-file=\"https:\/\/www.grieta.org.mx\/wp-content\/uploads\/2022\/07\/DesalojoTulum3-1024x742.png\" src=\"http:\/\/www.grieta.org.mx\/wp-content\/uploads\/2022\/07\/DesalojoTulum3-e1659031390872.png\" alt=\"\" width=\"800\" height=\"580\" class=\"alignnone size-full wp-image-64629\" srcset=\"https:\/\/www.grieta.org.mx\/wp-content\/uploads\/2022\/07\/DesalojoTulum3-e1659031390872.png 800w, https:\/\/www.grieta.org.mx\/wp-content\/uploads\/2022\/07\/DesalojoTulum3-e1659031390872-300x218.png 300w, https:\/\/www.grieta.org.mx\/wp-content\/uploads\/2022\/07\/DesalojoTulum3-e1659031390872-768x557.png 768w\" sizes=\"auto, (max-width: 800px) 100vw, 800px\" \/><\/p>\n<p>Sin embargo, el Presidente de la Asociaci\u00f3n Tulum por una Vivienda Digna, Valeriano Ram\u00edrez C\u00f3rdoba, asegur\u00f3 que tienen cinco a\u00f1os que tomaron posesi\u00f3n de estas tierras, por la simple raz\u00f3n que en Tulum son altas las rentas, por lo que hubo la oportunidad con el Gobernador Carlos Joaqu\u00edn y se logr\u00f3 que la gente ocupara dichos predios.<\/p>\n<p>De igual forma, el Presidente de la colonia irregular Emiliano Zapata dijo que en la administraci\u00f3n de V\u00edctor Mas Tah hubo una reuni\u00f3n con la Procuradur\u00eda Agraria para conocer la situaci\u00f3n de esos terrenos, inform\u00e1ndoles que la colonia irregular 2 de Octubre est\u00e1 en tierras nacionales.<\/p>\n<p>\u201cEl Presidente Andr\u00e9s Manuel L\u00f3pez Obrador nos denomin\u00f3 posesionarios de zonas irregulares, no somos invasores, porque no estamos invadiendo tierras de nadie, son tierras del Gobierno\u201d, mencion\u00f3.<\/p>\n<p>Valeriano Ram\u00edrez C\u00f3rdova asegur\u00f3 que ten\u00edan conocimiento que en Aldea Zam\u00e1 (residencial de lujo) y que es una de las \u00e1reas m\u00e1s predominantes de la regi\u00f3n, habr\u00eda la Universidad de Tulum, pero se entregaron esas tierras para el uso de los extranjeros, los cuales pagaron una rid\u00edcula cantidad de 50 pesos el metro cuadrado.<\/p>\n<p>\u201cSabemos que desde 1981 se iban a hacer muchas cosas en Tulum, desde que se entregaron estas tierras; pero para la gente de Tulum no hubo, que son los verdaderos due\u00f1os, los lanzaron a las tierras que ahora son el Ejido. Es demasiada la gente que est\u00e1 llegando, pero no hay servicios, hospitales y el que hay es un \u201celefante blanco\u201d, adem\u00e1s falta drenaje, alumbrado y una universidad\u201d, aclar\u00f3.<\/p>\n<p>Ram\u00edrez C\u00f3rdova remarc\u00f3 que en un di\u00e1logo con el Director de la Agencia de Proyectos Estrat\u00e9gicos del Estado de Quintana Roo (Agepro), Jos\u00e9 Alberto Alonso Ovando les dijo que no los desalojar\u00edan hasta no tener informaci\u00f3n certera sobre las tierras, que actualmente ocupan alrededor de 7 mil 200 familias. <\/p>\n<p><a href=\"https:\/\/www.poresto.net\/quintana-roo\/2022\/7\/28\/desalojo-violento-en-tulum-este-es-el-recuento-de-los-hechos-345924.html\" rel=\"noopener\" target=\"_blank\">https:\/\/www.poresto.net\/quintana-roo\/2022\/7\/28\/desalojo-violento-en-tulum-este-es-el-recuento-de-los-hechos-345924.html<\/a><\/p>\n","protected":false},"excerpt":{"rendered":"<p>Yolanda Aldana \/ Por Esto! Con profundo malestar y miedo, los vecinos de la colonia irregular 2 de Octubre en Tulum, se unieron para apoyar a dos familias, quienes acusan &hellip; <a href=\"https:\/\/www.grieta.org.mx\/index.php\/2022\/07\/27\/desalojo-violento-en-tulum-este-es-el-recuento-de-los-hechos-quintana-roo\/\" class=\"more-link\">Leer m\u00e1s<\/a><\/p>\n","protected":false},"author":2,"featured_media":64627,"comment_status":"closed","ping_status":"closed","sticky":false,"template":"","format":"standard","meta":{"ngg_post_thumbnail":0,"_jetpack_newsletter_access":"","_jetpack_dont_email_post_to_subs":false,"_jetpack_newsletter_tier_id":0,"_jetpack_memberships_contains_paywalled_content":false,"_jetpack_memberships_contains_paid_content":false,"footnotes":""},"categories":[2809,80,2,28],"tags":[199,1210,248,2271],"class_list":["post-64626","post","type-post","status-publish","format-standard","has-post-thumbnail","hentry","category-abuso-policiaco-en-quintana-roo","category-cintillo","category-noticias-nacionales","category-quintana-roo","tag-abuso-policiaco","tag-conflictos-por-desarrollos-inmobiliarios","tag-desalojo","tag-especulacion-inmobiliaria","entry"],"jetpack_featured_media_url":"https:\/\/www.grieta.org.mx\/wp-content\/uploads\/2022\/07\/DesalojoTulum-e1659031163224.png","jetpack_sharing_enabled":true,"jetpack_shortlink":"https:\/\/wp.me\/p7ZJR4-gOm","jetpack_likes_enabled":false,"jetpack-related-posts":[{"id":57223,"url":"https:\/\/www.grieta.org.mx\/index.php\/2021\/02\/24\/policia-de-tulum-detiene-a-pareja-gay-extranjera-por-besarse-en-publico\/","url_meta":{"origin":64626,"position":0},"title":"Polic\u00eda de Tulum detiene a pareja gay extranjera por besarse en p\u00fablico","author":"grieta","date":"24 febrero, 2021","format":false,"excerpt":"Proceso CIUDAD DE M\u00c9XICO (apro). \u2013 La polic\u00eda municipal de Tulum, Quintana Roo, detuvo a una pareja gay con el argumento de que \u201cno pueden besarse en p\u00fablico porque hay ni\u00f1os presentes\u201d. Los presentes protestaron e hicieron viral un video donde se ve c\u00f3mo se llevan detenida a la pareja.\u2026","rel":"","context":"En &quot;Abuso policiaco en Quintana Roo&quot;","block_context":{"text":"Abuso policiaco en Quintana Roo","link":"https:\/\/www.grieta.org.mx\/index.php\/category\/noticias-nacionales\/quintana-roo\/abuso-policiaco-en-quintana-roo\/"},"img":{"alt_text":"","src":"https:\/\/i0.wp.com\/www.grieta.org.mx\/wp-content\/uploads\/2021\/02\/PoliciaTulum.png?resize=350%2C200&ssl=1","width":350,"height":200,"srcset":"https:\/\/i0.wp.com\/www.grieta.org.mx\/wp-content\/uploads\/2021\/02\/PoliciaTulum.png?resize=350%2C200&ssl=1 1x, https:\/\/i0.wp.com\/www.grieta.org.mx\/wp-content\/uploads\/2021\/02\/PoliciaTulum.png?resize=525%2C300&ssl=1 1.5x"},"classes":[]},{"id":70925,"url":"https:\/\/www.grieta.org.mx\/index.php\/2025\/01\/24\/violentas-protestas-en-quintana-roo-por-abuso-policiaco\/","url_meta":{"origin":64626,"position":1},"title":"Violentas protestas en Quintana Roo por abuso polic\u00edaco","author":"grieta","date":"24 enero, 2025","format":false,"excerpt":"Redacci\u00f3n\/Sol Quintana Roo *Una persona perdi\u00f3 la vida al interior de un veh\u00edculo oficial de la Polic\u00eda Quintana Roo, lo que desencaden\u00f3 la quema de patrullas en la comunidad de Sac-Xan, de donde eran originarios los dos detenidos. *La vialidad que conecta con el poblado de la Ribera del R\u00edo\u2026","rel":"","context":"En &quot;Abuso policiaco en Quintana Roo&quot;","block_context":{"text":"Abuso policiaco en Quintana Roo","link":"https:\/\/www.grieta.org.mx\/index.php\/category\/noticias-nacionales\/quintana-roo\/abuso-policiaco-en-quintana-roo\/"},"img":{"alt_text":"","src":"https:\/\/i0.wp.com\/www.grieta.org.mx\/wp-content\/uploads\/2025\/02\/abusoPoliciaco-e1738608773339.jpg?resize=350%2C200&ssl=1","width":350,"height":200,"srcset":"https:\/\/i0.wp.com\/www.grieta.org.mx\/wp-content\/uploads\/2025\/02\/abusoPoliciaco-e1738608773339.jpg?resize=350%2C200&ssl=1 1x, https:\/\/i0.wp.com\/www.grieta.org.mx\/wp-content\/uploads\/2025\/02\/abusoPoliciaco-e1738608773339.jpg?resize=525%2C300&ssl=1 1.5x, https:\/\/i0.wp.com\/www.grieta.org.mx\/wp-content\/uploads\/2025\/02\/abusoPoliciaco-e1738608773339.jpg?resize=700%2C400&ssl=1 2x"},"classes":[]},{"id":58218,"url":"https:\/\/www.grieta.org.mx\/index.php\/2021\/04\/08\/abusos-policiacos-la-norma-en-tulum-a-diez-dias-del-caso-victoria-difunden-nuevo-video-de-brutalidad-policiaca-al-detener-a-un-joven-al-cual-someten-y-golpean-ya-esposado\/","url_meta":{"origin":64626,"position":2},"title":"Abusos policiacos, la norma en Tulum: A diez d\u00edas del caso Victoria, difunden nuevo video de brutalidad policiaca al detener a un joven al cual someten y golpean ya esposado","author":"grieta","date":"8 abril, 2021","format":false,"excerpt":"Noticaribe TULUM, MX.- Apenas han pasado unos diez d\u00edas desde que polic\u00edas de Tulum mataron a una mujer salvadore\u00f1a al detenerla por alterar el orden p\u00fablico en la avenida La Selva de este municipio, en un claro caso de exceso de fuerza que se volvi\u00f3 viral y tuvo alcances internacionales\u2026","rel":"","context":"En &quot;Abuso policiaco en Quintana Roo&quot;","block_context":{"text":"Abuso policiaco en Quintana Roo","link":"https:\/\/www.grieta.org.mx\/index.php\/category\/noticias-nacionales\/quintana-roo\/abuso-policiaco-en-quintana-roo\/"},"img":{"alt_text":"","src":"https:\/\/i0.wp.com\/www.grieta.org.mx\/wp-content\/uploads\/2021\/04\/TulumAbusoPoliciac.png?resize=350%2C200&ssl=1","width":350,"height":200,"srcset":"https:\/\/i0.wp.com\/www.grieta.org.mx\/wp-content\/uploads\/2021\/04\/TulumAbusoPoliciac.png?resize=350%2C200&ssl=1 1x, https:\/\/i0.wp.com\/www.grieta.org.mx\/wp-content\/uploads\/2021\/04\/TulumAbusoPoliciac.png?resize=525%2C300&ssl=1 1.5x"},"classes":[]},{"id":3927,"url":"https:\/\/www.grieta.org.mx\/index.php\/2016\/08\/23\/tulum-tierra-de-ambiciones-cierran-pequenos-hoteles-por-afectaciones-al-medio-ambiente\/","url_meta":{"origin":64626,"position":3},"title":"Tulum tierra de ambiciones","author":"grieta","date":"23 agosto, 2016","format":false,"excerpt":"23\/08\/16. Afectados acusan demoliciones en predios desalojados de QRooExpansi\u00f3n 20\/06\/16. Punta Piedra sitio constante de violentos desalojos (Quintana Roo)La Palabra del Caribe 19\/06\/16. Violento desalojo en Tulum (Quintana Roo)Diario de Yucat\u00e1n 18\/06\/16. Terror en \u2018Punta Piedra\u2019 (Quintana Roo)Quequi 18\/06\/16. \u201cGrupos de choque\u201d resguardan predios (Quintana Roo)Por Esto! 17\/06\/16. Autoridades ejecutan\u2026","rel":"","context":"En &quot;NOTICIAS NACIONALES&quot;","block_context":{"text":"NOTICIAS NACIONALES","link":"https:\/\/www.grieta.org.mx\/index.php\/category\/noticias-nacionales\/"},"img":{"alt_text":"","src":"https:\/\/i0.wp.com\/www.grieta.org.mx\/wp-content\/uploads\/2018\/03\/14524434_1106112876131411_958039263622046936_o.jpg?resize=350%2C200&ssl=1","width":350,"height":200,"srcset":"https:\/\/i0.wp.com\/www.grieta.org.mx\/wp-content\/uploads\/2018\/03\/14524434_1106112876131411_958039263622046936_o.jpg?resize=350%2C200&ssl=1 1x, https:\/\/i0.wp.com\/www.grieta.org.mx\/wp-content\/uploads\/2018\/03\/14524434_1106112876131411_958039263622046936_o.jpg?resize=525%2C300&ssl=1 1.5x, https:\/\/i0.wp.com\/www.grieta.org.mx\/wp-content\/uploads\/2018\/03\/14524434_1106112876131411_958039263622046936_o.jpg?resize=700%2C400&ssl=1 2x"},"classes":[]},{"id":58173,"url":"https:\/\/www.grieta.org.mx\/index.php\/2021\/04\/04\/allanan-y-roban-articulos-de-la-vivienda-de-francisco-canul-el-periodista-que-difundio-primero-el-caso-de-victoria-la-mujer-asesinada-por-policias-en-tulum-quintana-roo\/","url_meta":{"origin":64626,"position":4},"title":"Allanan y roban art\u00edculos de la vivienda de Francisco Canul, el periodista que difundi\u00f3 primero el caso de Victoria, la mujer asesinada por polic\u00edas en Tulum (Quintana Roo)","author":"grieta","date":"4 abril, 2021","format":false,"excerpt":"Noticaribe TULUM, MX.- La vivienda de Francisco Canul, el periodista que la semana pasada fue el primero en difundir la noticia de Victoria, la mujer salvadore\u00f1a asesinada por polic\u00edas municipales, fue allanada y revuelta. Varios de sus art\u00edculos personales, incluyendo equipo de c\u00f3mputo, televisiones y dinero, fue robado, aprovechando que\u2026","rel":"","context":"En &quot;CINTILLO&quot;","block_context":{"text":"CINTILLO","link":"https:\/\/www.grieta.org.mx\/index.php\/category\/cintillo\/"},"img":{"alt_text":"","src":"https:\/\/i0.wp.com\/www.grieta.org.mx\/wp-content\/uploads\/2021\/04\/AllananViviendaPeriodistaTulum.png?resize=350%2C200&ssl=1","width":350,"height":200},"classes":[]},{"id":65560,"url":"https:\/\/www.grieta.org.mx\/index.php\/2022\/10\/19\/enfrentamiento-por-desalojo-en-un-predio-en-mahahual-deja-varios-heridos-quintana-roo\/","url_meta":{"origin":64626,"position":5},"title":"Enfrentamiento por desalojo en un predio en Mahahual deja varios heridos (Quintana Roo)","author":"grieta","date":"19 octubre, 2022","format":false,"excerpt":"Silvia Reyes \/ Reporte \u00cdndigo Testimonios se\u00f1alan que cuando las personas se resistieron al desalojo en Mahahual, los polic\u00edas comenzaron a disparar en contra de la gente Tras un operativo realizado, la ma\u00f1ana de este mi\u00e9rcoles, para hacer el desalojo un terreno en Mahahual, varios resultaron heridos -entre ellos menores\u2026","rel":"","context":"En &quot;Abuso policiaco en Quintana Roo&quot;","block_context":{"text":"Abuso policiaco en Quintana Roo","link":"https:\/\/www.grieta.org.mx\/index.php\/category\/noticias-nacionales\/quintana-roo\/abuso-policiaco-en-quintana-roo\/"},"img":{"alt_text":"","src":"https:\/\/i0.wp.com\/www.grieta.org.mx\/wp-content\/uploads\/2022\/10\/Mahahual-e1666315093820.jpg?resize=350%2C200&ssl=1","width":350,"height":200,"srcset":"https:\/\/i0.wp.com\/www.grieta.org.mx\/wp-content\/uploads\/2022\/10\/Mahahual-e1666315093820.jpg?resize=350%2C200&ssl=1 1x, https:\/\/i0.wp.com\/www.grieta.org.mx\/wp-content\/uploads\/2022\/10\/Mahahual-e1666315093820.jpg?resize=525%2C300&ssl=1 1.5x, https:\/\/i0.wp.com\/www.grieta.org.mx\/wp-content\/uploads\/2022\/10\/Mahahual-e1666315093820.jpg?resize=700%2C400&ssl=1 2x"},"classes":[]}],"_links":{"self":[{"href":"https:\/\/www.grieta.org.mx\/index.php\/wp-json\/wp\/v2\/posts\/64626","targetHints":{"allow":["GET"]}}],"collection":[{"href":"https:\/\/www.grieta.org.mx\/index.php\/wp-json\/wp\/v2\/posts"}],"about":[{"href":"https:\/\/www.grieta.org.mx\/index.php\/wp-json\/wp\/v2\/types\/post"}],"author":[{"embeddable":true,"href":"https:\/\/www.grieta.org.mx\/index.php\/wp-json\/wp\/v2\/users\/2"}],"replies":[{"embeddable":true,"href":"https:\/\/www.grieta.org.mx\/index.php\/wp-json\/wp\/v2\/comments?post=64626"}],"version-history":[{"count":1,"href":"https:\/\/www.grieta.org.mx\/index.php\/wp-json\/wp\/v2\/posts\/64626\/revisions"}],"predecessor-version":[{"id":64630,"href":"https:\/\/www.grieta.org.mx\/index.php\/wp-json\/wp\/v2\/posts\/64626\/revisions\/64630"}],"wp:featuredmedia":[{"embeddable":true,"href":"https:\/\/www.grieta.org.mx\/index.php\/wp-json\/wp\/v2\/media\/64627"}],"wp:attachment":[{"href":"https:\/\/www.grieta.org.mx\/index.php\/wp-json\/wp\/v2\/media?parent=64626"}],"wp:term":[{"taxonomy":"category","embeddable":true,"href":"https:\/\/www.grieta.org.mx\/index.php\/wp-json\/wp\/v2\/categories?post=64626"},{"taxonomy":"post_tag","embeddable":true,"href":"https:\/\/www.grieta.org.mx\/index.php\/wp-json\/wp\/v2\/tags?post=64626"}],"curies":[{"name":"wp","href":"https:\/\/api.w.org\/{rel}","templated":true}]}}