{"id":64620,"date":"2022-07-27T12:37:43","date_gmt":"2022-07-27T17:37:43","guid":{"rendered":"https:\/\/www.grieta.org.mx\/?p=64620"},"modified":"2022-07-28T12:50:19","modified_gmt":"2022-07-28T17:50:19","slug":"cenotes-de-yucatan-agonizan-por-la-contaminacion-de-granjas-porcicolas-y-el-boom-inmobiliario","status":"publish","type":"post","link":"https:\/\/www.grieta.org.mx\/index.php\/2022\/07\/27\/cenotes-de-yucatan-agonizan-por-la-contaminacion-de-granjas-porcicolas-y-el-boom-inmobiliario\/","title":{"rendered":"Cenotes de Yucat\u00e1n &#8216;agonizan&#8217; por la contaminaci\u00f3n de granjas porc\u00edcolas y el boom inmobiliario"},"content":{"rendered":"<p>Edwin Farf\u00e1n Cervantes \/ Por Esto!<\/p>\n<p>La contaminaci\u00f3n que generan, por un lado, las granjas porc\u00edcolas y, por el otro, la construcci\u00f3n desmedida de viviendas impacta de forma negativa en dos cenotes de Yucat\u00e1n: en Dzibilchalt\u00fan y en Hom\u00fan.<\/p>\n<p>Alrededor del 70 por ciento de los cerca de 2,100 cenotes que existen documentados en Yucat\u00e1n est\u00e1n contaminados con basura, agroqu\u00edmicos, desechos de granjas entre otros, revel\u00f3 el arque\u00f3logo Sergio Grosjean Abimerhi, uno de los promotores de limpieza de esos ojos de agua y presidente de la Fundaci\u00f3n Grosjean.<\/p>\n<p>Declar\u00f3 que est\u00e1n contaminados por distintos motivos, como agroqu\u00edmicos, granjas y deshechos de las poblaciones y la falta de tratamiento incluso de las aguas domiciliarias. \u201cEra de esperarse la contaminaci\u00f3n\u201d en el cenote de Dzibilchalt\u00fan, dijo, tras conocer la noticia de que permanecer\u00e1 cerrado indefinidamente por altos niveles heces fecales provenientes de los desarrollos habitacionales en la zona norte de la capital yucateca, ya que las edificaciones no cuentan con biodigestores ni tratamiento de aguas residuales; los desechos van directo al manto fre\u00e1tico.<\/p>\n<p>En Hom\u00fan, una zona con varios cenotes de uso recreativo, una pareja que acudi\u00f3 a uno de los cuerpos de agua est\u00e1 ahora hospitalizada debido a una bacteria que \u201cagarr\u00f3\u201d en uno de esos cuerpos de agua, seg\u00fan el testimonio de Alberto Gamboa, un amigo en com\u00fan de los afectados, quien se comunic\u00f3 a POR ESTO! para narrar la mala experiencia y alertar a la sociedad.<\/p>\n<p><img loading=\"lazy\" decoding=\"async\" data-attachment-id=\"64622\" data-permalink=\"https:\/\/www.grieta.org.mx\/index.php\/2022\/07\/27\/cenotes-de-yucatan-agonizan-por-la-contaminacion-de-granjas-porcicolas-y-el-boom-inmobiliario\/cenote2\/\" data-orig-file=\"https:\/\/www.grieta.org.mx\/wp-content\/uploads\/2022\/07\/Cenote2--e1659030156229.png\" data-orig-size=\"800,525\" data-comments-opened=\"0\" data-image-meta=\"{&quot;aperture&quot;:&quot;0&quot;,&quot;credit&quot;:&quot;&quot;,&quot;camera&quot;:&quot;&quot;,&quot;caption&quot;:&quot;&quot;,&quot;created_timestamp&quot;:&quot;0&quot;,&quot;copyright&quot;:&quot;&quot;,&quot;focal_length&quot;:&quot;0&quot;,&quot;iso&quot;:&quot;0&quot;,&quot;shutter_speed&quot;:&quot;0&quot;,&quot;title&quot;:&quot;&quot;,&quot;orientation&quot;:&quot;0&quot;}\" data-image-title=\"Cenote2\" data-image-description=\"\" data-image-caption=\"\" data-medium-file=\"https:\/\/www.grieta.org.mx\/wp-content\/uploads\/2022\/07\/Cenote2--e1659030156229-300x197.png\" data-large-file=\"https:\/\/www.grieta.org.mx\/wp-content\/uploads\/2022\/07\/Cenote2--1024x673.png\" src=\"http:\/\/www.grieta.org.mx\/wp-content\/uploads\/2022\/07\/Cenote2--e1659030156229.png\" alt=\"\" width=\"800\" height=\"525\" class=\"alignnone size-full wp-image-64622\" srcset=\"https:\/\/www.grieta.org.mx\/wp-content\/uploads\/2022\/07\/Cenote2--e1659030156229.png 800w, https:\/\/www.grieta.org.mx\/wp-content\/uploads\/2022\/07\/Cenote2--e1659030156229-300x197.png 300w, https:\/\/www.grieta.org.mx\/wp-content\/uploads\/2022\/07\/Cenote2--e1659030156229-768x504.png 768w\" sizes=\"auto, (max-width: 800px) 100vw, 800px\" \/><br \/>\nCuerpos de agua, muy contaminados<\/p>\n<p>Seg\u00fan estimaciones, en Yucat\u00e1n existen entre 7 mil y 8 mil cavidades y, seg\u00fan la Secretar\u00eda de Medio Ambiente y Recursos Naturales (Semarnat), 70 o 75 por ciento presentan bacterias provenientes del lavado de letrinas, actividades porc\u00edcolas o fosas s\u00e9pticas.<\/p>\n<p>Grosjean Abimerhi ha advertido de que la contaminaci\u00f3n por pesticidas en pozos y cenotes en el Estado de Yucat\u00e1n ocasiona varios tipos enfermedades como c\u00e1ncer de mama u ovario, as\u00ed como malformaciones cong\u00e9nitas e incluso mortalidad neonatal.<\/p>\n<p>Como \u201cfuentes\u201d de este da\u00f1o, el arque\u00f3logo ha se\u00f1alado principalmente las actividades humanas, desde las m\u00e1s cotidianas, como lavar ropa, hasta las granjas porc\u00edcolas, que descargan heces fecales, f\u00f3sforo, potasio, calcio y otros compuestos.<\/p>\n<p>Hace unos d\u00edas, publicamos los resultados de una investigaci\u00f3n conjunta de las universidades Nacional Aut\u00f3noma de M\u00e9xico (UNAM) y Aut\u00f3noma de Yucat\u00e1n (UADY), junto con el Instituto Nacional de Investigaciones Agr\u00edcolas y Pecuarias (INIFAP), que las productoras de cerdos desechan 1.5 millones de litros de aguas sucias al d\u00eda en Yucat\u00e1n.<\/p>\n<p>El arque\u00f3logo ha incursionado en la limpieza de los cenotes de donde ha sacado todo tipo de desechos s\u00f3lidos, hasta medidores de energ\u00eda el\u00e9ctrica. En Chen h\u00e1, Kopom\u00e1, sacaron 211 dispositivos de Comisi\u00f3n Federal de Electricidad (CFE), cuyos componentes han causado la muerte de peces y cocodrilos.<\/p>\n<p>Por todo esto, a Sergio Grosjean no le sorprende que Xlacah, cenote de Dzibilchaltun, haya sido cerrado, tal como informamos ayer. El director del Centro INAH Yucat\u00e1n, Jos\u00e9 Arturo Chab C\u00e1rdenas, inform\u00f3 que el cuerpo de agua representa un riesgo para la salud de los turistas debido a su contaminaci\u00f3n de heces fecales; lo atribuy\u00f3 a los proyectos inmobiliarios instalados por la zona norte de la ciudad.<\/p>\n<p><img loading=\"lazy\" decoding=\"async\" data-attachment-id=\"64623\" data-permalink=\"https:\/\/www.grieta.org.mx\/index.php\/2022\/07\/27\/cenotes-de-yucatan-agonizan-por-la-contaminacion-de-granjas-porcicolas-y-el-boom-inmobiliario\/cenote3\/\" data-orig-file=\"https:\/\/www.grieta.org.mx\/wp-content\/uploads\/2022\/07\/Cenote3-e1659030239453.png\" data-orig-size=\"800,424\" data-comments-opened=\"0\" data-image-meta=\"{&quot;aperture&quot;:&quot;0&quot;,&quot;credit&quot;:&quot;&quot;,&quot;camera&quot;:&quot;&quot;,&quot;caption&quot;:&quot;&quot;,&quot;created_timestamp&quot;:&quot;0&quot;,&quot;copyright&quot;:&quot;&quot;,&quot;focal_length&quot;:&quot;0&quot;,&quot;iso&quot;:&quot;0&quot;,&quot;shutter_speed&quot;:&quot;0&quot;,&quot;title&quot;:&quot;&quot;,&quot;orientation&quot;:&quot;0&quot;}\" data-image-title=\"Cenote3\" data-image-description=\"\" data-image-caption=\"\" data-medium-file=\"https:\/\/www.grieta.org.mx\/wp-content\/uploads\/2022\/07\/Cenote3-e1659030239453-300x159.png\" data-large-file=\"https:\/\/www.grieta.org.mx\/wp-content\/uploads\/2022\/07\/Cenote3-1024x543.png\" src=\"http:\/\/www.grieta.org.mx\/wp-content\/uploads\/2022\/07\/Cenote3-e1659030239453.png\" alt=\"\" width=\"800\" height=\"424\" class=\"alignnone size-full wp-image-64623\" srcset=\"https:\/\/www.grieta.org.mx\/wp-content\/uploads\/2022\/07\/Cenote3-e1659030239453.png 800w, https:\/\/www.grieta.org.mx\/wp-content\/uploads\/2022\/07\/Cenote3-e1659030239453-300x159.png 300w, https:\/\/www.grieta.org.mx\/wp-content\/uploads\/2022\/07\/Cenote3-e1659030239453-768x407.png 768w\" sizes=\"auto, (max-width: 800px) 100vw, 800px\" \/><\/p>\n<p>El tambi\u00e9n investigador del proyecto \u201cAtlas arqueol\u00f3gico subacu\u00e1tico de Yucat\u00e1n\u201d se\u00f1al\u00f3 que el Xlacah siempre ha tenido un grave problema de algas, pero enfatiz\u00f3 que \u201ces muy dif\u00edcil\u201d que un cenote que se ubique al norte de M\u00e9rida no presente contaminaci\u00f3n biol\u00f3gica por todo lo que el agua debajo de la ciudad arrastra en su corriente desde el sur.<\/p>\n<p>Se quej\u00f3 de que la masiva campa\u00f1a de publicidad para ofrecer una ciudad con alta calidad de vida ha causado una gran migraci\u00f3n y un mercado de vivienda sin regulaci\u00f3n. Cit\u00f3 cifra del INEGI: desde 2020, 100 mil personas han inmigrado y eso ha causado una presi\u00f3n social: se edifican m\u00e1s casas, m\u00e1s restaurantes, hoteles y m\u00e1s industrias, pero no se est\u00e1 vigilando a d\u00f3nde va todo lo que esta gente est\u00e1 arrojando al manto fre\u00e1tico.<\/p>\n<p>No se vigila que las construcciones se les pongan biodigestores, ni ning\u00fan sistema para filtrar el agua y todo se va directo al manto fre\u00e1tico, por lo cual es casi imposible que haya alg\u00fan cenote que no tenga bacterias fecales.<\/p>\n<p>\u201cLa gente est\u00e1 arrojando a los r\u00edos subterr\u00e1neos que van a parar a los cenotes los desechos de sus ba\u00f1os y cocinas y los cenotes vienen cargando pr\u00e1cticamente todo el a\u00f1o que viene bajando del sur, pasa por toda la ciudad, arrasa con todo los desechos y desembocan en los cenotes, las Ci\u00e9negas y el mar y es l\u00f3gico de esperar esta contaminaci\u00f3n.<\/p>\n<p>El entrevistado se\u00f1al\u00f3 que ser\u00eda necesario que en el cenote de Dzibilchalt\u00fan se hiciera un estudio tambi\u00e9n de metales pesados. \u201cEl problema es que no s\u00f3lo la contaminaci\u00f3n est\u00e1 en los cenotes, sino tambi\u00e9n en el agua que llega a las casas, que es algo muy grave pues puso como ejemplo que los c\u00e1rcamos que tiene la ciudad solo se est\u00e1 clorando el agua, pero no tienen un sistema de osmosis inversa ni se mejoran las plantas de tratamiento del agua\u201d.<\/p>\n<p>Afirm\u00f3 que estos metales pesados est\u00e1n viniendo de toda la industria pero tambi\u00e9n  de la ciudadan\u00eda que a\u00fan tiene la costumbre de  arrojar todav\u00eda pilas a la basura y as\u00ed como esa hay much\u00edsimas fuentes de contaminantes, recordando que en los cenotes se han encontrado en los trabajos de limpieza  todo tipo de basura desde medicamentos, equipos tecnol\u00f3gicos o celulares.<\/p>\n<p><img loading=\"lazy\" decoding=\"async\" data-attachment-id=\"64624\" data-permalink=\"https:\/\/www.grieta.org.mx\/index.php\/2022\/07\/27\/cenotes-de-yucatan-agonizan-por-la-contaminacion-de-granjas-porcicolas-y-el-boom-inmobiliario\/cenote4\/\" data-orig-file=\"https:\/\/www.grieta.org.mx\/wp-content\/uploads\/2022\/07\/Cenote4-e1659030334966.png\" data-orig-size=\"800,490\" data-comments-opened=\"0\" data-image-meta=\"{&quot;aperture&quot;:&quot;0&quot;,&quot;credit&quot;:&quot;&quot;,&quot;camera&quot;:&quot;&quot;,&quot;caption&quot;:&quot;&quot;,&quot;created_timestamp&quot;:&quot;0&quot;,&quot;copyright&quot;:&quot;&quot;,&quot;focal_length&quot;:&quot;0&quot;,&quot;iso&quot;:&quot;0&quot;,&quot;shutter_speed&quot;:&quot;0&quot;,&quot;title&quot;:&quot;&quot;,&quot;orientation&quot;:&quot;0&quot;}\" data-image-title=\"Cenote4\" data-image-description=\"\" data-image-caption=\"\" data-medium-file=\"https:\/\/www.grieta.org.mx\/wp-content\/uploads\/2022\/07\/Cenote4-e1659030334966-300x184.png\" data-large-file=\"https:\/\/www.grieta.org.mx\/wp-content\/uploads\/2022\/07\/Cenote4-1024x627.png\" src=\"http:\/\/www.grieta.org.mx\/wp-content\/uploads\/2022\/07\/Cenote4-e1659030334966.png\" alt=\"\" width=\"800\" height=\"490\" class=\"alignnone size-full wp-image-64624\" srcset=\"https:\/\/www.grieta.org.mx\/wp-content\/uploads\/2022\/07\/Cenote4-e1659030334966.png 800w, https:\/\/www.grieta.org.mx\/wp-content\/uploads\/2022\/07\/Cenote4-e1659030334966-300x184.png 300w, https:\/\/www.grieta.org.mx\/wp-content\/uploads\/2022\/07\/Cenote4-e1659030334966-768x470.png 768w\" sizes=\"auto, (max-width: 800px) 100vw, 800px\" \/><\/p>\n<p>Acaban en el hospital, tras ir a un cenote<\/p>\n<p>Por otra parte, una pareja comenz\u00f3 a pasar por episodios de calenturas que la obligaron a consultar a un m\u00e9dico particular, quien les diagnostic\u00f3 histoplasmosis, enfermedad causada por un hongo que se reproduce en excrementos de p\u00e1jaro o de murci\u00e9lago. La inhalaci\u00f3n por exposici\u00f3n prolongada e intensa al \u201chistoplasma capsulatum\u201d provoca malestares respiratorios debido a que afecta los pulmones.<\/p>\n<p>El se\u00f1or Alberto Gamboa cont\u00f3 la experiencia vivida por un par de amigos que hoy est\u00e1n hospitalizados. \u201cYo hago el llamado para que se tomen las medidas preventivas necesarias, pues muchas personas m\u00e1s podr\u00edan enfermarse si nadie dice nada\u201d, apunt\u00f3.<\/p>\n<p>Asimismo, record\u00f3 que no es el primer caso que le resulta cercano, puesto que \u201chace 20 a\u00f1os, el hijo de una amistad sufri\u00f3 de lo mismo, y al ni\u00f1o lo tuvieron que llevar a tratar a Ciudad de M\u00e9xico\u201d. Incluso, ahora debido a la preocupaci\u00f3n de lo sucedido, recibi\u00f3 una respuesta a una publicaci\u00f3n suya en Facebook. \u201cUn contacto me coment\u00f3 que su esposo tambi\u00e9n se estaba sintiendo mal, un d\u00eda despu\u00e9s de haber ido tambi\u00e9n a un cenote en Hom\u00fan\u201d, cont\u00f3.<\/p>\n<p>De acuerdo con documentos m\u00e9dicos, la histoplasmosis puede presentarse como una enfermedad respiratoria tipo influenza leve y en tiempos actuales puede pensarse que se trata de coronavirus. \u201cMis conocidos pensaron que era COVID-19 y se hicieron la prueba y salieron negativos\u201d, apunt\u00f3 Gamboa.<\/p>\n<p>Gamboa reiter\u00f3 que no busca perjudicar a los negocios, pues los cenotes de Hom\u00fan son puntos tur\u00edsticos muy atractivos. De hecho, por eso no dio el nombre del lugar visitado, pero consider\u00f3 pertinente revelar lo sucedido para que cada quien haga su parte: due\u00f1os, autoridades y sociedad.<\/p>\n<p>En enero de este a\u00f1o, POR ESTO! inform\u00f3 de un cenote prohibido en Peto, el cual est\u00e1 inactivo desde 2019, precisamente porque sus visitantes se enfermaron de histoplasmosis.<\/p>\n<p>El cierre de esas instalaciones result\u00f3 un duro golpe para las familias de la comisar\u00eda de San Mateo, que todav\u00eda tienen esperanzas de que alg\u00fan d\u00eda pueda ser rehabilitado.<\/p>\n<p>Por su parte, el municipio de Hom\u00fan cuenta con 16 cavidades con agua y forma parte del llamado \u201cAnillo de Cenotes\u201d.<\/p>\n<p><a href=\"https:\/\/www.poresto.net\/yucatan\/2022\/7\/27\/cenotes-de-yucatan-agonizan-por-la-contaminacion-de-granjas-porcicolas-el-boom-inmobiliario-345740.html\" rel=\"noopener\" target=\"_blank\">https:\/\/www.poresto.net\/yucatan\/2022\/7\/27\/cenotes-de-yucatan-agonizan-por-la-contaminacion-de-granjas-porcicolas-el-boom-inmobiliario-345740.html<\/a><\/p>\n","protected":false},"excerpt":{"rendered":"<p>Edwin Farf\u00e1n Cervantes \/ Por Esto! La contaminaci\u00f3n que generan, por un lado, las granjas porc\u00edcolas y, por el otro, la construcci\u00f3n desmedida de viviendas impacta de forma negativa en &hellip; <a href=\"https:\/\/www.grieta.org.mx\/index.php\/2022\/07\/27\/cenotes-de-yucatan-agonizan-por-la-contaminacion-de-granjas-porcicolas-y-el-boom-inmobiliario\/\" class=\"more-link\">Leer m\u00e1s<\/a><\/p>\n","protected":false},"author":2,"featured_media":64621,"comment_status":"closed","ping_status":"closed","sticky":false,"template":"","format":"standard","meta":{"ngg_post_thumbnail":0,"_jetpack_newsletter_access":"","_jetpack_dont_email_post_to_subs":false,"_jetpack_newsletter_tier_id":0,"_jetpack_memberships_contains_paywalled_content":false,"_jetpack_memberships_contains_paid_content":false,"footnotes":""},"categories":[80,914,3538,2943,1023,2,83,36],"tags":[2177,3028,3699,1022],"class_list":["post-64620","post","type-post","status-publish","format-standard","has-post-thumbnail","hentry","category-cintillo","category-privatizacion-del-agua","category-crisis-del-agua-en-yucatan","category-destruccion-y-contaminacion-ambiental-en-yucatan","category-lucha-contra-granja-porcicola","category-noticias-nacionales","category-temas-nacionales","category-yucatan","tag-contaminacion-de-acuiferos","tag-contaminacion-de-mantos-acuiferos","tag-destruccion-ambiental-por-proyectos-inmobiliarios","tag-granja-porcicola","entry"],"jetpack_featured_media_url":"https:\/\/www.grieta.org.mx\/wp-content\/uploads\/2022\/07\/Cenote-e1659030036205.png","jetpack_sharing_enabled":true,"jetpack_shortlink":"https:\/\/wp.me\/p7ZJR4-gOg","jetpack_likes_enabled":false,"jetpack-related-posts":[{"id":64282,"url":"https:\/\/www.grieta.org.mx\/index.php\/2022\/05\/17\/habitantes-de-sitilpech-exigen-cerrar-granjas-porcicolas-en-yucatan-afuera-del-poder-judicial\/","url_meta":{"origin":64620,"position":0},"title":"Habitantes de Sitilpech exigen cerrar granjas porc\u00edcolas en Yucat\u00e1n afuera del Poder Judicial","author":"grieta","date":"17 mayo, 2022","format":false,"excerpt":"Ruben Dar\u00edo Hau \/ Por Esto! Habitantes de Sitilpech, comisar\u00eda de Izamal, se manifiestan frente a la sede del Poder Judicial de la Federal, en M\u00e9rida, para insistir en que el Juez Primero de Distrito conceda la suspensi\u00f3n definitiva de la granja porc\u00edcola, Kancabch\u00e9n II, aparcera de Kek\u00e9n. El pasado\u2026","rel":"","context":"En &quot;16. Pueblo Maya&quot;","block_context":{"text":"16. Pueblo Maya","link":"https:\/\/www.grieta.org.mx\/index.php\/category\/espejos-de-la-resistencia\/16-pueblo-maya\/"},"img":{"alt_text":"","src":"https:\/\/i0.wp.com\/www.grieta.org.mx\/wp-content\/uploads\/2022\/05\/Sitilpech-e1653577169242.png?resize=350%2C200&ssl=1","width":350,"height":200,"srcset":"https:\/\/i0.wp.com\/www.grieta.org.mx\/wp-content\/uploads\/2022\/05\/Sitilpech-e1653577169242.png?resize=350%2C200&ssl=1 1x, https:\/\/i0.wp.com\/www.grieta.org.mx\/wp-content\/uploads\/2022\/05\/Sitilpech-e1653577169242.png?resize=525%2C300&ssl=1 1.5x, https:\/\/i0.wp.com\/www.grieta.org.mx\/wp-content\/uploads\/2022\/05\/Sitilpech-e1653577169242.png?resize=700%2C400&ssl=1 2x"},"classes":[]},{"id":67967,"url":"https:\/\/www.grieta.org.mx\/index.php\/2023\/10\/21\/contaminacion-de-megagranjas-mucho-peor-de-lo-que-pensabamos-yucatan\/","url_meta":{"origin":64620,"position":1},"title":"\u00abContaminaci\u00f3n de megagranjas, mucho peor de lo que pens\u00e1bamos\u00bb (Yucat\u00e1n)","author":"grieta","date":"21 octubre, 2023","format":false,"excerpt":"Haz Ruido El pueblo maya de Hom\u00fan celebr\u00f3 seis a\u00f1os de lucha contra f\u00e1brica de cerdos y exigi\u00f3 al Gobierno federal que informe a las comunidades sobre la situaci\u00f3n de contaminaci\u00f3n que provocan estos megaproyectos en Yucat\u00e1n Hom\u00fan, Yucat\u00e1n, 21 de octubre de 2023.- La contaminaci\u00f3n \u201ces mucho peor de\u2026","rel":"","context":"En &quot;16. Pueblo Maya&quot;","block_context":{"text":"16. Pueblo Maya","link":"https:\/\/www.grieta.org.mx\/index.php\/category\/espejos-de-la-resistencia\/16-pueblo-maya\/"},"img":{"alt_text":"","src":"https:\/\/i0.wp.com\/www.grieta.org.mx\/wp-content\/uploads\/2023\/10\/Homun-1-e1698240521601.jpg?resize=350%2C200&ssl=1","width":350,"height":200,"srcset":"https:\/\/i0.wp.com\/www.grieta.org.mx\/wp-content\/uploads\/2023\/10\/Homun-1-e1698240521601.jpg?resize=350%2C200&ssl=1 1x, https:\/\/i0.wp.com\/www.grieta.org.mx\/wp-content\/uploads\/2023\/10\/Homun-1-e1698240521601.jpg?resize=525%2C300&ssl=1 1.5x, https:\/\/i0.wp.com\/www.grieta.org.mx\/wp-content\/uploads\/2023\/10\/Homun-1-e1698240521601.jpg?resize=700%2C400&ssl=1 2x"},"classes":[]},{"id":59602,"url":"https:\/\/www.grieta.org.mx\/index.php\/2021\/05\/27\/sigue-la-lucha-ambiental-en-yucatan-profepa-clausura-cuatro-granjas-porcicolas-tras-denuncias-colectivas\/","url_meta":{"origin":64620,"position":2},"title":"Sigue la lucha ambiental en Yucat\u00e1n: Profepa clausura cuatro granjas porc\u00edcolas, tras denuncias colectivas","author":"grieta","date":"27 mayo, 2021","format":false,"excerpt":"Itzel Chan \/ Noticaribe M\u00c9RIDA, MX.- Luego de una denuncia realizada por m\u00e1s de 50 ciudadanos, representantes de 21 comunidades mayas, la Procuradur\u00eda Federal de Protecci\u00f3n al Ambiente (Profepa) suspendi\u00f3 las actividades de cuatro granjas porc\u00edcolas distribuidas en Yucat\u00e1n. A ra\u00edz de una denuncia de tipo regional, realizada el pasado\u2026","rel":"","context":"En &quot;Agroindustria&quot;","block_context":{"text":"Agroindustria","link":"https:\/\/www.grieta.org.mx\/index.php\/category\/megaproyectos\/agroindustria\/"},"img":{"alt_text":"","src":"https:\/\/i0.wp.com\/www.grieta.org.mx\/wp-content\/uploads\/2021\/05\/Clausura.png?resize=350%2C200&ssl=1","width":350,"height":200,"srcset":"https:\/\/i0.wp.com\/www.grieta.org.mx\/wp-content\/uploads\/2021\/05\/Clausura.png?resize=350%2C200&ssl=1 1x, https:\/\/i0.wp.com\/www.grieta.org.mx\/wp-content\/uploads\/2021\/05\/Clausura.png?resize=525%2C300&ssl=1 1.5x, https:\/\/i0.wp.com\/www.grieta.org.mx\/wp-content\/uploads\/2021\/05\/Clausura.png?resize=700%2C400&ssl=1 2x"},"classes":[]},{"id":66379,"url":"https:\/\/www.grieta.org.mx\/index.php\/2023\/03\/03\/yucatan-antimotines-para-custodiar-alimento-para-cerdos-de-keken-pueblo-maya-de-sitilpech-denuncia-nuevamente-represion-policiaca-por-protesta-contra-mega-granjas-porcicolas\/","url_meta":{"origin":64620,"position":3},"title":"Yucat\u00e1n | Antimotines para custodiar alimento para cerdos de Kek\u00e9n: Pueblo maya de Sitilpech denuncia nuevamente represi\u00f3n policiaca por protesta contra mega granjas porc\u00edcolas","author":"grieta","date":"3 marzo, 2023","format":false,"excerpt":"Noticaribe M\u00c9RIDA, MX.- Una vez m\u00e1s, las y los habitantes de Sitilpech denuncian y exhiben represi\u00f3n policiaca ante el bloqueo que mantienen en una de las granjas porc\u00edcolas en sus tierras. Las personas que mantienen un bloqueo a las afueras de la granja denunciaron que elementos de la Secretar\u00eda de\u2026","rel":"","context":"En &quot;Agroindustria&quot;","block_context":{"text":"Agroindustria","link":"https:\/\/www.grieta.org.mx\/index.php\/category\/megaproyectos\/agroindustria\/"},"img":{"alt_text":"","src":"https:\/\/i0.wp.com\/www.grieta.org.mx\/wp-content\/uploads\/2023\/03\/Antimotines-e1677881381914.jpg?resize=350%2C200&ssl=1","width":350,"height":200,"srcset":"https:\/\/i0.wp.com\/www.grieta.org.mx\/wp-content\/uploads\/2023\/03\/Antimotines-e1677881381914.jpg?resize=350%2C200&ssl=1 1x, https:\/\/i0.wp.com\/www.grieta.org.mx\/wp-content\/uploads\/2023\/03\/Antimotines-e1677881381914.jpg?resize=525%2C300&ssl=1 1.5x, https:\/\/i0.wp.com\/www.grieta.org.mx\/wp-content\/uploads\/2023\/03\/Antimotines-e1677881381914.jpg?resize=700%2C400&ssl=1 2x"},"classes":[]},{"id":69432,"url":"https:\/\/www.grieta.org.mx\/index.php\/2024\/08\/10\/granjas-de-keken-generan-plagas-de-gusanos-y-moscas-en-cultivos-de-yucatan\/","url_meta":{"origin":64620,"position":4},"title":"Granjas de Kek\u00e9n generan plagas de gusanos y moscas en cultivos de Yucat\u00e1n","author":"grieta","date":"10 agosto, 2024","format":false,"excerpt":"William Casanova \/ Por Esto! Los desechos que generan las granjas de K\u00e9ken entre Kinchil y Celest\u00fan, provocaron que surgieran plagas en los cultivos A casi dos semanas de la contaminaci\u00f3n de una vasta zona entre Kinchil y Celest\u00fan por los lixiviados de las granjas industriales de cerdos que rebosan\u2026","rel":"","context":"En &quot;Agroindustria&quot;","block_context":{"text":"Agroindustria","link":"https:\/\/www.grieta.org.mx\/index.php\/category\/megaproyectos\/agroindustria\/"},"img":{"alt_text":"","src":"https:\/\/i0.wp.com\/www.grieta.org.mx\/wp-content\/uploads\/2024\/08\/Granjas-e1724115739423.jpg?resize=350%2C200&ssl=1","width":350,"height":200,"srcset":"https:\/\/i0.wp.com\/www.grieta.org.mx\/wp-content\/uploads\/2024\/08\/Granjas-e1724115739423.jpg?resize=350%2C200&ssl=1 1x, https:\/\/i0.wp.com\/www.grieta.org.mx\/wp-content\/uploads\/2024\/08\/Granjas-e1724115739423.jpg?resize=525%2C300&ssl=1 1.5x, https:\/\/i0.wp.com\/www.grieta.org.mx\/wp-content\/uploads\/2024\/08\/Granjas-e1724115739423.jpg?resize=700%2C400&ssl=1 2x"},"classes":[]},{"id":61180,"url":"https:\/\/www.grieta.org.mx\/index.php\/2021\/08\/11\/acusan-que-granjas-porcicolas-quieren-revertir-las-demandas-de-amparo-en-yucatan\/","url_meta":{"origin":64620,"position":5},"title":"Acusan que granjas porc\u00edcolas quieren revertir las demandas de amparo en Yucat\u00e1n","author":"grieta","date":"11 agosto, 2021","format":false,"excerpt":"Itzel Chan \/ Noticaribe M\u00c9RIDA, MX.- Habitantes de los pueblos mayas de Sitilpech y Chapab denunciaron que se encuentran amenazados por las \u2018movidas\u2019 de las mega granjas porc\u00edcolas y por las autoridades judiciales, pues a pesar de que el pasado 6 de julio interpusieron una demanda de amparo, las personas\u2026","rel":"","context":"En &quot;Agroindustria&quot;","block_context":{"text":"Agroindustria","link":"https:\/\/www.grieta.org.mx\/index.php\/category\/megaproyectos\/agroindustria\/"},"img":{"alt_text":"","src":"https:\/\/i0.wp.com\/www.grieta.org.mx\/wp-content\/uploads\/2021\/08\/RevertirAmparos.png?resize=350%2C200&ssl=1","width":350,"height":200,"srcset":"https:\/\/i0.wp.com\/www.grieta.org.mx\/wp-content\/uploads\/2021\/08\/RevertirAmparos.png?resize=350%2C200&ssl=1 1x, https:\/\/i0.wp.com\/www.grieta.org.mx\/wp-content\/uploads\/2021\/08\/RevertirAmparos.png?resize=525%2C300&ssl=1 1.5x, https:\/\/i0.wp.com\/www.grieta.org.mx\/wp-content\/uploads\/2021\/08\/RevertirAmparos.png?resize=700%2C400&ssl=1 2x"},"classes":[]}],"_links":{"self":[{"href":"https:\/\/www.grieta.org.mx\/index.php\/wp-json\/wp\/v2\/posts\/64620","targetHints":{"allow":["GET"]}}],"collection":[{"href":"https:\/\/www.grieta.org.mx\/index.php\/wp-json\/wp\/v2\/posts"}],"about":[{"href":"https:\/\/www.grieta.org.mx\/index.php\/wp-json\/wp\/v2\/types\/post"}],"author":[{"embeddable":true,"href":"https:\/\/www.grieta.org.mx\/index.php\/wp-json\/wp\/v2\/users\/2"}],"replies":[{"embeddable":true,"href":"https:\/\/www.grieta.org.mx\/index.php\/wp-json\/wp\/v2\/comments?post=64620"}],"version-history":[{"count":1,"href":"https:\/\/www.grieta.org.mx\/index.php\/wp-json\/wp\/v2\/posts\/64620\/revisions"}],"predecessor-version":[{"id":64625,"href":"https:\/\/www.grieta.org.mx\/index.php\/wp-json\/wp\/v2\/posts\/64620\/revisions\/64625"}],"wp:featuredmedia":[{"embeddable":true,"href":"https:\/\/www.grieta.org.mx\/index.php\/wp-json\/wp\/v2\/media\/64621"}],"wp:attachment":[{"href":"https:\/\/www.grieta.org.mx\/index.php\/wp-json\/wp\/v2\/media?parent=64620"}],"wp:term":[{"taxonomy":"category","embeddable":true,"href":"https:\/\/www.grieta.org.mx\/index.php\/wp-json\/wp\/v2\/categories?post=64620"},{"taxonomy":"post_tag","embeddable":true,"href":"https:\/\/www.grieta.org.mx\/index.php\/wp-json\/wp\/v2\/tags?post=64620"}],"curies":[{"name":"wp","href":"https:\/\/api.w.org\/{rel}","templated":true}]}}