{"id":64558,"date":"2022-07-15T12:36:57","date_gmt":"2022-07-15T17:36:57","guid":{"rendered":"https:\/\/www.grieta.org.mx\/?p=64558"},"modified":"2022-07-15T12:36:57","modified_gmt":"2022-07-15T17:36:57","slug":"sin-apoyo-de-autoridades-madres-realizan-busqueda-de-fosas-en-tlajomulco-jalisco","status":"publish","type":"post","link":"https:\/\/www.grieta.org.mx\/index.php\/2022\/07\/15\/sin-apoyo-de-autoridades-madres-realizan-busqueda-de-fosas-en-tlajomulco-jalisco\/","title":{"rendered":"Sin apoyo de autoridades, madres realizan b\u00fasqueda de fosas en Tlajomulco (Jalisco)"},"content":{"rendered":"<p>Foto: Lauro Rodr\u00edguez<\/p>\n<p>Lauro Rodr\u00edguez \/ El Diario NTR<\/p>\n<p>Brigadas de madres buscadoras realizar\u00e1n trabajo de campo en busca de cosas clandestinas en Tlajomulco de Z\u00fa\u00f1iga. En esta ocasi\u00f3n lo har\u00e1n sin acompa\u00f1amiento de las autoridades porque estas negaron el apoyo.<\/p>\n<p>Ceci Patricia Flores, lideresa de las Madres Buscadoras de Sonora, se\u00f1al\u00f3 que la Comisi\u00f3n de B\u00fasqueda de Personas del Estado de Jalisco (Cobupej) les neg\u00f3 el apoyo de \u00faltima hora porque no hicieron la solicitud por escrito con un mes de anticipaci\u00f3n.<\/p>\n<p>Y, al ser la Cobupej la que debe pedir apoyo a la Fiscal\u00eda, tampoco est\u00e1 autoridad participa. Ceci Flores mencion\u00f3 que con esta acci\u00f3n, el gobernador Enrique Alfaro Ram\u00edrez est\u00e1 rompiendo la promesa de siempre acompa\u00f1arlas.<\/p>\n<p>Mencion\u00f3 que, en caso de encontrar positivos, aunque no quiera, la Fiscal\u00eda debe acudir a resguardar y levantar indicios.<\/p>\n<p>Se\u00f1al\u00f3 que ni en la Comisi\u00f3n Nacional de B\u00fasqueda hay tanta burocracia, esto lo adjudica al despido de Francelia Hern\u00e1ndez al frente de la Comisi\u00f3n. Afirm\u00f3 que V\u00edctor \u00c1vila, el encargado de despacho de la Cobupej, no quiere dar el apoyo a los colectivos.<\/p>\n<p>La b\u00fasqueda de hoy ser\u00e1 en la etapa 14 de Chulavista en Tlajomulco. Por la falta de apoyo de la Cobupej, tampoco cuentan con alimentos y bebidas, por lo que hacen el llamado a la poblaci\u00f3n a que se sume con donaciones en especie y que acudan a esta zona de la ciudad.<\/p>\n<p><a href=\"https:\/\/www.ntrguadalajara.com\/post.php?id_nota=184803\">https:\/\/www.ntrguadalajara.com\/post.php?id_nota=184803<\/a><\/p>\n","protected":false},"excerpt":{"rendered":"<p>Foto: Lauro Rodr\u00edguez Lauro Rodr\u00edguez \/ El Diario NTR Brigadas de madres buscadoras realizar\u00e1n trabajo de campo en busca de cosas clandestinas en Tlajomulco de Z\u00fa\u00f1iga. En esta ocasi\u00f3n lo &hellip; <a href=\"https:\/\/www.grieta.org.mx\/index.php\/2022\/07\/15\/sin-apoyo-de-autoridades-madres-realizan-busqueda-de-fosas-en-tlajomulco-jalisco\/\" class=\"more-link\">Leer m\u00e1s<\/a><\/p>\n","protected":false},"author":2,"featured_media":64559,"comment_status":"closed","ping_status":"closed","sticky":false,"template":"","format":"standard","meta":{"ngg_post_thumbnail":0,"_jetpack_newsletter_access":"","_jetpack_dont_email_post_to_subs":false,"_jetpack_newsletter_tier_id":0,"_jetpack_memberships_contains_paywalled_content":false,"_jetpack_memberships_contains_paid_content":false,"footnotes":""},"categories":[80,87,1032,1463,20,2,31,83],"tags":[3791,1828,3018,1668,856],"class_list":["post-64558","post","type-post","status-publish","format-standard","has-post-thumbnail","hentry","category-cintillo","category-desaparecidos","category-desaparecidos-en-jalisco","category-desaparecidos-en-sonora","category-jalisco","category-noticias-nacionales","category-sonora","category-temas-nacionales","tag-acciones-por-desaparecidos","tag-busqueda-de-desaparecidos","tag-colectivos-de-busqueda-de-desaparecidos","tag-familiares-de-desaparecidos","tag-fosas-clandestinas","entry"],"jetpack_featured_media_url":"https:\/\/www.grieta.org.mx\/wp-content\/uploads\/2022\/07\/2022-07-15_11-07-22___9452.jpg","jetpack_sharing_enabled":true,"jetpack_shortlink":"https:\/\/wp.me\/p7ZJR4-gNg","jetpack_likes_enabled":false,"jetpack-related-posts":[{"id":63599,"url":"https:\/\/www.grieta.org.mx\/index.php\/2022\/03\/03\/buscadoras-de-sonora-dejaron-datos-de-50-posibles-fosas-clandestinas-jalisco\/","url_meta":{"origin":64558,"position":0},"title":"Buscadoras de Sonora dejaron datos de 50 posibles fosas clandestinas (Jalisco)","author":"grieta","date":"3 marzo, 2022","format":false,"excerpt":"Foto: Lauro Rodr\u00edguez Lauro Rodr\u00edguez \/ El Diario NTR Durante su visita a Jalisco la semana pasada, las Madres Buscadoras de Sonora reunieron una base de datos de al menos 50 puntos donde pudieran existir fosas clandestinas en el estado, la mayor\u00eda en Tlajomulco de Z\u00fa\u00f1iga. Martha Morales, integrante del\u2026","rel":"","context":"En &quot;CINTILLO&quot;","block_context":{"text":"CINTILLO","link":"https:\/\/www.grieta.org.mx\/index.php\/category\/cintillo\/"},"img":{"alt_text":"","src":"https:\/\/i0.wp.com\/www.grieta.org.mx\/wp-content\/uploads\/2022\/03\/2022-03-03_06-03-23___335.jpg?resize=350%2C200&ssl=1","width":350,"height":200,"srcset":"https:\/\/i0.wp.com\/www.grieta.org.mx\/wp-content\/uploads\/2022\/03\/2022-03-03_06-03-23___335.jpg?resize=350%2C200&ssl=1 1x, https:\/\/i0.wp.com\/www.grieta.org.mx\/wp-content\/uploads\/2022\/03\/2022-03-03_06-03-23___335.jpg?resize=525%2C300&ssl=1 1.5x, https:\/\/i0.wp.com\/www.grieta.org.mx\/wp-content\/uploads\/2022\/03\/2022-03-03_06-03-23___335.jpg?resize=700%2C400&ssl=1 2x"},"classes":[]},{"id":65443,"url":"https:\/\/www.grieta.org.mx\/index.php\/2022\/10\/07\/gobierno-de-jalisco-rechaza-a-buscadoras-por-localizar-fosas-clandestinas-jalisco-sonora\/","url_meta":{"origin":64558,"position":1},"title":"Gobierno de Jalisco rechaza a buscadoras por localizar fosas clandestinas (Jalisco, Sonora)","author":"grieta","date":"7 octubre, 2022","format":false,"excerpt":"Imagen; Lauro Rodr\u00edguez Redacci\u00f3n \/ El Diario NTR Las autoridades del estado rechazan a las Madres Buscadoras de Sonora porque les quitan el protagonismo, visibilizan las fosas clandestinas y les impiden ocultar que Jalisco es un pante\u00f3n, consider\u00f3 Ceci Flores, lideresa del colectivo sonorense. Aunque siempre hab\u00eda sido amenazada por\u2026","rel":"","context":"En &quot;CINTILLO&quot;","block_context":{"text":"CINTILLO","link":"https:\/\/www.grieta.org.mx\/index.php\/category\/cintillo\/"},"img":{"alt_text":"","src":"https:\/\/i0.wp.com\/www.grieta.org.mx\/wp-content\/uploads\/2022\/10\/2022-10-07_06-10-59___8441.jpg?resize=350%2C200&ssl=1","width":350,"height":200,"srcset":"https:\/\/i0.wp.com\/www.grieta.org.mx\/wp-content\/uploads\/2022\/10\/2022-10-07_06-10-59___8441.jpg?resize=350%2C200&ssl=1 1x, https:\/\/i0.wp.com\/www.grieta.org.mx\/wp-content\/uploads\/2022\/10\/2022-10-07_06-10-59___8441.jpg?resize=525%2C300&ssl=1 1.5x, https:\/\/i0.wp.com\/www.grieta.org.mx\/wp-content\/uploads\/2022\/10\/2022-10-07_06-10-59___8441.jpg?resize=700%2C400&ssl=1 2x"},"classes":[]},{"id":64706,"url":"https:\/\/www.grieta.org.mx\/index.php\/2022\/08\/05\/jovenes-buscadores-acusan-a-autoridades-de-no-concluir-extraccion-de-cuerpos-en-fosas-jalisco\/","url_meta":{"origin":64558,"position":2},"title":"J\u00f3venes Buscadores acusan a autoridades de no concluir extracci\u00f3n de cuerpos en fosas (Jalisco)","author":"grieta","date":"5 agosto, 2022","format":false,"excerpt":"busFoto: Cortes\u00eda Madres Buscadoras de Sonora Lauro Rodr\u00edguez \/ El Diario NTR Los J\u00f3venes Buscadores de Jalisco acusaron que las autoridades del gobierno de Jalisco dejan inconclusa la extracci\u00f3n de cuerpos en las fosas clandestinas que son localizadas durante los trabajos de las brigadas de los colectivos. Precisaron que muestra\u2026","rel":"","context":"En &quot;CINTILLO&quot;","block_context":{"text":"CINTILLO","link":"https:\/\/www.grieta.org.mx\/index.php\/category\/cintillo\/"},"img":{"alt_text":"","src":"https:\/\/i0.wp.com\/www.grieta.org.mx\/wp-content\/uploads\/2022\/08\/2022-08-05_11-08-14___4667.jpg?resize=350%2C200&ssl=1","width":350,"height":200,"srcset":"https:\/\/i0.wp.com\/www.grieta.org.mx\/wp-content\/uploads\/2022\/08\/2022-08-05_11-08-14___4667.jpg?resize=350%2C200&ssl=1 1x, https:\/\/i0.wp.com\/www.grieta.org.mx\/wp-content\/uploads\/2022\/08\/2022-08-05_11-08-14___4667.jpg?resize=525%2C300&ssl=1 1.5x, https:\/\/i0.wp.com\/www.grieta.org.mx\/wp-content\/uploads\/2022\/08\/2022-08-05_11-08-14___4667.jpg?resize=700%2C400&ssl=1 2x"},"classes":[]},{"id":65220,"url":"https:\/\/www.grieta.org.mx\/index.php\/2022\/09\/14\/madres-buscadoras-comparten-su-labor-con-estudiantes-jalisco\/","url_meta":{"origin":64558,"position":3},"title":"Madres Buscadoras comparten su labor con estudiantes (Jalisco)","author":"grieta","date":"14 septiembre, 2022","format":false,"excerpt":"Imagen: Especial Lauro Rodr\u00edguez \/ El Diario NTR Las Madres Buscadoras, previo a continuar con sus actividades de b\u00fasqueda en campo en el municipio de Tlajomulco de Z\u00fa\u00f1iga, acudieron a la Universidad CLEU para compartir con los estudiantes la labor que realizan. En distintas ocasiones, estudiantes de licenciaturas enfocadas al\u2026","rel":"","context":"En &quot;CINTILLO&quot;","block_context":{"text":"CINTILLO","link":"https:\/\/www.grieta.org.mx\/index.php\/category\/cintillo\/"},"img":{"alt_text":"","src":"https:\/\/i0.wp.com\/www.grieta.org.mx\/wp-content\/uploads\/2022\/09\/2022-09-14_12-09-15___5557.jpg?resize=350%2C200&ssl=1","width":350,"height":200,"srcset":"https:\/\/i0.wp.com\/www.grieta.org.mx\/wp-content\/uploads\/2022\/09\/2022-09-14_12-09-15___5557.jpg?resize=350%2C200&ssl=1 1x, https:\/\/i0.wp.com\/www.grieta.org.mx\/wp-content\/uploads\/2022\/09\/2022-09-14_12-09-15___5557.jpg?resize=525%2C300&ssl=1 1.5x, https:\/\/i0.wp.com\/www.grieta.org.mx\/wp-content\/uploads\/2022\/09\/2022-09-14_12-09-15___5557.jpg?resize=700%2C400&ssl=1 2x"},"classes":[]},{"id":65223,"url":"https:\/\/www.grieta.org.mx\/index.php\/2022\/09\/13\/sin-apoyo-de-autoridades-estatales-madres-buscadoras-localizan-fosa-en-tlajomulco-con-seis-craneos-y-20-bolsa-con-restos-jalisco\/","url_meta":{"origin":64558,"position":4},"title":"Sin apoyo de autoridades estatales, Madres Buscadoras localizan fosa en Tlajomulco con seis cr\u00e1neos y 20 bolsa con restos (Jalisco)","author":"grieta","date":"13 septiembre, 2022","format":false,"excerpt":"Imagen: Foto: @laurorodriguez_ Redacci\u00f3n \/ El Diario NTR Sin acompa\u00f1amiento de autoridades estatales, integrantes de los colectivos Madres Buscadoras de Jalisco y J\u00f3venes Buscadores de Jalisco localizaron este martes\u00a0una fosa clandestina en Tlajomulco de Z\u00fa\u00f1iga. Los trabajos los realizaron en una zona a campo abierto conocida como La Piedrera, cerca\u2026","rel":"","context":"En &quot;CINTILLO&quot;","block_context":{"text":"CINTILLO","link":"https:\/\/www.grieta.org.mx\/index.php\/category\/cintillo\/"},"img":{"alt_text":"","src":"https:\/\/i0.wp.com\/www.grieta.org.mx\/wp-content\/uploads\/2022\/09\/2022-09-13_09-09-51___569.jpg?resize=350%2C200&ssl=1","width":350,"height":200,"srcset":"https:\/\/i0.wp.com\/www.grieta.org.mx\/wp-content\/uploads\/2022\/09\/2022-09-13_09-09-51___569.jpg?resize=350%2C200&ssl=1 1x, https:\/\/i0.wp.com\/www.grieta.org.mx\/wp-content\/uploads\/2022\/09\/2022-09-13_09-09-51___569.jpg?resize=525%2C300&ssl=1 1.5x, https:\/\/i0.wp.com\/www.grieta.org.mx\/wp-content\/uploads\/2022\/09\/2022-09-13_09-09-51___569.jpg?resize=700%2C400&ssl=1 2x"},"classes":[]},{"id":64600,"url":"https:\/\/www.grieta.org.mx\/index.php\/2022\/07\/20\/condiciona-fiscalia-busqueda-de-desaparecidos-no-quieren-la-participacion-de-colectivos-denuncian-madres-buscadoras-jalisco\/","url_meta":{"origin":64558,"position":5},"title":"Condiciona Fiscal\u00eda b\u00fasqueda de desaparecidos; no quieren la participaci\u00f3n de colectivos denuncian madres buscadoras (Jalisco, Sonora)","author":"grieta","date":"20 julio, 2022","format":false,"excerpt":"Imagen: Especial Lauro Rodr\u00edguez \/ El Diario NTR Las Madres Buscadoras de Sonora acusaron que la Fiscal\u00eda del Estado condicion\u00f3 la b\u00fasqueda en campo. Mencion\u00f3 que se niegan a acompa\u00f1ar acciones colectivas. Ceci Patricia Flores Armenta, lideresa del colectivo Madres Buscadoras de Sonora, mencion\u00f3 que extendieron su estancia en Jalisco\u2026","rel":"","context":"En &quot;CINTILLO&quot;","block_context":{"text":"CINTILLO","link":"https:\/\/www.grieta.org.mx\/index.php\/category\/cintillo\/"},"img":{"alt_text":"","src":"https:\/\/i0.wp.com\/www.grieta.org.mx\/wp-content\/uploads\/2022\/07\/2022-07-20_10-07-27___612.png?resize=350%2C200&ssl=1","width":350,"height":200,"srcset":"https:\/\/i0.wp.com\/www.grieta.org.mx\/wp-content\/uploads\/2022\/07\/2022-07-20_10-07-27___612.png?resize=350%2C200&ssl=1 1x, https:\/\/i0.wp.com\/www.grieta.org.mx\/wp-content\/uploads\/2022\/07\/2022-07-20_10-07-27___612.png?resize=525%2C300&ssl=1 1.5x, https:\/\/i0.wp.com\/www.grieta.org.mx\/wp-content\/uploads\/2022\/07\/2022-07-20_10-07-27___612.png?resize=700%2C400&ssl=1 2x"},"classes":[]}],"_links":{"self":[{"href":"https:\/\/www.grieta.org.mx\/index.php\/wp-json\/wp\/v2\/posts\/64558","targetHints":{"allow":["GET"]}}],"collection":[{"href":"https:\/\/www.grieta.org.mx\/index.php\/wp-json\/wp\/v2\/posts"}],"about":[{"href":"https:\/\/www.grieta.org.mx\/index.php\/wp-json\/wp\/v2\/types\/post"}],"author":[{"embeddable":true,"href":"https:\/\/www.grieta.org.mx\/index.php\/wp-json\/wp\/v2\/users\/2"}],"replies":[{"embeddable":true,"href":"https:\/\/www.grieta.org.mx\/index.php\/wp-json\/wp\/v2\/comments?post=64558"}],"version-history":[{"count":1,"href":"https:\/\/www.grieta.org.mx\/index.php\/wp-json\/wp\/v2\/posts\/64558\/revisions"}],"predecessor-version":[{"id":64560,"href":"https:\/\/www.grieta.org.mx\/index.php\/wp-json\/wp\/v2\/posts\/64558\/revisions\/64560"}],"wp:featuredmedia":[{"embeddable":true,"href":"https:\/\/www.grieta.org.mx\/index.php\/wp-json\/wp\/v2\/media\/64559"}],"wp:attachment":[{"href":"https:\/\/www.grieta.org.mx\/index.php\/wp-json\/wp\/v2\/media?parent=64558"}],"wp:term":[{"taxonomy":"category","embeddable":true,"href":"https:\/\/www.grieta.org.mx\/index.php\/wp-json\/wp\/v2\/categories?post=64558"},{"taxonomy":"post_tag","embeddable":true,"href":"https:\/\/www.grieta.org.mx\/index.php\/wp-json\/wp\/v2\/tags?post=64558"}],"curies":[{"name":"wp","href":"https:\/\/api.w.org\/{rel}","templated":true}]}}