{"id":64522,"date":"2022-07-06T12:43:40","date_gmt":"2022-07-06T17:43:40","guid":{"rendered":"https:\/\/www.grieta.org.mx\/?p=64522"},"modified":"2022-07-10T12:54:59","modified_gmt":"2022-07-10T17:54:59","slug":"sin-justicia-victimas-de-feminicidio-en-bahia-de-banderas-nayarit","status":"publish","type":"post","link":"https:\/\/www.grieta.org.mx\/index.php\/2022\/07\/06\/sin-justicia-victimas-de-feminicidio-en-bahia-de-banderas-nayarit\/","title":{"rendered":"Sin justicia victimas de feminicidio en Bah\u00eda de Banderas (Nayarit)"},"content":{"rendered":"<p>Imagen: Tribuna de la Bah\u00eda<\/p>\n<p>Israel Torres \/ Tribuna de la Bah\u00eda<\/p>\n<p>En lo que va del 2022, tres mujeres han sido v\u00edctimas de feminicidio en Bah\u00eda de Banderas y siete m\u00e1s se registraron en el 2021; sin embargo, hasta el momento ninguna de las v\u00edctimas ha recibido reparaci\u00f3n del da\u00f1o conforme a la Ley General de V\u00edctimas, lo anterior fue declarado por el colectivo Bah\u00eda Violeta.<\/p>\n<p>No obstante, la palabra reparaci\u00f3n no cabe en un hecho tan lamentable como es el feminicidio, debido a que no se puede regresar la vida a las v\u00edctimas. La ley contempla que la reparaci\u00f3n del da\u00f1o tiene que ser integral y debe comprender medidas de: restituci\u00f3n, rehabilitaci\u00f3n, compensaci\u00f3n, satisfacci\u00f3n y garant\u00edas de no repetici\u00f3n en lo individual, colectivo, material, moral y simb\u00f3lico.<\/p>\n<p>Luisa Flores, representante de dicho colectivo comparti\u00f3 que uno de ellos,es el caso del feminicidio de dos menores de San Vicente, las cuales hasta el momento, sus familiares no han recibido la reparaci\u00f3n del da\u00f1o, sino al contrario, el caso ha sido revictimizado, culpando a la \u00a0madre de una de ellas \u00a0de ser culpable del mismo, \u00a0al dejar que su hija anduviera con una persona muchos a\u00f1os m\u00e1s grande que ella.<\/p>\n<p>\u201cTodav\u00eda en temas de reparaci\u00f3n del da\u00f1o a las v\u00edctimas de feminicidio esto es algo que hemos estado con las autoridades, tanto a nivel estatal, como municipal. El caso de las ni\u00f1as que fueron encontradas en Punta Mita, v\u00edctimas de feminicidio, que fue a finales de diciembre del 2021, todav\u00eda no habido reparaci\u00f3n del da\u00f1o hac\u00eda sus familias,\u201d se\u00f1al\u00f3.<\/p>\n<p>Comparti\u00f3 que la obligaci\u00f3n de los gobiernos estatales y municipales, aparte de lo que demanda la ley, es fijar un precedente de lo sucedido y hacerlo p\u00fablico con perspectiva \u00a0de g\u00e9nero y posteriormente, llevar a cabo de manera puntual al protocolo marcado por la alerta de G\u00e9nero emitida en 2017 y generar entornos seguros, cosa que no ha pasado.<\/p>\n<p>\u201cEn este caso el municipio y el estado, tienen la obligaci\u00f3n de hacer p\u00fablico de esta situaci\u00f3n con perspectiva de g\u00e9nero. Volvemos a lo mismo, est\u00e1n haciendo caso omiso de las l\u00edneas que vienen dentro del documento y no las est\u00e1n acatando\u201d, agreg\u00f3.<\/p>\n<p>Abund\u00f3 que las autoridades han dejado de lado el seguimiento a las v\u00edctimas posterior a este delito, que en el momento consternan a la ciudadan\u00eda, pero que a la larga causan estragos y da\u00f1os en las familias, a\u00fan teniendo una sentencia. Es por ello que se tiene que ayudar aparte del tema econ\u00f3mico, en la manera que los deudos tienen que lidiar con una p\u00e9rdida, de una forma que ninguna mujer deber\u00eda morir.<\/p>\n<p>Por ello y dado que el sistema de justicia no ha permitido la reparaci\u00f3n integral del da\u00f1o, el colectivo se ha unido a la implementaci\u00f3n de observatorio de la alerta de g\u00e9nero que permita generar en primera instancia la justicia y la reparaci\u00f3n integral del da\u00f1o.<\/p>\n<p><a href=\"https:\/\/tribunadelabahia.com.mx\/justicia-feminicidio-bahia-banderas-56615\">https:\/\/tribunadelabahia.com.mx\/justicia-feminicidio-bahia-banderas-56615<\/a><\/p>\n","protected":false},"excerpt":{"rendered":"<p>Imagen: Tribuna de la Bah\u00eda Israel Torres \/ Tribuna de la Bah\u00eda En lo que va del 2022, tres mujeres han sido v\u00edctimas de feminicidio en Bah\u00eda de Banderas y &hellip; <a href=\"https:\/\/www.grieta.org.mx\/index.php\/2022\/07\/06\/sin-justicia-victimas-de-feminicidio-en-bahia-de-banderas-nayarit\/\" class=\"more-link\">Leer m\u00e1s<\/a><\/p>\n","protected":false},"author":2,"featured_media":64524,"comment_status":"closed","ping_status":"closed","sticky":false,"template":"","format":"standard","meta":{"ngg_post_thumbnail":0,"_jetpack_newsletter_access":"","_jetpack_dont_email_post_to_subs":false,"_jetpack_newsletter_tier_id":0,"_jetpack_memberships_contains_paywalled_content":false,"_jetpack_memberships_contains_paid_content":false,"footnotes":""},"categories":[80,84,2268,23,2,83],"tags":[2959,3069,2999,81,3193,3148],"class_list":["post-64522","post","type-post","status-publish","format-standard","has-post-thumbnail","hentry","category-cintillo","category-feminicidios","category-feminicidios-en-nayarit","category-nayarit","category-noticias-nacionales","category-temas-nacionales","tag-estadisticas-de-feminicidio","tag-familiares-de-mujeres-victimas-de-feminicidio","tag-feminicidio-violencia-contra-las-mujeres","tag-feminicidios","tag-lucha-contra-el-feminicidio","tag-lucha-feminista","entry"],"jetpack_featured_media_url":"https:\/\/www.grieta.org.mx\/wp-content\/uploads\/2022\/07\/victimas-feminicidio-marcha-cover.jpg","jetpack_sharing_enabled":true,"jetpack_shortlink":"https:\/\/wp.me\/p7ZJR4-gMG","jetpack_likes_enabled":false,"jetpack-related-posts":[{"id":65754,"url":"https:\/\/www.grieta.org.mx\/index.php\/2022\/11\/02\/con-ofrenda-piden-justicia-para-victimas-de-feminicidio-en-oaxaca\/","url_meta":{"origin":64522,"position":0},"title":"Con ofrenda piden justicia para v\u00edctimas de feminicidio en Oaxaca","author":"grieta","date":"2 noviembre, 2022","format":false,"excerpt":"Imagen: El Solo de Nayarit Redacci\u00f3n \/ El Sol de Nayarit Integrantes de la colectiva \"las nietas de Lilith Oaxaca\", instalaron un altar en memoria de las mujeres que fueron v\u00edctimas de feminicidio en Oaxaca. El altar est\u00e1 ubicado a un costado del atrio de Santo Domingo de Guzm\u00e1n, en\u2026","rel":"","context":"En &quot;CINTILLO&quot;","block_context":{"text":"CINTILLO","link":"https:\/\/www.grieta.org.mx\/index.php\/category\/cintillo\/"},"img":{"alt_text":"","src":"https:\/\/i0.wp.com\/www.grieta.org.mx\/wp-content\/uploads\/2022\/11\/87688_17_20221102213731_117captura_de_pantalla_2022-11-02_a_la_s__2.47.41_p.m.png?resize=350%2C200&ssl=1","width":350,"height":200,"srcset":"https:\/\/i0.wp.com\/www.grieta.org.mx\/wp-content\/uploads\/2022\/11\/87688_17_20221102213731_117captura_de_pantalla_2022-11-02_a_la_s__2.47.41_p.m.png?resize=350%2C200&ssl=1 1x, https:\/\/i0.wp.com\/www.grieta.org.mx\/wp-content\/uploads\/2022\/11\/87688_17_20221102213731_117captura_de_pantalla_2022-11-02_a_la_s__2.47.41_p.m.png?resize=525%2C300&ssl=1 1.5x"},"classes":[]},{"id":64147,"url":"https:\/\/www.grieta.org.mx\/index.php\/2022\/05\/03\/a-pesar-de-contar-con-multa-millonaria-no-se-aplican-medidas-por-la-alerta-de-violencia-de-genero-contra-las-mujeres-en-bahia-de-banderas-se-agudiza-violencia-denuncian-colectivos-nayarit\/","url_meta":{"origin":64522,"position":1},"title":"A pesar de contar con multa millonaria no se aplican medidas por la Alerta de Violencia de G\u00e9nero contra las Mujeres en Bah\u00eda de Banderas, se agudiza violencia denuncian colectivos (Nayarit)","author":"grieta","date":"3 mayo, 2022","format":false,"excerpt":"Foto: Tribuna de la Bah\u00eda Israel Torres \/ Tribuna de la Bah\u00eda Debido a que no se han puesto en marcha las\u00a0acciones marcadas por la Alerta de Violencia de G\u00e9nero contra las Mujeres\u00a0(AVGM) establecida en agosto del 2017, la cual obliga a crear medidas para que las mujeres y ni\u00f1as\u2026","rel":"","context":"En &quot;CINTILLO&quot;","block_context":{"text":"CINTILLO","link":"https:\/\/www.grieta.org.mx\/index.php\/category\/cintillo\/"},"img":{"alt_text":"","src":"https:\/\/i0.wp.com\/www.grieta.org.mx\/wp-content\/uploads\/2022\/05\/alerta-de-genero-en-bahia-cover.jpg?resize=350%2C200&ssl=1","width":350,"height":200,"srcset":"https:\/\/i0.wp.com\/www.grieta.org.mx\/wp-content\/uploads\/2022\/05\/alerta-de-genero-en-bahia-cover.jpg?resize=350%2C200&ssl=1 1x, https:\/\/i0.wp.com\/www.grieta.org.mx\/wp-content\/uploads\/2022\/05\/alerta-de-genero-en-bahia-cover.jpg?resize=525%2C300&ssl=1 1.5x, https:\/\/i0.wp.com\/www.grieta.org.mx\/wp-content\/uploads\/2022\/05\/alerta-de-genero-en-bahia-cover.jpg?resize=700%2C400&ssl=1 2x"},"classes":[]},{"id":65817,"url":"https:\/\/www.grieta.org.mx\/index.php\/2022\/11\/24\/marcha-en-bahia-por-el-dia-de-erradicacion-de-violencia-contra-la-mujer-nayarit\/","url_meta":{"origin":64522,"position":2},"title":"Marcha en Bah\u00eda por el d\u00eda de Erradicaci\u00f3n de Violencia contra la Mujer (Nayarit)","author":"grieta","date":"24 noviembre, 2022","format":false,"excerpt":"Imagen: Tribuna de la Bah\u00eda Israel Torres \/ Tribuna de la Bah\u00eda Colectivos feministas y familiares de\u00a0mujeres desaparecidas\u00a0de\u00a0Bah\u00eda de Banderas, realizar\u00e1n este\u00a0viernes 25 de noviembre,\u00a0en punto de las 05:00 p.m, una\u00a0marcha conmemorativa al D\u00eda Internacional de la Eliminaci\u00f3n de la Violencia contra la Mujer, con el \u00e1nimo de visibilizar los\u2026","rel":"","context":"En &quot;CINTILLO&quot;","block_context":{"text":"CINTILLO","link":"https:\/\/www.grieta.org.mx\/index.php\/category\/cintillo\/"},"img":{"alt_text":"","src":"https:\/\/i0.wp.com\/www.grieta.org.mx\/wp-content\/uploads\/2022\/11\/marcha-bahia-violencia-cover.jpg?resize=350%2C200&ssl=1","width":350,"height":200,"srcset":"https:\/\/i0.wp.com\/www.grieta.org.mx\/wp-content\/uploads\/2022\/11\/marcha-bahia-violencia-cover.jpg?resize=350%2C200&ssl=1 1x, https:\/\/i0.wp.com\/www.grieta.org.mx\/wp-content\/uploads\/2022\/11\/marcha-bahia-violencia-cover.jpg?resize=525%2C300&ssl=1 1.5x, https:\/\/i0.wp.com\/www.grieta.org.mx\/wp-content\/uploads\/2022\/11\/marcha-bahia-violencia-cover.jpg?resize=700%2C400&ssl=1 2x"},"classes":[]},{"id":63952,"url":"https:\/\/www.grieta.org.mx\/index.php\/2022\/04\/06\/colectivos-reclaman-por-retiro-de-memorial-a-victimas-de-feminicidio-jalisco\/","url_meta":{"origin":64522,"position":3},"title":"Colectivos reclaman por retiro de memorial a v\u00edctimas de feminicidio (Jalisco)","author":"grieta","date":"6 abril, 2022","format":false,"excerpt":"Foto: Tribuna de la Bah\u00eda Berta Beltr\u00e1n \/ Tribuna de la Bah\u00eda Este mi\u00e9rcoles, diferentes colectivos de mujeres de\u00a0Puerto Vallarta, se\u00f1alaron que el Ayuntamiento municipal,\u00a0quit\u00f3 la cruz rosa que estaba colocada en el parque\u00a0de las Mujeres desde el 2018 y que forma parte de un memorial de las v\u00edctimas de\u2026","rel":"","context":"En &quot;CINTILLO&quot;","block_context":{"text":"CINTILLO","link":"https:\/\/www.grieta.org.mx\/index.php\/category\/cintillo\/"},"img":{"alt_text":"","src":"https:\/\/i0.wp.com\/www.grieta.org.mx\/wp-content\/uploads\/2022\/04\/violencia-contra-las-mujeres-2-cover.jpg?resize=350%2C200&ssl=1","width":350,"height":200,"srcset":"https:\/\/i0.wp.com\/www.grieta.org.mx\/wp-content\/uploads\/2022\/04\/violencia-contra-las-mujeres-2-cover.jpg?resize=350%2C200&ssl=1 1x, https:\/\/i0.wp.com\/www.grieta.org.mx\/wp-content\/uploads\/2022\/04\/violencia-contra-las-mujeres-2-cover.jpg?resize=525%2C300&ssl=1 1.5x, https:\/\/i0.wp.com\/www.grieta.org.mx\/wp-content\/uploads\/2022\/04\/violencia-contra-las-mujeres-2-cover.jpg?resize=700%2C400&ssl=1 2x"},"classes":[]},{"id":67839,"url":"https:\/\/www.grieta.org.mx\/index.php\/2023\/09\/26\/colima-no-garantiza-la-reparacion-del-dano-a-familiares-de-las-victimas-de-feminicidio\/","url_meta":{"origin":64522,"position":4},"title":"Colima no garantiza la reparaci\u00f3n del da\u00f1o a familiares de las v\u00edctimas de feminicidio","author":"grieta","date":"26 septiembre, 2023","format":false,"excerpt":"Imagen: Tomada de la Red Heidi de Le\u00f3n Guti\u00e9rrez \/ Diario Avanzada Colima, M\u00e9xico, Avanzada (26\/09\/2023).- Para la Comisi\u00f3n Nacional de Derechos Humanos, el Gobierno de Colima tiene pendiente\u00a0garantizar la reparaci\u00f3n del da\u00f1o a las v\u00edctimas indirectas menores de edad del delito de feminicidio. El organismo destaca que en 14\u2026","rel":"","context":"En &quot;CINTILLO&quot;","block_context":{"text":"CINTILLO","link":"https:\/\/www.grieta.org.mx\/index.php\/category\/cintillo\/"},"img":{"alt_text":"","src":"https:\/\/i0.wp.com\/www.grieta.org.mx\/wp-content\/uploads\/2023\/10\/feminicidio-mexico.webp?resize=350%2C200&ssl=1","width":350,"height":200,"srcset":"https:\/\/i0.wp.com\/www.grieta.org.mx\/wp-content\/uploads\/2023\/10\/feminicidio-mexico.webp?resize=350%2C200&ssl=1 1x, https:\/\/i0.wp.com\/www.grieta.org.mx\/wp-content\/uploads\/2023\/10\/feminicidio-mexico.webp?resize=525%2C300&ssl=1 1.5x, https:\/\/i0.wp.com\/www.grieta.org.mx\/wp-content\/uploads\/2023\/10\/feminicidio-mexico.webp?resize=700%2C400&ssl=1 2x"},"classes":[]},{"id":50747,"url":"https:\/\/www.grieta.org.mx\/index.php\/2020\/06\/12\/otro-feminicidio-en-badeba-nayarit\/","url_meta":{"origin":64522,"position":5},"title":"Otro feminicidio en Badeba (Nayarit)","author":"grieta","date":"12 junio, 2020","format":false,"excerpt":"Foto: Realidades de Nayarit Localizan embolsada a Cindy Anajeyse Mart\u00ednez Pe\u00f1a, quien hab\u00eda sido reportada como desaparecida a principios del mes V\u00edctor Trejo Olmos \/ Realidades de Nayarit Bah\u00eda de Banderas, Nayarit. Viernes 12 de junio del 2020.- La encuentran embolsada en camino sacacosechas de Bah\u00eda de Banderas. Presumen que\u2026","rel":"","context":"En &quot;CINTILLO&quot;","block_context":{"text":"CINTILLO","link":"https:\/\/www.grieta.org.mx\/index.php\/category\/cintillo\/"},"img":{"alt_text":"","src":"https:\/\/i0.wp.com\/www.grieta.org.mx\/wp-content\/uploads\/2020\/06\/jocelyn.jpg?resize=350%2C200&ssl=1","width":350,"height":200,"srcset":"https:\/\/i0.wp.com\/www.grieta.org.mx\/wp-content\/uploads\/2020\/06\/jocelyn.jpg?resize=350%2C200&ssl=1 1x, https:\/\/i0.wp.com\/www.grieta.org.mx\/wp-content\/uploads\/2020\/06\/jocelyn.jpg?resize=525%2C300&ssl=1 1.5x, https:\/\/i0.wp.com\/www.grieta.org.mx\/wp-content\/uploads\/2020\/06\/jocelyn.jpg?resize=700%2C400&ssl=1 2x"},"classes":[]}],"_links":{"self":[{"href":"https:\/\/www.grieta.org.mx\/index.php\/wp-json\/wp\/v2\/posts\/64522","targetHints":{"allow":["GET"]}}],"collection":[{"href":"https:\/\/www.grieta.org.mx\/index.php\/wp-json\/wp\/v2\/posts"}],"about":[{"href":"https:\/\/www.grieta.org.mx\/index.php\/wp-json\/wp\/v2\/types\/post"}],"author":[{"embeddable":true,"href":"https:\/\/www.grieta.org.mx\/index.php\/wp-json\/wp\/v2\/users\/2"}],"replies":[{"embeddable":true,"href":"https:\/\/www.grieta.org.mx\/index.php\/wp-json\/wp\/v2\/comments?post=64522"}],"version-history":[{"count":1,"href":"https:\/\/www.grieta.org.mx\/index.php\/wp-json\/wp\/v2\/posts\/64522\/revisions"}],"predecessor-version":[{"id":64525,"href":"https:\/\/www.grieta.org.mx\/index.php\/wp-json\/wp\/v2\/posts\/64522\/revisions\/64525"}],"wp:featuredmedia":[{"embeddable":true,"href":"https:\/\/www.grieta.org.mx\/index.php\/wp-json\/wp\/v2\/media\/64524"}],"wp:attachment":[{"href":"https:\/\/www.grieta.org.mx\/index.php\/wp-json\/wp\/v2\/media?parent=64522"}],"wp:term":[{"taxonomy":"category","embeddable":true,"href":"https:\/\/www.grieta.org.mx\/index.php\/wp-json\/wp\/v2\/categories?post=64522"},{"taxonomy":"post_tag","embeddable":true,"href":"https:\/\/www.grieta.org.mx\/index.php\/wp-json\/wp\/v2\/tags?post=64522"}],"curies":[{"name":"wp","href":"https:\/\/api.w.org\/{rel}","templated":true}]}}