{"id":64516,"date":"2022-07-08T12:19:02","date_gmt":"2022-07-08T17:19:02","guid":{"rendered":"https:\/\/www.grieta.org.mx\/?p=64516"},"modified":"2022-07-10T12:30:49","modified_gmt":"2022-07-10T17:30:49","slug":"7-de-julio-no-se-olvida-9-anos-sin-justicia-jalisco","status":"publish","type":"post","link":"https:\/\/www.grieta.org.mx\/index.php\/2022\/07\/08\/7-de-julio-no-se-olvida-9-anos-sin-justicia-jalisco\/","title":{"rendered":"\u201c7 de julio no se olvida\u201d: 9 a\u00f1os sin justicia (Jalisco)"},"content":{"rendered":"<p>Imagen: Zona Docs<\/p>\n<p><strong>Han pasado 9 a\u00f1os desde que \u00c1ngel, Daniel, Eduardo, Jos\u00e9 Gerardo, Rodrigo, Marco y Cristian fueron desaparecidos y localizados sin vida el 7 de julio de 2013 en Lagos de Moreno, Jalisco.<\/strong><\/p>\n<p><strong>Como cada aniversario, sus familiares y personas solidarias participaron en una marcha pac\u00edfica y un acto religioso para guardar en la memoria su recuerdo; sin embargo, aseguran que este a\u00f1o es distinto, se han agotado las ganas de decirle al Gobierno cu\u00e1nto ha lastimado su omisi\u00f3n y cu\u00e1nto podr\u00edan haber hecho.<\/strong><\/p>\n<p><strong>Ya que la convocatoria es tambi\u00e9n un llamado a la unidad de quienes han sido v\u00edctimas de la desaparici\u00f3n de un ser querido en este municipio de la regi\u00f3n Altos Norte de Jalisco, familiares de personas desaparecidas marcharon a su lado en solidaridad y demandando tambi\u00e9n el regreso de sus amores.<\/strong><\/p>\n<p>Dalia Souza y Darwin Franco \/ Zona Docs<\/p>\n<p>La madrugada del 7 de julio de 2013 en Lagos de Moreno, Jalisco,\u00a0<strong>seis j\u00f3venes y un adulto fueron desaparecidos.<\/strong>\u00a0Cuatro de los seis muchachos (\u00c1ngel de Jes\u00fas de 19 a\u00f1os, Daniel de 22, Eduardo de 21 y Gerardo de 18) caminaban juntos por una de las avenidas principales de la ciudad rumbo a la casa de Daniel tras celebrar el cumplea\u00f1os de Eduardo, cuando,\u00a0<strong>un grupo de sujetos armados a bordo de una camioneta con \u201ctorreta\u201d les intercept\u00f3 para llev\u00e1rselos contra su voluntad.<\/strong>\u00a0A los otros dos j\u00f3venes, Cristian de 18 a\u00f1os y a Marco de 19, se los llevaron a cada uno de puntos diferentes; mientras que a Rodrigo el adulto\u2013, lo extrajeron de manera violenta de su propia casa.<\/p>\n<p>Un mes despu\u00e9s, luego de manifestaciones y protestas que buscaban llamar la atenci\u00f3n del entonces presidente municipal\u00a0<strong>Hugo Ren\u00e9 Ruiz Esparza Hermosillo<\/strong>, el Fiscal General del Estado Luis Carlos N\u00e1jera y el Gobernador en turno\u00a0<strong>Arist\u00f3teles Sandoval<\/strong>, fueron localizados sin vida en un predio ubicado en una brecha que lleva hacia la comunidad de La Sauceda.<\/p>\n<p>As\u00ed, en el\u00a0<strong>noveno aniversario de la tragedia del 7 de julio,<\/strong>\u00a0salieron a protestar pac\u00edficamente para que el recuerdo de sus hijos y hermanos permanezca intacto en la memoria colectiva, para que nadie olvide que\u00a0<strong>este d\u00eda marc\u00f3 un antes y un despu\u00e9s no s\u00f3lo para sus familias, sino para todo Lagos de Moreno, Jalisco.<\/strong><\/p>\n<p><strong>\u201cHoy no hay reclamos al gobierno, no tengo ganas de decirles su precio\u201d<\/strong>\u00a0afirma Ana Teresa Hern\u00e1ndez, madre de \u00c1ngel de Jes\u00fas en el aniversario de la tragedia,\u00a0<strong>\u201cs\u00f3lo hay ganas de seguir viviendo y alentar a mis hijas a que lo hagan, pues la tragedia de quedarse sin su hermano les ha marcado para siempre\u201d<\/strong>\u00a0manifiesta.<\/p>\n<p>Cuando\u00a0<strong>\u00c1ngel, Daniel, Eduardo, Jos\u00e9 Gerardo, Rodrigo, Marco y Cristian<\/strong>\u00a0fueron desaparecidos, las estad\u00edsticas oficiales apenas contabilizaban, (entre 2013 y 2014),\u00a0<strong>106 personas desaparecidas en toda la Regi\u00f3n Altos Norte,<\/strong>\u00a0entre estas, la Unidad de Transparencia de la entonces Fiscal\u00eda General del Estado de Jalisco, aseguraba que\u00a0<strong>67 hab\u00edan sido localizadas y que 39 permanec\u00edan con paradero desconocido.<\/strong><\/p>\n<p>Nueve a\u00f1os despu\u00e9s, s\u00f3lo el municipio de Lagos de Moreno concentra\u00a0<strong>569 desapariciones; 469 hombres y 100 mujeres,\u00a0<\/strong>quienes a\u00fan no han regresado a sus hogares; de acuerdo con el Registro Nacional de Personas Desaparecidas y No Localizadas.<\/p>\n<p>\u201cMi deseo siempre ser\u00e1 que todas las personas desaparecidas regresen a sus hogares y que las personas involucradas sean sentenciadas\u201d afirma Ana Teresa.<\/p>\n<p>Por ello, reconociendo la magnitud de la tragedia que tambi\u00e9n vivieron, las familias de estos j\u00f3venes y un adulto, convocaron a quienes en este municipio tienen un ser querido desaparecido a sumarse a su manifestaci\u00f3n pac\u00edfica, pues saben que\u00a0<strong>la uni\u00f3n y la visibilidad fueron factor importante para presionar a las autoridades en 2013.<\/strong><\/p>\n<p>Respecto a este caso s\u00f3lo se han aprehendido a nueve de los 29 responsables, esto de acuerdo con la averiguaci\u00f3n previa\u00a0<strong>2999\/2013 radicada en la Agencia del Ministerio P\u00fablico especializado.<\/strong>\u00a0En 2015, el \u00faltimo en ser detenido fue Francisco Javier \u201cN\u201d.<\/p>\n<p>Sin embargo, en diciembre de 2021,\u00a0<strong>Jos\u00e9 Guadalupe \u201cN\u201d,<\/strong>\u00a0integrante del Cartel Jalisco Nueva Generaci\u00f3n y detenido por estos eventos,\u00a0<strong>se fug\u00f3 del Reclusorio Metropolitano falsificando documentos y saliendo a pie del penal<\/strong>, esto en complicidad con una funcionaria del \u00e1rea jur\u00eddica del reclusorio. Luego de m\u00e1s de tres meses y tras darse a conocer la noticia por diversos medios de comunicaci\u00f3n, el Fiscal de Jalisco, Luis Joaqu\u00edn M\u00e9ndez,\u00a0<strong>inform\u00f3 de la localizaci\u00f3n de este hombre en Lagos de Moreno.<\/strong><\/p>\n<p>La impunidad a 9 a\u00f1os impera, pero\u00a0<strong>el deseo de justicia se mantiene en quienes han decidido no olvidar.<\/strong><\/p>\n<p><a href=\"https:\/\/www.zonadocs.mx\/2022\/07\/08\/07-de-julio-no-se-olvida-9-anos-sin-justicia\/\">https:\/\/www.zonadocs.mx\/2022\/07\/08\/07-de-julio-no-se-olvida-9-anos-sin-justicia\/<\/a><\/p>\n","protected":false},"excerpt":{"rendered":"<p>Imagen: Zona Docs Han pasado 9 a\u00f1os desde que \u00c1ngel, Daniel, Eduardo, Jos\u00e9 Gerardo, Rodrigo, Marco y Cristian fueron desaparecidos y localizados sin vida el 7 de julio de 2013 &hellip; <a href=\"https:\/\/www.grieta.org.mx\/index.php\/2022\/07\/08\/7-de-julio-no-se-olvida-9-anos-sin-justicia-jalisco\/\" class=\"more-link\">Leer m\u00e1s<\/a><\/p>\n","protected":false},"author":2,"featured_media":64517,"comment_status":"closed","ping_status":"closed","sticky":false,"template":"","format":"standard","meta":{"ngg_post_thumbnail":0,"_jetpack_newsletter_access":"","_jetpack_dont_email_post_to_subs":false,"_jetpack_newsletter_tier_id":0,"_jetpack_memberships_contains_paywalled_content":false,"_jetpack_memberships_contains_paid_content":false,"footnotes":""},"categories":[80,87,1032,20,2,83],"tags":[3791,121,1668,1074],"class_list":["post-64516","post","type-post","status-publish","format-standard","has-post-thumbnail","hentry","category-cintillo","category-desaparecidos","category-desaparecidos-en-jalisco","category-jalisco","category-noticias-nacionales","category-temas-nacionales","tag-acciones-por-desaparecidos","tag-desaparecidos","tag-familiares-de-desaparecidos","tag-protestas-contra-la-desaparicion-de-personas","entry"],"jetpack_featured_media_url":"https:\/\/www.grieta.org.mx\/wp-content\/uploads\/2022\/07\/photo1657259451-1068x710-1.jpeg","jetpack_sharing_enabled":true,"jetpack_shortlink":"https:\/\/wp.me\/p7ZJR4-gMA","jetpack_likes_enabled":false,"jetpack-related-posts":[{"id":39368,"url":"https:\/\/www.grieta.org.mx\/index.php\/2019\/09\/13\/espera-colectivo-desaparecidos-de-colima-localizar-a-sus-familiares-en-jalisco\/","url_meta":{"origin":64516,"position":0},"title":"Espera colectivo Desaparecidos de Colima localizar a sus familiares en Jalisco","author":"grieta","date":"13 septiembre, 2019","format":false,"excerpt":"Foto: El Comentario Juan Ram\u00f3n Jim\u00e9nez Fuentes \/ El Comentario La representante del\u00a0colectivo Desaparecidos de Colima, Carmen Sep\u00falveda, dio a conocer que\u00a0familiares\u00a0de personas desaparecidas\u00a0viajar\u00e1n\u00a0 al estado de Jalisco, luego de que se dio a conocer el\u00a0hallazgo de m\u00e1s de 115 bolsas\u00a0que conten\u00edan\u00a0restos humanos\u00a0en el municipio de\u00a0Zapopan. De acuerdo a lo\u2026","rel":"","context":"En &quot;CINTILLO&quot;","block_context":{"text":"CINTILLO","link":"https:\/\/www.grieta.org.mx\/index.php\/category\/cintillo\/"},"img":{"alt_text":"","src":"https:\/\/i0.wp.com\/www.grieta.org.mx\/wp-content\/uploads\/2019\/09\/11ad6d8c109d4d0d3718085ea877bbc8-6.jpg?resize=350%2C200&ssl=1","width":350,"height":200,"srcset":"https:\/\/i0.wp.com\/www.grieta.org.mx\/wp-content\/uploads\/2019\/09\/11ad6d8c109d4d0d3718085ea877bbc8-6.jpg?resize=350%2C200&ssl=1 1x, https:\/\/i0.wp.com\/www.grieta.org.mx\/wp-content\/uploads\/2019\/09\/11ad6d8c109d4d0d3718085ea877bbc8-6.jpg?resize=525%2C300&ssl=1 1.5x, https:\/\/i0.wp.com\/www.grieta.org.mx\/wp-content\/uploads\/2019\/09\/11ad6d8c109d4d0d3718085ea877bbc8-6.jpg?resize=700%2C400&ssl=1 2x"},"classes":[]},{"id":64530,"url":"https:\/\/www.grieta.org.mx\/index.php\/2022\/07\/06\/la-fiscalia-no-ha-hecho-nada-por-encontrar-a-octavio-y-francisco-jalisco\/","url_meta":{"origin":64516,"position":1},"title":"\u201cLa Fiscal\u00eda no ha hecho nada por encontrar a Octavio y Francisco\u201d (Jalisco)","author":"grieta","date":"6 julio, 2022","format":false,"excerpt":"Imagen: Mario Marlo Octavio Serrano Fragua y Francisco Javier Fajardo Barocio fueron desaparecidos el 1 de julio de su propio trabajo cerca de la colonia Bugambilias en Zapopan, Jalisco; ante las pocas acciones de b\u00fasqueda de la Fiscal\u00eda del Estado de Jalisco, familiares y amigos de ambos j\u00f3venes se manifestaron\u2026","rel":"","context":"En &quot;CINTILLO&quot;","block_context":{"text":"CINTILLO","link":"https:\/\/www.grieta.org.mx\/index.php\/category\/cintillo\/"},"img":{"alt_text":"","src":"https:\/\/i0.wp.com\/www.grieta.org.mx\/wp-content\/uploads\/2022\/07\/photo5634072502313527243.jpg?resize=350%2C200&ssl=1","width":350,"height":200,"srcset":"https:\/\/i0.wp.com\/www.grieta.org.mx\/wp-content\/uploads\/2022\/07\/photo5634072502313527243.jpg?resize=350%2C200&ssl=1 1x, https:\/\/i0.wp.com\/www.grieta.org.mx\/wp-content\/uploads\/2022\/07\/photo5634072502313527243.jpg?resize=525%2C300&ssl=1 1.5x, https:\/\/i0.wp.com\/www.grieta.org.mx\/wp-content\/uploads\/2022\/07\/photo5634072502313527243.jpg?resize=700%2C400&ssl=1 2x, https:\/\/i0.wp.com\/www.grieta.org.mx\/wp-content\/uploads\/2022\/07\/photo5634072502313527243.jpg?resize=1050%2C600&ssl=1 3x"},"classes":[]},{"id":43156,"url":"https:\/\/www.grieta.org.mx\/index.php\/2020\/01\/13\/familiares-en-jalisco-convocan-a-primera-marcha-por-desaparecidos-en-el-estado\/","url_meta":{"origin":64516,"position":2},"title":"Familiares en Jalisco convocan a primera marcha por desaparecidos en el estado","author":"grieta","date":"13 enero, 2020","format":false,"excerpt":"Imagen: Zona Docs Con el lema \u201cporque cada d\u00eda que pasa su ausencia duele\u201d familiares de personas desaparecidas en Jalisco convocaron a la primera marcha pac\u00edfica del a\u00f1o para demandar el regreso de sus seres queridos. La caminata se llevar\u00e1 a cabo el pr\u00f3ximo domingo 26 de enero a las\u2026","rel":"","context":"En &quot;CINTILLO&quot;","block_context":{"text":"CINTILLO","link":"https:\/\/www.grieta.org.mx\/index.php\/category\/cintillo\/"},"img":{"alt_text":"","src":"https:\/\/i0.wp.com\/www.grieta.org.mx\/wp-content\/uploads\/2020\/01\/Unknown-8-2-1200x640.jpeg?resize=350%2C200&ssl=1","width":350,"height":200,"srcset":"https:\/\/i0.wp.com\/www.grieta.org.mx\/wp-content\/uploads\/2020\/01\/Unknown-8-2-1200x640.jpeg?resize=350%2C200&ssl=1 1x, https:\/\/i0.wp.com\/www.grieta.org.mx\/wp-content\/uploads\/2020\/01\/Unknown-8-2-1200x640.jpeg?resize=525%2C300&ssl=1 1.5x, https:\/\/i0.wp.com\/www.grieta.org.mx\/wp-content\/uploads\/2020\/01\/Unknown-8-2-1200x640.jpeg?resize=700%2C400&ssl=1 2x, https:\/\/i0.wp.com\/www.grieta.org.mx\/wp-content\/uploads\/2020\/01\/Unknown-8-2-1200x640.jpeg?resize=1050%2C600&ssl=1 3x"},"classes":[]},{"id":65052,"url":"https:\/\/www.grieta.org.mx\/index.php\/2022\/08\/31\/gobierno-estatal-desaparece-a-los-desaparecidos-colectivos-jalisco\/","url_meta":{"origin":64516,"position":3},"title":"Gobierno estatal desaparece a los desaparecidos: colectivos (Jalisco)","author":"grieta","date":"31 agosto, 2022","format":false,"excerpt":"Imagen: Lauro Rodr\u00edguez Lauro Rodr\u00edguez \/ El Diario NTR L\u00edderes de colectivos de b\u00fasqueda se\u00f1alaron que el gobierno de Jalisco le apuesta a desaparecer a los desaparecidos como la \u00fanica estrategia para tratar de terminar con esta problem\u00e1tica. Guadalupe Aguilar, del colectivo Familias Unidas por Nuestros Desaparecidos Jalisco (Fundej), describi\u00f3\u2026","rel":"","context":"En &quot;CINTILLO&quot;","block_context":{"text":"CINTILLO","link":"https:\/\/www.grieta.org.mx\/index.php\/category\/cintillo\/"},"img":{"alt_text":"","src":"https:\/\/i0.wp.com\/www.grieta.org.mx\/wp-content\/uploads\/2022\/08\/2022-08-31_01-08-13___5555.jpg?resize=350%2C200&ssl=1","width":350,"height":200,"srcset":"https:\/\/i0.wp.com\/www.grieta.org.mx\/wp-content\/uploads\/2022\/08\/2022-08-31_01-08-13___5555.jpg?resize=350%2C200&ssl=1 1x, https:\/\/i0.wp.com\/www.grieta.org.mx\/wp-content\/uploads\/2022\/08\/2022-08-31_01-08-13___5555.jpg?resize=525%2C300&ssl=1 1.5x, https:\/\/i0.wp.com\/www.grieta.org.mx\/wp-content\/uploads\/2022\/08\/2022-08-31_01-08-13___5555.jpg?resize=700%2C400&ssl=1 2x"},"classes":[]},{"id":52662,"url":"https:\/\/www.grieta.org.mx\/index.php\/2020\/08\/11\/https-www-proceso-com-mx-642817-familiares-de-desaparecidos-rechazan-plazo-del-congreso-de-jalisco-para-discutir-iniciativas-de-ley\/","url_meta":{"origin":64516,"position":4},"title":"Familiares de desaparecidos rechazan plazo del Congreso de Jalisco para discutir iniciativas de ley (Jalisco)","author":"grieta","date":"11 agosto, 2020","format":false,"excerpt":"Foto: Twitter Gloria Reza M. \/ Proceso GUADALAJARA, Jal. (apro).- Ocho organizaciones y familias de desaparecidos rechazaron el plazo que estableci\u00f3 el Congreso local para discutir tres iniciativas de ley: de Personas Desaparecidas, de Declaraci\u00f3n Especial de Ausencia por Desaparici\u00f3n y de V\u00edctimas del Estado de Jalisco. Calificaron como una\u2026","rel":"","context":"En &quot;CINTILLO&quot;","block_context":{"text":"CINTILLO","link":"https:\/\/www.grieta.org.mx\/index.php\/category\/cintillo\/"},"img":{"alt_text":"","src":"https:\/\/i0.wp.com\/www.grieta.org.mx\/wp-content\/uploads\/2018\/03\/14524434_1106112876131411_958039263622046936_o.jpg?resize=350%2C200&ssl=1","width":350,"height":200,"srcset":"https:\/\/i0.wp.com\/www.grieta.org.mx\/wp-content\/uploads\/2018\/03\/14524434_1106112876131411_958039263622046936_o.jpg?resize=350%2C200&ssl=1 1x, https:\/\/i0.wp.com\/www.grieta.org.mx\/wp-content\/uploads\/2018\/03\/14524434_1106112876131411_958039263622046936_o.jpg?resize=525%2C300&ssl=1 1.5x, https:\/\/i0.wp.com\/www.grieta.org.mx\/wp-content\/uploads\/2018\/03\/14524434_1106112876131411_958039263622046936_o.jpg?resize=700%2C400&ssl=1 2x"},"classes":[]},{"id":60186,"url":"https:\/\/www.grieta.org.mx\/index.php\/2021\/06\/21\/familiares-exigen-resultados-en-busqueda-de-desaparecidos-jalisco\/","url_meta":{"origin":64516,"position":5},"title":"Familiares exigen resultados en b\u00fasqueda de desaparecidos (Jalisco)","author":"grieta","date":"21 junio, 2021","format":false,"excerpt":"Foto: Edgar Flores Edgar Flores \/ El Diario NTR Familiares de cinco j\u00f3venes desaparecidos se manifiestan en Palacio de Gobierno luego de haber partido esta ma\u00f1ana desde la Glorieta de los Ni\u00f1os H\u00e9roes. Exigen respuesta por parte de las autoridades, a quienes acusan de ser omisas y de filtrar v\u00eddeos\u2026","rel":"","context":"En &quot;CINTILLO&quot;","block_context":{"text":"CINTILLO","link":"https:\/\/www.grieta.org.mx\/index.php\/category\/cintillo\/"},"img":{"alt_text":"","src":"https:\/\/i0.wp.com\/www.grieta.org.mx\/wp-content\/uploads\/2021\/06\/2021-06-21_01-06-06___8810.jpg?resize=350%2C200&ssl=1","width":350,"height":200,"srcset":"https:\/\/i0.wp.com\/www.grieta.org.mx\/wp-content\/uploads\/2021\/06\/2021-06-21_01-06-06___8810.jpg?resize=350%2C200&ssl=1 1x, https:\/\/i0.wp.com\/www.grieta.org.mx\/wp-content\/uploads\/2021\/06\/2021-06-21_01-06-06___8810.jpg?resize=525%2C300&ssl=1 1.5x, https:\/\/i0.wp.com\/www.grieta.org.mx\/wp-content\/uploads\/2021\/06\/2021-06-21_01-06-06___8810.jpg?resize=700%2C400&ssl=1 2x"},"classes":[]}],"_links":{"self":[{"href":"https:\/\/www.grieta.org.mx\/index.php\/wp-json\/wp\/v2\/posts\/64516","targetHints":{"allow":["GET"]}}],"collection":[{"href":"https:\/\/www.grieta.org.mx\/index.php\/wp-json\/wp\/v2\/posts"}],"about":[{"href":"https:\/\/www.grieta.org.mx\/index.php\/wp-json\/wp\/v2\/types\/post"}],"author":[{"embeddable":true,"href":"https:\/\/www.grieta.org.mx\/index.php\/wp-json\/wp\/v2\/users\/2"}],"replies":[{"embeddable":true,"href":"https:\/\/www.grieta.org.mx\/index.php\/wp-json\/wp\/v2\/comments?post=64516"}],"version-history":[{"count":1,"href":"https:\/\/www.grieta.org.mx\/index.php\/wp-json\/wp\/v2\/posts\/64516\/revisions"}],"predecessor-version":[{"id":64518,"href":"https:\/\/www.grieta.org.mx\/index.php\/wp-json\/wp\/v2\/posts\/64516\/revisions\/64518"}],"wp:featuredmedia":[{"embeddable":true,"href":"https:\/\/www.grieta.org.mx\/index.php\/wp-json\/wp\/v2\/media\/64517"}],"wp:attachment":[{"href":"https:\/\/www.grieta.org.mx\/index.php\/wp-json\/wp\/v2\/media?parent=64516"}],"wp:term":[{"taxonomy":"category","embeddable":true,"href":"https:\/\/www.grieta.org.mx\/index.php\/wp-json\/wp\/v2\/categories?post=64516"},{"taxonomy":"post_tag","embeddable":true,"href":"https:\/\/www.grieta.org.mx\/index.php\/wp-json\/wp\/v2\/tags?post=64516"}],"curies":[{"name":"wp","href":"https:\/\/api.w.org\/{rel}","templated":true}]}}