{"id":64512,"date":"2022-07-07T11:26:23","date_gmt":"2022-07-07T16:26:23","guid":{"rendered":"https:\/\/www.grieta.org.mx\/?p=64512"},"modified":"2022-07-10T11:36:13","modified_gmt":"2022-07-10T16:36:13","slug":"el-comite-en-defensa-del-bosque-nixticuil-denuncia-amenazas-en-contra-de-sus-integrantes-jalisco","status":"publish","type":"post","link":"https:\/\/www.grieta.org.mx\/index.php\/2022\/07\/07\/el-comite-en-defensa-del-bosque-nixticuil-denuncia-amenazas-en-contra-de-sus-integrantes-jalisco\/","title":{"rendered":"El Comit\u00e9 en Defensa del Bosque Nixticuil denuncia amenazas en contra de sus integrantes (Jalisco)"},"content":{"rendered":"<p>Imagen: Somos El Medio<\/p>\n<p><strong>Hay dos carpetas de investigaci\u00f3n abiertas en contra de integrantes del Comit\u00e9 en Defensa del Bosque Nixticuil<\/strong><\/p>\n<p>Adriana G\u00f3mez \/ Somos El Medio<\/p>\n<p>Los integrantes del<strong>\u00a0Comit\u00e9 en Defensa del Bosque Nixticuil del municipio de Zapopan,<\/strong>\u00a0Jalisco, a trav\u00e9s de un comunicado, dieron a conocer las carpetas de investigaci\u00f3n de criminalizaci\u00f3n en su contra por parte de la Fiscal\u00eda General de la Rep\u00fablica (FGR). Las denuncias son violaciones a los derechos humanos y a un medio ambiente sano mediante juicios de amparo.<\/p>\n<p>El pasado lunes 31 de mayo de 2022 integrantes del Comit\u00e9 en Defensa del Bosque Nixticuil asistieron a las oficinas de la FGR a realizar un tramite administrativo, sin embargo, uno de los integrantes fue retenido de forma ilegal, en dicho organismo por tres agentes que le cuestionaron sobre el domicilio donde habita, adem\u00e1s de que le dieron a conocer que,\u00a0<b>Velvet Ram\u00edrez, Mart\u00edn Ruvalcaba, H\u00e9ctor Aguilar Far\u00edas y Sof\u00eda Herrera<\/b>, defensores del bosque El Nixticuil, cuentan con una carpeta de investigaci\u00f3n abierta en su contra.<\/p>\n<p>Estos defensores del bosque El Nixticuil, presentaron diversas demandas en contra de la desarrolladora\u00a0<strong>Inmobiliaria Jarha S.A. DE CV y Contruvida SAPI. De C, V.\u00a0<\/strong>Esta inmobiliaria construye un fraccionamiento \u201cMiralto Residencial\u201d que se encuentra cercana del Bosque Nixticuil, declarado como \u00e1rea natural protegida; lo que ellos pretenden es que se quiten y tengan como fin un desarrollo Urbano de Zapopan, pero ha emergido una serie de obst\u00e1culos por parte del Poder Judicial Federal que perjudica la defensa legal del bosque El Nixticuil.<\/p>\n<p>Con la fecha del pasado d\u00eda 1\u00b0 de junio de 2022, se\u00f1alaron que se obtuvieron\u00a0<strong>dos carpetas de investigaci\u00f3n<\/strong>\u00a0con n\u00famero FED\/JAL\/GDL\/0001742\/2022, FED\/JAL\/GDL0003860\/2021,\u00a0<strong>en contra de los miembros del Comit\u00e9 en Defensa del Bosque Nixticuil<\/strong>\u00a0cuyos nombres son: Juan Carlos Flores Sol\u00eds y Anna Elizabeth Cabral Pacheco, asesores legales y acompa\u00f1antes del Comit\u00e9.<\/p>\n<p>Ante estos casos, las autoridades han omitido la notificaci\u00f3n adecuada a las personas denunciadas, lo cual crea una vulnerabilidad frente a las acciones penales, asimismo se les ha negado el acceso a las carpetas en su contra.<\/p>\n<p>Por su parte, las y los integrantes del Comit\u00e9 denunciaron ser hostigados y criminalizados por las inmobiliarias que est\u00e1n invadiendo el Bosque Nixticuil y el gobierno de Zapopan, las inmobiliarias amenazas con 2 mil hect\u00e1reas del Bosque Nixticuil las cuales quedaron fuera del decreto de esta \u00e1rea natural protegida.<\/p>\n<p><strong>Las peticiones del Comit\u00e9 en Defensa del Bosque Nixticuil al gobierno mexicano son:\u00a0<\/strong><\/p>\n<ul>\n<li>Se de la orden de determinaci\u00f3n del No ej\u00e9rcito de la acci\u00f3n penal en las diversas carpetas de investigaci\u00f3n integrada por la PGR en contra de Velvet Ram\u00edrez, Martin Ruvalcaba, H\u00e9ctor Aguilar Farias, Sofia Herrera, Ana Elizabeth, Cabral Pacheco y Juan Carlos Flores Sol\u00eds.<\/li>\n<li>Se garantice el derecho al debido proceso de las personas involucradas en las carpetas d investigaci\u00f3n y se les permita pleno acceso a la mismas.<\/li>\n<li>Se garantice en todo momento la integridad f\u00edsica, la vida y la seguridad de las personas que conforman el Comit\u00e9 en defensa del Bosque El Nixticuil del municipio de Zapopan, Jalisco.<\/li>\n<li>Sean incorporadas al Mecanismo de Protecci\u00f3n de personas defensoras y periodistas a todas las personas que integran el Comit\u00e9 en Defensa del Bosque y se otorgue el reconocimiento p\u00fablico como personas defensoras de la tierra y el territorio.<\/li>\n<\/ul>\n<p>En el a\u00f1o 2005, surgi\u00f3 el comit\u00e9 en Defensa del Bosque El Nixticuil, con el prop\u00f3sito de defender y conservar el bosque, pero tambi\u00e9n de evitar que las empresas como estas inmobiliarias\u00a0 exploten las \u00e1reas naturales, esto con el respaldo de las autoridades municipales de Zapopan.<\/p>\n<p><a href=\"https:\/\/www.somoselmedio.com\/2022\/07\/07\/el-comite-en-defensa-del-bosque-nixticuil-denuncia-amenazas-en-contra-de-sus-integrantes\/\">https:\/\/www.somoselmedio.com\/2022\/07\/07\/el-comite-en-defensa-del-bosque-nixticuil-denuncia-amenazas-en-contra-de-sus-integrantes\/<\/a><\/p>\n","protected":false},"excerpt":{"rendered":"<p>Imagen: Somos El Medio Hay dos carpetas de investigaci\u00f3n abiertas en contra de integrantes del Comit\u00e9 en Defensa del Bosque Nixticuil Adriana G\u00f3mez \/ Somos El Medio Los integrantes del\u00a0Comit\u00e9 &hellip; <a href=\"https:\/\/www.grieta.org.mx\/index.php\/2022\/07\/07\/el-comite-en-defensa-del-bosque-nixticuil-denuncia-amenazas-en-contra-de-sus-integrantes-jalisco\/\" class=\"more-link\">Leer m\u00e1s<\/a><\/p>\n","protected":false},"author":2,"featured_media":64514,"comment_status":"closed","ping_status":"closed","sticky":false,"template":"","format":"standard","meta":{"ngg_post_thumbnail":0,"_jetpack_newsletter_access":"","_jetpack_dont_email_post_to_subs":false,"_jetpack_newsletter_tier_id":0,"_jetpack_memberships_contains_paywalled_content":false,"_jetpack_memberships_contains_paid_content":false,"footnotes":""},"categories":[2859,80,2374,20,2],"tags":[2860,459,1210,1412,231,2942,3699],"class_list":["post-64512","post","type-post","status-publish","format-standard","has-post-thumbnail","hentry","category-amenazas-contra-activistas-en-jalisco","category-cintillo","category-conflictos-por-desarrollos-inmobiliarios-en-jalisco","category-jalisco","category-noticias-nacionales","tag-amenazas-contra-activistas","tag-ataques-a-defensores-ambientales","tag-conflictos-por-desarrollos-inmobiliarios","tag-defensa-de-los-bosques","tag-defensores-ambientales","tag-despojo-de-tierras-por-inmobiliarias","tag-destruccion-ambiental-por-proyectos-inmobiliarios","entry"],"jetpack_featured_media_url":"https:\/\/www.grieta.org.mx\/wp-content\/uploads\/2022\/07\/asdfghj.jpg","jetpack_sharing_enabled":true,"jetpack_shortlink":"https:\/\/wp.me\/p7ZJR4-gMw","jetpack_likes_enabled":false,"jetpack-related-posts":[{"id":65942,"url":"https:\/\/www.grieta.org.mx\/index.php\/2022\/12\/07\/organizaciones-exigen-frenar-el-hostigamiento-judicial-hacia-defensores-del-nixticuil-jalisco\/","url_meta":{"origin":64512,"position":0},"title":"Organizaciones exigen frenar el hostigamiento judicial hacia defensores del Nixticuil (Jalisco)","author":"grieta","date":"7 diciembre, 2022","format":false,"excerpt":"Imagen: Cortes\u00eda Lauro Rodr\u00edguez \/ El Diario NTR De nueva cuenta, defensores del bosque El Nixticuil son blanco de hostigamiento judicial, acusaron organizaciones civiles que respaldan a los activistas. De acuerdo con un comunicado firmado por la Red TDT, el Centro de Justicia para la Paz y el Desarrollo (Cepad),\u2026","rel":"","context":"En &quot;CINTILLO&quot;","block_context":{"text":"CINTILLO","link":"https:\/\/www.grieta.org.mx\/index.php\/category\/cintillo\/"},"img":{"alt_text":"","src":"https:\/\/i0.wp.com\/www.grieta.org.mx\/wp-content\/uploads\/2022\/12\/2022-12-07_05-12-14___8829.jpg?resize=350%2C200&ssl=1","width":350,"height":200,"srcset":"https:\/\/i0.wp.com\/www.grieta.org.mx\/wp-content\/uploads\/2022\/12\/2022-12-07_05-12-14___8829.jpg?resize=350%2C200&ssl=1 1x, https:\/\/i0.wp.com\/www.grieta.org.mx\/wp-content\/uploads\/2022\/12\/2022-12-07_05-12-14___8829.jpg?resize=525%2C300&ssl=1 1.5x, https:\/\/i0.wp.com\/www.grieta.org.mx\/wp-content\/uploads\/2022\/12\/2022-12-07_05-12-14___8829.jpg?resize=700%2C400&ssl=1 2x"},"classes":[]},{"id":55623,"url":"https:\/\/www.grieta.org.mx\/index.php\/2020\/12\/04\/denuncian-muerte-de-fauna-silvestre-a-causa-de-fraccionamientos-jalisco\/","url_meta":{"origin":64512,"position":1},"title":"Denuncian muerte de fauna silvestre a causa de fraccionamientos (Jalisco)","author":"grieta","date":"4 diciembre, 2020","format":false,"excerpt":"Foto: Twitter @bosqueixticuil Lauto Rodr\u00edguez \/ El Diario NTR Activistas del Comit\u00e9 en Defensa del Bosque del Nixticuil denunciaron en redes sociales que la construcci\u00f3n de nuevos fraccionamientos auspiciados por el gobierno municipal de Zapopan, provoca que la fauna silvestre tenga que desplazarse y se ponga en riesgo permanente. Justo\u2026","rel":"","context":"En &quot;CINTILLO&quot;","block_context":{"text":"CINTILLO","link":"https:\/\/www.grieta.org.mx\/index.php\/category\/cintillo\/"},"img":{"alt_text":"","src":"https:\/\/i0.wp.com\/www.grieta.org.mx\/wp-content\/uploads\/2020\/12\/2020-12-04_02-12-44___2968.jpg?resize=350%2C200&ssl=1","width":350,"height":200,"srcset":"https:\/\/i0.wp.com\/www.grieta.org.mx\/wp-content\/uploads\/2020\/12\/2020-12-04_02-12-44___2968.jpg?resize=350%2C200&ssl=1 1x, https:\/\/i0.wp.com\/www.grieta.org.mx\/wp-content\/uploads\/2020\/12\/2020-12-04_02-12-44___2968.jpg?resize=525%2C300&ssl=1 1.5x, https:\/\/i0.wp.com\/www.grieta.org.mx\/wp-content\/uploads\/2020\/12\/2020-12-04_02-12-44___2968.jpg?resize=700%2C400&ssl=1 2x"},"classes":[]},{"id":64245,"url":"https:\/\/www.grieta.org.mx\/index.php\/2022\/05\/18\/desarrollo-inmobiliario-pone-en-riesgo-el-corredor-hidrologico-del-bosque-nixticuil-en-zapopan-jalisco\/","url_meta":{"origin":64512,"position":2},"title":"Desarrollo inmobiliario pone en riesgo el corredor hidrol\u00f3gico del Bosque Nixticuil en Zapopan (Jalisco)","author":"grieta","date":"18 mayo, 2022","format":false,"excerpt":"Foto: Archivo \/ UDGTV Mar\u00eda Ram\u00edrez Blanco \/ UDGTV Guadalajara, Jalisco.\u00a0\u00a0El\u00a0Comit\u00e9 para la Defensa del Bosque Nixticuil en Zapopan denuncia tr\u00e1fico de influencias por parte del Gobierno Municipal\u00a0para favorecer el desarrollo inmobiliario en una \u00e1rea que tiene un alto grado de conservaci\u00f3n ecol\u00f3gica. \u201cSe trata de una zona que es\u2026","rel":"","context":"En &quot;CINTILLO&quot;","block_context":{"text":"CINTILLO","link":"https:\/\/www.grieta.org.mx\/index.php\/category\/cintillo\/"},"img":{"alt_text":"","src":"https:\/\/i0.wp.com\/www.grieta.org.mx\/wp-content\/uploads\/2022\/05\/Bosque_Nixticuil-ArchivoResized-696x522-1.jpg?resize=350%2C200&ssl=1","width":350,"height":200,"srcset":"https:\/\/i0.wp.com\/www.grieta.org.mx\/wp-content\/uploads\/2022\/05\/Bosque_Nixticuil-ArchivoResized-696x522-1.jpg?resize=350%2C200&ssl=1 1x, https:\/\/i0.wp.com\/www.grieta.org.mx\/wp-content\/uploads\/2022\/05\/Bosque_Nixticuil-ArchivoResized-696x522-1.jpg?resize=525%2C300&ssl=1 1.5x"},"classes":[]},{"id":7676,"url":"https:\/\/www.grieta.org.mx\/index.php\/2016\/09\/02\/defensa-del-bosque-nixticuil-contra-proyectos-inmobiliarios\/","url_meta":{"origin":64512,"position":3},"title":"Defensa del Bosque Nixticuil contra proyectos inmobiliarios","author":"grieta","date":"2 septiembre, 2016","format":false,"excerpt":"02\/09\/16. No le tenemos miedo a SpinelliP\u00e1gina 24 11\/08\/16. El compromiso de Lemus es contra el bosque del NixticuilP\u00e1gina 24 17\/07\/16.","rel":"","context":"En &quot;\u00c1reas naturales protegidas&quot;","block_context":{"text":"\u00c1reas naturales protegidas","link":"https:\/\/www.grieta.org.mx\/index.php\/category\/megaproyectos\/areas-naturales-protegidas\/"},"img":{"alt_text":"","src":"https:\/\/i0.wp.com\/www.grieta.org.mx\/wp-content\/uploads\/2018\/03\/14524434_1106112876131411_958039263622046936_o.jpg?resize=350%2C200&ssl=1","width":350,"height":200,"srcset":"https:\/\/i0.wp.com\/www.grieta.org.mx\/wp-content\/uploads\/2018\/03\/14524434_1106112876131411_958039263622046936_o.jpg?resize=350%2C200&ssl=1 1x, https:\/\/i0.wp.com\/www.grieta.org.mx\/wp-content\/uploads\/2018\/03\/14524434_1106112876131411_958039263622046936_o.jpg?resize=525%2C300&ssl=1 1.5x, https:\/\/i0.wp.com\/www.grieta.org.mx\/wp-content\/uploads\/2018\/03\/14524434_1106112876131411_958039263622046936_o.jpg?resize=700%2C400&ssl=1 2x"},"classes":[]},{"id":53586,"url":"https:\/\/www.grieta.org.mx\/index.php\/2020\/09\/13\/defensores-del-bosque-nixticuil-exigen-clausura-del-proyecto-inmobiliario-el-dosel-residencial-jalisco\/","url_meta":{"origin":64512,"position":4},"title":"Defensores del bosque Nixticuil exigen clausura del proyecto inmobiliario El Dosel Residencial (Jalisco)","author":"grieta","date":"13 septiembre, 2020","format":false,"excerpt":"Fotograf\u00eda: Inspecci\u00f3n Zapopan @InspZapopan A finales del mes de agosto, vecinos del bosque El Nixticuil presenciaron la llegada de maquinaria de construcci\u00f3n al bosque. Sin esperar, junto al Comit\u00e9 Salvabosque, comenzaron a denunciar los hechos a trav\u00e9s de las redes sociales y llamadas telef\u00f3nicas. Despu\u00e9s de una semana de denuncias,\u2026","rel":"","context":"En &quot;CINTILLO&quot;","block_context":{"text":"CINTILLO","link":"https:\/\/www.grieta.org.mx\/index.php\/category\/cintillo\/"},"img":{"alt_text":"","src":"https:\/\/i0.wp.com\/www.grieta.org.mx\/wp-content\/uploads\/2020\/09\/PORTADA-BOSQUE-NIXTICUIL_DOSEL-RESIDENCIAL.jpg?resize=350%2C200&ssl=1","width":350,"height":200,"srcset":"https:\/\/i0.wp.com\/www.grieta.org.mx\/wp-content\/uploads\/2020\/09\/PORTADA-BOSQUE-NIXTICUIL_DOSEL-RESIDENCIAL.jpg?resize=350%2C200&ssl=1 1x, https:\/\/i0.wp.com\/www.grieta.org.mx\/wp-content\/uploads\/2020\/09\/PORTADA-BOSQUE-NIXTICUIL_DOSEL-RESIDENCIAL.jpg?resize=525%2C300&ssl=1 1.5x, https:\/\/i0.wp.com\/www.grieta.org.mx\/wp-content\/uploads\/2020\/09\/PORTADA-BOSQUE-NIXTICUIL_DOSEL-RESIDENCIAL.jpg?resize=700%2C400&ssl=1 2x, https:\/\/i0.wp.com\/www.grieta.org.mx\/wp-content\/uploads\/2020\/09\/PORTADA-BOSQUE-NIXTICUIL_DOSEL-RESIDENCIAL.jpg?resize=1050%2C600&ssl=1 3x"},"classes":[]},{"id":21400,"url":"https:\/\/www.grieta.org.mx\/index.php\/2016\/09\/07\/hostigan-a-defensores-de-bosque-en-jalisco\/","url_meta":{"origin":64512,"position":5},"title":"Hostigan a defensores de bosque en Jalisco","author":"grieta","date":"7 septiembre, 2016","format":false,"excerpt":"Empresa que pretende deforestar El Nixticuil acusa a los ambientalistas de extorsi\u00f3n y chantaje Sididh Ciudad de M\u00e9xico, 07 de septiembre de 2016.- La inmobiliaria Spinelli Corporation, que pretende deforestar el jalisciense bosque El Nixticuil para construir un fraccionamiento habitacional, denunci\u00f3 a los defensores ambientalistas del Comit\u00e9 Salvabosque por extorsi\u00f3n\u2026","rel":"","context":"En &quot;CINTILLO&quot;","block_context":{"text":"CINTILLO","link":"https:\/\/www.grieta.org.mx\/index.php\/category\/cintillo\/"},"img":{"alt_text":"","src":"https:\/\/i0.wp.com\/www.grieta.org.mx\/wp-content\/uploads\/2018\/03\/14524434_1106112876131411_958039263622046936_o.jpg?resize=350%2C200&ssl=1","width":350,"height":200,"srcset":"https:\/\/i0.wp.com\/www.grieta.org.mx\/wp-content\/uploads\/2018\/03\/14524434_1106112876131411_958039263622046936_o.jpg?resize=350%2C200&ssl=1 1x, https:\/\/i0.wp.com\/www.grieta.org.mx\/wp-content\/uploads\/2018\/03\/14524434_1106112876131411_958039263622046936_o.jpg?resize=525%2C300&ssl=1 1.5x, https:\/\/i0.wp.com\/www.grieta.org.mx\/wp-content\/uploads\/2018\/03\/14524434_1106112876131411_958039263622046936_o.jpg?resize=700%2C400&ssl=1 2x"},"classes":[]}],"_links":{"self":[{"href":"https:\/\/www.grieta.org.mx\/index.php\/wp-json\/wp\/v2\/posts\/64512","targetHints":{"allow":["GET"]}}],"collection":[{"href":"https:\/\/www.grieta.org.mx\/index.php\/wp-json\/wp\/v2\/posts"}],"about":[{"href":"https:\/\/www.grieta.org.mx\/index.php\/wp-json\/wp\/v2\/types\/post"}],"author":[{"embeddable":true,"href":"https:\/\/www.grieta.org.mx\/index.php\/wp-json\/wp\/v2\/users\/2"}],"replies":[{"embeddable":true,"href":"https:\/\/www.grieta.org.mx\/index.php\/wp-json\/wp\/v2\/comments?post=64512"}],"version-history":[{"count":1,"href":"https:\/\/www.grieta.org.mx\/index.php\/wp-json\/wp\/v2\/posts\/64512\/revisions"}],"predecessor-version":[{"id":64515,"href":"https:\/\/www.grieta.org.mx\/index.php\/wp-json\/wp\/v2\/posts\/64512\/revisions\/64515"}],"wp:featuredmedia":[{"embeddable":true,"href":"https:\/\/www.grieta.org.mx\/index.php\/wp-json\/wp\/v2\/media\/64514"}],"wp:attachment":[{"href":"https:\/\/www.grieta.org.mx\/index.php\/wp-json\/wp\/v2\/media?parent=64512"}],"wp:term":[{"taxonomy":"category","embeddable":true,"href":"https:\/\/www.grieta.org.mx\/index.php\/wp-json\/wp\/v2\/categories?post=64512"},{"taxonomy":"post_tag","embeddable":true,"href":"https:\/\/www.grieta.org.mx\/index.php\/wp-json\/wp\/v2\/tags?post=64512"}],"curies":[{"name":"wp","href":"https:\/\/api.w.org\/{rel}","templated":true}]}}