{"id":64453,"date":"2022-06-13T12:52:03","date_gmt":"2022-06-13T17:52:03","guid":{"rendered":"https:\/\/www.grieta.org.mx\/?p=64453"},"modified":"2022-06-24T13:06:07","modified_gmt":"2022-06-24T18:06:07","slug":"las-paritaristas-clausuran-simbolicamente-secretaria-del-trabajo-en-jalisco-y-exigen-inhabilitacion-de-su-titular-senalado-de-hostigamiento-sexual-y-laboral-jalisco","status":"publish","type":"post","link":"https:\/\/www.grieta.org.mx\/index.php\/2022\/06\/13\/las-paritaristas-clausuran-simbolicamente-secretaria-del-trabajo-en-jalisco-y-exigen-inhabilitacion-de-su-titular-senalado-de-hostigamiento-sexual-y-laboral-jalisco\/","title":{"rendered":"Las paritaristas clausuran simb\u00f3licamente Secretar\u00eda del Trabajo en Jalisco y exigen inhabilitaci\u00f3n de su titular se\u00f1alado de hostigamiento sexual y laboral (Jalisco)"},"content":{"rendered":"<p>Imagen: Zona Docs<\/p>\n<p><strong>\u201cNo queremos mrepresi\u00e1s agresores en el poder\u201d exigieron las integrantes de colectiva <em>Las Paritaristas<\/em>, durante la clausura simb\u00f3lica de la Secretar\u00eda del Trabajo y Previsi\u00f3n Social del estado de Jalisco este lunes.<\/strong><\/p>\n<p><strong>Las defensoras y activistas expusieron que el titular de dicha instituci\u00f3n, Marco Valerio P\u00e9rez Gollaz, se\u00f1alado de hostigar sexual y laboralmente a una trabajadora de la dependencia, contin\u00faa violentado, revictimizado y deslegitimado de manera reiterada los reclamos de la v\u00edctima.<\/strong><\/p>\n<p><strong>Aunque el funcionario ha asegurado p\u00fablicamente que la denuncia en su contra ante el Centro de Justicia para las Mujeres \u201ces un asunto concluido desde el mes de enero\u201d y que, por lo tanto, no abandonar\u00e1 su puesto, a\u00fan permanece vigente la petici\u00f3n de un juicio pol\u00edtico ante el Congreso del Estado para revisar el caso. Por esta raz\u00f3n, Las Paritaristas aprovecharon la acci\u00f3n para urgir a las y los legisladores que determinen como procedente la solicitud y, con ello, inhabiliten al funcionario.<\/strong><\/p>\n<p>Dalia Souza \/ Zona Docs<\/p>\n<p><strong>\u201cNecesitamos urgentemente que las autoridades dejen de ser indolentes e incompetentes frente a la emergencia estatal de violencia de g\u00e9nero contra las mujeres, m\u00e1s en el \u00e1mbito laboral\u201d\u00a0<\/strong>sentenci\u00f3 Nancy Casta\u00f1eda, vocera e integrante de Las Paritaristas.<\/p>\n<p>Este lunes la organizaci\u00f3n de mujeres por la paridad de g\u00e9nero en Jalisco,\u00a0<strong>clausuraron simb\u00f3licamente las instalaciones de la Secretar\u00eda del Trabajo y Previsi\u00f3n Social del estado<\/strong>\u00a0para reclamar\u00a0<strong>la inhabilitaci\u00f3n de su titular, Marco Valerio P\u00e9rez Gollaz,\u00a0<\/strong>quien fue se\u00f1alado de haber cometido\u00a0<strong>hostigamiento sexual y laboral\u00a0<\/strong>en contra de una trabajadora de la dependencia.<\/p>\n<p>Sin embargo, de acuerdo con las defensoras y activistas, el servidor p\u00fablico no s\u00f3lo llev\u00f3 a cabo estos actos, sino que, adem\u00e1s,\u00a0<strong>ha violentado, revictimizado y deslegitimado de manera reiterada los reclamos de la v\u00edctima,\u00a0<\/strong>incluso, a trav\u00e9s de declaraciones p\u00fablicas. Por ejemplo, ha asegurado que los se\u00f1alamientos en su contra son \u201cchismes y mitotes\u201d, al tiempo que,\u00a0<strong>ha ofrecido informaci\u00f3n sobre el proceso judicial desestimando la gravedad de su actuar.<\/strong><\/p>\n<p>Durante el acto, Las paritaristas\u00a0<strong>reiteraron su invitaci\u00f3n al titular de la Secretar\u00eda del Trabajo a sumarse a un taller de nuevas masculinidades \u201c<\/strong>para que entienda por qu\u00e9 est\u00e1 revictimizando y por qu\u00e9 esos comentarios vuelven a violentar a las v\u00edctimas\u201d.<\/p>\n<p>Aunque las puertas de la secretar\u00eda fueron cerradas a las manifestantes y se les impidi\u00f3 el paso a las instalaciones, esto no las detuvo para colocar calcoman\u00edas con las leyendas\u00a0<strong>\u201cclausurado patriarcado\u201d<\/strong>\u00a0y\u00a0<strong>\u201cMarco Valerio acosador\u201d,\u00a0<\/strong>haciendo un llamado a la congruencia de las y los servidores p\u00fablicos que trabajan en esta dependencia que deber\u00eda velar por los derechos humanos laborales, entre ellos<strong>, un ambiente libre de violencia para las mujeres<\/strong>:<\/p>\n<p>\u201cEs lamentable que el secretario del trabajo no vea lo mis\u00f3gino de sus declaraciones, dejemos el silencio institucional\u201d expres\u00f3 Nancy Casta\u00f1eda.<\/p>\n<p>En mayo, P\u00e9rez Gollaz asegur\u00f3 a medios de comunicaci\u00f3n que\u00a0<strong>la denuncia por hostigamiento sexual y laboral que fue interpuesta en su contra se le hab\u00eda dado \u201ccarpetazo\u201d<\/strong>\u00a0y, que, por lo tanto, estaba resuelto y no ten\u00eda por qu\u00e9 dejar su cargo. No obstante, Las Paritaristas advirtieron\u00a0<strong>que dicha carpeta de investigaci\u00f3n fue presuntamente cerrada sin avisar a la v\u00edctima.<\/strong><\/p>\n<p>\u201cUna carpeta de investigaci\u00f3n cerrada sin avisarle a la v\u00edctima\u00a0<strong>eso habla del nivel de impunidad que estamos permitiendo en Jalisco con la violencia laboral<\/strong>\u201d afirm\u00f3 la vocera de la organizaci\u00f3n y puntualiz\u00f3 que no permitir\u00e1n ni una vez m\u00e1s que se subestime la voz de las mujeres que\u00a0<strong>\u201cvalientemente han levantado la voz para denunciar a sus superiores\u201d.<\/strong><\/p>\n<p>Por ello, hicieron\u00a0<strong>un llamado al Centro de Justicia para las Mujeres,<\/strong>\u00a0para que rectifique su actuar y vele fielmente por los derechos humanos de las mujeres que dentro de instancias de gobierno han denunciado a sus agresores:<\/p>\n<p>\u201cNuevamente un llamado al Centro de Justicia para las Mujeres que se acuerde que tenemos dos alertas de violencia de g\u00e9nero y que no puede cerrar una carpeta de investigaci\u00f3n simplemente porque el agresor es un servidor p\u00fablico\u201d.<\/p>\n<p>Repitiendo la consigna \u201cno queremos m\u00e1s agresores en el poder\u201d, hicieron un llamado al Congreso del estado para que\u00a0<strong>determine como procedente la petici\u00f3n de juicio pol\u00edtico en contra del titular de la Secretar\u00eda del Trabajo en Jalisco<\/strong>\u00a0y, con ello,\u00a0<strong>avance hacia su inhabilitaci\u00f3n.<\/strong><\/p>\n<p><a href=\"https:\/\/www.zonadocs.mx\/2022\/06\/13\/las-paritaristas-clausuran-simbolicamente-secretaria-del-trabajo-en-jalisco-y-exigen-inhabilitacion-de-su-titular-senalado-de-hostigamiento-sexual-y-laboral\/\">https:\/\/www.zonadocs.mx\/2022\/06\/13\/las-paritaristas-clausuran-simbolicamente-secretaria-del-trabajo-en-jalisco-y-exigen-inhabilitacion-de-su-titular-senalado-de-hostigamiento-sexual-y-laboral\/<\/a><\/p>\n","protected":false},"excerpt":{"rendered":"<p>Imagen: Zona Docs \u201cNo queremos mrepresi\u00e1s agresores en el poder\u201d exigieron las integrantes de colectiva Las Paritaristas, durante la clausura simb\u00f3lica de la Secretar\u00eda del Trabajo y Previsi\u00f3n Social del &hellip; <a href=\"https:\/\/www.grieta.org.mx\/index.php\/2022\/06\/13\/las-paritaristas-clausuran-simbolicamente-secretaria-del-trabajo-en-jalisco-y-exigen-inhabilitacion-de-su-titular-senalado-de-hostigamiento-sexual-y-laboral-jalisco\/\" class=\"more-link\">Leer m\u00e1s<\/a><\/p>\n","protected":false},"author":2,"featured_media":64454,"comment_status":"closed","ping_status":"closed","sticky":false,"template":"","format":"standard","meta":{"ngg_post_thumbnail":0,"_jetpack_newsletter_access":"","_jetpack_dont_email_post_to_subs":false,"_jetpack_newsletter_tier_id":0,"_jetpack_memberships_contains_paywalled_content":false,"_jetpack_memberships_contains_paid_content":false,"footnotes":""},"categories":[80,20,2,2504],"tags":[2054,1824,1954,3042,3148,1630,381],"class_list":["post-64453","post","type-post","status-publish","format-standard","has-post-thumbnail","hentry","category-cintillo","category-jalisco","category-noticias-nacionales","category-violencia-contra-las-mujeres-en-jalisco","tag-acoso-laboral","tag-acoso-sexual","tag-alerta-de-violencia-de-genero","tag-colectivos-feministas","tag-lucha-feminista","tag-violencia-contra-las-mujeres","tag-violencia-de-genero","entry"],"jetpack_featured_media_url":"https:\/\/www.grieta.org.mx\/wp-content\/uploads\/2022\/06\/photo1655168493-1068x801-1.jpeg","jetpack_sharing_enabled":true,"jetpack_shortlink":"https:\/\/wp.me\/p7ZJR4-gLz","jetpack_likes_enabled":false,"jetpack-related-posts":[{"id":64204,"url":"https:\/\/www.grieta.org.mx\/index.php\/2022\/05\/01\/no-queremos-morir-en-el-trabajo-trabajadoras-de-la-industria-electronica-en-jalisco-denuncian-desigualdad-e-injusticias\/","url_meta":{"origin":64453,"position":0},"title":"\u00a1No queremos morir en el trabajo!: Trabajadoras de la industria electr\u00f3nica en Jalisco denuncian desigualdad e injusticias","author":"grieta","date":"1 mayo, 2022","format":false,"excerpt":"Foto: Christian\u00a0Cantero Christian\u00a0Cantero \/ Zona Docs Este primero de mayo -D\u00eda de la trabajadora y el trabajador -integrantes de la Coalici\u00f3n de Ex trabajadoras (es) y Trabajadoras (es) de la Industria Electr\u00f3nica Nacional (CETIEN) en Jalisco salieron a marchar\u00a0para denunciar las condiciones precarias a las que se enfrentan en sus\u2026","rel":"","context":"En &quot;CINTILLO&quot;","block_context":{"text":"CINTILLO","link":"https:\/\/www.grieta.org.mx\/index.php\/category\/cintillo\/"},"img":{"alt_text":"","src":"https:\/\/i0.wp.com\/www.grieta.org.mx\/wp-content\/uploads\/2022\/05\/photo5150351269435648523-1068x712-1.jpg?resize=350%2C200&ssl=1","width":350,"height":200,"srcset":"https:\/\/i0.wp.com\/www.grieta.org.mx\/wp-content\/uploads\/2022\/05\/photo5150351269435648523-1068x712-1.jpg?resize=350%2C200&ssl=1 1x, https:\/\/i0.wp.com\/www.grieta.org.mx\/wp-content\/uploads\/2022\/05\/photo5150351269435648523-1068x712-1.jpg?resize=525%2C300&ssl=1 1.5x, https:\/\/i0.wp.com\/www.grieta.org.mx\/wp-content\/uploads\/2022\/05\/photo5150351269435648523-1068x712-1.jpg?resize=700%2C400&ssl=1 2x, https:\/\/i0.wp.com\/www.grieta.org.mx\/wp-content\/uploads\/2022\/05\/photo5150351269435648523-1068x712-1.jpg?resize=1050%2C600&ssl=1 3x"},"classes":[]},{"id":46161,"url":"https:\/\/www.grieta.org.mx\/index.php\/2020\/03\/12\/protestan-alumnas-de-udeg-contra-acoso-jalisco\/","url_meta":{"origin":64453,"position":1},"title":"Protestan alumnas de UdeG contra acoso (Jalisco)","author":"grieta","date":"12 marzo, 2020","format":false,"excerpt":"Foto: Zona Docs Redacci\u00f3n \/ El Diario NTR Alumnas de 12 preparatorias de la Universidad de Guadalajara se manifestaron este jueves frente al edificio de Rector\u00eda para exigir un cese a la violencia de g\u00e9nero. La manifestaci\u00f3n parti\u00f3 de la Prepa 1 hacia el edificio administrativo. Las estudiantes portaron cartelones\u2026","rel":"","context":"En &quot;CINTILLO&quot;","block_context":{"text":"CINTILLO","link":"https:\/\/www.grieta.org.mx\/index.php\/category\/cintillo\/"},"img":{"alt_text":"","src":"https:\/\/i0.wp.com\/www.grieta.org.mx\/wp-content\/uploads\/2020\/03\/2020-03-12_06-03-44___9505.jpg?resize=350%2C200&ssl=1","width":350,"height":200},"classes":[]},{"id":47914,"url":"https:\/\/www.grieta.org.mx\/index.php\/2020\/04\/15\/47914\/","url_meta":{"origin":64453,"position":2},"title":"Denuncia STNS acoso y hostigamiento contra trabajadores en la Secretar\u00eda de Salud Jalisco","author":"grieta","date":"15 abril, 2020","format":false,"excerpt":"Imagen: Ilustrativa Aseguran que decenas de trabajadores ha sufrido amenazas e intimidaci\u00f3n por autoridades de las regiones sanitaria Isaura L\u00f3pez \/ El Occidenttal El Sindicato de Trabajadores del Sistema Nacional en Salud (STNS), Secci\u00f3n 22, denuncia acoso y hostigamiento laboral por autoridades de la Secretar\u00eda de Salud Jalisco (SSJ) hacia\u2026","rel":"","context":"En &quot;CINTILLO&quot;","block_context":{"text":"CINTILLO","link":"https:\/\/www.grieta.org.mx\/index.php\/category\/cintillo\/"},"img":{"alt_text":"","src":"https:\/\/i0.wp.com\/www.grieta.org.mx\/wp-content\/uploads\/2020\/04\/75612302_3bW6v7fZjns3p4DLZbTZkpqit3eT1RmOqheefkmXUGE.jpg?resize=350%2C200","width":350,"height":200,"srcset":"https:\/\/i0.wp.com\/www.grieta.org.mx\/wp-content\/uploads\/2020\/04\/75612302_3bW6v7fZjns3p4DLZbTZkpqit3eT1RmOqheefkmXUGE.jpg?resize=350%2C200 1x, https:\/\/i0.wp.com\/www.grieta.org.mx\/wp-content\/uploads\/2020\/04\/75612302_3bW6v7fZjns3p4DLZbTZkpqit3eT1RmOqheefkmXUGE.jpg?resize=525%2C300 1.5x, https:\/\/i0.wp.com\/www.grieta.org.mx\/wp-content\/uploads\/2020\/04\/75612302_3bW6v7fZjns3p4DLZbTZkpqit3eT1RmOqheefkmXUGE.jpg?resize=700%2C400 2x"},"classes":[]},{"id":60416,"url":"https:\/\/www.grieta.org.mx\/index.php\/2021\/07\/06\/rompan-el-pacto-patriarcal-universitario-alumnas-de-la-udeg-exigen-justicia-tras-caso-de-hostigamiento-abuso-y-agresion-sexual-en-cucosta-jalisco\/","url_meta":{"origin":64453,"position":3},"title":"\u00a1Rompan el pacto patriarcal universitario!: alumnas de la UdeG exigen justicia tras caso de hostigamiento, abuso y agresi\u00f3n sexual en CUCosta (Jalisco)","author":"grieta","date":"6 julio, 2021","format":false,"excerpt":"Foto: Zona Docs Pese a la existencia de un Protocolo Universitario para Atender los Casos de Acoso y Hostigamiento y una Defensor\u00eda de los Derechos Universitarios, las quejas por hostigamiento, acoso y abuso sexual dentro de la Universidad de Guadalajara (UdeG) contin\u00faan impunes, pues estas no suelen resolverse de manera\u2026","rel":"","context":"En &quot;CINTILLO&quot;","block_context":{"text":"CINTILLO","link":"https:\/\/www.grieta.org.mx\/index.php\/category\/cintillo\/"},"img":{"alt_text":"","src":"https:\/\/i0.wp.com\/www.grieta.org.mx\/wp-content\/uploads\/2021\/07\/photo5129765237782849555.jpg?resize=350%2C200&ssl=1","width":350,"height":200,"srcset":"https:\/\/i0.wp.com\/www.grieta.org.mx\/wp-content\/uploads\/2021\/07\/photo5129765237782849555.jpg?resize=350%2C200&ssl=1 1x, https:\/\/i0.wp.com\/www.grieta.org.mx\/wp-content\/uploads\/2021\/07\/photo5129765237782849555.jpg?resize=525%2C300&ssl=1 1.5x, https:\/\/i0.wp.com\/www.grieta.org.mx\/wp-content\/uploads\/2021\/07\/photo5129765237782849555.jpg?resize=700%2C400&ssl=1 2x, https:\/\/i0.wp.com\/www.grieta.org.mx\/wp-content\/uploads\/2021\/07\/photo5129765237782849555.jpg?resize=1050%2C600&ssl=1 3x"},"classes":[]},{"id":62990,"url":"https:\/\/www.grieta.org.mx\/index.php\/2021\/12\/29\/quitan-recursos-contra-violencia-de-genero-jalisco\/","url_meta":{"origin":64453,"position":4},"title":"Quitan recursos contra violencia de g\u00e9nero (Jalisco)","author":"grieta","date":"29 diciembre, 2021","format":false,"excerpt":"Foto: Cortes\u00eda EFE Redacci\u00f3n \/ El Diario NTR En Jalisco las mujeres est\u00e1n en el olvido y completamente desprotegidas, el Estado en lugar de reforzar las pol\u00edticas y programas para prevenir, atender y eliminar la violencia de g\u00e9nero, les quita recursos, denunci\u00f3 Sandra Qui\u00f1onez Dom\u00ednguez, coordinadora de Cladem Jalisco. Adem\u00e1s,\u2026","rel":"","context":"En &quot;CINTILLO&quot;","block_context":{"text":"CINTILLO","link":"https:\/\/www.grieta.org.mx\/index.php\/category\/cintillo\/"},"img":{"alt_text":"","src":"https:\/\/i0.wp.com\/www.grieta.org.mx\/wp-content\/uploads\/2022\/01\/2021-12-29_05-12-06___6162.jpg?resize=350%2C200&ssl=1","width":350,"height":200,"srcset":"https:\/\/i0.wp.com\/www.grieta.org.mx\/wp-content\/uploads\/2022\/01\/2021-12-29_05-12-06___6162.jpg?resize=350%2C200&ssl=1 1x, https:\/\/i0.wp.com\/www.grieta.org.mx\/wp-content\/uploads\/2022\/01\/2021-12-29_05-12-06___6162.jpg?resize=525%2C300&ssl=1 1.5x, https:\/\/i0.wp.com\/www.grieta.org.mx\/wp-content\/uploads\/2022\/01\/2021-12-29_05-12-06___6162.jpg?resize=700%2C400&ssl=1 2x"},"classes":[]},{"id":45335,"url":"https:\/\/www.grieta.org.mx\/index.php\/2020\/02\/27\/colectivas-piden-acciones-para-erradicar-la-violencia-contra-las-mujeres-jalisco\/","url_meta":{"origin":64453,"position":5},"title":"Colectivas piden acciones para erradicar la violencia contra las mujeres (Jalisco)","author":"grieta","date":"27 febrero, 2020","format":false,"excerpt":"Foto: Ilustrativa La vocera de la colectiva feminista \"Mis Amigas Me Cuidan Gdl\", expres\u00f3 que ser\u00eda mejor que empresas, universidades privadas y p\u00fablicas, as\u00ed como el Gobierno del Estado y los municipios de la ZMG, no comuniquen posturas sino acciones Siboney Flores \/ El Informador Empresas, universidades privadas y p\u00fablicas,\u2026","rel":"","context":"En &quot;CINTILLO&quot;","block_context":{"text":"CINTILLO","link":"https:\/\/www.grieta.org.mx\/index.php\/category\/cintillo\/"},"img":{"alt_text":"","src":"https:\/\/i0.wp.com\/www.grieta.org.mx\/wp-content\/uploads\/2020\/02\/result-15-1280x640.jpg?resize=350%2C200&ssl=1","width":350,"height":200,"srcset":"https:\/\/i0.wp.com\/www.grieta.org.mx\/wp-content\/uploads\/2020\/02\/result-15-1280x640.jpg?resize=350%2C200&ssl=1 1x, https:\/\/i0.wp.com\/www.grieta.org.mx\/wp-content\/uploads\/2020\/02\/result-15-1280x640.jpg?resize=525%2C300&ssl=1 1.5x, https:\/\/i0.wp.com\/www.grieta.org.mx\/wp-content\/uploads\/2020\/02\/result-15-1280x640.jpg?resize=700%2C400&ssl=1 2x, https:\/\/i0.wp.com\/www.grieta.org.mx\/wp-content\/uploads\/2020\/02\/result-15-1280x640.jpg?resize=1050%2C600&ssl=1 3x"},"classes":[]}],"_links":{"self":[{"href":"https:\/\/www.grieta.org.mx\/index.php\/wp-json\/wp\/v2\/posts\/64453","targetHints":{"allow":["GET"]}}],"collection":[{"href":"https:\/\/www.grieta.org.mx\/index.php\/wp-json\/wp\/v2\/posts"}],"about":[{"href":"https:\/\/www.grieta.org.mx\/index.php\/wp-json\/wp\/v2\/types\/post"}],"author":[{"embeddable":true,"href":"https:\/\/www.grieta.org.mx\/index.php\/wp-json\/wp\/v2\/users\/2"}],"replies":[{"embeddable":true,"href":"https:\/\/www.grieta.org.mx\/index.php\/wp-json\/wp\/v2\/comments?post=64453"}],"version-history":[{"count":1,"href":"https:\/\/www.grieta.org.mx\/index.php\/wp-json\/wp\/v2\/posts\/64453\/revisions"}],"predecessor-version":[{"id":64455,"href":"https:\/\/www.grieta.org.mx\/index.php\/wp-json\/wp\/v2\/posts\/64453\/revisions\/64455"}],"wp:featuredmedia":[{"embeddable":true,"href":"https:\/\/www.grieta.org.mx\/index.php\/wp-json\/wp\/v2\/media\/64454"}],"wp:attachment":[{"href":"https:\/\/www.grieta.org.mx\/index.php\/wp-json\/wp\/v2\/media?parent=64453"}],"wp:term":[{"taxonomy":"category","embeddable":true,"href":"https:\/\/www.grieta.org.mx\/index.php\/wp-json\/wp\/v2\/categories?post=64453"},{"taxonomy":"post_tag","embeddable":true,"href":"https:\/\/www.grieta.org.mx\/index.php\/wp-json\/wp\/v2\/tags?post=64453"}],"curies":[{"name":"wp","href":"https:\/\/api.w.org\/{rel}","templated":true}]}}