{"id":64423,"date":"2022-06-07T15:55:57","date_gmt":"2022-06-07T20:55:57","guid":{"rendered":"http:\/\/www.grieta.org.mx\/?p=64423"},"modified":"2022-06-19T16:03:44","modified_gmt":"2022-06-19T21:03:44","slug":"ley-navarro-atropella-los-derechos-de-los-trabajadores-nayarit","status":"publish","type":"post","link":"https:\/\/www.grieta.org.mx\/index.php\/2022\/06\/07\/ley-navarro-atropella-los-derechos-de-los-trabajadores-nayarit\/","title":{"rendered":"Ley Navarro atropella los derechos de los trabajadores (Nayarit)"},"content":{"rendered":"<p>Imagen: Tribuna de la Bah\u00eda<\/p>\n<p>Isrrael Torres \/ Tribuna de la Bah\u00eda<\/p>\n<p>El Sindicato \u00danico de Trabajadores al Servicio de los Poderes del Estado, Municipios e Instituciones Descentralizadas de Car\u00e1cter Estatal de Nayarit (SUTSEM) sigue descalificando y oponi\u00e9ndose a \u00a0la Ley de Derecho y Justicia Laboral, aprobada el pasado 26 de mayo e impulsada por Miguel Angel Navarro Quintero, misma que se\u00f1alan es un atentado a los trabajadores del estado, en especial al sueldo de los trabajadores y su actividad sindical.<\/p>\n<p>Victor Hugo Mendoza, Secretario del Trabajo y Conflictos de la Secci\u00f3n 19 del SUTSEM en Bah\u00eda de Banderas, explic\u00f3 que la ley da facilidades al patr\u00f3n para que de manera arbitraria y unilateral, pueda bajar el sueldo de los trabajadores al momento que no tenga la solvencia necesaria para pagar lo pactado en los contratos colectivos de trabajo.<\/p>\n<p>\u201cEso quiere decir que, en el momento que el patr\u00f3n decida que no est\u00e1 en posibilidades de pagar el sueldo que ya se tiene pactado, que est\u00e1 convenido, que est\u00e1 firmado dentro de un convenio laboral, \u00e9l de manera unilateral pueda decidir modificar los salarios, lo cual es verdaderamente un atropello hacia la clase trabajadora\u201d, se\u00f1al\u00f3.<\/p>\n<p>Abund\u00f3 que dicha ley dejar\u00eda tambi\u00e9n a los trabajadores sin representaci\u00f3n al momento de alg\u00fan conflicto laboral, por lo que estar\u00edan desprotegidos ante una situaci\u00f3n, ya que se tomar\u00edan decisiones que benefician solamente al patr\u00f3n.<\/p>\n<p>\u201cLos \u00a0sindicatos mayoritarios,como lo es el caso del SUTSEM, no van a tener participaci\u00f3n dentro de los procesos de conflicto entre patrones y trabajadores. Como sindicato al no tener intervenci\u00f3n en esos conflictos, vamos a dejar desprotegidos a \u00a0los trabajadores agremiados a nuestra organizaci\u00f3n, eso demerita las labores del sindicato y a los trabajadores de ser representados\u201d, a\u00f1adi\u00f3.<\/p>\n<p>No siendo suficiente, agreg\u00f3 que \u00e9sta atenta contra las pensiones de cada uno de los trabajadores ya que, al jubilarse el sueldo para pensionarse, se tendr\u00e1 en consideraci\u00f3n el sueldo que hayan devengado desde hace 5 a\u00f1os atr\u00e1s, ya que anteriormente se jubilaban protes con el salario que el trabajador ten\u00eda al momento de cumplir su tiempo de servicio, ahora se tendr\u00e1 que promediar el salario de los \u00faltimos cinco a\u00f1os.<\/p>\n<div class=\"post-body\">\n<p>Se inform\u00f3 que d\u00edas antes de la aprobaci\u00f3n de la ley, \u00a0las representaciones de los sindicatos en el estado \u00a0lo hicieron saber tanto al Gobernador como al Congreso Local. Sin embargo, no se tom\u00f3 en cuenta las observaciones, sino que el foro sirvi\u00f3 solo para el desahogo de los l\u00edderes sindicales.<\/p>\n<p>En contraste, este lunes, de nueva cuenta el Gobernador de Nayarit, \u00a0Miguel Angel Navarro invit\u00f3 a los l\u00edderes sindicales a volver analizar dicha ley, que a su parecer no afecta a los trabajadores, por lo que el debate seguir\u00e1 \u00a0entre el sindicato mayoritario y el ejecutivo estatal, que afecta la actividad laboral de 10 mil trabajadores en el estado y 350 en Bah\u00eda de Banderas.<\/p>\n<p>Ley de Derecho y Justicia Laboral<\/p>\n<p>Esta nueva ley contempla 370 art\u00edculos y ocho transitorios donde se otorga el derecho de servicio de guarder\u00edas infantiles a mujeres que no est\u00e9n en periodo de lactancia, indemnizaci\u00f3n por fallecimiento del trabajador, libertad para elegir el sindicato al que quiere pertenecer; y que el recurso de las multas impuestas por la Unidad de Medios Alternos de Soluci\u00f3n de Conflictos o por las Salas Laborales, ser\u00e1 destinado a un fondo especial del Instituto Laboral Burocr\u00e1tico para recurso para la compra de mobiliario de oficinas y capacitaci\u00f3n.<\/p>\n<p><a href=\"https:\/\/tribunadelabahia.com.mx\/ley-navarro-atropella-derechos-55872\">https:\/\/tribunadelabahia.com.mx\/ley-navarro-atropella-derechos-55872<\/a><\/p>\n<\/div>\n","protected":false},"excerpt":{"rendered":"<p>Imagen: Tribuna de la Bah\u00eda Isrrael Torres \/ Tribuna de la Bah\u00eda El Sindicato \u00danico de Trabajadores al Servicio de los Poderes del Estado, Municipios e Instituciones Descentralizadas de Car\u00e1cter &hellip; <a href=\"https:\/\/www.grieta.org.mx\/index.php\/2022\/06\/07\/ley-navarro-atropella-los-derechos-de-los-trabajadores-nayarit\/\" class=\"more-link\">Leer m\u00e1s<\/a><\/p>\n","protected":false},"author":2,"featured_media":64424,"comment_status":"closed","ping_status":"closed","sticky":false,"template":"","format":"standard","meta":{"ngg_post_thumbnail":0,"_jetpack_newsletter_access":"","_jetpack_dont_email_post_to_subs":false,"_jetpack_newsletter_tier_id":0,"_jetpack_memberships_contains_paywalled_content":false,"_jetpack_memberships_contains_paid_content":false,"footnotes":""},"categories":[80,1025,910,23,2,83],"tags":[113,105,2841,3403,3275,3222,1117],"class_list":["post-64423","post","type-post","status-publish","format-standard","has-post-thumbnail","hentry","category-cintillo","category-explotacion-laboral-en-nayarit","category-explotacion-y-precariedad-laboral","category-nayarit","category-noticias-nacionales","category-temas-nacionales","tag-conflictos-laborales","tag-derechos-laborales","tag-explotacion-y-precariedad-laboral","tag-manifestaciones-de-trabajadores","tag-protestas-de-trabajadores","tag-trabajo-precario","tag-violacion-de-derechos-laborales","entry"],"jetpack_featured_media_url":"https:\/\/www.grieta.org.mx\/wp-content\/uploads\/2022\/06\/trabajadores-y-sindicato-cover.jpg","jetpack_sharing_enabled":true,"jetpack_shortlink":"https:\/\/wp.me\/p7ZJR4-gL5","jetpack_likes_enabled":false,"jetpack-related-posts":[{"id":47171,"url":"https:\/\/www.grieta.org.mx\/index.php\/2020\/04\/01\/realizan-despidos-masivos-de-trabajadores-vallartenses-nayarit\/","url_meta":{"origin":64423,"position":0},"title":"Realizan despidos masivos de trabajadores vallartenses (Nayarit)","author":"grieta","date":"1 abril, 2020","format":false,"excerpt":"Foto: Cortes\u00eda Javier Fr\u00edas \/ UDGTV Al menos 50 trabajadores del Grupo Vidanta, ubicado en el municipio de Bah\u00eda de Banderas, Nayarit,\u00a0fueron despedidos sin previo aviso y sin una explicaci\u00f3n\u00a0acerca de qu\u00e9 pasar\u00e1 con ellos. El grupo de personas, en su mayor\u00eda habitantes de Puerto Vallarta que se trasladan diariamente\u2026","rel":"","context":"En &quot;CINTILLO&quot;","block_context":{"text":"CINTILLO","link":"https:\/\/www.grieta.org.mx\/index.php\/category\/cintillo\/"},"img":{"alt_text":"","src":"https:\/\/i0.wp.com\/www.grieta.org.mx\/wp-content\/uploads\/2020\/04\/WhatsApp-Image-2020-04-01-at-16.54.05-696x522.jpeg?resize=350%2C200&ssl=1","width":350,"height":200,"srcset":"https:\/\/i0.wp.com\/www.grieta.org.mx\/wp-content\/uploads\/2020\/04\/WhatsApp-Image-2020-04-01-at-16.54.05-696x522.jpeg?resize=350%2C200&ssl=1 1x, https:\/\/i0.wp.com\/www.grieta.org.mx\/wp-content\/uploads\/2020\/04\/WhatsApp-Image-2020-04-01-at-16.54.05-696x522.jpeg?resize=525%2C300&ssl=1 1.5x"},"classes":[]},{"id":37730,"url":"https:\/\/www.grieta.org.mx\/index.php\/2019\/08\/06\/paro-estatal-del-sutsem-se-siente-en-bahia-de-banderas-nayarit\/","url_meta":{"origin":64423,"position":1},"title":"Paro estatal del SUTSEM se siente en Bah\u00eda de Banderas (Nayarit)","author":"grieta","date":"6 agosto, 2019","format":false,"excerpt":"Foto: Tribuna de la Bah\u00eda Israel Torres \/ Tribuna de la Bah\u00eda Bah\u00eda de Banderas, Nay.- Este lunes desde las ocho de la ma\u00f1ana, m\u00e1s 100 trabajadores del d\u00e9cimo ayuntamiento de Bah\u00eda de Banderas, afiliados al SUTSEM (Sindicato \u00danico de Trabajadores al Servicio del Estado y Municipios) se manifestaron a\u2026","rel":"","context":"En &quot;CINTILLO&quot;","block_context":{"text":"CINTILLO","link":"https:\/\/www.grieta.org.mx\/index.php\/category\/cintillo\/"},"img":{"alt_text":"","src":"https:\/\/i0.wp.com\/www.grieta.org.mx\/wp-content\/uploads\/2019\/08\/12y13Bah%C3%ADa-2-2-700x500.jpg?resize=350%2C200&ssl=1","width":350,"height":200,"srcset":"https:\/\/i0.wp.com\/www.grieta.org.mx\/wp-content\/uploads\/2019\/08\/12y13Bah%C3%ADa-2-2-700x500.jpg?resize=350%2C200&ssl=1 1x, https:\/\/i0.wp.com\/www.grieta.org.mx\/wp-content\/uploads\/2019\/08\/12y13Bah%C3%ADa-2-2-700x500.jpg?resize=525%2C300&ssl=1 1.5x, https:\/\/i0.wp.com\/www.grieta.org.mx\/wp-content\/uploads\/2019\/08\/12y13Bah%C3%ADa-2-2-700x500.jpg?resize=700%2C400&ssl=1 2x"},"classes":[]},{"id":55984,"url":"https:\/\/www.grieta.org.mx\/index.php\/2020\/12\/23\/retrasaran-maestros-regreso-a-clases-por-falta-de-aguinaldos-en-nayarit\/","url_meta":{"origin":64423,"position":2},"title":"Retrasar\u00e1n maestros regreso a clases por falta de aguinaldos en Nayarit","author":"grieta","date":"23 diciembre, 2020","format":false,"excerpt":"Foto: Realidades de Nayarit Seguir\u00e1n manifest\u00e1ndose y exigiendo sus derechos Crys Ben\u00edtez \/ El Occidental TEPIC, Nayarit (OEM-Informex). -Maestros de la Secci\u00f3n 49 del Sindicato Nacional de Trabajadores de la Educaci\u00f3n (SNTE) en Nayarit, han manifestado que tomar\u00e1n acciones dr\u00e1sticas, ante la falta de pagos correspondientes a los aguinaldos y\u2026","rel":"","context":"En &quot;CINTILLO&quot;","block_context":{"text":"CINTILLO","link":"https:\/\/www.grieta.org.mx\/index.php\/category\/cintillo\/"},"img":{"alt_text":"","src":"https:\/\/i0.wp.com\/www.grieta.org.mx\/wp-content\/uploads\/2020\/12\/verde-1-636x420-1.jpg?resize=350%2C200&ssl=1","width":350,"height":200,"srcset":"https:\/\/i0.wp.com\/www.grieta.org.mx\/wp-content\/uploads\/2020\/12\/verde-1-636x420-1.jpg?resize=350%2C200&ssl=1 1x, https:\/\/i0.wp.com\/www.grieta.org.mx\/wp-content\/uploads\/2020\/12\/verde-1-636x420-1.jpg?resize=525%2C300&ssl=1 1.5x"},"classes":[]},{"id":56832,"url":"https:\/\/www.grieta.org.mx\/index.php\/2021\/02\/06\/gobierno-de-nayarit-no-paga-a-trabajadores-de-las-uts\/","url_meta":{"origin":64423,"position":3},"title":"Gobierno de Nayarit no paga a trabajadores de las UT\u2019s","author":"grieta","date":"6 febrero, 2021","format":false,"excerpt":"Foto: Realidades de Nayarit En plena contingencia los dej\u00f3 sin servicios m\u00e9dicos y sin el pago de prestaciones econ\u00f3micas Ver\u00f3nica Ram\u00edrez \/ Realidades de Nayarit Tepic, Nayarit.- Viernes 06 de febrero del 2021. Autoridades educativas sin coraz\u00f3n en plena contingencia del Covid-19 incumplen con el pago de prestaciones a personal\u2026","rel":"","context":"En &quot;CINTILLO&quot;","block_context":{"text":"CINTILLO","link":"https:\/\/www.grieta.org.mx\/index.php\/category\/cintillo\/"},"img":{"alt_text":"","src":"https:\/\/i0.wp.com\/www.grieta.org.mx\/wp-content\/uploads\/2021\/02\/Carmen-Soledad-Ibarra-Castillon-UTN.jpg?resize=350%2C200&ssl=1","width":350,"height":200,"srcset":"https:\/\/i0.wp.com\/www.grieta.org.mx\/wp-content\/uploads\/2021\/02\/Carmen-Soledad-Ibarra-Castillon-UTN.jpg?resize=350%2C200&ssl=1 1x, https:\/\/i0.wp.com\/www.grieta.org.mx\/wp-content\/uploads\/2021\/02\/Carmen-Soledad-Ibarra-Castillon-UTN.jpg?resize=525%2C300&ssl=1 1.5x, https:\/\/i0.wp.com\/www.grieta.org.mx\/wp-content\/uploads\/2021\/02\/Carmen-Soledad-Ibarra-Castillon-UTN.jpg?resize=700%2C400&ssl=1 2x"},"classes":[]},{"id":71973,"url":"https:\/\/www.grieta.org.mx\/index.php\/2025\/07\/09\/paro-laboral-en-alpura-por-presuntos-abusos-trabajadores-denuncian-violaciones-a-derechos\/","url_meta":{"origin":64423,"position":4},"title":"Paro laboral en Alpura por presuntos abusos; trabajadores denuncian violaciones a derechos","author":"grieta","date":"9 julio, 2025","format":false,"excerpt":"Redacci\u00f3n Fortuna y poder En Puebla iniciar\u00edan huelga el 4 de agosto de no llegar a acuerdos con la empresa Trabajadores de la empresa\u00a0Alpura\u00a0llevaron a cabo un\u00a0paro de labores\u00a0en varias de las plantas productoras de la compa\u00f1\u00eda. En Cuautitl\u00e1n Izcalli y Los Reyes La Paz (Estado de M\u00e9xico), as\u00ed como\u2026","rel":"","context":"En &quot;CINTILLO&quot;","block_context":{"text":"CINTILLO","link":"https:\/\/www.grieta.org.mx\/index.php\/category\/cintillo\/"},"img":{"alt_text":"","src":"https:\/\/i0.wp.com\/www.grieta.org.mx\/wp-content\/uploads\/2025\/07\/Captura-de-pantalla-2025-07-09-000854.png?resize=350%2C200&ssl=1","width":350,"height":200,"srcset":"https:\/\/i0.wp.com\/www.grieta.org.mx\/wp-content\/uploads\/2025\/07\/Captura-de-pantalla-2025-07-09-000854.png?resize=350%2C200&ssl=1 1x, https:\/\/i0.wp.com\/www.grieta.org.mx\/wp-content\/uploads\/2025\/07\/Captura-de-pantalla-2025-07-09-000854.png?resize=525%2C300&ssl=1 1.5x, https:\/\/i0.wp.com\/www.grieta.org.mx\/wp-content\/uploads\/2025\/07\/Captura-de-pantalla-2025-07-09-000854.png?resize=700%2C400&ssl=1 2x"},"classes":[]},{"id":49322,"url":"https:\/\/www.grieta.org.mx\/index.php\/2020\/05\/10\/en-riesgo-trabajadores-suplentes-del-issste-nayarit\/","url_meta":{"origin":64423,"position":5},"title":"En riesgo trabajadores suplentes del ISSSTE (Nayarit)","author":"grieta","date":"10 mayo, 2020","format":false,"excerpt":"Foto: Realidades de Nayarit Denuncian que los mandan a trabajar sin ninguna protecci\u00f3n a lugares donde hay m\u00e1s riesgo de contraer el COVID-19 y adem\u00e1s, no cuentan con ninguna prestaci\u00f3n de Ley, vaya, ni siquiera tienen ISSSTE y les fallan con el pago de sus quincenas Arcelia Garc\u00eda Ortega \/\u2026","rel":"","context":"En &quot;CINTILLO&quot;","block_context":{"text":"CINTILLO","link":"https:\/\/www.grieta.org.mx\/index.php\/category\/cintillo\/"},"img":{"alt_text":"","src":"https:\/\/i0.wp.com\/www.grieta.org.mx\/wp-content\/uploads\/2020\/05\/ISSSTE-Tepic-768x576.jpg?resize=350%2C200&ssl=1","width":350,"height":200,"srcset":"https:\/\/i0.wp.com\/www.grieta.org.mx\/wp-content\/uploads\/2020\/05\/ISSSTE-Tepic-768x576.jpg?resize=350%2C200&ssl=1 1x, https:\/\/i0.wp.com\/www.grieta.org.mx\/wp-content\/uploads\/2020\/05\/ISSSTE-Tepic-768x576.jpg?resize=525%2C300&ssl=1 1.5x, https:\/\/i0.wp.com\/www.grieta.org.mx\/wp-content\/uploads\/2020\/05\/ISSSTE-Tepic-768x576.jpg?resize=700%2C400&ssl=1 2x"},"classes":[]}],"_links":{"self":[{"href":"https:\/\/www.grieta.org.mx\/index.php\/wp-json\/wp\/v2\/posts\/64423","targetHints":{"allow":["GET"]}}],"collection":[{"href":"https:\/\/www.grieta.org.mx\/index.php\/wp-json\/wp\/v2\/posts"}],"about":[{"href":"https:\/\/www.grieta.org.mx\/index.php\/wp-json\/wp\/v2\/types\/post"}],"author":[{"embeddable":true,"href":"https:\/\/www.grieta.org.mx\/index.php\/wp-json\/wp\/v2\/users\/2"}],"replies":[{"embeddable":true,"href":"https:\/\/www.grieta.org.mx\/index.php\/wp-json\/wp\/v2\/comments?post=64423"}],"version-history":[{"count":1,"href":"https:\/\/www.grieta.org.mx\/index.php\/wp-json\/wp\/v2\/posts\/64423\/revisions"}],"predecessor-version":[{"id":64425,"href":"https:\/\/www.grieta.org.mx\/index.php\/wp-json\/wp\/v2\/posts\/64423\/revisions\/64425"}],"wp:featuredmedia":[{"embeddable":true,"href":"https:\/\/www.grieta.org.mx\/index.php\/wp-json\/wp\/v2\/media\/64424"}],"wp:attachment":[{"href":"https:\/\/www.grieta.org.mx\/index.php\/wp-json\/wp\/v2\/media?parent=64423"}],"wp:term":[{"taxonomy":"category","embeddable":true,"href":"https:\/\/www.grieta.org.mx\/index.php\/wp-json\/wp\/v2\/categories?post=64423"},{"taxonomy":"post_tag","embeddable":true,"href":"https:\/\/www.grieta.org.mx\/index.php\/wp-json\/wp\/v2\/tags?post=64423"}],"curies":[{"name":"wp","href":"https:\/\/api.w.org\/{rel}","templated":true}]}}