{"id":64420,"date":"2022-06-03T15:31:31","date_gmt":"2022-06-03T20:31:31","guid":{"rendered":"http:\/\/www.grieta.org.mx\/?p=64420"},"modified":"2022-06-19T15:37:44","modified_gmt":"2022-06-19T20:37:44","slug":"lagos-de-moreno-registra-el-mayor-numero-de-victimas-de-desaparicion-en-la-region-altena-jalisco","status":"publish","type":"post","link":"https:\/\/www.grieta.org.mx\/index.php\/2022\/06\/03\/lagos-de-moreno-registra-el-mayor-numero-de-victimas-de-desaparicion-en-la-region-altena-jalisco\/","title":{"rendered":"Lagos de Moreno registra el mayor n\u00famero de v\u00edctimas de desaparici\u00f3n en la regi\u00f3n alte\u00f1a (Jalisco)"},"content":{"rendered":"<p>Imagen: Cuadrante7mx<\/p>\n<p><strong><em>Encarnaci\u00f3n de D\u00edaz en 2020 tuvo su a\u00f1o m\u00e1s fuerte, mientras que 2021 fue en San Juan de los Lagos, Ojuelos y Teocaltiche.<\/em><\/strong><\/p>\n<p>Celia Espinoza Serrano \/ Cuadrante7mx<\/p>\n<p>03 de junio de 2022.- acuerdo con el Registro Nacional de Personas Desaparecidas y No Localizadas (<strong>RNPD<\/strong>), en\u00a0<strong>Jalisco,<\/strong>\u00a0tanto la Zona Metropolitana de Guadalajara (<strong>ZMG<\/strong>), as\u00ed como las regiones\u00a0<strong>Altos Norte<\/strong>\u00a0y la\u00a0<strong>Ci\u00e9nega\u00a0<\/strong>concentran un alto porcentaje de v\u00edctimas del delito de desaparici\u00f3n.<\/p>\n<p>De acuerdo a la nota de Enrique Osorio del diario\u00a0<strong>MURA<\/strong>L, es\u00a0<strong>Lagos de Moreno<\/strong>\u00a0el municipio que acumula m\u00e1s v\u00edctimas, con un total de 406 personas\u00a0<strong><em>desaparecidas<\/em><\/strong>\u00a0en el registro hist\u00f3rico.<\/p>\n<p>Mientras que\u00a0<strong>Encarnaci\u00f3n de D\u00edaz<\/strong>\u00a0registra\u00a0<strong><em>191 v\u00edctimas,<\/em><\/strong>\u00a0y\u00a0<strong>San Juan de los Lagos<\/strong>\u00a0con\u00a0<strong>95<\/strong>, y son estos municipios los que tienen una din\u00e1mica violenta m\u00e1s reciente, ambos comenzaron a registrar desaparecidos en 2014; el primer municipio tuvo su a\u00f1o m\u00e1s fuerte en 2020 y el segundo en 2021.<\/p>\n<p>Tambi\u00e9n\u00a0<strong>Teocaltiche<\/strong>\u00a0y\u00a0<strong>Ojuelos de Jalisco<\/strong>\u00a0tuvieron su a\u00f1o cr\u00edtico en 2021, con\u00a0<strong>52<\/strong>\u00a0y\u00a0<strong>41\u00a0<\/strong>v\u00edctimas, respectivamente.<\/p>\n<p>De acuerdo a datos de la nota, la zona de los\u00a0<strong>Altos Norte<\/strong>\u00a0se ubica en los l\u00edmites con\u00a0<strong>Zacatecas<\/strong>,\u00a0<strong>Aguascalientes\u00a0<\/strong>y\u00a0<strong>Guanajuato<\/strong>, y es donde actualmente hay una disputa entre el C\u00e1rtel de Jalisco Nueva Generaci\u00f3n (<strong>CJNG<\/strong>) y el de\u00a0<strong>Sinaloa<\/strong>, lo que ha desatado enfrentamientos entre civiles y contra autoridades, as\u00ed como desplazamientos.<\/p>\n<p>En la zona Altos Sur, el municipio de\u00a0<strong>Tepatitl\u00e1n<\/strong>\u00a0empez\u00f3 a registrar desapariciones en 2010 y suma<strong><em>\u00a0272<\/em><\/strong>\u00a0<strong><em>v\u00edctimas<\/em><\/strong>.<\/p>\n<p><strong>MURAL<\/strong>\u00a0report\u00f3 que el actual sexenio de\u00a0<strong>Enrique Alfaro<\/strong>\u00a0registra los peores n\u00fameros en materia de desapariciones, en comparaci\u00f3n con los sexenios completos de\u00a0<strong>Arist\u00f3teles Sandoval<\/strong>\u00a0y\u00a0<strong>Emilio Gonz\u00e1lez M\u00e1rquez<\/strong>.<\/p>\n<p>En el registro hist\u00f3rico, hasta el pasado 31 de mayo, sumaban\u00a0<strong><em>14 mil 955 v\u00edctimas<\/em><\/strong>\u00a0en la entidad.<\/p>\n<p>Incluso, el\u00a0<strong>Comit\u00e9 de An\u00e1lisis sobre Desaparici\u00f3n de la UdeG<\/strong>\u00a0present\u00f3 10 puntos en los que se\u00f1al\u00f3 que la estrategia del\u00a0<strong>Gobierno del Estado<\/strong>\u00a0presentada el 25 de mayo es tard\u00eda y distante de las familias.<\/p>\n<p><a href=\"https:\/\/www.cuadrante7.mx\/lagos-de-moreno-registra-el-mayor-numero-de-victimas-de-desaparicion-en-la-region-altena\/\">https:\/\/www.cuadrante7.mx\/lagos-de-moreno-registra-el-mayor-numero-de-victimas-de-desaparicion-en-la-region-altena\/<\/a><\/p>\n","protected":false},"excerpt":{"rendered":"<p>Imagen: Cuadrante7mx Encarnaci\u00f3n de D\u00edaz en 2020 tuvo su a\u00f1o m\u00e1s fuerte, mientras que 2021 fue en San Juan de los Lagos, Ojuelos y Teocaltiche. Celia Espinoza Serrano \/ Cuadrante7mx &hellip; <a href=\"https:\/\/www.grieta.org.mx\/index.php\/2022\/06\/03\/lagos-de-moreno-registra-el-mayor-numero-de-victimas-de-desaparicion-en-la-region-altena-jalisco\/\" class=\"more-link\">Leer m\u00e1s<\/a><\/p>\n","protected":false},"author":2,"featured_media":64421,"comment_status":"closed","ping_status":"closed","sticky":false,"template":"","format":"standard","meta":{"ngg_post_thumbnail":0,"_jetpack_newsletter_access":"","_jetpack_dont_email_post_to_subs":false,"_jetpack_newsletter_tier_id":0,"_jetpack_memberships_contains_paywalled_content":false,"_jetpack_memberships_contains_paid_content":false,"footnotes":""},"categories":[80,87,1032,20,2,83],"tags":[3700,1828,121,3775],"class_list":["post-64420","post","type-post","status-publish","format-standard","has-post-thumbnail","hentry","category-cintillo","category-desaparecidos","category-desaparecidos-en-jalisco","category-jalisco","category-noticias-nacionales","category-temas-nacionales","tag-aumento-desaparecidos","tag-busqueda-de-desaparecidos","tag-desaparecidos","tag-estadisticas-de-desaparecidos","entry"],"jetpack_featured_media_url":"https:\/\/www.grieta.org.mx\/wp-content\/uploads\/2022\/06\/947f8164-f0fd-4639-a797-062ef34c6351-1024x768-1.jpg","jetpack_sharing_enabled":true,"jetpack_shortlink":"https:\/\/wp.me\/p7ZJR4-gL2","jetpack_likes_enabled":false,"jetpack-related-posts":[{"id":71027,"url":"https:\/\/www.grieta.org.mx\/index.php\/2025\/02\/10\/2025-inicio-con-8-reportes-por-desaparicion-al-dia-jalisco\/","url_meta":{"origin":64420,"position":0},"title":"2025 inici\u00f3 con 8 reportes por desaparici\u00f3n al d\u00eda (Jalisco)","author":"grieta","date":"10 febrero, 2025","format":false,"excerpt":"Imagen: Miriam Jim\u00e9nez Lauro Rodr\u00edguez ( El Diario NTR) Con 245 reportes por desaparici\u00f3n durante el mes de enero de este a\u00f1o, Jalisco arranc\u00f3 2025 con un promedio de ocho denuncias por ausencias al d\u00eda, seg\u00fan los datos del Registro Estatal de Personas Desaparecidas (REPD) actualizado este lunes. De los\u2026","rel":"","context":"En &quot;CINTILLO&quot;","block_context":{"text":"CINTILLO","link":"https:\/\/www.grieta.org.mx\/index.php\/category\/cintillo\/"},"img":{"alt_text":"","src":"https:\/\/i0.wp.com\/www.grieta.org.mx\/wp-content\/uploads\/2025\/02\/2025-02-10_01-02-21___5463.jpg?resize=350%2C200&ssl=1","width":350,"height":200,"srcset":"https:\/\/i0.wp.com\/www.grieta.org.mx\/wp-content\/uploads\/2025\/02\/2025-02-10_01-02-21___5463.jpg?resize=350%2C200&ssl=1 1x, https:\/\/i0.wp.com\/www.grieta.org.mx\/wp-content\/uploads\/2025\/02\/2025-02-10_01-02-21___5463.jpg?resize=525%2C300&ssl=1 1.5x, https:\/\/i0.wp.com\/www.grieta.org.mx\/wp-content\/uploads\/2025\/02\/2025-02-10_01-02-21___5463.jpg?resize=700%2C400&ssl=1 2x"},"classes":[]},{"id":3241,"url":"https:\/\/www.grieta.org.mx\/index.php\/2016\/09\/12\/desaparecidos-en-jalisco\/","url_meta":{"origin":64420,"position":1},"title":"Desaparecidos en Jalisco","author":"grieta","date":"12 septiembre, 2016","format":false,"excerpt":"12\/09\/16. Exigen resolver falta de presupuesto en b\u00fasqueda de desaparecidosNtr Guadalajara 30\/08\/16. Gobierno de Jalisco oculta la tragedia de los desaparecidosSomos el Medio 10\/08\/16. Jalisco, tercer lugar en desapariciones Ntr Guadalajara 15\/06\/16. Familiares de desaparecidos van ante la oficina de la ONU Ntr Guadalajara 08\/06\/16. Jalisco: cr\u00edmenes de lesa humanidad\u2026","rel":"","context":"En &quot;Desaparecidos&quot;","block_context":{"text":"Desaparecidos","link":"https:\/\/www.grieta.org.mx\/index.php\/category\/temas-nacionales\/desaparecidos\/"},"img":{"alt_text":"","src":"https:\/\/i0.wp.com\/www.grieta.org.mx\/wp-content\/uploads\/2018\/03\/14524434_1106112876131411_958039263622046936_o.jpg?resize=350%2C200&ssl=1","width":350,"height":200,"srcset":"https:\/\/i0.wp.com\/www.grieta.org.mx\/wp-content\/uploads\/2018\/03\/14524434_1106112876131411_958039263622046936_o.jpg?resize=350%2C200&ssl=1 1x, https:\/\/i0.wp.com\/www.grieta.org.mx\/wp-content\/uploads\/2018\/03\/14524434_1106112876131411_958039263622046936_o.jpg?resize=525%2C300&ssl=1 1.5x, https:\/\/i0.wp.com\/www.grieta.org.mx\/wp-content\/uploads\/2018\/03\/14524434_1106112876131411_958039263622046936_o.jpg?resize=700%2C400&ssl=1 2x"},"classes":[]},{"id":58844,"url":"https:\/\/www.grieta.org.mx\/index.php\/2021\/04\/13\/desapariciones-no-cesan-en-jalisco-exigen-la-aparicion-con-vida-de-cristian-joven-musico-y-comerciante-desaparecido-en-lagos-de-moreno-jalisco\/","url_meta":{"origin":64420,"position":2},"title":"Desapariciones no cesan en Jalisco: exigen la aparici\u00f3n con vida de Cristian, joven m\u00fasico y comerciante desaparecido en Lagos de Moreno","author":"grieta","date":"13 abril, 2021","format":false,"excerpt":"Foto: Bajo La Lupa Lagos Dalia Souza \/ Zona Docs Cristian In\u00e9s Hern\u00e1ndez Aldana\u00a0fue desaparecido el jueves\u00a08 de abril de 2021 en Lagos de Moreno, Jalisco. Su familia y amigos llevaron a cabo una marcha pac\u00edfica a las afueras de la Presidencia Municipal el pasado 12 de abril y es\u2026","rel":"","context":"En &quot;CINTILLO&quot;","block_context":{"text":"CINTILLO","link":"https:\/\/www.grieta.org.mx\/index.php\/category\/cintillo\/"},"img":{"alt_text":"","src":"https:\/\/i0.wp.com\/www.grieta.org.mx\/wp-content\/uploads\/2021\/04\/Unknown-7.jpeg?resize=350%2C200&ssl=1","width":350,"height":200,"srcset":"https:\/\/i0.wp.com\/www.grieta.org.mx\/wp-content\/uploads\/2021\/04\/Unknown-7.jpeg?resize=350%2C200&ssl=1 1x, https:\/\/i0.wp.com\/www.grieta.org.mx\/wp-content\/uploads\/2021\/04\/Unknown-7.jpeg?resize=525%2C300&ssl=1 1.5x, https:\/\/i0.wp.com\/www.grieta.org.mx\/wp-content\/uploads\/2021\/04\/Unknown-7.jpeg?resize=700%2C400&ssl=1 2x, https:\/\/i0.wp.com\/www.grieta.org.mx\/wp-content\/uploads\/2021\/04\/Unknown-7.jpeg?resize=1050%2C600&ssl=1 3x"},"classes":[]},{"id":64516,"url":"https:\/\/www.grieta.org.mx\/index.php\/2022\/07\/08\/7-de-julio-no-se-olvida-9-anos-sin-justicia-jalisco\/","url_meta":{"origin":64420,"position":3},"title":"\u201c7 de julio no se olvida\u201d: 9 a\u00f1os sin justicia (Jalisco)","author":"grieta","date":"8 julio, 2022","format":false,"excerpt":"Imagen: Zona Docs Han pasado 9 a\u00f1os desde que \u00c1ngel, Daniel, Eduardo, Jos\u00e9 Gerardo, Rodrigo, Marco y Cristian fueron desaparecidos y localizados sin vida el 7 de julio de 2013 en Lagos de Moreno, Jalisco. Como cada aniversario, sus familiares y personas solidarias participaron en una marcha pac\u00edfica y un\u2026","rel":"","context":"En &quot;CINTILLO&quot;","block_context":{"text":"CINTILLO","link":"https:\/\/www.grieta.org.mx\/index.php\/category\/cintillo\/"},"img":{"alt_text":"","src":"https:\/\/i0.wp.com\/www.grieta.org.mx\/wp-content\/uploads\/2022\/07\/photo1657259451-1068x710-1.jpeg?resize=350%2C200&ssl=1","width":350,"height":200,"srcset":"https:\/\/i0.wp.com\/www.grieta.org.mx\/wp-content\/uploads\/2022\/07\/photo1657259451-1068x710-1.jpeg?resize=350%2C200&ssl=1 1x, https:\/\/i0.wp.com\/www.grieta.org.mx\/wp-content\/uploads\/2022\/07\/photo1657259451-1068x710-1.jpeg?resize=525%2C300&ssl=1 1.5x, https:\/\/i0.wp.com\/www.grieta.org.mx\/wp-content\/uploads\/2022\/07\/photo1657259451-1068x710-1.jpeg?resize=700%2C400&ssl=1 2x, https:\/\/i0.wp.com\/www.grieta.org.mx\/wp-content\/uploads\/2022\/07\/photo1657259451-1068x710-1.jpeg?resize=1050%2C600&ssl=1 3x"},"classes":[]},{"id":4297,"url":"https:\/\/www.grieta.org.mx\/index.php\/2015\/09\/17\/region-altos-norte-desaparecer-en-la-region-de-los-milagros\/","url_meta":{"origin":64420,"position":4},"title":"Regi\u00f3n Altos Norte: Desaparecer en la regi\u00f3n de los milagros","author":"grieta","date":"17 septiembre, 2015","format":false,"excerpt":"Por: Darwin Franco Migues Parte III 17 de septiembre 2015.- Cuando desaparecieron la madrugada del 7 julio del 2013 en Lagos de Moreno, Eduardo Isa\u00edas Ram\u00edrez Hern\u00e1ndez (21 a\u00f1os); \u00c1ngel de Jes\u00fas Rodr\u00edguez Hern\u00e1ndez (19 a\u00f1os); Daniel Armando Espinoza Hern\u00e1ndez (22 a\u00f1os); Jos\u00e9 Gerardo Aguilar Mart\u00ednez (18 a\u00f1os); Marco Antonio\u2026","rel":"","context":"En &quot;CINTILLO&quot;","block_context":{"text":"CINTILLO","link":"https:\/\/www.grieta.org.mx\/index.php\/category\/cintillo\/"},"img":{"alt_text":"","src":"https:\/\/i0.wp.com\/www.grieta.org.mx\/wp-content\/uploads\/2018\/03\/14524434_1106112876131411_958039263622046936_o.jpg?resize=350%2C200&ssl=1","width":350,"height":200,"srcset":"https:\/\/i0.wp.com\/www.grieta.org.mx\/wp-content\/uploads\/2018\/03\/14524434_1106112876131411_958039263622046936_o.jpg?resize=350%2C200&ssl=1 1x, https:\/\/i0.wp.com\/www.grieta.org.mx\/wp-content\/uploads\/2018\/03\/14524434_1106112876131411_958039263622046936_o.jpg?resize=525%2C300&ssl=1 1.5x, https:\/\/i0.wp.com\/www.grieta.org.mx\/wp-content\/uploads\/2018\/03\/14524434_1106112876131411_958039263622046936_o.jpg?resize=700%2C400&ssl=1 2x"},"classes":[]},{"id":22401,"url":"https:\/\/www.grieta.org.mx\/index.php\/2018\/03\/27\/en-mexico-son-jovenes-la-mayoria-de-las-victimas-en-casos-de-desaparicion-representan-el-27-4-de-las-denuncias\/","url_meta":{"origin":64420,"position":5},"title":"En M\u00e9xico, son j\u00f3venes la mayor\u00eda de las v\u00edctimas en casos de desaparici\u00f3n; representan el 27.4% de las denuncias","author":"grieta","date":"27 marzo, 2018","format":false,"excerpt":"De acuerdo con las estad\u00edsticas del Registro Nacional de Datos de Personas Extraviadas o Desaparecidas (RNPED) al 31 de enero hab\u00eda 34 mil 268 mexicanos sin localizar, de los cuales 9 mil 404 son j\u00f3venes, es decir 27.4 por ciento. Un dato m\u00e1s se\u00f1ala que el rango de edad con\u2026","rel":"","context":"En &quot;CINTILLO&quot;","block_context":{"text":"CINTILLO","link":"https:\/\/www.grieta.org.mx\/index.php\/category\/cintillo\/"},"img":{"alt_text":"","src":"https:\/\/i0.wp.com\/www.grieta.org.mx\/wp-content\/uploads\/2018\/04\/1427835753002_5-750x430.jpg?resize=350%2C200&ssl=1","width":350,"height":200,"srcset":"https:\/\/i0.wp.com\/www.grieta.org.mx\/wp-content\/uploads\/2018\/04\/1427835753002_5-750x430.jpg?resize=350%2C200&ssl=1 1x, https:\/\/i0.wp.com\/www.grieta.org.mx\/wp-content\/uploads\/2018\/04\/1427835753002_5-750x430.jpg?resize=525%2C300&ssl=1 1.5x, https:\/\/i0.wp.com\/www.grieta.org.mx\/wp-content\/uploads\/2018\/04\/1427835753002_5-750x430.jpg?resize=700%2C400&ssl=1 2x"},"classes":[]}],"_links":{"self":[{"href":"https:\/\/www.grieta.org.mx\/index.php\/wp-json\/wp\/v2\/posts\/64420","targetHints":{"allow":["GET"]}}],"collection":[{"href":"https:\/\/www.grieta.org.mx\/index.php\/wp-json\/wp\/v2\/posts"}],"about":[{"href":"https:\/\/www.grieta.org.mx\/index.php\/wp-json\/wp\/v2\/types\/post"}],"author":[{"embeddable":true,"href":"https:\/\/www.grieta.org.mx\/index.php\/wp-json\/wp\/v2\/users\/2"}],"replies":[{"embeddable":true,"href":"https:\/\/www.grieta.org.mx\/index.php\/wp-json\/wp\/v2\/comments?post=64420"}],"version-history":[{"count":1,"href":"https:\/\/www.grieta.org.mx\/index.php\/wp-json\/wp\/v2\/posts\/64420\/revisions"}],"predecessor-version":[{"id":64422,"href":"https:\/\/www.grieta.org.mx\/index.php\/wp-json\/wp\/v2\/posts\/64420\/revisions\/64422"}],"wp:featuredmedia":[{"embeddable":true,"href":"https:\/\/www.grieta.org.mx\/index.php\/wp-json\/wp\/v2\/media\/64421"}],"wp:attachment":[{"href":"https:\/\/www.grieta.org.mx\/index.php\/wp-json\/wp\/v2\/media?parent=64420"}],"wp:term":[{"taxonomy":"category","embeddable":true,"href":"https:\/\/www.grieta.org.mx\/index.php\/wp-json\/wp\/v2\/categories?post=64420"},{"taxonomy":"post_tag","embeddable":true,"href":"https:\/\/www.grieta.org.mx\/index.php\/wp-json\/wp\/v2\/tags?post=64420"}],"curies":[{"name":"wp","href":"https:\/\/api.w.org\/{rel}","templated":true}]}}