{"id":64417,"date":"2022-06-02T15:06:32","date_gmt":"2022-06-02T20:06:32","guid":{"rendered":"http:\/\/www.grieta.org.mx\/?p=64417"},"modified":"2022-06-19T15:20:18","modified_gmt":"2022-06-19T20:20:18","slug":"no-tenemos-miedo-estamos-buscando-a-nuestros-familiares-no-vamos-a-parar-aguascalientes-jalisco-zacatecas","status":"publish","type":"post","link":"https:\/\/www.grieta.org.mx\/index.php\/2022\/06\/02\/no-tenemos-miedo-estamos-buscando-a-nuestros-familiares-no-vamos-a-parar-aguascalientes-jalisco-zacatecas\/","title":{"rendered":"\u00abNo tenemos miedo, estamos buscando a nuestros familiares, no vamos a parar\u00bb (Aguascalientes, Jalisco, Zacatecas)"},"content":{"rendered":"<p>Imagen:\u00a0 Perimetral<\/p>\n<p>\u00abNo tenemos miedo, estamos buscando a nuestros familiares, no vamos a parar\u00bb<\/p>\n<p>Georgina Martinez Macias &#8211; Florencia Escobedo \/ Perimetral<\/p>\n<p>Familias de Zacatecas, Jalisco y Aguascalientes marcharon este\u00a0 31 de mayo\u00a0 para exigir memoria verdad y justicia por sus familiares v\u00edctimas de desaparici\u00f3n forzada. Dentro del contingente particip\u00f3 el Colectivo de Familias Unidas Buscando una Esperanza, M\u00e1s uno igual a todos,\u00a0Buscando Personas Verdad y Justicia\u00a0y el\u00a0Observatorio de Violencia Social y de G\u00e9nero de Aguascalientes\u00a0(OVSGA).<\/p>\n<p>El evento tuvo inicio a las 11 de la ma\u00f1ana frente a la Fiscal\u00eda del Estado, a un costado de la Glorieta del Quijote, donde las y los familiares comenzaron a tapizar el asfalto con las fotograf\u00edas de sus hijas, hijos, hermanos, sobrinas, sobrinos que se encuentran desaparecidos.<\/p>\n<p><em>\u201cNo tengo palabras, no encuentro un significado a este proceso, nadie lo deber\u00eda estar pasando, no puedo creer que siga pasando el tiempo y no sepa nada de mi hija\u201d<\/em>\u00a0coment\u00f3 madre de Estefan\u00eda Guadalupe de 24 a\u00f1os, desaparecida el 24 de marzo de 2021 en Encarnaci\u00f3n de Diaz, Jal.<\/p>\n<p>La marcha fue avanzando con direcci\u00f3n al Palacio de Gobierno para que sus exigencias fueran escuchadas por las autoridades, quienes han mantenido una postura indiferente y han revictimizado a las familias. Durante el recorrido, dos meg\u00e1fonos y las voces de decenas de familias se extendieron por las calles c\u00e9ntricas de la ciudad de Aguascalientes, los nombres de las y los desaparecidos, dejaron de ser una cifra m\u00e1s; los familiares dieron historia y rostro a las cifras que atormentan a nuestro pa\u00eds.<\/p>\n<p><em>La pagaras, la pagaras, la sangre que derramaste la pagaras, las mujeres que te llevaste, no morir\u00e1n, \u00a1No morir\u00e1n!(\u2026) \u00bfDonde estan?, \u00bfd\u00f3nde est\u00e1n?, nuestros hijos, \u00bfd\u00f3nde est\u00e1n?(\u2026)\u00a1Porque vivas y vivos se los llevaron! \u00a1Vivas y vivos los queremos!\u00bb.\u00a0<\/em>Estas entre otras consignas hac\u00edan latir la rabia y el coraje de las familias en b\u00fasqueda de justicia , en\u00a0 la ciudad.<\/p>\n<p>Violeta Sabas directora del OVSGA coment\u00f3 que al a\u00f1o en Aguascalientes desaparecen 700 personas, las cuales para las autoridades no representan un gran porcentaje dentro de las m\u00e1s de 100 mil personas desaparecidas en el pa\u00eds, pese a ello los protocolos y la garant\u00eda de su funcionamiento deben de continuar dentro de las exigencias de las colectivas.<\/p>\n<p><em>\u201cMe falta un pedazo de mi coraz\u00f3n, mi vida ya no es igual y cambi\u00f3 mucho, me falta ella y no la dejar\u00e9 de buscar hasta el dia que deje de estar aqu\u00ed, no me voy a cansar de buscarla, (\u2026) No tenemos miedo porque no estamos haciendo nada malo, estamos buscando a nuestros familiares\u201d<\/em>\u00a0expres\u00f3 Liliana Sandoval de Rio Grande Zacatecas, que busca a su hermana Felipa Lili Sandoval.<\/p>\n<p>Al llegar a exedra, las familias se posicionaron entre reclamos hacia las autoridades, as\u00ed como el llanto al\u00a0 recordar a sus familiares por lo dif\u00edcil que ha sido su trayecto en la b\u00fasqueda de sus seres amados, la verdad\u00a0 y justicia.<\/p>\n<p>\u201dComo siempre, nos reciben con las puertas cerradas, no nos cansaremos de insistir, hasta que el gobernador nos abra las puertas\u201d, a\u00f1adi\u00f3 Javier Espinosa, padre de Javier Espinosa Almanza v\u00edctima del caso Maverick en Aguascalientes.<\/p>\n<p>Al finalizar, la unidad entre las familias brind\u00f3 respiros de alegr\u00eda y esperanza, expresaron sentirse acompa\u00f1adas y apoyadas, ya que muchas de ellas experimentan este proceso solas despu\u00e9s de la desaparici\u00f3n que marc\u00f3 sus vidas.<\/p>\n<p>La publicaci\u00f3n original de este texto es del\u00a0<em><a href=\"https:\/\/obserdigital.com.mx\/2022\/06\/01\/no-tenemos-miedo-estamos-buscando-a-nuestros-familiares-no-vamos-a-parar\/\">Observatorio Digital<\/a><\/em><\/p>\n<p>Fotos: Georgina Mac\u00edas. Fecha de publicaci\u00f3n: 2 de junio de 2022<\/p>\n<p><a href=\"https:\/\/perimetral.press\/no-tenemos-miedo-estamos-buscando-a-nuestros-familiares-no-vamos-a-parar\/\">https:\/\/perimetral.press\/no-tenemos-miedo-estamos-buscando-a-nuestros-familiares-no-vamos-a-parar\/<\/a><\/p>\n<p>&nbsp;<\/p>\n","protected":false},"excerpt":{"rendered":"<p>Imagen:\u00a0 Perimetral \u00abNo tenemos miedo, estamos buscando a nuestros familiares, no vamos a parar\u00bb Georgina Martinez Macias &#8211; Florencia Escobedo \/ Perimetral Familias de Zacatecas, Jalisco y Aguascalientes marcharon este\u00a0 &hellip; <a href=\"https:\/\/www.grieta.org.mx\/index.php\/2022\/06\/02\/no-tenemos-miedo-estamos-buscando-a-nuestros-familiares-no-vamos-a-parar-aguascalientes-jalisco-zacatecas\/\" class=\"more-link\">Leer m\u00e1s<\/a><\/p>\n","protected":false},"author":2,"featured_media":64418,"comment_status":"closed","ping_status":"closed","sticky":false,"template":"","format":"standard","meta":{"ngg_post_thumbnail":0,"_jetpack_newsletter_access":"","_jetpack_dont_email_post_to_subs":false,"_jetpack_newsletter_tier_id":0,"_jetpack_memberships_contains_paywalled_content":false,"_jetpack_memberships_contains_paid_content":false,"footnotes":""},"categories":[4,80,87,1189,1032,1427,20,2,83,76],"tags":[3791,1828,3018,121,1668,1228],"class_list":["post-64417","post","type-post","status-publish","format-standard","has-post-thumbnail","hentry","category-aguascalientes","category-cintillo","category-desaparecidos","category-desaparecidos-en-aguascalientes","category-desaparecidos-en-jalisco","category-desaparecidos-en-zacatecas","category-jalisco","category-noticias-nacionales","category-temas-nacionales","category-zacatecas","tag-acciones-por-desaparecidos","tag-busqueda-de-desaparecidos","tag-colectivos-de-busqueda-de-desaparecidos","tag-desaparecidos","tag-familiares-de-desaparecidos","tag-protestas-por-desaparecidos","entry"],"jetpack_featured_media_url":"https:\/\/www.grieta.org.mx\/wp-content\/uploads\/2022\/06\/portada1.webp","jetpack_sharing_enabled":true,"jetpack_shortlink":"https:\/\/wp.me\/p7ZJR4-gKZ","jetpack_likes_enabled":false,"jetpack-related-posts":[{"id":58967,"url":"https:\/\/www.grieta.org.mx\/index.php\/2021\/04\/24\/familiares-de-desaparecidos-del-maverick-exigen-justicia-en-aguascalientes\/","url_meta":{"origin":64417,"position":0},"title":"Familiares de desaparecidos del \u2018Maverick\u2019 exigen justicia en Aguascalientes","author":"grieta","date":"24 abril, 2021","format":false,"excerpt":"Redacci\u00f3n\/El Clarinete 24 abril 2021 Aguascalientes, Ags.- Familiares de Javier Espino, desaparecido en el antro \u2018Maverick\u2019 en 2007, clausuraron de manera simb\u00f3lica las instalaciones de la Fiscal\u00eda de Estado de Aguascalientes por los nulos resultados en la investigaci\u00f3n. Francisco Espinoza padre de uno de los nueve desaparecidos, indic\u00f3 que son\u2026","rel":"","context":"En &quot;Aguascalientes&quot;","block_context":{"text":"Aguascalientes","link":"https:\/\/www.grieta.org.mx\/index.php\/category\/noticias-nacionales\/aguascalientes\/"},"img":{"alt_text":"","src":"https:\/\/i0.wp.com\/www.grieta.org.mx\/wp-content\/uploads\/2021\/04\/desaparecidos-familiares.jpg?resize=350%2C200&ssl=1","width":350,"height":200,"srcset":"https:\/\/i0.wp.com\/www.grieta.org.mx\/wp-content\/uploads\/2021\/04\/desaparecidos-familiares.jpg?resize=350%2C200&ssl=1 1x, https:\/\/i0.wp.com\/www.grieta.org.mx\/wp-content\/uploads\/2021\/04\/desaparecidos-familiares.jpg?resize=525%2C300&ssl=1 1.5x, https:\/\/i0.wp.com\/www.grieta.org.mx\/wp-content\/uploads\/2021\/04\/desaparecidos-familiares.jpg?resize=700%2C400&ssl=1 2x"},"classes":[]},{"id":54709,"url":"https:\/\/www.grieta.org.mx\/index.php\/2020\/08\/07\/colectivo-verdad-y-justicia-organiza-caravana-a-jalisco-aguascalientes\/","url_meta":{"origin":64417,"position":1},"title":"COLECTIVO VERDAD Y JUSTICIA ORGANIZA CARAVANA A JALISCO (Aguascalientes)","author":"grieta","date":"7 agosto, 2020","format":false,"excerpt":"Claudia Rodr\u00edguez Loera\/La Jornada Aguascalientes 7 agosto 2020 Familiares de desaparecidos exigir\u00e1n a autoridades jaliscienses reactiven investigaciones Son casos de 6 desaparecidos de Aguascalientes en Jalisco, y 3 m\u00e1s en comunidades l\u00edmite Con caravana, Colectivo Verdad y Justicia de Aguascalientes exigir\u00e1n se reactiven investigaciones en Jalisco relacionadas con personas desaparecidas\u2026","rel":"","context":"En &quot;Aguascalientes&quot;","block_context":{"text":"Aguascalientes","link":"https:\/\/www.grieta.org.mx\/index.php\/category\/noticias-nacionales\/aguascalientes\/"},"img":{"alt_text":"","src":"https:\/\/i0.wp.com\/www.grieta.org.mx\/wp-content\/uploads\/2020\/11\/verdad-y-justicia.jpg?resize=350%2C200","width":350,"height":200},"classes":[]},{"id":53238,"url":"https:\/\/www.grieta.org.mx\/index.php\/2020\/09\/07\/madres-y-padres-de-jovenes-de-aguascalientes-desaparecidos-en-jalisco-senalan-las-trabas-con-las-que-se-han-topado-durante-su-busqueda\/","url_meta":{"origin":64417,"position":2},"title":"Madres y padres de j\u00f3venes de Aguascalientes desaparecidos en Jalisco se\u00f1alan las trabas con las que se han topado durante su b\u00fasqueda","author":"grieta","date":"7 septiembre, 2020","format":false,"excerpt":"Foto: Vallarta Independiente Redacci\u00f3n \/ Vallarta Independiente Cuando inici\u00f3 su b\u00fasqueda, Mar\u00eda de Jes\u00fas de Le\u00f3n subi\u00f3 a la camioneta con su bolsa de mano, una frazada y una hielera peque\u00f1a en forma de lata de cerveza. Empac\u00f3 lo estrictamente necesario: algo de ropa, art\u00edculos de higiene y las dosis\u2026","rel":"","context":"En &quot;Aguascalientes&quot;","block_context":{"text":"Aguascalientes","link":"https:\/\/www.grieta.org.mx\/index.php\/category\/noticias-nacionales\/aguascalientes\/"},"img":{"alt_text":"","src":"https:\/\/i0.wp.com\/www.grieta.org.mx\/wp-content\/uploads\/2020\/09\/desaparecidos-700x400-1.jpg?resize=350%2C200&ssl=1","width":350,"height":200,"srcset":"https:\/\/i0.wp.com\/www.grieta.org.mx\/wp-content\/uploads\/2020\/09\/desaparecidos-700x400-1.jpg?resize=350%2C200&ssl=1 1x, https:\/\/i0.wp.com\/www.grieta.org.mx\/wp-content\/uploads\/2020\/09\/desaparecidos-700x400-1.jpg?resize=525%2C300&ssl=1 1.5x, https:\/\/i0.wp.com\/www.grieta.org.mx\/wp-content\/uploads\/2020\/09\/desaparecidos-700x400-1.jpg?resize=700%2C400&ssl=1 2x"},"classes":[]},{"id":54712,"url":"https:\/\/www.grieta.org.mx\/index.php\/2020\/08\/17\/inicia-caravana-de-familiares-de-desaparecidos-de-aguascalientes-en-puerto-vallarta\/","url_meta":{"origin":64417,"position":3},"title":"Inicia caravana de familiares de desaparecidos de Aguascalientes en Puerto Vallarta","author":"grieta","date":"17 agosto, 2020","format":false,"excerpt":"Alejandro Romo\/Newsweek Aguascalientes 17 agosto 2020 Este lunes comenz\u00f3 la caravana de b\u00fasqueda organizada por el Colectivo Buscando Personas, Verdad y Justicia y el Observatorio de Violencia Social y de G\u00e9nero (OVSG) y familiares de personas desaparecidas de Aguascalientes en municipios de Jalisco. La caravana inici\u00f3 en Puerto Vallarta, Jalisco,\u2026","rel":"","context":"En &quot;Aguascalientes&quot;","block_context":{"text":"Aguascalientes","link":"https:\/\/www.grieta.org.mx\/index.php\/category\/noticias-nacionales\/aguascalientes\/"},"img":{"alt_text":"","src":"https:\/\/i0.wp.com\/www.grieta.org.mx\/wp-content\/uploads\/2020\/11\/WhatsApp-Image-2020-08-17-at-1.48.32-PM.jpeg?resize=350%2C200&ssl=1","width":350,"height":200,"srcset":"https:\/\/i0.wp.com\/www.grieta.org.mx\/wp-content\/uploads\/2020\/11\/WhatsApp-Image-2020-08-17-at-1.48.32-PM.jpeg?resize=350%2C200&ssl=1 1x, https:\/\/i0.wp.com\/www.grieta.org.mx\/wp-content\/uploads\/2020\/11\/WhatsApp-Image-2020-08-17-at-1.48.32-PM.jpeg?resize=525%2C300&ssl=1 1.5x"},"classes":[]},{"id":60398,"url":"https:\/\/www.grieta.org.mx\/index.php\/2021\/07\/06\/familias-de-colima-recorren-jalisco-buscando-a-sus-desaparecidos\/","url_meta":{"origin":64417,"position":4},"title":"Familias de Colima recorren Jalisco buscando a sus desaparecidos","author":"grieta","date":"6 julio, 2021","format":false,"excerpt":"Foto:\u00a0 Diario Avanzada Heidi de Le\u00f3n Guti\u00e9rrez \/ Diario Avanzada Colima, M\u00e9xico, Avanzada (06\/07\/2021).- Integrantes de la Red de Personas Desaparecidas en Colima se encuentran en Jalisco para buscar a sus familiares \u00a0en hospitales, albergues,\u00a0 centros penitenciarios \u00a0y en distintos puntos de esa entidad como parte de la Jornada Nacional\u2026","rel":"","context":"En &quot;CINTILLO&quot;","block_context":{"text":"CINTILLO","link":"https:\/\/www.grieta.org.mx\/index.php\/category\/cintillo\/"},"img":{"alt_text":"","src":"https:\/\/i0.wp.com\/www.grieta.org.mx\/wp-content\/uploads\/2021\/07\/Des.png?resize=350%2C200&ssl=1","width":350,"height":200},"classes":[]},{"id":63562,"url":"https:\/\/www.grieta.org.mx\/index.php\/2022\/02\/24\/ante-negativa-de-entrega-de-cuerpos-de-desaparecidos-en-el-ijcf-colectivo-de-familiares-de-desaparecidos-interpondran-amparos\/","url_meta":{"origin":64417,"position":5},"title":"Ante negativa de entrega de cuerpos de desaparecidos en el IJCF Colectivo  de familiares de desaparecidos interpondr\u00e1n amparos (Jalisco)","author":"grieta","date":"24 febrero, 2022","format":false,"excerpt":"Foto: Jorge Alberto Mendoza Redacci\u00f3n \/ El Diario NTR Ante la negativa para entregar los cad\u00e1veres de las personas reportadas como desaparecidas que se encuentran en el Instituto Jalisciense de Ciencias Forenses (IJCF), colectivos de familiares de personas desaparecidas interpondr\u00e1n amparos para que se los entreguen, explic\u00f3 Guadalupe Aguilar, integrante\u2026","rel":"","context":"En &quot;CINTILLO&quot;","block_context":{"text":"CINTILLO","link":"https:\/\/www.grieta.org.mx\/index.php\/category\/cintillo\/"},"img":{"alt_text":"","src":"https:\/\/i0.wp.com\/www.grieta.org.mx\/wp-content\/uploads\/2022\/03\/2022-02-24_06-02-08___6482.jpg?resize=350%2C200&ssl=1","width":350,"height":200,"srcset":"https:\/\/i0.wp.com\/www.grieta.org.mx\/wp-content\/uploads\/2022\/03\/2022-02-24_06-02-08___6482.jpg?resize=350%2C200&ssl=1 1x, https:\/\/i0.wp.com\/www.grieta.org.mx\/wp-content\/uploads\/2022\/03\/2022-02-24_06-02-08___6482.jpg?resize=525%2C300&ssl=1 1.5x, https:\/\/i0.wp.com\/www.grieta.org.mx\/wp-content\/uploads\/2022\/03\/2022-02-24_06-02-08___6482.jpg?resize=700%2C400&ssl=1 2x"},"classes":[]}],"_links":{"self":[{"href":"https:\/\/www.grieta.org.mx\/index.php\/wp-json\/wp\/v2\/posts\/64417","targetHints":{"allow":["GET"]}}],"collection":[{"href":"https:\/\/www.grieta.org.mx\/index.php\/wp-json\/wp\/v2\/posts"}],"about":[{"href":"https:\/\/www.grieta.org.mx\/index.php\/wp-json\/wp\/v2\/types\/post"}],"author":[{"embeddable":true,"href":"https:\/\/www.grieta.org.mx\/index.php\/wp-json\/wp\/v2\/users\/2"}],"replies":[{"embeddable":true,"href":"https:\/\/www.grieta.org.mx\/index.php\/wp-json\/wp\/v2\/comments?post=64417"}],"version-history":[{"count":1,"href":"https:\/\/www.grieta.org.mx\/index.php\/wp-json\/wp\/v2\/posts\/64417\/revisions"}],"predecessor-version":[{"id":64419,"href":"https:\/\/www.grieta.org.mx\/index.php\/wp-json\/wp\/v2\/posts\/64417\/revisions\/64419"}],"wp:featuredmedia":[{"embeddable":true,"href":"https:\/\/www.grieta.org.mx\/index.php\/wp-json\/wp\/v2\/media\/64418"}],"wp:attachment":[{"href":"https:\/\/www.grieta.org.mx\/index.php\/wp-json\/wp\/v2\/media?parent=64417"}],"wp:term":[{"taxonomy":"category","embeddable":true,"href":"https:\/\/www.grieta.org.mx\/index.php\/wp-json\/wp\/v2\/categories?post=64417"},{"taxonomy":"post_tag","embeddable":true,"href":"https:\/\/www.grieta.org.mx\/index.php\/wp-json\/wp\/v2\/tags?post=64417"}],"curies":[{"name":"wp","href":"https:\/\/api.w.org\/{rel}","templated":true}]}}