{"id":64371,"date":"2022-06-02T18:21:13","date_gmt":"2022-06-02T23:21:13","guid":{"rendered":"http:\/\/www.grieta.org.mx\/?p=64371"},"modified":"2022-06-03T09:26:14","modified_gmt":"2022-06-03T14:26:14","slug":"a-4-anos-del-feminicidio-se-denunciara-al-estado-mexicano-ante-la-onu-por-su-responsabilidad-en-el-caso-de-maria-del-sol-cruz-oaxaca","status":"publish","type":"post","link":"https:\/\/www.grieta.org.mx\/index.php\/2022\/06\/02\/a-4-anos-del-feminicidio-se-denunciara-al-estado-mexicano-ante-la-onu-por-su-responsabilidad-en-el-caso-de-maria-del-sol-cruz-oaxaca\/","title":{"rendered":"A 4 a\u00f1os del feminicidio, se denunciar\u00e1 al Estado Mexicano ante la ONU por su responsabilidad en el caso de Mar\u00eda del Sol Cruz (Oaxaca)"},"content":{"rendered":"<p>P\u00e1gina 3 \/ Redacci\u00f3n.<\/p>\n<p><img loading=\"lazy\" decoding=\"async\" src=\"https:\/\/i0.wp.com\/pagina3.mx\/wp-content\/uploads\/2022\/06\/PHOTO-2022-05-31-21-13-45.jpg?w=1280&#038;ssl=1\" width=\"1280\" height=\"853\" class=\"alignnone size-full\" \/><\/p>\n<p>\u25cf Soledad Jarqu\u00edn \u00c9dgar, madre de la joven fotoperiodista iniciar\u00e1 gira internacional con el fin de buscar la justicia que ha sido negada en M\u00e9xico.<\/p>\n<p>\u25cf La periodista oaxaque\u00f1a y Consorcio Oaxaca presentar\u00e1n el caso de fondo ante el Comit\u00e9 CEDAW de Naciones Unidas<\/p>\n<p>Mediante conferencia de prensa, la periodista feminista Soledad Jarqu\u00edn \u00c9dgar anunci\u00f3 que iniciar\u00e1 en los pr\u00f3ximos d\u00edas una gira a Europa para presentar el caso de feminicidio de su hija, Mar\u00eda del Sol Cruz Jarqu\u00edn ante instancias internacionales, entre las que destaca el Comit\u00e9 para la Eliminaci\u00f3n de la Discriminaci\u00f3n contra la Mujer (Comit\u00e9 CEDAW) de las Naciones Unidas, integrado por expertas que cuentan con la facultad para examinar casos individuales y emitir resoluciones con caract\u00e9r vinculante ya que el Estado Mexicano ha reconocido su competencia.<\/p>\n<p>Hizo \u00e9nfasis en que a cuatro a\u00f1os del feminicidio de su hija, el estatus del caso es de total impunidad, pues hasta el momento no hay ning\u00fan avance tangible; en cambio \u2013agreg\u00f3- \u201chay una obstrucci\u00f3n para llegar a la verdad desde el mismo poder de Oaxaca\u201d.<\/p>\n<p>\u201cCuatro a\u00f1os despu\u00e9s no tenemos nada. Ha ganado esta batalla la impunidad, la protecci\u00f3n a servidores p\u00fablicos que no hicieron su trabajo con debida diligencia, que dolosamente manipularon la carpeta de investigaci\u00f3n, a quienes lejos de sancionarlos los han premiado con otros puestos. A nuestro paso en la b\u00fasqueda de justicia hemos encontrado omisi\u00f3n, corrupci\u00f3n y la negligencia institucional\u201d, se\u00f1al\u00f3.<\/p>\n<p>En ese contexto, Soledad Jarqu\u00edn explic\u00f3 que ante la complicidad y omisiones del Estado Mexicano viajar\u00e1 a Europa con la esperanza de abrir el camino de la justicia que le ha sido negada en M\u00e9xico.<\/p>\n<p>\u201c\u00a1Lamentamos que tengamos que irnos a la instancia internacional. Es evidente, han fallado, han matado a las mujeres con su permisibilidad! Y cuando el Estado Mexicano falta a su deber de otorgarnos el derecho a la verdad y la justicia, solo nos queda la denuncia internacional\u201d, afirm\u00f3.<\/p>\n<p>Explic\u00f3 que prueba de ello, es que en la b\u00fasqueda de justicia se han tocado diferentes puertas empezando en Oaxaca pero tambi\u00e9n a escala nacional, llegando hasta el Presidente de la Rep\u00fablica.<\/p>\n<p>Enlist\u00f3 alrededor de 20 servidores y servidoras p\u00fablicos estatales y federales -algunos directamente responsables por el encubrimiento-, como el ex Fiscal de Oaxaca Rub\u00e9n Vasconcelos y otros omisos como la Fiscal\u00eda General de la Rep\u00fablica o el propio Andr\u00e9s Manuel L\u00f3pez Obrador, quienes \u201cno honraron su palabra, pues el caso de mi hija no es una prioridad en su trabajo\u201d, enfatiz\u00f3.<\/p>\n<p>Recalc\u00f3 que al menos tres Tribunales: el Superior de Justicia del Estado de Oaxaca (TSJEO), el de Justicia Administrativa y el Electoral del Estado de Oaxaca, han conocido del caso, solo en este \u00faltimo hay una resoluci\u00f3n que no se cumpli\u00f3 a cabalidad.<\/p>\n<p>Finalmente, sobre la gira que emprender\u00e1, precis\u00f3 que acudir\u00e1 ante distintas instancias, organismos, y gobiernos internacionales para dar a conocer el caso de su hija y del tema del feminicidio en M\u00e9xico con el fin de empezar a cerrar las brechas de la impunidad.<\/p>\n<p>Por su parte, Y\u00e9sica S\u00e1nchez Maya, codirectora de Consorcio para el Di\u00e1logo Parlamentario y la Equidad Oaxaca, dio a conocer que la gira de trabajo de Sol Jarqu\u00edn por Europa, que iniciar\u00e1 el 13 de junio y finalizar\u00e1 el 5 de julio, tiene como prop\u00f3sito evidenciar la falla del Estado Mexicano como un patr\u00f3n sistem\u00e1tico de impunidad y que en M\u00e9xico se sigue matando a las mujeres.<\/p>\n<p>Acompa\u00f1ada del equipo de abogadas de Consorcio Oaxaca, detall\u00f3 que esta gira, adem\u00e1s de la visita al Comit\u00e9 CEDAW de Naciones Unidas, contempla tambi\u00e9n entrevistas con europarlamentarios y diversos funcionarios de la Uni\u00f3n Europea<\/p>\n<p>Y agreg\u00f3: \u201cComo lo dijo Sol: no hay m\u00e1s puertas que tocar en M\u00e9xico, no hay m\u00e1s que estar demand\u00e1ndole a ninguna estructura del Estado; se agotaron cantidad de reuniones, se agotaron cantidad de escritos que no tuvieron eco\u201d.<\/p>\n<p>\u201cHoy estamos frente al desaf\u00edo de presentar el primer caso de femincidio en Oaxaca ante el Comit\u00e9 de Naciones Unidas; y efectivamente esperamos que no tarde demasiado la resoluci\u00f3n, que finque la responsabilidad al Estado Mexicano que ha fallado, en Oaxaca con m\u00e1s de 631 feminicidios, y en el pa\u00eds, ya que asesinan a m\u00e1s de 10 mujeres cada d\u00eda\u201d, subray\u00f3.<\/p>\n<p>La conferencia de prensa se llev\u00f3 a cabo al t\u00e9rmino de la \u201cCaravana motorizada de denuncia simb\u00f3lica frente a la impunidad\u201d, que consisti\u00f3 en un recorrido de Soledad Jarqu\u00edn acompa\u00f1ada de familiares y colectivas de mujeres por las oficinas del Fiscal General del Estado de Oaxaca y el Palacio de Gobierno.<\/p>\n<p>Durante la caravana se realizaron actos de protesta en contra de la impunidad, la complicidad, la corrupci\u00f3n y el abuso de poder que han caracterizado la actuaci\u00f3n de las diferentes instancias del gobierno del estado de Oaxaca en el proceso de atenci\u00f3n al caso de Sol Cruz.<\/p>\n<p>\u201cLo \u00fanico que me ha dado este gobierno a m\u00ed y a la sociedad oaxaque\u00f1a ha sido impunidad, corrupci\u00f3n, complicidad y abuso de poder\u201d, afirm\u00f3 Soledad Jarqu\u00edn en el Palacio de Gobierno.<\/p>\n<p><a href=\"https:\/\/pagina3.mx\/2022\/06\/a-4-anos-del-feminicidio-se-denunciara-al-estado-mexicano-ante-la-onu-por-su-responsabilidad-en-el-caso-de-maria-del-sol-cruz\/\" rel=\"noopener\" target=\"_blank\">https:\/\/pagina3.mx\/2022\/06\/a-4-anos-del-feminicidio-se-denunciara-al-estado-mexicano-ante-la-onu-por-su-responsabilidad-en-el-caso-de-maria-del-sol-cruz\/<\/a><\/p>\n","protected":false},"excerpt":{"rendered":"<p>P\u00e1gina 3 \/ Redacci\u00f3n. \u25cf Soledad Jarqu\u00edn \u00c9dgar, madre de la joven fotoperiodista iniciar\u00e1 gira internacional con el fin de buscar la justicia que ha sido negada en M\u00e9xico. \u25cf &hellip; <a href=\"https:\/\/www.grieta.org.mx\/index.php\/2022\/06\/02\/a-4-anos-del-feminicidio-se-denunciara-al-estado-mexicano-ante-la-onu-por-su-responsabilidad-en-el-caso-de-maria-del-sol-cruz-oaxaca\/\" class=\"more-link\">Leer m\u00e1s<\/a><\/p>\n","protected":false},"author":2,"featured_media":21928,"comment_status":"closed","ping_status":"closed","sticky":false,"template":"","format":"standard","meta":{"ngg_post_thumbnail":0,"_jetpack_newsletter_access":"","_jetpack_dont_email_post_to_subs":false,"_jetpack_newsletter_tier_id":0,"_jetpack_memberships_contains_paywalled_content":false,"_jetpack_memberships_contains_paid_content":false,"footnotes":""},"categories":[80,1325,3163,2,25,1665],"tags":[],"class_list":["post-64371","post","type-post","status-publish","format-standard","has-post-thumbnail","hentry","category-cintillo","category-feminicidios-en-oaxaca-oaxaca","category-la-lucha-de-las-mujeres-en-oaxaca","category-noticias-nacionales","category-oaxaca","category-violencia-contra-las-mujeres-en-oaxaca","entry"],"jetpack_featured_media_url":"https:\/\/www.grieta.org.mx\/wp-content\/uploads\/2018\/03\/14524434_1106112876131411_958039263622046936_o.jpg","jetpack_sharing_enabled":true,"jetpack_shortlink":"https:\/\/wp.me\/p7ZJR4-gKf","jetpack_likes_enabled":false,"jetpack-related-posts":[{"id":49623,"url":"https:\/\/www.grieta.org.mx\/index.php\/2020\/05\/21\/la-justicia-para-sol-no-llega-por-complicidades-simulacion-e-impunidad-del-gobierno-de-murat-oaxaca\/","url_meta":{"origin":64371,"position":0},"title":"La Justicia para Sol no llega por complicidades, simulaci\u00f3n e impunidad del gobierno de Murat (Oaxaca)","author":"grieta","date":"21 mayo, 2020","format":false,"excerpt":"P\u00e1gina 3 \/ Pedro Mat\u00edas. OAXACA, Oax.- \u201cHasta que la justicia llegue\u201d, es la campa\u00f1a que inici\u00f3 la periodista Soledad Jarqu\u00edn Edgar a unos d\u00edas de cumplirse dos a\u00f1os del asesinato de su hija la fotoperiodista Mar\u00eda del Sol Cruz Jarqu\u00edn. En el marco de la violencia pol\u00edtica contra las\u2026","rel":"","context":"En &quot;CINTILLO&quot;","block_context":{"text":"CINTILLO","link":"https:\/\/www.grieta.org.mx\/index.php\/category\/cintillo\/"},"img":{"alt_text":"","src":"https:\/\/i0.wp.com\/www.grieta.org.mx\/wp-content\/uploads\/2020\/05\/Hasta-que-la-justicia-llegue.jpg?resize=350%2C200&ssl=1","width":350,"height":200,"srcset":"https:\/\/i0.wp.com\/www.grieta.org.mx\/wp-content\/uploads\/2020\/05\/Hasta-que-la-justicia-llegue.jpg?resize=350%2C200&ssl=1 1x, https:\/\/i0.wp.com\/www.grieta.org.mx\/wp-content\/uploads\/2020\/05\/Hasta-que-la-justicia-llegue.jpg?resize=525%2C300&ssl=1 1.5x, https:\/\/i0.wp.com\/www.grieta.org.mx\/wp-content\/uploads\/2020\/05\/Hasta-que-la-justicia-llegue.jpg?resize=700%2C400&ssl=1 2x"},"classes":[]},{"id":58255,"url":"https:\/\/www.grieta.org.mx\/index.php\/2021\/04\/10\/caso-de-feminicidio-de-oaxaquena-maria-del-sol-podria-llevarse-a-la-onu-ante-dilacion-en-la-investigacion-oaxaca\/","url_meta":{"origin":64371,"position":1},"title":"Caso de feminicidio de oaxaque\u00f1a Mar\u00eda del Sol podr\u00eda llevarse a la ONU ante dilaci\u00f3n en la investigaci\u00f3n (Oaxaca)","author":"grieta","date":"10 abril, 2021","format":false,"excerpt":"Noticias \/ Citlalli Luciana. A 3 a\u00f1os del crimen Mar\u00eda del Sol Cruz Jarqu\u00edn se desempe\u00f1aba como jefa del departamento de comunicaci\u00f3n social de la entonces SAI. Con una sola persona detenida y en riesgo de ser puesta en libertad, una persona vinculada a proceso, pero fuera de la c\u00e1rcel,\u2026","rel":"","context":"En &quot;CINTILLO&quot;","block_context":{"text":"CINTILLO","link":"https:\/\/www.grieta.org.mx\/index.php\/category\/cintillo\/"},"img":{"alt_text":"","src":"https:\/\/i0.wp.com\/www.grieta.org.mx\/wp-content\/uploads\/2021\/04\/a.jpg?resize=350%2C200&ssl=1","width":350,"height":200,"srcset":"https:\/\/i0.wp.com\/www.grieta.org.mx\/wp-content\/uploads\/2021\/04\/a.jpg?resize=350%2C200&ssl=1 1x, https:\/\/i0.wp.com\/www.grieta.org.mx\/wp-content\/uploads\/2021\/04\/a.jpg?resize=525%2C300&ssl=1 1.5x, https:\/\/i0.wp.com\/www.grieta.org.mx\/wp-content\/uploads\/2021\/04\/a.jpg?resize=700%2C400&ssl=1 2x, https:\/\/i0.wp.com\/www.grieta.org.mx\/wp-content\/uploads\/2021\/04\/a.jpg?resize=1050%2C600&ssl=1 3x"},"classes":[]},{"id":35281,"url":"https:\/\/www.grieta.org.mx\/index.php\/2019\/06\/22\/feministas-reinstalan-carteles-mutilados-que-pedian-justicia-al-asesinato-de-sol-oaxaca\/","url_meta":{"origin":64371,"position":2},"title":"Feministas reinstalan carteles mutilados que ped\u00edan justicia al asesinato de Sol (Oaxaca)","author":"grieta","date":"22 junio, 2019","format":false,"excerpt":"P\u00e1gina 3. Redacci\u00f3n, El 20 de junio, Feministas de Oaxaca reinstalaron las lonas en espectaculares que exig\u00edan justicia respecto al feminicidio de la fotoperiodista Maria del Sol Cruz Jarqu\u00edn. La madre de Mar\u00eda del Sol, Soledad Jarqu\u00edn Edgar, logr\u00f3 con el apoyo de diferentes organizaciones que pusieran tres espectaculares que\u2026","rel":"","context":"En &quot;CINTILLO&quot;","block_context":{"text":"CINTILLO","link":"https:\/\/www.grieta.org.mx\/index.php\/category\/cintillo\/"},"img":{"alt_text":"","src":"https:\/\/i0.wp.com\/www.grieta.org.mx\/wp-content\/uploads\/2019\/06\/MAria-del-sol.jpeg?resize=350%2C200&ssl=1","width":350,"height":200,"srcset":"https:\/\/i0.wp.com\/www.grieta.org.mx\/wp-content\/uploads\/2019\/06\/MAria-del-sol.jpeg?resize=350%2C200&ssl=1 1x, https:\/\/i0.wp.com\/www.grieta.org.mx\/wp-content\/uploads\/2019\/06\/MAria-del-sol.jpeg?resize=525%2C300&ssl=1 1.5x, https:\/\/i0.wp.com\/www.grieta.org.mx\/wp-content\/uploads\/2019\/06\/MAria-del-sol.jpeg?resize=700%2C400&ssl=1 2x"},"classes":[]},{"id":50476,"url":"https:\/\/www.grieta.org.mx\/index.php\/2020\/06\/05\/exigen-se-inicie-juicio-politico-y-destitucion-del-fiscal-ruben-vasconcelos-por-obstruir-la-justicia-para-sol-oaxaca\/","url_meta":{"origin":64371,"position":3},"title":"Exigen se inicie juicio pol\u00edtico y destituci\u00f3n del fiscal Rub\u00e9n Vasconcelos por obstruir la justicia para Sol (Oaxaca)","author":"grieta","date":"5 junio, 2020","format":false,"excerpt":"P\u00e1gina 3 \/ Pedro Mat\u00edas. OAXACA, Oax.- Casi un centenar de organizaciones exigieron al Congreso del Estado de Oaxaca que inicie un juicio pol\u00edtico y la destituci\u00f3n del fiscal General de Justicia de Oaxaca, Rub\u00e9n Vasconcelos M\u00e9ndez, porque a dos a\u00f1os del asesinato de la fotoperiodista Mar\u00eda del Sol Cruz\u2026","rel":"","context":"En &quot;CINTILLO&quot;","block_context":{"text":"CINTILLO","link":"https:\/\/www.grieta.org.mx\/index.php\/category\/cintillo\/"},"img":{"alt_text":"","src":"https:\/\/i0.wp.com\/www.grieta.org.mx\/wp-content\/uploads\/2018\/03\/14524434_1106112876131411_958039263622046936_o.jpg?resize=350%2C200&ssl=1","width":350,"height":200,"srcset":"https:\/\/i0.wp.com\/www.grieta.org.mx\/wp-content\/uploads\/2018\/03\/14524434_1106112876131411_958039263622046936_o.jpg?resize=350%2C200&ssl=1 1x, https:\/\/i0.wp.com\/www.grieta.org.mx\/wp-content\/uploads\/2018\/03\/14524434_1106112876131411_958039263622046936_o.jpg?resize=525%2C300&ssl=1 1.5x, https:\/\/i0.wp.com\/www.grieta.org.mx\/wp-content\/uploads\/2018\/03\/14524434_1106112876131411_958039263622046936_o.jpg?resize=700%2C400&ssl=1 2x"},"classes":[]},{"id":50213,"url":"https:\/\/www.grieta.org.mx\/index.php\/2020\/06\/03\/soledad-jarquin-con-menos-miedo-a-la-pandemia-y-mucho-terror-a-la-injusticia-oaxaca\/","url_meta":{"origin":64371,"position":4},"title":"Soledad Jarqu\u00edn: Con menos miedo a la pandemia y mucho terror a la injusticia (Oaxaca)","author":"grieta","date":"3 junio, 2020","format":false,"excerpt":"Proceso \/ Pedro Mat\u00edas. Mar\u00eda del Sol Cruz Jarqu\u00edn. Foto tomada de Twitter OAXACA, Oax. (apro).- \u201cAqu\u00ed estamos en casa, con menos miedo a la pandemia y mucho terror a la injusticia que nos ha horadado el coraz\u00f3n en estos 731 d\u00edas que han pasado desde tu crimen\u201d, se\u00f1al\u00f3 este\u2026","rel":"","context":"En &quot;CINTILLO&quot;","block_context":{"text":"CINTILLO","link":"https:\/\/www.grieta.org.mx\/index.php\/category\/cintillo\/"},"img":{"alt_text":"","src":"https:\/\/i0.wp.com\/www.grieta.org.mx\/wp-content\/uploads\/2020\/06\/Maria-del-Sol-Cruz-Jarquin-Foto-tomada-de-Twitter.jpg?resize=350%2C200&ssl=1","width":350,"height":200,"srcset":"https:\/\/i0.wp.com\/www.grieta.org.mx\/wp-content\/uploads\/2020\/06\/Maria-del-Sol-Cruz-Jarquin-Foto-tomada-de-Twitter.jpg?resize=350%2C200&ssl=1 1x, https:\/\/i0.wp.com\/www.grieta.org.mx\/wp-content\/uploads\/2020\/06\/Maria-del-Sol-Cruz-Jarquin-Foto-tomada-de-Twitter.jpg?resize=525%2C300&ssl=1 1.5x, https:\/\/i0.wp.com\/www.grieta.org.mx\/wp-content\/uploads\/2020\/06\/Maria-del-Sol-Cruz-Jarquin-Foto-tomada-de-Twitter.jpg?resize=700%2C400&ssl=1 2x"},"classes":[]},{"id":34696,"url":"https:\/\/www.grieta.org.mx\/index.php\/2019\/06\/12\/mutilan-espectacular-donde-se-exige-justicia-para-sol-oaxaca\/","url_meta":{"origin":64371,"position":5},"title":"Mutilan espectacular donde se exige justicia para Sol (Oaxaca)","author":"grieta","date":"12 junio, 2019","format":false,"excerpt":"P\u00e1gina 3. Redacci\u00f3n, * En represalia Fiscal\u00eda de Oaxaca retira seguridad a Soledad Jarqu\u00edn * Fueron arrancadas las fotograf\u00edas del gobernador de Oaxaca y del Fiscal del Estado Oaxaca, Oax.- Uno de los tres espectaculares colocados el pasado 1 de junio para visibilizar el reclamo de justicia para Mar\u00eda del\u2026","rel":"","context":"En &quot;CINTILLO&quot;","block_context":{"text":"CINTILLO","link":"https:\/\/www.grieta.org.mx\/index.php\/category\/cintillo\/"},"img":{"alt_text":"","src":"https:\/\/i0.wp.com\/www.grieta.org.mx\/wp-content\/uploads\/2019\/06\/SOL-1068x801.jpeg?resize=350%2C200&ssl=1","width":350,"height":200,"srcset":"https:\/\/i0.wp.com\/www.grieta.org.mx\/wp-content\/uploads\/2019\/06\/SOL-1068x801.jpeg?resize=350%2C200&ssl=1 1x, https:\/\/i0.wp.com\/www.grieta.org.mx\/wp-content\/uploads\/2019\/06\/SOL-1068x801.jpeg?resize=525%2C300&ssl=1 1.5x, https:\/\/i0.wp.com\/www.grieta.org.mx\/wp-content\/uploads\/2019\/06\/SOL-1068x801.jpeg?resize=700%2C400&ssl=1 2x, https:\/\/i0.wp.com\/www.grieta.org.mx\/wp-content\/uploads\/2019\/06\/SOL-1068x801.jpeg?resize=1050%2C600&ssl=1 3x"},"classes":[]}],"_links":{"self":[{"href":"https:\/\/www.grieta.org.mx\/index.php\/wp-json\/wp\/v2\/posts\/64371","targetHints":{"allow":["GET"]}}],"collection":[{"href":"https:\/\/www.grieta.org.mx\/index.php\/wp-json\/wp\/v2\/posts"}],"about":[{"href":"https:\/\/www.grieta.org.mx\/index.php\/wp-json\/wp\/v2\/types\/post"}],"author":[{"embeddable":true,"href":"https:\/\/www.grieta.org.mx\/index.php\/wp-json\/wp\/v2\/users\/2"}],"replies":[{"embeddable":true,"href":"https:\/\/www.grieta.org.mx\/index.php\/wp-json\/wp\/v2\/comments?post=64371"}],"version-history":[{"count":1,"href":"https:\/\/www.grieta.org.mx\/index.php\/wp-json\/wp\/v2\/posts\/64371\/revisions"}],"predecessor-version":[{"id":64372,"href":"https:\/\/www.grieta.org.mx\/index.php\/wp-json\/wp\/v2\/posts\/64371\/revisions\/64372"}],"wp:featuredmedia":[{"embeddable":true,"href":"https:\/\/www.grieta.org.mx\/index.php\/wp-json\/wp\/v2\/media\/21928"}],"wp:attachment":[{"href":"https:\/\/www.grieta.org.mx\/index.php\/wp-json\/wp\/v2\/media?parent=64371"}],"wp:term":[{"taxonomy":"category","embeddable":true,"href":"https:\/\/www.grieta.org.mx\/index.php\/wp-json\/wp\/v2\/categories?post=64371"},{"taxonomy":"post_tag","embeddable":true,"href":"https:\/\/www.grieta.org.mx\/index.php\/wp-json\/wp\/v2\/tags?post=64371"}],"curies":[{"name":"wp","href":"https:\/\/api.w.org\/{rel}","templated":true}]}}