{"id":64351,"date":"2022-05-28T18:46:59","date_gmt":"2022-05-28T23:46:59","guid":{"rendered":"http:\/\/www.grieta.org.mx\/?p=64351"},"modified":"2022-06-02T23:51:15","modified_gmt":"2022-06-03T04:51:15","slug":"oaxaca-nuevo-ataque-armado-y-destruccion-de-viviendas-en-el-rebollero-oaxaca","status":"publish","type":"post","link":"https:\/\/www.grieta.org.mx\/index.php\/2022\/05\/28\/oaxaca-nuevo-ataque-armado-y-destruccion-de-viviendas-en-el-rebollero-oaxaca\/","title":{"rendered":"Oaxaca: Nuevo ataque armado y destrucci\u00f3n de viviendas en El Rebollero (Oaxaca)"},"content":{"rendered":"<p>Avispa Midia \/ Redacci\u00f3n.<\/p>\n<p>Una vez m\u00e1s, un grupo de m\u00e1s de 100 paramilitares armados entraron, atacaron a balazos y destruyeron las viviendas de la comunidad zapoteca de El Rebollero, San Pablo Cuatro Venados, en Oaxaca. As\u00ed lo denunciaron hoy sus habitantes en un comunicado en el que se\u00f1alan que la incursi\u00f3n inici\u00f3 cerca de las 6 de la ma\u00f1ana de este s\u00e1bado (28).<\/p>\n<p>Un habitante de El Rebollero, cuya identidad se reserva por seguridad, explic\u00f3 por tel\u00e9fono para Avispa Midiaque las familias de la comunidad (en las que hay mujeres, ni\u00f1as, ni\u00f1os y adultos mayores) se encuentran escondidas y \u201cacorraladas\u201d en los alrededores, ya que todos los accesos a la comunidad se encuentran bloqueados y el grupo de atacantes se mantiene en las inmediaciones de San Pablo Cuatro Venados, disparando espor\u00e1dicamente.<\/p>\n<p>\u201cNo permiten la entrada ni la salida de la comunidad, estamos esperando a que se retiren porque no hay v\u00edveres\u201d, explica el residente, y menciona que las familias desplazadas est\u00e1n \u201cresguardadas de alguna manera entre el bosque\u201d.<\/p>\n<p>El ataque sucede d\u00edas antes de que la comunidad celebrara la inauguraci\u00f3n de su nueva casa de salud y su capilla: \u201cs\u00edmbolo de la reconstrucci\u00f3n de nuestras viviendas\u201d tal como lo conceb\u00edan sus habitantes; ya que hace tres a\u00f1os, el 31 de mayo de 2019, m\u00e1s de 500 personas armadas tambi\u00e9n asaltaron las comunidades de El Rebollero y Rio Minas, arras\u00e1ndolas por completo.<\/p>\n<p>Seg\u00fan el testimonio recabado por Avispa Midia,en el nuevo ataqueaproximadamente 30 viviendas, incluida la nueva capilla y el centro de salud, fueron destruidas. Tambi\u00e9n fue robado ganado y pertenencias personales. Hasta el momento no hay heridos reportados.<\/p>\n<p>Una serie de ataques armados<\/p>\n<p>\u00c9ste no es el primer ataque armado que sufre y denuncia la comunidad de El Rebollero. Apenas este a\u00f1o, a principios de abril, la comunidad fue asediada por un grupo de m\u00e1s de 30 personas que dispararon sus armas de fuego durante una semana aproximadamente.<\/p>\n<p>En julio de 2021, luego de que un helic\u00f3ptero sobrevolara y descendiera en las inmediaciones de la comunidad, otro grupo de personas armadas tambi\u00e9n atac\u00f3 a balazos a las y los comuneros del lugar.<\/p>\n<p>En febrero del mismo a\u00f1o, unas 20 personas volvieron a atacar a balazos a pobladores de San Pablo Cuatro Venados. Espec\u00edficamente en los parajes \u201cEl Rebollero\u201d, \u201cLos Arquitos\u201d y \u201cR\u00edo Minas\u201d.<\/p>\n<p>En 2019, Avispa Midia document\u00f3 la destrucci\u00f3n que provoc\u00f3 un segundo intento de desalojo durante el ataque del 31 de mayo y presenci\u00f3 un segundo ataque a balazos el d\u00eda siguiente. En aquella ocasi\u00f3n derribaron y quemaron 24 viviendas, quemaron el ma\u00edz, frijol y otros granos que se almacenaban para las siembras; rompieron el molino comunitarios y las celdas solares; robaron vacas, pertenencias personales, dos plantas generadoras de energ\u00eda y una bomba de agua.<\/p>\n<p>En cada ocasi\u00f3n, las y los pobladores de El Rebollero han denunciado p\u00fablicamente los ataques. Apenas en abril del presente a\u00f1o, en conferencia de prensa, informaron que no pudieron recibir a la Caravana por el Agua y la Vida dado el incremento de la violencia paramilitar, y responsabilizaron, entre otros, a la empresa canadiense Continuum Resourses Ltd: \u201cqui\u00e9n ha sido concesionada para realizar exploraciones en nuestro territorio, contaminando el R\u00edo Valiente qui\u00e9n sostiene la vida proveyendo de agua nuestra comunidad y otras comunidades\u201d.<\/p>\n<p>Las y los pobladores de El Rebollero, Los Arquitos y R\u00edo Minas han agotado v\u00edas legales y denunciado su situaci\u00f3n ante las instancias correspondientes en los tres niveles de gobierno, para hacer valer sus derechos y su libre autodeterminaci\u00f3n como pueblo originario, en medio de un conflicto agrario entre los municipios de San Pablo Cuatro Venados y Cuil\u00e1pam de Guerrero.<\/p>\n<p>Sin embargo, aseguran que han sido ignorados. \u201cPor ello, responsabilizamos al gobierno del estado, que preside Alejando Murat Hinojosa. Responsabilizamos al gobierno federal que preside Andr\u00e9s Manuel L\u00f3pez Obrador y a las autoridades de Cuil\u00e1pam de Guerrero. Tambi\u00e9n a Flavio Sosa Villavicencencio y a su hermano, del partido de Morena sobre estos acontecimientos y los da\u00f1os provocados\u201d.<\/p>\n<p><a href=\"https:\/\/avispa.org\/oaxaca-nuevo-ataque-armado-y-destruccion-de-viviendas-en-el-rebollero\/\" rel=\"noopener\" target=\"_blank\">https:\/\/avispa.org\/oaxaca-nuevo-ataque-armado-y-destruccion-de-viviendas-en-el-rebollero\/<\/a><\/p>\n","protected":false},"excerpt":{"rendered":"<p>Avispa Midia \/ Redacci\u00f3n. Una vez m\u00e1s, un grupo de m\u00e1s de 100 paramilitares armados entraron, atacaron a balazos y destruyeron las viviendas de la comunidad zapoteca de El Rebollero, &hellip; <a href=\"https:\/\/www.grieta.org.mx\/index.php\/2022\/05\/28\/oaxaca-nuevo-ataque-armado-y-destruccion-de-viviendas-en-el-rebollero-oaxaca\/\" class=\"more-link\">Leer m\u00e1s<\/a><\/p>\n","protected":false},"author":2,"featured_media":21928,"comment_status":"closed","ping_status":"closed","sticky":false,"template":"","format":"standard","meta":{"ngg_post_thumbnail":0,"_jetpack_newsletter_access":"","_jetpack_dont_email_post_to_subs":false,"_jetpack_newsletter_tier_id":0,"_jetpack_memberships_contains_paywalled_content":false,"_jetpack_memberships_contains_paid_content":false,"footnotes":""},"categories":[80,1357,2355,1705,2,25,1496,2909],"tags":[],"class_list":["post-64351","post","type-post","status-publish","format-standard","has-post-thumbnail","hentry","category-cintillo","category-conflictos-mineros-en-oaxaca","category-conflictos-por-agua-en-oaxaca","category-el-camino-del-cin-cig-en-oaxaca","category-noticias-nacionales","category-oaxaca","category-represion-en-oaxaca","category-resistencias-y-rebeldias-en-oaxaca","entry"],"jetpack_featured_media_url":"https:\/\/www.grieta.org.mx\/wp-content\/uploads\/2018\/03\/14524434_1106112876131411_958039263622046936_o.jpg","jetpack_sharing_enabled":true,"jetpack_shortlink":"https:\/\/wp.me\/p7ZJR4-gJV","jetpack_likes_enabled":false,"jetpack-related-posts":[{"id":60264,"url":"https:\/\/www.grieta.org.mx\/index.php\/2021\/07\/05\/oaxaca-alerta-maxima-en-la-comunidad-del-el-rebollero-por-descenso-de-helicoptero-oaxaca\/","url_meta":{"origin":64351,"position":0},"title":"Oaxaca: Alerta m\u00e1xima en la comunidad del El Rebollero por descenso de helic\u00f3ptero","author":"grieta","date":"5 julio, 2021","format":false,"excerpt":"Avispa Midia \/ \u00d1an\u00ed Pinto. Foto de archivo, barricada cultural de El Rebollero. Por Santiago Navarro F. Habitantes de la comunidad de El Rebollero y R\u00edo Minas, del municipio de San Pablo Cuatro Venados, Oaxaca, se han puesto en alerta por el sobrevuelo de un helic\u00f3ptero en su territorio, que\u2026","rel":"","context":"En &quot;CINTILLO&quot;","block_context":{"text":"CINTILLO","link":"https:\/\/www.grieta.org.mx\/index.php\/category\/cintillo\/"},"img":{"alt_text":"","src":"https:\/\/i0.wp.com\/www.grieta.org.mx\/wp-content\/uploads\/2021\/07\/R1.jpg?resize=350%2C200&ssl=1","width":350,"height":200,"srcset":"https:\/\/i0.wp.com\/www.grieta.org.mx\/wp-content\/uploads\/2021\/07\/R1.jpg?resize=350%2C200&ssl=1 1x, https:\/\/i0.wp.com\/www.grieta.org.mx\/wp-content\/uploads\/2021\/07\/R1.jpg?resize=525%2C300&ssl=1 1.5x, https:\/\/i0.wp.com\/www.grieta.org.mx\/wp-content\/uploads\/2021\/07\/R1.jpg?resize=700%2C400&ssl=1 2x"},"classes":[]},{"id":63988,"url":"https:\/\/www.grieta.org.mx\/index.php\/2022\/04\/17\/oaxaca-el-rebollero-cumple-seis-dias-bajo-ataque-de-paramilitares\/","url_meta":{"origin":64351,"position":1},"title":"Oaxaca: El Rebollero cumple seis d\u00edas bajo ataque de paramilitares","author":"grieta","date":"17 abril, 2022","format":false,"excerpt":"Avispa midia \/ Sare Frabes. Campesinos zapotecas de la comunidad El Rebollero, localizada a menos de una hora de la ciudad de Oaxaca, podr\u00edan estar conmemorando los d\u00edas santos, pero este s\u00e1bado (16) cumplen una semana de estar esquivando balazos de alto calibre. Desde la zona conocida como \u201cLa Mesa\u201d,\u2026","rel":"","context":"En &quot;CINTILLO&quot;","block_context":{"text":"CINTILLO","link":"https:\/\/www.grieta.org.mx\/index.php\/category\/cintillo\/"},"img":{"alt_text":"","src":"https:\/\/i0.wp.com\/www.grieta.org.mx\/wp-content\/uploads\/2022\/04\/1.jpg?resize=350%2C200&ssl=1","width":350,"height":200,"srcset":"https:\/\/i0.wp.com\/www.grieta.org.mx\/wp-content\/uploads\/2022\/04\/1.jpg?resize=350%2C200&ssl=1 1x, https:\/\/i0.wp.com\/www.grieta.org.mx\/wp-content\/uploads\/2022\/04\/1.jpg?resize=525%2C300&ssl=1 1.5x, https:\/\/i0.wp.com\/www.grieta.org.mx\/wp-content\/uploads\/2022\/04\/1.jpg?resize=700%2C400&ssl=1 2x"},"classes":[]},{"id":59657,"url":"https:\/\/www.grieta.org.mx\/index.php\/2021\/06\/01\/a-dos-anos-del-intento-de-desalojo-nos-mantenemos-en-resistencia-contra-el-extractivismo-comunidades-de-el-rebollero-los-arquitos-y-rio-minas-cuatro-venados-oaxaca\/","url_meta":{"origin":64351,"position":2},"title":"A dos a\u00f1os del intento de desalojo, nos mantenemos en resistencia contra el extractivismo: Comunidades de El Rebollero, Los Arquitos y R\u00edo Minas, Cuatro Venados, Oaxaca.","author":"grieta","date":"1 junio, 2021","format":false,"excerpt":"Colectivo Grieta. En comunicado dirigido al CNI-CIG, al EZLN y a los medios libres y alternativos, recordaron que han pasado ya dos a\u00f1os desde aquel 31 de mayo del 2019 cu\u00e1ndo un grupo de personas, armadas con armas de grueso calibre, tomaron por asalto nuestra comunidad que habita los parajes,\u2026","rel":"","context":"En &quot;CINTILLO&quot;","block_context":{"text":"CINTILLO","link":"https:\/\/www.grieta.org.mx\/index.php\/category\/cintillo\/"},"img":{"alt_text":"","src":"https:\/\/i0.wp.com\/www.grieta.org.mx\/wp-content\/uploads\/2021\/06\/4v.png?resize=350%2C200&ssl=1","width":350,"height":200,"srcset":"https:\/\/i0.wp.com\/www.grieta.org.mx\/wp-content\/uploads\/2021\/06\/4v.png?resize=350%2C200&ssl=1 1x, https:\/\/i0.wp.com\/www.grieta.org.mx\/wp-content\/uploads\/2021\/06\/4v.png?resize=525%2C300&ssl=1 1.5x"},"classes":[]},{"id":60301,"url":"https:\/\/www.grieta.org.mx\/index.php\/2021\/07\/06\/un-dia-despues-de-descender-un-helicoptero-en-el-rebollero-oaxaca-personas-armadas-atacan-a-los-comuneros\/","url_meta":{"origin":64351,"position":3},"title":"Un d\u00eda despu\u00e9s de descender un helic\u00f3ptero en El Rebollero, Oaxaca, personas armadas atacan a los comuneros","author":"grieta","date":"6 julio, 2021","format":false,"excerpt":"Avispa Midia \/ \u00d1an\u00ed Pinto. Comunidades de El Rebollero, Los Arquitos y R\u00edo Minas, pertenecientes al municipio de San Pablo Cuatro Venados, Oaxaca, han denunciado, este 6 de julio, que tras un sobrevuelo de un helicoptero fueron atacados por un grupo de personas que se internaron en la vegetaci\u00f3n de\u2026","rel":"","context":"En &quot;CINTILLO&quot;","block_context":{"text":"CINTILLO","link":"https:\/\/www.grieta.org.mx\/index.php\/category\/cintillo\/"},"img":{"alt_text":"","src":"https:\/\/i0.wp.com\/www.grieta.org.mx\/wp-content\/uploads\/2021\/07\/Foto-casquillo-4V_060721.jpg?resize=350%2C200&ssl=1","width":350,"height":200,"srcset":"https:\/\/i0.wp.com\/www.grieta.org.mx\/wp-content\/uploads\/2021\/07\/Foto-casquillo-4V_060721.jpg?resize=350%2C200&ssl=1 1x, https:\/\/i0.wp.com\/www.grieta.org.mx\/wp-content\/uploads\/2021\/07\/Foto-casquillo-4V_060721.jpg?resize=525%2C300&ssl=1 1.5x, https:\/\/i0.wp.com\/www.grieta.org.mx\/wp-content\/uploads\/2021\/07\/Foto-casquillo-4V_060721.jpg?resize=700%2C400&ssl=1 2x"},"classes":[]},{"id":60284,"url":"https:\/\/www.grieta.org.mx\/index.php\/2021\/07\/06\/alerta-un-dia-despues-de-descender-un-helicoptero-en-el-rebollero-oaxaca-personas-armadas-atacan-a-los-comuneros\/","url_meta":{"origin":64351,"position":4},"title":"Alerta: Un d\u00eda despu\u00e9s de descender un helic\u00f3ptero en El Rebollero, Oaxaca, personas armadas atacan a los comuneros","author":"grieta","date":"6 julio, 2021","format":false,"excerpt":"Colectivo Grieta. En comunicado urgente dirigido al Ejercito Zapatista de Liberaci\u00f3n Nacional, al Congreso Nacional Ind\u00edgena-Concejo Ind\u00edgena de Gobierno y a los Medios Libres e Independientes, \"los comuneros de El Rebollero y R\u00edo Minas, perteneciente al municipio de Cuatro Venados, ubicado a menos de 1 hora de la ciudad de\u2026","rel":"","context":"En &quot;CINTILLO&quot;","block_context":{"text":"CINTILLO","link":"https:\/\/www.grieta.org.mx\/index.php\/category\/cintillo\/"},"img":{"alt_text":"","src":"https:\/\/i0.wp.com\/www.grieta.org.mx\/wp-content\/uploads\/2021\/07\/a-1.jpg?resize=350%2C200&ssl=1","width":350,"height":200,"srcset":"https:\/\/i0.wp.com\/www.grieta.org.mx\/wp-content\/uploads\/2021\/07\/a-1.jpg?resize=350%2C200&ssl=1 1x, https:\/\/i0.wp.com\/www.grieta.org.mx\/wp-content\/uploads\/2021\/07\/a-1.jpg?resize=525%2C300&ssl=1 1.5x"},"classes":[]},{"id":60692,"url":"https:\/\/www.grieta.org.mx\/index.php\/2021\/07\/20\/gobierno-de-oaxaca-prepara-represion-contra-indigenas-zapotecas\/","url_meta":{"origin":64351,"position":5},"title":"Gobierno de Oaxaca prepara represi\u00f3n contra ind\u00edgenas zapotecas","author":"grieta","date":"20 julio, 2021","format":false,"excerpt":"Avispa Midia \/ Texto: \u00d1an\u00ed Pinto; Fotos: Santiago Navarro F. Ind\u00edgenas zapotecas pertenecientes al municipio de San Pablo Cuatro Venados denuncian que el gobierno del estado de Oaxaca est\u00e1 preparando la represi\u00f3n y despojo de su territorio con el uso de la Guardia Nacional. Alertan que \u00e9ste ha sido un\u2026","rel":"","context":"En &quot;CINTILLO&quot;","block_context":{"text":"CINTILLO","link":"https:\/\/www.grieta.org.mx\/index.php\/category\/cintillo\/"},"img":{"alt_text":"","src":"https:\/\/i0.wp.com\/www.grieta.org.mx\/wp-content\/uploads\/2021\/07\/1-3.jpg?resize=350%2C200&ssl=1","width":350,"height":200,"srcset":"https:\/\/i0.wp.com\/www.grieta.org.mx\/wp-content\/uploads\/2021\/07\/1-3.jpg?resize=350%2C200&ssl=1 1x, https:\/\/i0.wp.com\/www.grieta.org.mx\/wp-content\/uploads\/2021\/07\/1-3.jpg?resize=525%2C300&ssl=1 1.5x, https:\/\/i0.wp.com\/www.grieta.org.mx\/wp-content\/uploads\/2021\/07\/1-3.jpg?resize=700%2C400&ssl=1 2x, https:\/\/i0.wp.com\/www.grieta.org.mx\/wp-content\/uploads\/2021\/07\/1-3.jpg?resize=1050%2C600&ssl=1 3x"},"classes":[]}],"_links":{"self":[{"href":"https:\/\/www.grieta.org.mx\/index.php\/wp-json\/wp\/v2\/posts\/64351","targetHints":{"allow":["GET"]}}],"collection":[{"href":"https:\/\/www.grieta.org.mx\/index.php\/wp-json\/wp\/v2\/posts"}],"about":[{"href":"https:\/\/www.grieta.org.mx\/index.php\/wp-json\/wp\/v2\/types\/post"}],"author":[{"embeddable":true,"href":"https:\/\/www.grieta.org.mx\/index.php\/wp-json\/wp\/v2\/users\/2"}],"replies":[{"embeddable":true,"href":"https:\/\/www.grieta.org.mx\/index.php\/wp-json\/wp\/v2\/comments?post=64351"}],"version-history":[{"count":1,"href":"https:\/\/www.grieta.org.mx\/index.php\/wp-json\/wp\/v2\/posts\/64351\/revisions"}],"predecessor-version":[{"id":64352,"href":"https:\/\/www.grieta.org.mx\/index.php\/wp-json\/wp\/v2\/posts\/64351\/revisions\/64352"}],"wp:featuredmedia":[{"embeddable":true,"href":"https:\/\/www.grieta.org.mx\/index.php\/wp-json\/wp\/v2\/media\/21928"}],"wp:attachment":[{"href":"https:\/\/www.grieta.org.mx\/index.php\/wp-json\/wp\/v2\/media?parent=64351"}],"wp:term":[{"taxonomy":"category","embeddable":true,"href":"https:\/\/www.grieta.org.mx\/index.php\/wp-json\/wp\/v2\/categories?post=64351"},{"taxonomy":"post_tag","embeddable":true,"href":"https:\/\/www.grieta.org.mx\/index.php\/wp-json\/wp\/v2\/tags?post=64351"}],"curies":[{"name":"wp","href":"https:\/\/api.w.org\/{rel}","templated":true}]}}