{"id":64346,"date":"2022-05-26T23:38:30","date_gmt":"2022-05-27T04:38:30","guid":{"rendered":"http:\/\/www.grieta.org.mx\/?p=64346"},"modified":"2022-06-02T23:45:52","modified_gmt":"2022-06-03T04:45:52","slug":"mas-de-4-mil-militares-son-desplegados-para-resguardar-el-corredor-interoceanico-oaxaca","status":"publish","type":"post","link":"https:\/\/www.grieta.org.mx\/index.php\/2022\/05\/26\/mas-de-4-mil-militares-son-desplegados-para-resguardar-el-corredor-interoceanico-oaxaca\/","title":{"rendered":"M\u00e1s de 4 mil militares son desplegados para resguardar el Corredor Interoce\u00e1nico (Oaxaca)"},"content":{"rendered":"<p>Avispa Midia \/ \u00d1an\u00ed Pinto.<\/p>\n<p><img loading=\"lazy\" decoding=\"async\" data-attachment-id=\"64347\" data-permalink=\"https:\/\/www.grieta.org.mx\/index.php\/2022\/05\/26\/mas-de-4-mil-militares-son-desplegados-para-resguardar-el-corredor-interoceanico-oaxaca\/2-119\/\" data-orig-file=\"https:\/\/www.grieta.org.mx\/wp-content\/uploads\/2022\/06\/2.jpeg\" data-orig-size=\"768,512\" data-comments-opened=\"0\" data-image-meta=\"{&quot;aperture&quot;:&quot;0&quot;,&quot;credit&quot;:&quot;&quot;,&quot;camera&quot;:&quot;&quot;,&quot;caption&quot;:&quot;&quot;,&quot;created_timestamp&quot;:&quot;0&quot;,&quot;copyright&quot;:&quot;&quot;,&quot;focal_length&quot;:&quot;0&quot;,&quot;iso&quot;:&quot;0&quot;,&quot;shutter_speed&quot;:&quot;0&quot;,&quot;title&quot;:&quot;&quot;,&quot;orientation&quot;:&quot;0&quot;}\" data-image-title=\"2\" data-image-description=\"\" data-image-caption=\"\" data-medium-file=\"https:\/\/www.grieta.org.mx\/wp-content\/uploads\/2022\/06\/2-300x200.jpeg\" data-large-file=\"https:\/\/www.grieta.org.mx\/wp-content\/uploads\/2022\/06\/2.jpeg\" class=\"alignnone wp-image-64347\" src=\"http:\/\/www.grieta.org.mx\/wp-content\/uploads\/2022\/06\/2.jpeg\" alt=\"\" width=\"800\" height=\"533\" srcset=\"https:\/\/www.grieta.org.mx\/wp-content\/uploads\/2022\/06\/2.jpeg 768w, https:\/\/www.grieta.org.mx\/wp-content\/uploads\/2022\/06\/2-300x200.jpeg 300w\" sizes=\"auto, (max-width: 800px) 100vw, 800px\" \/><\/p>\n<p>La Secretar\u00eda de Seguridad y Protecci\u00f3n Ciudadana de M\u00e9xico anunci\u00f3 que se han desplegado, entre los meses de abril y mayo, 26, 618 uniformados en servicios espec\u00edficos en todo el territorio mexicano. Entre ellos, 4,362 elementos se han encargado de las operaciones de seguridad en el Corredor Interoce\u00e1nico del Istmo Tehuantepec, Oaxaca.<\/p>\n<p>Los principales objetivos, seg\u00fan el informe mensual presentado por las diversas instancias armadas de M\u00e9xico, es velar por la infraestructura social productiva en la regi\u00f3n, por el modelo de crecimiento, as\u00ed como realizar acciones emergentes para la poblaci\u00f3n en situaci\u00f3n de pobreza extrema.<\/p>\n<p>Remarca el cuidado de la biodiversidad y protecci\u00f3n de pueblos originarios, afromexicanos y equiparables \u201ca trav\u00e9s de acciones que garanticen su participaci\u00f3n y derechos culturales\u201d, reza el informe.<\/p>\n<p>Al menos 1800 militares y Guardia Nacional resguardan la llamada L\u00ednea Z, es decir, la l\u00ednea del ferrocarril que conecta Salina Cruz, Oaxaca, con el puerto de Coatzacoalcos, Veracruz. Otros 1455 militares se encargan de cuidar de la L\u00ednea K, que comprende la ruta del ferrocarril de Ixtepec a Ciudad Hidalgo. El resto tienen en su resguardo las l\u00edneas FA, Coatzacoalcos-Palenque, y la L\u00ednea Dos Bocas a Ram\u00f3n Ayala.<\/p>\n<p>Militares con m\u00e1s poder<\/p>\n<p>Los cuerpos militares de M\u00e9xico ampliaron su margen de acci\u00f3n al involucrarse en la seguridad, construcci\u00f3n y administraci\u00f3n de los llamados \u201cproyectos estrat\u00e9gicos\u201d, como el llamado Corredor Interoce\u00e1nico\u201d y el \u201cTren Maya\u201d. Esto debido a que el mandatario mexicano, Andr\u00e9s Manuel L\u00f3pez Obrador, decret\u00f3 estos proyectos como \u201cde inter\u00e9s p\u00fablico y seguridad nacional\u201d, dice el decreto de noviembre del 2021.<\/p>\n<p>En un nuevo decreto, publicado en el Diario Oficial de la Federaci\u00f3n este martes (24), se ampl\u00edan las facultades de las Secretar\u00edas de la Defensa Nacional (Sedena) y de la Marina. Las aduanas fronterizas y mar\u00edtimas ser\u00e1n coordinadas respectivamente por estas instancias de seguridad.<\/p>\n<p>Estos cuerpos militares \u201cpodr\u00e1n participar como Unidades Responsables en los veh\u00edculos financieros, tales como fideicomisos p\u00fablicos sin estructura, constituidos en t\u00e9rminos del art\u00edculo 9 de la Ley Federal de Presupuesto y Responsabilidad Hacendaria, que sirvan para recibir y administrar los recursos que deriven de cualquier otro veh\u00edculo financiero que reciba la contraprestaci\u00f3n prevista en el art\u00edculo 16 de la Ley Aduanera\u201d, reza el decreto.<\/p>\n<p>Desde octubre del a\u00f1o 2020 la Sedena ya operaba 17 aduanas mar\u00edtimas y dos aduanas interiores. Entre ellas est\u00e1n la de Ensenada, Guaymas, La Paz, Mazatl\u00e1n, Manzanillo, L\u00e1zaro C\u00e1rdenas, Acapulco, Salina Cruz, Coatzacoalcos, Canc\u00fan, Dos Bocas, Progreso, Ciudad del Carmen, Veracruz, Tuxpan, Tampico, Altamira, Pantaco y el Aeropuerto Internacional de la Ciudad de M\u00e9xico.<\/p>\n<p>\u201cEn total participan 2 mil 205 empleados altamente capacitados con cursos y diplomados de comercio exterior\u201d, se\u00f1al\u00f3 en conferencia de prensa Jos\u00e9 Rafael Ojeda Dur\u00e1n, secretario de Marina.<\/p>\n<p>El presidente L\u00f3pez Obrador ha resaltado como certera la decisi\u00f3n de asignar las tareas de vigilancia y administraci\u00f3n de aduanas a las secretar\u00edas de Marina y de la Defensa Nacional, sobre todo, destacando el aumento de recaudaci\u00f3n de impuestos.<\/p>\n<p><a href=\"https:\/\/avispa.org\/mas-de-4-mil-militares-son-desplegados-para-resguardar-el-corredor-interoceanico\/\" rel=\"noopener\" target=\"_blank\">https:\/\/avispa.org\/mas-de-4-mil-militares-son-desplegados-para-resguardar-el-corredor-interoceanico\/<\/a><\/p>\n","protected":false},"excerpt":{"rendered":"<p>Avispa Midia \/ \u00d1an\u00ed Pinto. La Secretar\u00eda de Seguridad y Protecci\u00f3n Ciudadana de M\u00e9xico anunci\u00f3 que se han desplegado, entre los meses de abril y mayo, 26, 618 uniformados en &hellip; <a href=\"https:\/\/www.grieta.org.mx\/index.php\/2022\/05\/26\/mas-de-4-mil-militares-son-desplegados-para-resguardar-el-corredor-interoceanico-oaxaca\/\" class=\"more-link\">Leer m\u00e1s<\/a><\/p>\n","protected":false},"author":2,"featured_media":64347,"comment_status":"closed","ping_status":"closed","sticky":false,"template":"","format":"standard","meta":{"ngg_post_thumbnail":0,"_jetpack_newsletter_access":"","_jetpack_dont_email_post_to_subs":false,"_jetpack_newsletter_tier_id":0,"_jetpack_memberships_contains_paywalled_content":false,"_jetpack_memberships_contains_paid_content":false,"footnotes":""},"categories":[80,1708,2,25],"tags":[],"class_list":["post-64346","post","type-post","status-publish","format-standard","has-post-thumbnail","hentry","category-cintillo","category-corredor-del-istmo-de-tehuantepec","category-noticias-nacionales","category-oaxaca","entry"],"jetpack_featured_media_url":"https:\/\/www.grieta.org.mx\/wp-content\/uploads\/2022\/06\/2.jpeg","jetpack_sharing_enabled":true,"jetpack_shortlink":"https:\/\/wp.me\/p7ZJR4-gJQ","jetpack_likes_enabled":false,"jetpack-related-posts":[{"id":65580,"url":"https:\/\/www.grieta.org.mx\/index.php\/2022\/10\/19\/patrimonio-del-corredor-interoceanico-es-transferido-a-la-marina-oaxaca\/","url_meta":{"origin":64346,"position":0},"title":"Patrimonio del Corredor Interoce\u00e1nico es transferido a la Marina (Oaxaca)","author":"grieta","date":"19 octubre, 2022","format":false,"excerpt":"Imagen: Avispa Media Sare Fabres \/ Avispa Media Por disposici\u00f3n de Andr\u00e9s Manuel L\u00f3pez Obrador, a partir de este mes de septiembre, la Secretar\u00eda de Marina (SEMAR) ya no solo brindar\u00e1 seguridad en las \u00e1reas de influencia del Corredor Interoce\u00e1nico del Istmo de Tehuantepec (CIIT), tambi\u00e9n absorber\u00e1 la coordinaci\u00f3n y\u2026","rel":"","context":"En &quot;CINTILLO&quot;","block_context":{"text":"CINTILLO","link":"https:\/\/www.grieta.org.mx\/index.php\/category\/cintillo\/"},"img":{"alt_text":"","src":"https:\/\/i0.wp.com\/www.grieta.org.mx\/wp-content\/uploads\/2022\/10\/MarinaMx.jpg?resize=350%2C200&ssl=1","width":350,"height":200,"srcset":"https:\/\/i0.wp.com\/www.grieta.org.mx\/wp-content\/uploads\/2022\/10\/MarinaMx.jpg?resize=350%2C200&ssl=1 1x, https:\/\/i0.wp.com\/www.grieta.org.mx\/wp-content\/uploads\/2022\/10\/MarinaMx.jpg?resize=525%2C300&ssl=1 1.5x, https:\/\/i0.wp.com\/www.grieta.org.mx\/wp-content\/uploads\/2022\/10\/MarinaMx.jpg?resize=700%2C400&ssl=1 2x, https:\/\/i0.wp.com\/www.grieta.org.mx\/wp-content\/uploads\/2022\/10\/MarinaMx.jpg?resize=1050%2C600&ssl=1 3x"},"classes":[]},{"id":59514,"url":"https:\/\/www.grieta.org.mx\/index.php\/2021\/05\/14\/ejidatarios-de-mogone-viejo-suspenden-trabajos-del-corredor-interoceanico-oaxaca\/","url_meta":{"origin":64346,"position":1},"title":"Ejidatarios de Mogo\u00f1\u00e9 Viejo suspenden trabajos del Corredor Interoce\u00e1nico (Oaxaca)","author":"grieta","date":"14 mayo, 2021","format":false,"excerpt":"La coperacha \/ Redacci\u00f3n. Foto: Ucizoni Denuncian trabajos sin permiso del ejido y da\u00f1os en el abasto de agua. En Oaxaca, ejidatarios de Mogo\u00f1\u00e9 Viejo, municipio San Juan Guichicovi, suspendieron los trabajos de rehabilitaci\u00f3n del Ferrocarril Trans\u00edstmico en demanda de informaci\u00f3n consulta sobre el megaproyecto del Corredor Interoce\u00e1nico. Por acuerdo\u2026","rel":"","context":"En &quot;CINTILLO&quot;","block_context":{"text":"CINTILLO","link":"https:\/\/www.grieta.org.mx\/index.php\/category\/cintillo\/"},"img":{"alt_text":"","src":"https:\/\/i0.wp.com\/www.grieta.org.mx\/wp-content\/uploads\/2021\/05\/x.jpg?resize=350%2C200&ssl=1","width":350,"height":200,"srcset":"https:\/\/i0.wp.com\/www.grieta.org.mx\/wp-content\/uploads\/2021\/05\/x.jpg?resize=350%2C200&ssl=1 1x, https:\/\/i0.wp.com\/www.grieta.org.mx\/wp-content\/uploads\/2021\/05\/x.jpg?resize=525%2C300&ssl=1 1.5x, https:\/\/i0.wp.com\/www.grieta.org.mx\/wp-content\/uploads\/2021\/05\/x.jpg?resize=700%2C400&ssl=1 2x"},"classes":[]},{"id":71246,"url":"https:\/\/www.grieta.org.mx\/index.php\/2025\/02\/27\/por-inseguridad-ucizoni-cierra-oficinas-en-el-istmo-oaxaca\/","url_meta":{"origin":64346,"position":2},"title":"Por inseguridad, UCIZONI cierra oficinas en el Istmo (Oaxaca)","author":"grieta","date":"27 febrero, 2025","format":false,"excerpt":"Imagen: Istmos Prress Diana Manzo \/ Istmo Press Juchit\u00e1n, Oax.- Ante la inseguridad y falta de atenci\u00f3n de las autoridades federales y estatales, integrantes de la organizaci\u00f3n social \u201cUni\u00f3n de Comunidades Ind\u00edgenas de la Zona Norte del Istmo \u201c decidieron cerrar sus oficinas ubicadas en la zona norte del Istmo\u2026","rel":"","context":"En &quot;CINTILLO&quot;","block_context":{"text":"CINTILLO","link":"https:\/\/www.grieta.org.mx\/index.php\/category\/cintillo\/"},"img":{"alt_text":"","src":"https:\/\/i0.wp.com\/www.grieta.org.mx\/wp-content\/uploads\/2025\/03\/IMG_3565-1.jpeg?resize=350%2C200&ssl=1","width":350,"height":200,"srcset":"https:\/\/i0.wp.com\/www.grieta.org.mx\/wp-content\/uploads\/2025\/03\/IMG_3565-1.jpeg?resize=350%2C200&ssl=1 1x, https:\/\/i0.wp.com\/www.grieta.org.mx\/wp-content\/uploads\/2025\/03\/IMG_3565-1.jpeg?resize=525%2C300&ssl=1 1.5x, https:\/\/i0.wp.com\/www.grieta.org.mx\/wp-content\/uploads\/2025\/03\/IMG_3565-1.jpeg?resize=700%2C400&ssl=1 2x, https:\/\/i0.wp.com\/www.grieta.org.mx\/wp-content\/uploads\/2025\/03\/IMG_3565-1.jpeg?resize=1050%2C600&ssl=1 3x, https:\/\/i0.wp.com\/www.grieta.org.mx\/wp-content\/uploads\/2025\/03\/IMG_3565-1.jpeg?resize=1400%2C800&ssl=1 4x"},"classes":[]},{"id":60145,"url":"https:\/\/www.grieta.org.mx\/index.php\/2021\/06\/25\/comunidades-indigenas-reunidas-en-el-istmo-exigen-la-cancelacion-del-corredor-interoceanico-oaxaca\/","url_meta":{"origin":64346,"position":3},"title":"Comunidades ind\u00edgenas reunidas en el Istmo exigen la cancelaci\u00f3n del Corredor Interoce\u00e1nico (Oaxaca)","author":"grieta","date":"25 junio, 2021","format":false,"excerpt":"Avispa Midia \/ \u00d1an\u00ed Pinto. En los d\u00edas 19 y 20 de junio, por lo menos 34 comunidades ind\u00edgenas se reunieron en la comunidad Binniz\u00e1 de Puente Madera, municipio de San Blas Atempa, en el Istmo de Tehuantepec, Oaxaca, para analizar el avance de los megaproyectos en todo el pa\u00eds\u2026","rel":"","context":"En &quot;CINTILLO&quot;","block_context":{"text":"CINTILLO","link":"https:\/\/www.grieta.org.mx\/index.php\/category\/cintillo\/"},"img":{"alt_text":"","src":"https:\/\/i0.wp.com\/www.grieta.org.mx\/wp-content\/uploads\/2021\/06\/A-1.jpg?resize=350%2C200&ssl=1","width":350,"height":200,"srcset":"https:\/\/i0.wp.com\/www.grieta.org.mx\/wp-content\/uploads\/2021\/06\/A-1.jpg?resize=350%2C200&ssl=1 1x, https:\/\/i0.wp.com\/www.grieta.org.mx\/wp-content\/uploads\/2021\/06\/A-1.jpg?resize=525%2C300&ssl=1 1.5x, https:\/\/i0.wp.com\/www.grieta.org.mx\/wp-content\/uploads\/2021\/06\/A-1.jpg?resize=700%2C400&ssl=1 2x, https:\/\/i0.wp.com\/www.grieta.org.mx\/wp-content\/uploads\/2021\/06\/A-1.jpg?resize=1050%2C600&ssl=1 3x"},"classes":[]},{"id":66947,"url":"https:\/\/www.grieta.org.mx\/index.php\/2023\/05\/18\/amenazan-de-muerte-a-dos-defensores-en-oaxaca-por-denunciar-al-cartel-del-despojo\/","url_meta":{"origin":64346,"position":4},"title":"Amenazan de muerte a dos defensores en Oaxaca por denunciar al cartel del despojo","author":"grieta","date":"18 mayo, 2023","format":false,"excerpt":"Imagen: Diana Manzo Dos defensores del territorio en el Istmo de Tehuantepec recibieron amenaza por \u00abel c\u00e1rtel del despojo\u00bb, un grupo que arrebata tierras de uso com\u00fan para, presuntamente, entregarlas a las obras del Corredor Interoce\u00e1nico Diana Manzo \u00cftsmo Express \/ Pie de P\u00e1gina OAXACA. \u2013 Elliot Escobar G\u00f3mez y\u2026","rel":"","context":"En &quot;CINTILLO&quot;","block_context":{"text":"CINTILLO","link":"https:\/\/www.grieta.org.mx\/index.php\/category\/cintillo\/"},"img":{"alt_text":"","src":"https:\/\/i0.wp.com\/www.grieta.org.mx\/wp-content\/uploads\/2023\/05\/defensor_oaxaca_amenazas_Diana_manzo.jpg?resize=350%2C200&ssl=1","width":350,"height":200,"srcset":"https:\/\/i0.wp.com\/www.grieta.org.mx\/wp-content\/uploads\/2023\/05\/defensor_oaxaca_amenazas_Diana_manzo.jpg?resize=350%2C200&ssl=1 1x, https:\/\/i0.wp.com\/www.grieta.org.mx\/wp-content\/uploads\/2023\/05\/defensor_oaxaca_amenazas_Diana_manzo.jpg?resize=525%2C300&ssl=1 1.5x, https:\/\/i0.wp.com\/www.grieta.org.mx\/wp-content\/uploads\/2023\/05\/defensor_oaxaca_amenazas_Diana_manzo.jpg?resize=700%2C400&ssl=1 2x"},"classes":[]},{"id":66394,"url":"https:\/\/www.grieta.org.mx\/index.php\/2023\/02\/15\/marinos-desalojan-con-violencia-a-ejidatarios-de-palomares-opositores-al-corredor-interoceanico\/","url_meta":{"origin":64346,"position":5},"title":"Marinos desalojan con violencia a ejidatarios de Palomares opositores al Corredor Interoc\u00e9anico","author":"grieta","date":"15 febrero, 2023","format":false,"excerpt":"Pedro Mac\u00edas \/ Proceso OAXACA, Oax. (apro).\u2013 Elementos de la Secretar\u00eda de Marina \u201cdesalojaron\u201d a ejidatarios de Palomares que suspendieron moment\u00e1neamente los trabajos de modernizaci\u00f3n del ferrocarril del Istmo de Tehuantepec, en el lugar denominado Puente La Esperanza, denunci\u00f3 la Uni\u00f3n de Comunidades Ind\u00edgenas de la Zona Norte del Istmo\u2026","rel":"","context":"En &quot;CINTILLO&quot;","block_context":{"text":"CINTILLO","link":"https:\/\/www.grieta.org.mx\/index.php\/category\/cintillo\/"},"img":{"alt_text":"","src":"https:\/\/i0.wp.com\/www.grieta.org.mx\/wp-content\/uploads\/2023\/03\/Screenshot-2023-03-05-at-09-28-48-Marinos-desalojan-con-violencia-a-ejidatarios-de-Palomares-opositores-al-Corredor-Interoceanico.png?resize=350%2C200&ssl=1","width":350,"height":200,"srcset":"https:\/\/i0.wp.com\/www.grieta.org.mx\/wp-content\/uploads\/2023\/03\/Screenshot-2023-03-05-at-09-28-48-Marinos-desalojan-con-violencia-a-ejidatarios-de-Palomares-opositores-al-Corredor-Interoceanico.png?resize=350%2C200&ssl=1 1x, https:\/\/i0.wp.com\/www.grieta.org.mx\/wp-content\/uploads\/2023\/03\/Screenshot-2023-03-05-at-09-28-48-Marinos-desalojan-con-violencia-a-ejidatarios-de-Palomares-opositores-al-Corredor-Interoceanico.png?resize=525%2C300&ssl=1 1.5x, https:\/\/i0.wp.com\/www.grieta.org.mx\/wp-content\/uploads\/2023\/03\/Screenshot-2023-03-05-at-09-28-48-Marinos-desalojan-con-violencia-a-ejidatarios-de-Palomares-opositores-al-Corredor-Interoceanico.png?resize=700%2C400&ssl=1 2x"},"classes":[]}],"_links":{"self":[{"href":"https:\/\/www.grieta.org.mx\/index.php\/wp-json\/wp\/v2\/posts\/64346","targetHints":{"allow":["GET"]}}],"collection":[{"href":"https:\/\/www.grieta.org.mx\/index.php\/wp-json\/wp\/v2\/posts"}],"about":[{"href":"https:\/\/www.grieta.org.mx\/index.php\/wp-json\/wp\/v2\/types\/post"}],"author":[{"embeddable":true,"href":"https:\/\/www.grieta.org.mx\/index.php\/wp-json\/wp\/v2\/users\/2"}],"replies":[{"embeddable":true,"href":"https:\/\/www.grieta.org.mx\/index.php\/wp-json\/wp\/v2\/comments?post=64346"}],"version-history":[{"count":1,"href":"https:\/\/www.grieta.org.mx\/index.php\/wp-json\/wp\/v2\/posts\/64346\/revisions"}],"predecessor-version":[{"id":64349,"href":"https:\/\/www.grieta.org.mx\/index.php\/wp-json\/wp\/v2\/posts\/64346\/revisions\/64349"}],"wp:featuredmedia":[{"embeddable":true,"href":"https:\/\/www.grieta.org.mx\/index.php\/wp-json\/wp\/v2\/media\/64347"}],"wp:attachment":[{"href":"https:\/\/www.grieta.org.mx\/index.php\/wp-json\/wp\/v2\/media?parent=64346"}],"wp:term":[{"taxonomy":"category","embeddable":true,"href":"https:\/\/www.grieta.org.mx\/index.php\/wp-json\/wp\/v2\/categories?post=64346"},{"taxonomy":"post_tag","embeddable":true,"href":"https:\/\/www.grieta.org.mx\/index.php\/wp-json\/wp\/v2\/tags?post=64346"}],"curies":[{"name":"wp","href":"https:\/\/api.w.org\/{rel}","templated":true}]}}