{"id":64342,"date":"2022-06-02T18:30:21","date_gmt":"2022-06-02T23:30:21","guid":{"rendered":"http:\/\/www.grieta.org.mx\/?p=64342"},"modified":"2022-06-02T23:43:19","modified_gmt":"2022-06-03T04:43:19","slug":"sureste-de-mexico-a-la-venta-bajo-promocion-de-la-embajada-de-los-eeuu-oaxaca","status":"publish","type":"post","link":"https:\/\/www.grieta.org.mx\/index.php\/2022\/06\/02\/sureste-de-mexico-a-la-venta-bajo-promocion-de-la-embajada-de-los-eeuu-oaxaca\/","title":{"rendered":"Sureste de M\u00e9xico a la venta bajo promoci\u00f3n de la embajada de los EEUU (Oaxaca)"},"content":{"rendered":"<p>Avispa Midia \/ Renata Bessi.<\/p>\n<figure id=\"attachment_64343\" aria-describedby=\"caption-attachment-64343\" style=\"width: 800px\" class=\"wp-caption alignnone\"><img loading=\"lazy\" decoding=\"async\" data-attachment-id=\"64343\" data-permalink=\"https:\/\/www.grieta.org.mx\/index.php\/2022\/06\/02\/sureste-de-mexico-a-la-venta-bajo-promocion-de-la-embajada-de-los-eeuu-oaxaca\/amlo-desarrollo-istmo\/\" data-orig-file=\"https:\/\/www.grieta.org.mx\/wp-content\/uploads\/2022\/06\/ken1-768x512-1.jpeg\" data-orig-size=\"768,512\" data-comments-opened=\"0\" data-image-meta=\"{&quot;aperture&quot;:&quot;0&quot;,&quot;credit&quot;:&quot;Presidencia&quot;,&quot;camera&quot;:&quot;&quot;,&quot;caption&quot;:&quot;VERACRUZ, VERACRUZ, 22ABRIL2022.- Andr\\u00e9s Manuel L\\u00f3pez Obrador, presidente de M\\u00e9xico, encabez\\u00f3 el acto protocolario del evento \\&quot;Desarrollo del Istmo de Tehuantepec\\&quot; . Lo acompa\\u00f1aron: Ken Salazar, embajador de Estados Unidos en M\\u00e9xico; Cuitla\\u0301huac Garci\\u0301a Jime\\u0301nez, gobernador Constitucional del Estado de Veracruz; Ad\\u00e1n Augusto L\\u00f3pez, secretario de Gobernaci\\u00f3n; Rosa Icela Rodr\\u00edguez, secretaria de Seguridad y Protecci\\u00f3n Ciudadana; Rafael Ojeda Dur\\u00e1n, secretario de Marina; Luis Cresencio Sandoval G\\u00f3nzalez, secretario de la Defensa Nacional. \\nFOTO: PRESIDENCIA\/CUARTOSCURO.COM&quot;,&quot;created_timestamp&quot;:&quot;1650634274&quot;,&quot;copyright&quot;:&quot;Presidencia @Cuartoscuro&quot;,&quot;focal_length&quot;:&quot;0&quot;,&quot;iso&quot;:&quot;0&quot;,&quot;shutter_speed&quot;:&quot;0&quot;,&quot;title&quot;:&quot;AMLO Desarrollo Istmo&quot;,&quot;orientation&quot;:&quot;0&quot;}\" data-image-title=\"AMLO Desarrollo Istmo\" data-image-description=\"\" data-image-caption=\"&lt;p&gt;VERACRUZ, VERACRUZ, 22ABRIL2022.- Andr\u00e9s Manuel L\u00f3pez Obrador, presidente de M\u00e9xico, encabez\u00f3 el acto protocolario del evento &amp;#8220;Desarrollo del Istmo de Tehuantepec&amp;#8221; . Lo acompa\u00f1aron: Ken Salazar, embajador de Estados Unidos en M\u00e9xico; Cuitla\u0301huac Garci\u0301a Jime\u0301nez, gobernador Constitucional del Estado de Veracruz; Ad\u00e1n Augusto L\u00f3pez, secretario de Gobernaci\u00f3n; Rosa Icela Rodr\u00edguez, secretaria de Seguridad y Protecci\u00f3n Ciudadana; Rafael Ojeda Dur\u00e1n, secretario de Marina; Luis Cresencio Sandoval G\u00f3nzalez, secretario de la Defensa Nacional.&lt;br \/&gt;\nFOTO: PRESIDENCIA\/CUARTOSCURO.COM&lt;\/p&gt;\n\" data-medium-file=\"https:\/\/www.grieta.org.mx\/wp-content\/uploads\/2022\/06\/ken1-768x512-1-300x200.jpeg\" data-large-file=\"https:\/\/www.grieta.org.mx\/wp-content\/uploads\/2022\/06\/ken1-768x512-1.jpeg\" class=\"wp-image-64343\" src=\"http:\/\/www.grieta.org.mx\/wp-content\/uploads\/2022\/06\/ken1-768x512-1.jpeg\" alt=\"\" width=\"800\" height=\"533\" srcset=\"https:\/\/www.grieta.org.mx\/wp-content\/uploads\/2022\/06\/ken1-768x512-1.jpeg 768w, https:\/\/www.grieta.org.mx\/wp-content\/uploads\/2022\/06\/ken1-768x512-1-300x200.jpeg 300w\" sizes=\"auto, (max-width: 800px) 100vw, 800px\" \/><figcaption id=\"caption-attachment-64343\" class=\"wp-caption-text\">VERACRUZ, VERACRUZ, 22ABRIL2022.- Andr\u00e9s Manuel L\u00f3pez Obrador, presidente de M\u00e9xico, encabez\u00f3 el acto protocolario del evento &#8220;Desarrollo del Istmo de Tehuantepec&#8221; . Lo acompa\u00f1aron: Ken Salazar, embajador de Estados Unidos en M\u00e9xico; Cuitla\u0301huac Garci\u0301a Jime\u0301nez, gobernador Constitucional del Estado de Veracruz; Ad\u00e1n Augusto L\u00f3pez, secretario de Gobernaci\u00f3n; Rosa Icela Rodr\u00edguez, secretaria de Seguridad y Protecci\u00f3n Ciudadana; Rafael Ojeda Dur\u00e1n, secretario de Marina; Luis Cresencio Sandoval G\u00f3nzalez, secretario de la Defensa Nacional.<br \/>FOTO: PRESIDENCIA\/CUARTOSCURO.COM<\/figcaption><\/figure>\n<p>En portada: AMLO encabez\u00f3 el acto \u201cDesarrollo del Istmo de Tehuantepec\u201d en compa\u00f1\u00eda del embajador de Estados Unidos en M\u00e9xico, Ken Salazar. Abril, 2022<\/p>\n<p>En los \u00faltimos seis meses se ha entablado una agenda de trabajos y reuniones entre los siete gobernadores del sur-sureste de M\u00e9xico, instancias del gobierno federal, representantes de los gobiernos de Estados Unidos y Canad\u00e1, adem\u00e1s de empresas de estos pa\u00edses, con el objetivo de fomentar en la regi\u00f3n \u201cla conservaci\u00f3n y el desarrollo sostenible\u201d que ser\u00e1n potencializados \u201cmediante inversi\u00f3n privada\u201d, seg\u00fan ha informado el embajador de los Estados Unidos en M\u00e9xico, Ken Salazar, en sus redes sociales.<\/p>\n<p>En el contexto de la quinta reuni\u00f3n, encabezada por Salazar, realizada en Ciudad de M\u00e9xico a mediados de mayo, el diplom\u00e1tico anunci\u00f3 que \u201cel gobierno de M\u00e9xico tiene un plan, una agenda muy buena de seguridad para el Istmo [de Tehuantepec]\u201d, lugar donde est\u00e1n planeados la construcci\u00f3n del Corredor Interoce\u00e1nico y 10 parques industriales.<\/p>\n<p>Demostrando entusiasmo con los planes del gobierno de M\u00e9xico, Salazar sostuvo, en una conferencia de prensa realizada tras la reuni\u00f3n con los gobernadores, que es all\u00ed, en el Istmo de Tehuantepec, que est\u00e1 la llave para resolver el flujo migratorio hacia los Estados Unidos y el trafico de drogas. \u201cEs m\u00e1s f\u00e1cil monitorear las 180 millas que conforman el Istmo de Tehuantepec que las 2 mil millas de desierto en la frontera norte de M\u00e9xico (..)\u201d, dijo el diplom\u00e1tico.<\/p>\n<p>La regi\u00f3n es \u201cprioridad\u201d para Estados Unidos y la idea es que los megaproyectos funcionen como muros de contenci\u00f3n. \u201cNuestro foco ha sido el [Corredor] Transoce\u00e1nico\u201d, detall\u00f3.<\/p>\n<p>Anunci\u00f3 un incremento en las inversiones por parte del gobierno de los Estados Unidos en la regi\u00f3n, cuya iniciativa se nombr\u00f3 PromoSur \u2013 Desde el pueblo de los Estados Unidos para la conservaci\u00f3n y desarrollo sostenible al sur de M\u00e9xico.<br \/>\nIntervenci\u00f3n en los territorios<\/p>\n<p>En un video promocional del programa, publicado en las redes sociales de la embajada de los Estados Unidos, se sostiene que el gobierno de los Estados Unidos, a trav\u00e9s de los esfuerzos de la USAID [Agencia de Estados Unidos para el Desarrollo Internacional], incrementar\u00e1 su asistencia internacional al sureste de M\u00e9xico.<\/p>\n<p><img loading=\"lazy\" decoding=\"async\" class=\"alignnone size-full\" src=\"https:\/\/avispa.org\/wp-content\/uploads\/2022\/06\/Captura-2-baja.jpg\" width=\"1198\" height=\"952\" \/><\/p>\n<p>\u201cPromosur es el nombre que hemos designado a nuestro incremento en la inversi\u00f3n destinada al sureste de M\u00e9xico. Con PromoSur el gobierno de los Estados Unidos trabajar\u00e1 para reducir las emisiones de gases de efecto invernadero, apoyando las soluciones basadas en la naturaleza (\u2026). As\u00ed mismo buscar\u00e1 impulsar inversiones en mercados emergentes (\u2026)\u201d, se anuncia en el video.<\/p>\n<p>La subadministradora de la Oficina para Am\u00e9rica Latina y el Caribe de la USAID, Mileydi Guilarte, presente en la reuni\u00f3n con los gobernadores del sureste, anunci\u00f3 una inversi\u00f3n de 30 millones de d\u00f3lares destinada para la regi\u00f3n, comenzando a finales de verano de 2022. Contar\u00e1 tambi\u00e9n con convenios entre gobiernos y la industria privada en los estados de Campeche, Chiapas, Oaxaca, Quintana Roo, Tabasco, Veracruz y Yucat\u00e1n.<\/p>\n<p>La fundadora y coordinadora del Observatorio Latinoamericano de Geopol\u00edtica, Ana Esther Cece\u00f1a, alerta sobre el papel hist\u00f3rico que ha jugado la USAID en Am\u00e9rica Latina. \u201cLa idea de ayuda internacional al desarrollo por parte de Estados Unidos es el modo de intervenir en los territorios y en las din\u00e1micas sociales de los pa\u00edses\u201d, se\u00f1ala.<\/p>\n<p>Para ejemplificarlo, la experta en geopol\u00edtica Latinoamericana rememora que a lo largo del siglo XX todas las dictaduras militares en Am\u00e9rica Latina fueron precedidas por momentos de intensa actividad y apoyo presupuestal de la USAID para los pa\u00edses. \u201cEn Brasil, dos a\u00f1os antes que se diera el golpe militar (1964), se recib\u00eda una cantidad b\u00e1rbara de recursos de la USAID que fueron los que dieron condiciones materiales para que el golpe ocurriera\u201d, ejemplifica.<\/p>\n<p>La investigadora tambi\u00e9n subraya con preocupaci\u00f3n el papel \u201cproactivo\u201d que ha desempe\u00f1ado el embajador de Estados Unidos en la promoci\u00f3n del \u201cdesarrollo\u201d del sureste mexicano, tomando el papel de \u201ccasi gobernador de la zona sureste\u201d.<\/p>\n<p>\u201cAhora es el embajador de los Estados Unidos quien da las noticias antes incluso del gobierno mexicano. Ahora s\u00ed pasamos a la categor\u00eda de \u2018Republica Bananera\u2019, como ha ocurrido en otros pa\u00edses de Am\u00e9rica Latina a lo largo sobretodo del siglo XX, en que para saber que pol\u00edtica iba a tener un pa\u00eds habr\u00eda que preguntar a la embajada de los Estados Unidos\u201d, dijo la investigadora.<br \/>\nPromover el Sur<\/p>\n<p>Adem\u00e1s de las inversiones directas ya anunciadas por parte del gobierno de los Estados Unidos, est\u00e1 en la agenda de PromoSur promover el sureste de M\u00e9xico para que las empresas privadas hagan su inversi\u00f3n en la regi\u00f3n.<\/p>\n<p>Salazar, en su rueda de prensa, anunci\u00f3 que en esta \u00faltima reuni\u00f3n con los gobernadores estuvieron empresas como Amazon, AT&amp;T, Cisco, Google, Mercado Libre, Microsoft, Uber, Ibiza y Visa. \u201cTodos comprometidos en ayudar\u201d, dijo.<\/p>\n<p>El gobernador de Oaxaca, Alejandro Murat, quien estuvo en la reuni\u00f3n, dijo que \u201cpudimos tener una conversaci\u00f3n m\u00e1s amplia para poder retroalimentar a diferentes empresas y poder construir una agenda para la Cumbre de las Am\u00e9ricas y posteriormente una reuni\u00f3n con directores generales de empresas en Washington, seguramente, en los pr\u00f3ximos meses\u201d.<\/p>\n<p>Seg\u00fan el gobernador, se est\u00e1 construyendo una agenda que busca aterrizar inversiones concretas. \u201cPuedo decir que en el Corredor Interoce\u00e1nico vienen inversiones importantes, ya tenemos m\u00e1s de 200 millones de d\u00f3lares firmes (\u2026). El Corredor est\u00e1 llamado a ser el gran motor de crecimiento de M\u00e9xico\u201d.<\/p>\n<p><img loading=\"lazy\" decoding=\"async\" class=\"alignnone size-full\" src=\"https:\/\/avispa.org\/wp-content\/uploads\/2022\/06\/Captura3-baja.jpg\" width=\"1080\" height=\"823\" \/><\/p>\n<p>El gobernador festej\u00f3 el hecho de que, seg\u00fan \u00e9l, es \u201cla primera vez en la historia moderna de M\u00e9xico donde se ha ali\u00f1ado no solamente los gobiernos Estatales y Federal de M\u00e9xico, pero tambi\u00e9n los gobiernos de Estados Unidos y Canad\u00e1 para desarrollar el sureste mexicano\u201d.<\/p>\n<p>El secretario de Hacienda de M\u00e9xico, Rogelio Ram\u00edrez, present\u00f3 la agenda de infraestructura para el sur-sureste. Mencion\u00f3 que la agenda de infraestructura regional del gobierno del presidente L\u00f3pez Obrador prev\u00e9 inversiones de m\u00e1s de 30 mil 500 millones de d\u00f3lares de aqu\u00ed al final de sexenio. Entre las acciones est\u00e1n construcci\u00f3n, desarrollo y modernizaci\u00f3n de trenes, aeropuertos, refiner\u00edas, puertos mar\u00edtimos y cruces fronterizos.<br \/>\nOtros temas<\/p>\n<p>Durante el encuentro tambi\u00e9n se realizaron mesas de discusi\u00f3n. Entre los temas abordados estuvieron: \u2018Ayudando a las Comunidades Rurales con Oportunidades de Negocio y Prioridades de Conservaci\u00f3n en los Siete Estados del Sur-Sureste\u2019, \u2018Identificaci\u00f3n de un Fondo de Sustentabilidad y de Conservaci\u00f3n\u2019 y \u2018Reduciendo Emisiones a trav\u00e9s de la Aceleraci\u00f3n del Financiamiento Forestal\u2019.<\/p>\n<p><a href=\"https:\/\/avispa.org\/sureste-de-mexico-a-la-venta-bajo-promocion-de-la-embajada-de-los-eeuu\/\" target=\"_blank\" rel=\"noopener\">https:\/\/avispa.org\/sureste-de-mexico-a-la-venta-bajo-promocion-de-la-embajada-de-los-eeuu\/<\/a><\/p>\n","protected":false},"excerpt":{"rendered":"<p>Avispa Midia \/ Renata Bessi. En portada: AMLO encabez\u00f3 el acto \u201cDesarrollo del Istmo de Tehuantepec\u201d en compa\u00f1\u00eda del embajador de Estados Unidos en M\u00e9xico, Ken Salazar. Abril, 2022 En &hellip; <a href=\"https:\/\/www.grieta.org.mx\/index.php\/2022\/06\/02\/sureste-de-mexico-a-la-venta-bajo-promocion-de-la-embajada-de-los-eeuu-oaxaca\/\" class=\"more-link\">Leer m\u00e1s<\/a><\/p>\n","protected":false},"author":2,"featured_media":64344,"comment_status":"closed","ping_status":"closed","sticky":false,"template":"","format":"standard","meta":{"ngg_post_thumbnail":0,"_jetpack_newsletter_access":"","_jetpack_dont_email_post_to_subs":false,"_jetpack_newsletter_tier_id":0,"_jetpack_memberships_contains_paywalled_content":false,"_jetpack_memberships_contains_paid_content":false,"footnotes":""},"categories":[80,1708,2,25],"tags":[],"class_list":["post-64342","post","type-post","status-publish","format-standard","has-post-thumbnail","hentry","category-cintillo","category-corredor-del-istmo-de-tehuantepec","category-noticias-nacionales","category-oaxaca","entry"],"jetpack_featured_media_url":"https:\/\/www.grieta.org.mx\/wp-content\/uploads\/2022\/06\/1.jpg","jetpack_sharing_enabled":true,"jetpack_shortlink":"https:\/\/wp.me\/p7ZJR4-gJM","jetpack_likes_enabled":false,"jetpack-related-posts":[{"id":57216,"url":"https:\/\/www.grieta.org.mx\/index.php\/2021\/02\/21\/el-corredor-en-el-istmo-de-tehuantepec-esta-basado-en-cifras-inverificables-asf-oaxaca\/","url_meta":{"origin":64342,"position":0},"title":"El Corredor en el Istmo de Tehuantepec est\u00e1 basado en cifras inverificables: ASF (Oaxaca)","author":"grieta","date":"21 febrero, 2021","format":false,"excerpt":"Proceso \/ Redacci\u00f3n. El Corredor Interoce\u00e1nico del Istmo de Tehuantepec, que correr\u00e1 del puerto de Salina Cruz, Oaxaca, al de Coatzacoalcos, Veracruz, est\u00e1 basado en cifras inverificables, consider\u00f3 la Auditor\u00eda Superior de la Federaci\u00f3n. CIUDAD DE M\u00c9XICO (proceso.com.mx).- El Corredor Interoce\u00e1nico del Istmo de Tehuantepec, uno de los megaproyectos que\u2026","rel":"","context":"En &quot;CINTILLO&quot;","block_context":{"text":"CINTILLO","link":"https:\/\/www.grieta.org.mx\/index.php\/category\/cintillo\/"},"img":{"alt_text":"","src":"https:\/\/i0.wp.com\/www.grieta.org.mx\/wp-content\/uploads\/2021\/02\/A.jpg?resize=350%2C200&ssl=1","width":350,"height":200,"srcset":"https:\/\/i0.wp.com\/www.grieta.org.mx\/wp-content\/uploads\/2021\/02\/A.jpg?resize=350%2C200&ssl=1 1x, https:\/\/i0.wp.com\/www.grieta.org.mx\/wp-content\/uploads\/2021\/02\/A.jpg?resize=525%2C300&ssl=1 1.5x, https:\/\/i0.wp.com\/www.grieta.org.mx\/wp-content\/uploads\/2021\/02\/A.jpg?resize=700%2C400&ssl=1 2x"},"classes":[]},{"id":51047,"url":"https:\/\/www.grieta.org.mx\/index.php\/2020\/04\/30\/rechazan-programa-de-desarrollo-en-el-istmo-veracruz-oaxaca\/","url_meta":{"origin":64342,"position":1},"title":"Rechazan Programa de Desarrollo en el Istmo (Veracruz, Oaxaca)","author":"grieta","date":"30 abril, 2020","format":false,"excerpt":"Faustino Romo Mart\u00ednez \/ Imparcial de Oaxaca Las organizaciones y movimientos sociales, las comunidades ind\u00edgenas y negras, las organizaciones no gubernamentales y colectivos, acad\u00e9mico, artistas y diversas personalidades, exigen al gobierno federal y a los gobiernos de los estados de Oaxaca, Veracruz, Chiapas y Tabasco, la cancelaci\u00f3n inmediata del llamado\u2026","rel":"","context":"En &quot;2. Nahuas&quot;","block_context":{"text":"2. Nahuas","link":"https:\/\/www.grieta.org.mx\/index.php\/category\/espejos-de-la-resistencia\/2-nahuas\/"},"img":{"alt_text":"","src":"https:\/\/i0.wp.com\/www.grieta.org.mx\/wp-content\/uploads\/2020\/06\/AFIRMAN-1.jpg?resize=350%2C200&ssl=1","width":350,"height":200,"srcset":"https:\/\/i0.wp.com\/www.grieta.org.mx\/wp-content\/uploads\/2020\/06\/AFIRMAN-1.jpg?resize=350%2C200&ssl=1 1x, https:\/\/i0.wp.com\/www.grieta.org.mx\/wp-content\/uploads\/2020\/06\/AFIRMAN-1.jpg?resize=525%2C300&ssl=1 1.5x, https:\/\/i0.wp.com\/www.grieta.org.mx\/wp-content\/uploads\/2020\/06\/AFIRMAN-1.jpg?resize=700%2C400&ssl=1 2x, https:\/\/i0.wp.com\/www.grieta.org.mx\/wp-content\/uploads\/2020\/06\/AFIRMAN-1.jpg?resize=1050%2C600&ssl=1 3x"},"classes":[]},{"id":57861,"url":"https:\/\/www.grieta.org.mx\/index.php\/2021\/03\/19\/tren-del-istmo-sera-entregado-a-la-marina-anuncia-lopez-obrador-oaxaca\/","url_meta":{"origin":64342,"position":2},"title":"Tren del Istmo ser\u00e1 entregado a la Marina, anuncia L\u00f3pez Obrador (Oaxaca)","author":"grieta","date":"19 marzo, 2021","format":false,"excerpt":"El Financiero \/ Redacci\u00f3n El mandatario se\u00f1al\u00f3 que ese y otros dos proyectos f\u00e9rreos ser\u00e1n otorgados a esa dependencia y a los gobiernos de Chiapas, Oaxaca, Tabasco y Veracruz. http:\/\/player.vimeo.com\/external\/526203727.sd.mp4?s=f4881f12f586c3a0ee8add32c0d4ff79221f681a&profile_id=165&oauth2_token_id=1091391127 El proyecto del Tren Interoce\u00e1nico en el Istmo de Tehuantepec ser\u00e1 entregado a la Secretar\u00eda de Marina, asegur\u00f3 este viernes\u2026","rel":"","context":"En &quot;CINTILLO&quot;","block_context":{"text":"CINTILLO","link":"https:\/\/www.grieta.org.mx\/index.php\/category\/cintillo\/"},"img":{"alt_text":"","src":"https:\/\/i0.wp.com\/www.grieta.org.mx\/wp-content\/uploads\/2018\/03\/14524434_1106112876131411_958039263622046936_o.jpg?resize=350%2C200&ssl=1","width":350,"height":200,"srcset":"https:\/\/i0.wp.com\/www.grieta.org.mx\/wp-content\/uploads\/2018\/03\/14524434_1106112876131411_958039263622046936_o.jpg?resize=350%2C200&ssl=1 1x, https:\/\/i0.wp.com\/www.grieta.org.mx\/wp-content\/uploads\/2018\/03\/14524434_1106112876131411_958039263622046936_o.jpg?resize=525%2C300&ssl=1 1.5x, https:\/\/i0.wp.com\/www.grieta.org.mx\/wp-content\/uploads\/2018\/03\/14524434_1106112876131411_958039263622046936_o.jpg?resize=700%2C400&ssl=1 2x"},"classes":[]},{"id":31559,"url":"https:\/\/www.grieta.org.mx\/index.php\/2019\/04\/01\/consulta-en-el-istmo-es-una-simulacion-acusa-ucizoni-oaxaca\/","url_meta":{"origin":64342,"position":3},"title":"Consulta en el Istmo es una &#8220;simulaci\u00f3n&#8221;, acusa Ucizoni (Oaxaca)","author":"grieta","date":"1 abril, 2019","format":false,"excerpt":"Noticias. Gerardo Valdivieso Parada, La consulta sobre el corredor trans\u00edstmico en San Pedro Huamelula. Juchit\u00e1n, Oaxaca.- L\u00edderes que se han opuesto a los megaproyectos en la regi\u00f3n del Istmo de Tehuantepec, en sus diversas denominaciones retomados por los diferentes gobiernos federales, cuestionan las Asambleas Regionales Consultivas sobre el Programa de\u2026","rel":"","context":"En &quot;CINTILLO&quot;","block_context":{"text":"CINTILLO","link":"https:\/\/www.grieta.org.mx\/index.php\/category\/cintillo\/"},"img":{"alt_text":"","src":"https:\/\/i0.wp.com\/www.grieta.org.mx\/wp-content\/uploads\/2019\/04\/image_22_360.jpg?resize=350%2C200&ssl=1","width":350,"height":200,"srcset":"https:\/\/i0.wp.com\/www.grieta.org.mx\/wp-content\/uploads\/2019\/04\/image_22_360.jpg?resize=350%2C200&ssl=1 1x, https:\/\/i0.wp.com\/www.grieta.org.mx\/wp-content\/uploads\/2019\/04\/image_22_360.jpg?resize=525%2C300&ssl=1 1.5x, https:\/\/i0.wp.com\/www.grieta.org.mx\/wp-content\/uploads\/2019\/04\/image_22_360.jpg?resize=700%2C400&ssl=1 2x, https:\/\/i0.wp.com\/www.grieta.org.mx\/wp-content\/uploads\/2019\/04\/image_22_360.jpg?resize=1050%2C600&ssl=1 3x"},"classes":[]},{"id":60145,"url":"https:\/\/www.grieta.org.mx\/index.php\/2021\/06\/25\/comunidades-indigenas-reunidas-en-el-istmo-exigen-la-cancelacion-del-corredor-interoceanico-oaxaca\/","url_meta":{"origin":64342,"position":4},"title":"Comunidades ind\u00edgenas reunidas en el Istmo exigen la cancelaci\u00f3n del Corredor Interoce\u00e1nico (Oaxaca)","author":"grieta","date":"25 junio, 2021","format":false,"excerpt":"Avispa Midia \/ \u00d1an\u00ed Pinto. En los d\u00edas 19 y 20 de junio, por lo menos 34 comunidades ind\u00edgenas se reunieron en la comunidad Binniz\u00e1 de Puente Madera, municipio de San Blas Atempa, en el Istmo de Tehuantepec, Oaxaca, para analizar el avance de los megaproyectos en todo el pa\u00eds\u2026","rel":"","context":"En &quot;CINTILLO&quot;","block_context":{"text":"CINTILLO","link":"https:\/\/www.grieta.org.mx\/index.php\/category\/cintillo\/"},"img":{"alt_text":"","src":"https:\/\/i0.wp.com\/www.grieta.org.mx\/wp-content\/uploads\/2021\/06\/A-1.jpg?resize=350%2C200&ssl=1","width":350,"height":200,"srcset":"https:\/\/i0.wp.com\/www.grieta.org.mx\/wp-content\/uploads\/2021\/06\/A-1.jpg?resize=350%2C200&ssl=1 1x, https:\/\/i0.wp.com\/www.grieta.org.mx\/wp-content\/uploads\/2021\/06\/A-1.jpg?resize=525%2C300&ssl=1 1.5x, https:\/\/i0.wp.com\/www.grieta.org.mx\/wp-content\/uploads\/2021\/06\/A-1.jpg?resize=700%2C400&ssl=1 2x, https:\/\/i0.wp.com\/www.grieta.org.mx\/wp-content\/uploads\/2021\/06\/A-1.jpg?resize=1050%2C600&ssl=1 3x"},"classes":[]},{"id":67028,"url":"https:\/\/www.grieta.org.mx\/index.php\/2023\/06\/15\/comunidad-indigena-binniza-de-puente-madera-detiene-polo-de-desarrollo-del-corredor-interoceanico-del-istmo-de-tehuantepec\/","url_meta":{"origin":64342,"position":5},"title":"Comunidad ind\u00edgena Binniza de Puente Madera detiene Polo de Desarrollo del Corredor Interoce\u00e1nico del Istmo de Tehuantepec (Oaxaca)","author":"grieta","date":"15 junio, 2023","format":false,"excerpt":"Imagen: P\u00e1gina 3 Pedro Mat\u00edas \/ P\u00e1gina 3 OAXACA, Oax. (pagina3.mx).- La comunidad ind\u00edgena Binniza de Puente Madera logr\u00f3 detener mediante un juicio de amparo el Polo de Desarrollo para el Bienestar en San Blas Atempa que pretende imponer el presidente Andr\u00e9s Manuel L\u00f3pez Obrador como parte del Corredor Interoce\u00e1nico\u2026","rel":"","context":"En &quot;5. Istmo&quot;","block_context":{"text":"5. Istmo","link":"https:\/\/www.grieta.org.mx\/index.php\/category\/espejos-de-la-resistencia\/5-istmo\/"},"img":{"alt_text":"","src":"https:\/\/i0.wp.com\/www.grieta.org.mx\/wp-content\/uploads\/2023\/06\/IMG_4332.webp?resize=350%2C200&ssl=1","width":350,"height":200,"srcset":"https:\/\/i0.wp.com\/www.grieta.org.mx\/wp-content\/uploads\/2023\/06\/IMG_4332.webp?resize=350%2C200&ssl=1 1x, https:\/\/i0.wp.com\/www.grieta.org.mx\/wp-content\/uploads\/2023\/06\/IMG_4332.webp?resize=525%2C300&ssl=1 1.5x"},"classes":[]}],"_links":{"self":[{"href":"https:\/\/www.grieta.org.mx\/index.php\/wp-json\/wp\/v2\/posts\/64342","targetHints":{"allow":["GET"]}}],"collection":[{"href":"https:\/\/www.grieta.org.mx\/index.php\/wp-json\/wp\/v2\/posts"}],"about":[{"href":"https:\/\/www.grieta.org.mx\/index.php\/wp-json\/wp\/v2\/types\/post"}],"author":[{"embeddable":true,"href":"https:\/\/www.grieta.org.mx\/index.php\/wp-json\/wp\/v2\/users\/2"}],"replies":[{"embeddable":true,"href":"https:\/\/www.grieta.org.mx\/index.php\/wp-json\/wp\/v2\/comments?post=64342"}],"version-history":[{"count":1,"href":"https:\/\/www.grieta.org.mx\/index.php\/wp-json\/wp\/v2\/posts\/64342\/revisions"}],"predecessor-version":[{"id":64348,"href":"https:\/\/www.grieta.org.mx\/index.php\/wp-json\/wp\/v2\/posts\/64342\/revisions\/64348"}],"wp:featuredmedia":[{"embeddable":true,"href":"https:\/\/www.grieta.org.mx\/index.php\/wp-json\/wp\/v2\/media\/64344"}],"wp:attachment":[{"href":"https:\/\/www.grieta.org.mx\/index.php\/wp-json\/wp\/v2\/media?parent=64342"}],"wp:term":[{"taxonomy":"category","embeddable":true,"href":"https:\/\/www.grieta.org.mx\/index.php\/wp-json\/wp\/v2\/categories?post=64342"},{"taxonomy":"post_tag","embeddable":true,"href":"https:\/\/www.grieta.org.mx\/index.php\/wp-json\/wp\/v2\/tags?post=64342"}],"curies":[{"name":"wp","href":"https:\/\/api.w.org\/{rel}","templated":true}]}}