{"id":64333,"date":"2022-06-01T13:21:02","date_gmt":"2022-06-01T18:21:02","guid":{"rendered":"https:\/\/www.grieta.org.mx\/?p=64333"},"modified":"2022-06-02T13:28:02","modified_gmt":"2022-06-02T18:28:02","slug":"con-un-marino-recien-llegado-a-colima-militarizan-la-seguridad-publica-en-villa-de-alvarez","status":"publish","type":"post","link":"https:\/\/www.grieta.org.mx\/index.php\/2022\/06\/01\/con-un-marino-recien-llegado-a-colima-militarizan-la-seguridad-publica-en-villa-de-alvarez\/","title":{"rendered":"Con un marino reci\u00e9n llegado a Colima, militarizan la seguridad p\u00fablica en Villa de \u00c1lvarez"},"content":{"rendered":"<p>Foto: Diario Avanzada<\/p>\n<p>Redacci\u00f3n \/ Diario Avanzada<\/p>\n<p>Colima, M\u00e9xico, Avanzada (01\/06\/2022).- La alcaldesa de Villa de \u00c1lvarez, Esther Guti\u00e9rrez Andrade, nombr\u00f3 el lunes como nuevo director general de Seguridad P\u00fablica municipal al capit\u00e1n de fragata Inocencio Guzm\u00e1n de la Pe\u00f1a, quien apenas un d\u00eda antes hab\u00eda llegado al estado.<\/p>\n<p>Durante la rueda de prensa en la que fue presentado p\u00fablicamente, el elemento de la Secretar\u00eda de Marina, quien antes realiz\u00f3 labores de seguridad p\u00fablica en el municipio de Tonal\u00e1, Chiapas, fue cuestionado sobre el plazo en el que se lograr\u00eda disminuir la incidencia delictiva en el municipio, a lo que respondi\u00f3 que no no pod\u00eda mencionarlo, pues establecer una fecha \u201cser\u00eda aventurarme a algo de lo que dif\u00edcilmente se tendr\u00e1 la certeza\u201d.<\/p>\n<p>Expuso: \u201cLe soy honesto, yo apenas el d\u00eda de ayer llegu\u00e9 aqu\u00ed al estado, tengo nociones de c\u00f3mo est\u00e1 el tema de la inseguridad, pero se requiere de un diagn\u00f3stico preciso, de un diagn\u00f3stico puntual para ver los factores que la est\u00e1n generando, decir en estos momentos un d\u00eda, una fecha, un plazo, creo que ser\u00eda aventurarme a algo de lo que dif\u00edcilmente se tendr\u00e1 la certeza\u201d.<\/p>\n<p>Se\u00f1al\u00f3 que en un plazo de diez d\u00edas se incorporar\u00e1n a la Direcci\u00f3n de Seguridad P\u00fablica m\u00e1s integrantes de la Secretar\u00eda de Marina Armada de M\u00e9xico, en una cantidad que a\u00fan no ha sido definida.<\/p>\n<p>A propuesta de la alcaldesa Guti\u00e9rrez Andrade, el Cabildo aprob\u00f3 la designaci\u00f3n de Inocencio Guzm\u00e1n de la Pe\u00f1a como director general de Seguridad P\u00fablica, Tr\u00e1nsito y Vialidad y Protecci\u00f3n Civil de Villa de \u00c1lvarez, en sustituci\u00f3n de Lourdes Edith P\u00e9rez Vuelvas, que present\u00f3 su renuncia al cargo.<\/p>\n<p>La edil propuso al integrante activo de la Secretar\u00eda de Marina Armada de M\u00e9xico como titular de las Fuerzas de Seguridad P\u00fablica Municipales, en atenci\u00f3n a una estrategia de la Mesa de Coordinaci\u00f3n Estatal para la Construcci\u00f3n de la Paz y la Seguridad, tras el incremento en el \u00edndice de homicidios dolosos.<\/p>\n<p>De Lourdes Edith P\u00e9rez, la presidenta municipal dijo que fue una excelente funcionaria, que se desempe\u00f1\u00f3 a cabalidad los siete primeros meses de la administraci\u00f3n municipal, \u201cmostrando lealtad, talento e institucionalidad y logrando con su trabajo la reducci\u00f3n de varios delitos, como el robo a casa habitaci\u00f3n y el robo a autom\u00f3viles, entre otros\u201d.<\/p>\n<p>Al capit\u00e1n Inocencio Guzm\u00e1n, Guti\u00e9rrez Andrade le inform\u00f3 que en la Direcci\u00f3n General de Seguridad P\u00fablica encontrar\u00e1 una gran fortaleza en Rafael Arregu\u00edn, director operativo de Seguridad P\u00fablica, \u201cuna persona confiable e institucional que conoce la corporaci\u00f3n y a quien yo le tengo mucha confianza y meto las manos al fuego por \u00e9l\u201d.<\/p>\n<p>Tambi\u00e9n ponder\u00f3 el trabajo que en la corporaci\u00f3n han realizado Sergio Ernesto Dolores, director de Tr\u00e1nsito y Vialidad; Jonathan Ventura, director de Prevenci\u00f3n del Delito; Israel Mendoza, director de Protecci\u00f3n Civil, y Aldo Ord\u00f3\u00f1ez, jefe del \u00c1rea Administrativa.<\/p>\n<p>El capit\u00e1n de fragata Inocencio Guzm\u00e1n de la Pe\u00f1a ha sido Comandante de Secci\u00f3n en el Batall\u00f3n de Embarcaciones y Veh\u00edculos Anfibios, Comandante de la Secci\u00f3n de Armamento y Municiones del Batall\u00f3n de Servicios de Golfo, Comandante de Compa\u00f1\u00eda en el Batall\u00f3n de Comandos Anfibios y Comandante de Compa\u00f1\u00eda en el Batall\u00f3n de Infanter\u00eda n\u00famero 27, entre otros cargos.<\/p>\n<p>Posteriormente, en las instalaciones del Complejo de Seguridad P\u00fablica de Villa de \u00c1lvarez, la Presidenta Tey Guti\u00e9rrez le dio posesi\u00f3n del cargo, entreg\u00e1ndole la documentaci\u00f3n que contiene el estado de fuerza de la corporaci\u00f3n y el diagn\u00f3stico del municipio en materia de seguridad; adem\u00e1s se realiz\u00f3 la entrega-recepci\u00f3n, en la que particip\u00f3 la directora saliente, Lourdes Edith P\u00e9rez.<\/p>\n<p>En la rueda de prensa, Guzm\u00e1n de la Pe\u00f1a agradeci\u00f3 la confianza por haberlo nombrado en el cargo, que se comprometi\u00f3 a desempe\u00f1ar con la cultura del respeto a los derechos humanos, estricto apego a la legalidad y articulando esfuerzos con los gobiernos federal y estatal.<\/p>\n<p><a href=\"https:\/\/www.diarioavanzada.com.mx\/?p=33196\">https:\/\/www.diarioavanzada.com.mx\/?p=33196<\/a><\/p>\n","protected":false},"excerpt":{"rendered":"<p>Foto: Diario Avanzada Redacci\u00f3n \/ Diario Avanzada Colima, M\u00e9xico, Avanzada (01\/06\/2022).- La alcaldesa de Villa de \u00c1lvarez, Esther Guti\u00e9rrez Andrade, nombr\u00f3 el lunes como nuevo director general de Seguridad P\u00fablica &hellip; <a href=\"https:\/\/www.grieta.org.mx\/index.php\/2022\/06\/01\/con-un-marino-recien-llegado-a-colima-militarizan-la-seguridad-publica-en-villa-de-alvarez\/\" class=\"more-link\">Leer m\u00e1s<\/a><\/p>\n","protected":false},"author":2,"featured_media":64334,"comment_status":"closed","ping_status":"closed","sticky":false,"template":"","format":"standard","meta":{"ngg_post_thumbnail":0,"_jetpack_newsletter_access":"","_jetpack_dont_email_post_to_subs":false,"_jetpack_newsletter_tier_id":0,"_jetpack_memberships_contains_paywalled_content":false,"_jetpack_memberships_contains_paid_content":false,"footnotes":""},"categories":[80,13,912,2759,2,83],"tags":[1617,614,2409,3525],"class_list":["post-64333","post","type-post","status-publish","format-standard","has-post-thumbnail","hentry","category-cintillo","category-colima","category-militarizacion","category-militarizacion-en-colima","category-noticias-nacionales","category-temas-nacionales","tag-marina","tag-militarizacion","tag-secretaria-de-marina","tag-seguridad-publica","entry"],"jetpack_featured_media_url":"https:\/\/www.grieta.org.mx\/wp-content\/uploads\/2022\/06\/image.png","jetpack_sharing_enabled":true,"jetpack_shortlink":"https:\/\/wp.me\/p7ZJR4-gJD","jetpack_likes_enabled":false,"jetpack-related-posts":[{"id":51894,"url":"https:\/\/www.grieta.org.mx\/index.php\/2020\/07\/17\/da-amlo-control-y-seguridad-de-puertos-y-aduanas-a-la-marina-y-sedena-colima\/","url_meta":{"origin":64333,"position":0},"title":"Da AMLO control y seguridad de puertos y aduanas a la Marina y Sedena (Colima)","author":"grieta","date":"17 julio, 2020","format":false,"excerpt":"Imagen: El Comentario Redacci\u00f3n\u00a0 \/ El Comentario Andr\u00e9s Manuel L\u00f3pez Obrador, anunci\u00f3 desde\u00a0Manzanillo\u00a0que las secretar\u00edas de la\u00a0Defensa Nacional\u00a0y de la\u00a0Marina\u00a0ser\u00e1n las responsables de la administraci\u00f3n de los puertos del pa\u00eds, as\u00ed como de las todas las\u00a0aduanas mar\u00edtimas y terrestres. Tras explicar que ahora\u00a0\u201cya no hay plant\u00edos de amapola o mariguana\u201d,\u2026","rel":"","context":"En &quot;CINTILLO&quot;","block_context":{"text":"CINTILLO","link":"https:\/\/www.grieta.org.mx\/index.php\/category\/cintillo\/"},"img":{"alt_text":"","src":"https:\/\/i0.wp.com\/www.grieta.org.mx\/wp-content\/uploads\/2020\/07\/e4da3b7fbbce2345d7772b0674a318d5-4.jpg?resize=350%2C200&ssl=1","width":350,"height":200,"srcset":"https:\/\/i0.wp.com\/www.grieta.org.mx\/wp-content\/uploads\/2020\/07\/e4da3b7fbbce2345d7772b0674a318d5-4.jpg?resize=350%2C200&ssl=1 1x, https:\/\/i0.wp.com\/www.grieta.org.mx\/wp-content\/uploads\/2020\/07\/e4da3b7fbbce2345d7772b0674a318d5-4.jpg?resize=525%2C300&ssl=1 1.5x, https:\/\/i0.wp.com\/www.grieta.org.mx\/wp-content\/uploads\/2020\/07\/e4da3b7fbbce2345d7772b0674a318d5-4.jpg?resize=700%2C400&ssl=1 2x"},"classes":[]},{"id":48860,"url":"https:\/\/www.grieta.org.mx\/index.php\/2020\/05\/05\/dejenos-trabajar-piden-comerciantes-de-colima-y-villa-de-alvarez-colima\/","url_meta":{"origin":64333,"position":1},"title":"\u00a1D\u00e9jenos trabajar\u00a1 Piden comerciantes de Colima y Villa de \u00c1lvarez (Colima)","author":"grieta","date":"5 mayo, 2020","format":false,"excerpt":"Imagen: Diario Avanzada Heidi de Le\u00f3n Guti\u00e9rrez \/ Diario Avanzada Colima, M\u00e9xico, Avanzada (05\/05\/2020).- Comerciantes de Colima y Villa de \u00c1lvarez solicitaron a las autoridades municipales que les permitan trabajar, de lo contrario, cerca de 4 mil familias est\u00e1n en riesgo de quedarse sin alimentos por la falta de recursos\u2026","rel":"","context":"En &quot;CINTILLO&quot;","block_context":{"text":"CINTILLO","link":"https:\/\/www.grieta.org.mx\/index.php\/category\/cintillo\/"},"img":{"alt_text":"","src":"https:\/\/i0.wp.com\/www.grieta.org.mx\/wp-content\/uploads\/2020\/05\/95489083_660661857826242_7604457700302258176_n.jpg?resize=350%2C200&ssl=1","width":350,"height":200,"srcset":"https:\/\/i0.wp.com\/www.grieta.org.mx\/wp-content\/uploads\/2020\/05\/95489083_660661857826242_7604457700302258176_n.jpg?resize=350%2C200&ssl=1 1x, https:\/\/i0.wp.com\/www.grieta.org.mx\/wp-content\/uploads\/2020\/05\/95489083_660661857826242_7604457700302258176_n.jpg?resize=525%2C300&ssl=1 1.5x, https:\/\/i0.wp.com\/www.grieta.org.mx\/wp-content\/uploads\/2020\/05\/95489083_660661857826242_7604457700302258176_n.jpg?resize=700%2C400&ssl=1 2x, https:\/\/i0.wp.com\/www.grieta.org.mx\/wp-content\/uploads\/2020\/05\/95489083_660661857826242_7604457700302258176_n.jpg?resize=1050%2C600&ssl=1 3x"},"classes":[]},{"id":48240,"url":"https:\/\/www.grieta.org.mx\/index.php\/2020\/04\/21\/asumen-militares-seguridad-en-instalaciones-de-imss-colima\/","url_meta":{"origin":64333,"position":2},"title":"Asumen militares seguridad en instalaciones de IMSS Colima","author":"grieta","date":"21 abril, 2020","format":false,"excerpt":"Foto: Especial Redacci\u00f3n \/ El Noticiero en L\u00ednea Elementos de la Sedena, Marina Armada y Guardia Nacional desplegaron un operativo en instalaciones y almacenes del IMSS en Colima, a fin de garantizar la seguridad del personal m\u00e9dico y de enfermer\u00eda y proteger material y equipo m\u00e9dico. Este operativo forma parte\u2026","rel":"","context":"En &quot;CINTILLO&quot;","block_context":{"text":"CINTILLO","link":"https:\/\/www.grieta.org.mx\/index.php\/category\/cintillo\/"},"img":{"alt_text":"","src":"https:\/\/i0.wp.com\/www.grieta.org.mx\/wp-content\/uploads\/2020\/04\/GUARDIA.jpg?resize=350%2C200&ssl=1","width":350,"height":200,"srcset":"https:\/\/i0.wp.com\/www.grieta.org.mx\/wp-content\/uploads\/2020\/04\/GUARDIA.jpg?resize=350%2C200&ssl=1 1x, https:\/\/i0.wp.com\/www.grieta.org.mx\/wp-content\/uploads\/2020\/04\/GUARDIA.jpg?resize=525%2C300&ssl=1 1.5x, https:\/\/i0.wp.com\/www.grieta.org.mx\/wp-content\/uploads\/2020\/04\/GUARDIA.jpg?resize=700%2C400&ssl=1 2x"},"classes":[]},{"id":43786,"url":"https:\/\/www.grieta.org.mx\/index.php\/2020\/01\/24\/militarizacion-de-la-vida-publica-en-mexico\/","url_meta":{"origin":64333,"position":3},"title":"Militarizaci\u00f3n de la vida p\u00fablica en M\u00e9xico","author":"grieta","date":"24 enero, 2020","format":false,"excerpt":"Foto: Daniel C\u00e1rdenas Jes\u00fas Gonz\u00e1lez Ram\u00edrez \/ Zona Docs No existe ning\u00fan efecto positivo de la militarizaci\u00f3n apoyada por los gobiernos de Felipe Calder\u00f3n, Enrique Pe\u00f1a Nieto y Andr\u00e9s Manuel L\u00f3pez Obrador, ni en la estrategia de enfrentamientos frontales de los dos primeros ni en la de no enfrentamientos del\u2026","rel":"","context":"En &quot;CINTILLO&quot;","block_context":{"text":"CINTILLO","link":"https:\/\/www.grieta.org.mx\/index.php\/category\/cintillo\/"},"img":{"alt_text":"","src":"https:\/\/i0.wp.com\/www.grieta.org.mx\/wp-content\/uploads\/2020\/02\/ejercito-mexicano-en-la-cuarta-transformacion-de-amlo-high.jpg?resize=350%2C200&ssl=1","width":350,"height":200,"srcset":"https:\/\/i0.wp.com\/www.grieta.org.mx\/wp-content\/uploads\/2020\/02\/ejercito-mexicano-en-la-cuarta-transformacion-de-amlo-high.jpg?resize=350%2C200&ssl=1 1x, https:\/\/i0.wp.com\/www.grieta.org.mx\/wp-content\/uploads\/2020\/02\/ejercito-mexicano-en-la-cuarta-transformacion-de-amlo-high.jpg?resize=525%2C300&ssl=1 1.5x, https:\/\/i0.wp.com\/www.grieta.org.mx\/wp-content\/uploads\/2020\/02\/ejercito-mexicano-en-la-cuarta-transformacion-de-amlo-high.jpg?resize=700%2C400&ssl=1 2x"},"classes":[]},{"id":70600,"url":"https:\/\/www.grieta.org.mx\/index.php\/2024\/11\/25\/ya-no-creemos-en-el-gobierno-de-indira-denuncian-hostigamiento-de-militares-en-zacualpan-colima\/","url_meta":{"origin":64333,"position":4},"title":"\u201cYa no creemos en el gobierno de Indira\u201d; denuncian hostigamiento de militares en Zacualpan (Colima)","author":"grieta","date":"25 noviembre, 2024","format":false,"excerpt":"Imagen: Diario Avanzada Juan Gabriel Moctezuma Castellanos \/ Diario Avanzada Colima, M\u00e9xico, Avanzada (25\/11\/2024).- La comunidad ind\u00edgena de Zacualpan, en el municipio de Comala, anunci\u00f3 que mantendr\u00e1 apagados los motores que bombean agua del manantial local hasta que la gobernadora Indira Vizca\u00edno acuda personalmente para atender sus demandas y responder\u2026","rel":"","context":"En &quot;CINTILLO&quot;","block_context":{"text":"CINTILLO","link":"https:\/\/www.grieta.org.mx\/index.php\/category\/cintillo\/"},"img":{"alt_text":"","src":"https:\/\/i0.wp.com\/www.grieta.org.mx\/wp-content\/uploads\/2024\/12\/img_0347-1.jpg?resize=350%2C200&ssl=1","width":350,"height":200,"srcset":"https:\/\/i0.wp.com\/www.grieta.org.mx\/wp-content\/uploads\/2024\/12\/img_0347-1.jpg?resize=350%2C200&ssl=1 1x, https:\/\/i0.wp.com\/www.grieta.org.mx\/wp-content\/uploads\/2024\/12\/img_0347-1.jpg?resize=525%2C300&ssl=1 1.5x, https:\/\/i0.wp.com\/www.grieta.org.mx\/wp-content\/uploads\/2024\/12\/img_0347-1.jpg?resize=700%2C400&ssl=1 2x, https:\/\/i0.wp.com\/www.grieta.org.mx\/wp-content\/uploads\/2024\/12\/img_0347-1.jpg?resize=1050%2C600&ssl=1 3x"},"classes":[]},{"id":63729,"url":"https:\/\/www.grieta.org.mx\/index.php\/2022\/03\/19\/asesinaron-a-481-mujeres-en-colima-en-nueve-anos\/","url_meta":{"origin":64333,"position":5},"title":"Asesinaron a 481 mujeres en Colima en nueve a\u00f1os","author":"grieta","date":"19 marzo, 2022","format":false,"excerpt":"Foto: Diario Avanzada Redacci\u00f3n \/ Diario Avanzada Colima, M\u00e9xico, Avanzada (19\/03\/2022).- En nueve a\u00f1os fueron asesinadas 481 mujeres en el estado de Colima, de acuerdo con datos del Instituto Nacional de Estad\u00edstica y Geograf\u00eda (Inegi) y del Secretariado Ejecutivo del Sistema Nacional de Seguridad P\u00fablica. El a\u00f1o m\u00e1s letal fue\u2026","rel":"","context":"En &quot;CINTILLO&quot;","block_context":{"text":"CINTILLO","link":"https:\/\/www.grieta.org.mx\/index.php\/category\/cintillo\/"},"img":{"alt_text":"","src":"https:\/\/i0.wp.com\/www.grieta.org.mx\/wp-content\/uploads\/2022\/03\/image-135.png?resize=350%2C200&ssl=1","width":350,"height":200,"srcset":"https:\/\/i0.wp.com\/www.grieta.org.mx\/wp-content\/uploads\/2022\/03\/image-135.png?resize=350%2C200&ssl=1 1x, https:\/\/i0.wp.com\/www.grieta.org.mx\/wp-content\/uploads\/2022\/03\/image-135.png?resize=525%2C300&ssl=1 1.5x"},"classes":[]}],"_links":{"self":[{"href":"https:\/\/www.grieta.org.mx\/index.php\/wp-json\/wp\/v2\/posts\/64333","targetHints":{"allow":["GET"]}}],"collection":[{"href":"https:\/\/www.grieta.org.mx\/index.php\/wp-json\/wp\/v2\/posts"}],"about":[{"href":"https:\/\/www.grieta.org.mx\/index.php\/wp-json\/wp\/v2\/types\/post"}],"author":[{"embeddable":true,"href":"https:\/\/www.grieta.org.mx\/index.php\/wp-json\/wp\/v2\/users\/2"}],"replies":[{"embeddable":true,"href":"https:\/\/www.grieta.org.mx\/index.php\/wp-json\/wp\/v2\/comments?post=64333"}],"version-history":[{"count":1,"href":"https:\/\/www.grieta.org.mx\/index.php\/wp-json\/wp\/v2\/posts\/64333\/revisions"}],"predecessor-version":[{"id":64335,"href":"https:\/\/www.grieta.org.mx\/index.php\/wp-json\/wp\/v2\/posts\/64333\/revisions\/64335"}],"wp:featuredmedia":[{"embeddable":true,"href":"https:\/\/www.grieta.org.mx\/index.php\/wp-json\/wp\/v2\/media\/64334"}],"wp:attachment":[{"href":"https:\/\/www.grieta.org.mx\/index.php\/wp-json\/wp\/v2\/media?parent=64333"}],"wp:term":[{"taxonomy":"category","embeddable":true,"href":"https:\/\/www.grieta.org.mx\/index.php\/wp-json\/wp\/v2\/categories?post=64333"},{"taxonomy":"post_tag","embeddable":true,"href":"https:\/\/www.grieta.org.mx\/index.php\/wp-json\/wp\/v2\/tags?post=64333"}],"curies":[{"name":"wp","href":"https:\/\/api.w.org\/{rel}","templated":true}]}}