{"id":64309,"date":"2022-05-27T21:20:26","date_gmt":"2022-05-28T02:20:26","guid":{"rendered":"https:\/\/www.grieta.org.mx\/?p=64309"},"modified":"2022-05-28T21:59:06","modified_gmt":"2022-05-29T02:59:06","slug":"la-marcha-por-la-tierra-arrebatada-el-recorrido-a-pie-de-900-kilometros-de-los-wixaricas","status":"publish","type":"post","link":"https:\/\/www.grieta.org.mx\/index.php\/2022\/05\/27\/la-marcha-por-la-tierra-arrebatada-el-recorrido-a-pie-de-900-kilometros-de-los-wixaricas\/","title":{"rendered":"La marcha por la tierra arrebatada. El recorrido a pie de 900 kil\u00f3metros de los wix\u00e1ricas"},"content":{"rendered":"<p>Foto: Isabel Brise\u00f1o<\/p>\n<p><strong>Por m\u00e1s de 60 a\u00f1os, el pueblo Wix\u00e1rika mantiene como herencia el reclamo de 11,500 hect\u00e1reas que les arrebataron a modo de guerra. En la \u00faltima batalla, caminan hasta la capital del pa\u00eds para reclamar al presidente que se hagan valer los 13 fallos judiciales que ordenan la restituci\u00f3n de las tierras, hoy en manos de ganaderos de Nayarit y Jalisco<\/strong><\/p>\n<p>Darili Oropeza \/ Pie de P\u00e1gina<\/p>\n<p>CIUDAD DE M\u00c9XICO.- Luciana Mijares porta un venado blanco de chaquira en el pecho. Es del Consejo de Ancianos del pueblo Wix\u00e1rika. Camin\u00f3 desde San Sebasti\u00e1n Teponahuaxtl\u00e1n en sandalias. No le import\u00f3 la lluvia o el calor extremo. Al llegar a la Bas\u00edlica de Guadalupe, se le salen las l\u00e1grimas y se desborda la emoci\u00f3n en su rostro. Dice: \u00abmi pueblo est\u00e1 lejos\u00bb.<\/p>\n<p>Es una mujer de edad avanzada. Recuerda el arrebato de tierras como una guerra que les hicieron ganaderos de Nayarit y Jalisco. Son 11 mil 248 hect\u00e1reas que les invadieron hace 60 a\u00f1os. Lo lamenta por su familia, a quienes ve sufrir. Camina con 200 comuneros m\u00e1s. Exigen la restituci\u00f3n de sus tierras a los pueblos de San Sebasti\u00e1n Teponahuaxtl\u00e1n y Tuxpan de Bola\u00f1os, Jalisco. Adem\u00e1s, las consideran sagradas, herencia ancestral. Realizan esta protesta en caravana de m\u00e1s de 900 kil\u00f3metros a pie.<\/p>\n<p>D\u00eda y noche hacen una ceremonia. Se gu\u00edan por el fuego y el sol. Con sus pasos hacen retumbar la exigencia de restituci\u00f3n de tierras. Ofrendan sus callos y sus pasos a la Tierra. Luciana es parte de las autoridades wix\u00e1rikas caminantes guiadas por la espiritualidad y la palabra colectiva de la asamblea. Reconocida como l\u00edder a quien las personas acuden para solicitar apoyo o consejo.<\/p>\n<p>Llegan a la bas\u00edlica de Guadalupe, lo pidi\u00f3 el cantor tradicional o marakame. Ah\u00ed realizar\u00e1n una ceremonia por la ma\u00f1ana. Llevan 32 d\u00edas ininterrumpidos de viaje con intervalos de descanso. Desde el 25 de abril no pararon a\u00fan con el cansancio, las enfermedades, o el clima extremo. Les llovi\u00f3 en Bola\u00f1os, Jalisco, mientras estaban en la pausa a lado del r\u00edo. Luego el 10 mayo d\u00eda de las madres en Ocotl\u00e1n. Despu\u00e9s, una abundante lluvia en Zinap\u00e9cuaro, Michoac\u00e1n.<\/p>\n<p>Los 200 comuneros colocaron una madera, palo o tronco que encontraron en el parque del Mestizaje, a un costado de la bas\u00edlica donde pernoctan. Ah\u00ed encienden el fuego. Luciana explica que al llegar ofrendan la madera al lugar que llegan para que les reciba con bien esa tierra. La comunicaci\u00f3n con Luciana es posible gracias a la traducci\u00f3n de Feliciana Gonz\u00e1lez, otra mujer caminata que denuncia que les han ignorado e invisibilizado pese a tener t\u00edtulos virreinales de sus tierras y juicios a su favor.<\/p>\n<p>Exigencia al presidente<\/p>\n<p>Un acuerdo de asamblea y el prop\u00f3sito de recuperar la totalidad de su territorio les trajo a la ciudad para exigir directamente al presidente Andr\u00e9s Manuel L\u00f3pez Obrador que resguarde los sitios sagrados ancestrales wix\u00e1rica como se comprometi\u00f3 en marzo de este a\u00f1o en una reuni\u00f3n con autoridades tradicionales y comuneros wixaritari de Jalisco, Nayarit y Durango. As\u00ed naci\u00f3 la Caravana Por La Dignidad Y Conciencia Wix\u00e1rika.<\/p>\n<p>San Sebasti\u00e1n Teponahuaxtl\u00e1n y Tuxpan de Bola\u00f1os se titularon el 15 de julio de 1953. Cuentan con una Resoluci\u00f3n presidencial publicada en el Diario Oficial de la Federaci\u00f3n el 19 de septiembre de ese a\u00f1o. Con ella les reconocieron 240, 447 (doscientas cuarenta mil cuatrocientos cuarenta y siete hect\u00e1reas).<\/p>\n<p>A\u00fan as\u00ed, ambos pueblos wix\u00e1rikas ya contaban con un t\u00edtulo virreinal con fecha de 1718 firmado por la corona espa\u00f1ola en el cual ya hab\u00eda reconocido su territorio.<\/p>\n<p>Hist\u00f3ricamente, los pueblos Wix\u00e1rikas de la regi\u00f3n que comprende tres estados, Nayarit, Jalisco y Durango, han sido invadidas. Sin embargo, han recuperado las tierras por la lucha constante que han emprendido, asegura Carlos Gonz\u00e1lez, abogado de los pueblos caminantes.<\/p>\n<p>\u201cEste esfuerzo es \u00fanico. Mientras por todas partes destruyen la naturaleza, la madre tierra, con la caravana llevan la esperanza de nuestros pueblos para proteger, amar ,esta naturaleza que estamos desgarrando en todos lados\u201d, dijo Gonz\u00e1lez en conferencia.<\/p>\n<p><strong>Sentencias a favor<\/strong><\/p>\n<p>La batalla que ahora dan a pie es porque San Sebasti\u00e1n Teponahuaxtl\u00e1n y Tuxpan de Bola\u00f1os son los \u00fanicos dos pueblos donde persiste el despojo de tierras, incluso le denominaron la zona denominada \u00abel tri\u00e1ngulo\u00bb, de aproximadamente 800 hect\u00e1reas entre Puente de Camotl\u00e1n ( 800 hect\u00e1reas) y Huajimic (10, 448 hect\u00e1reas), Nayarit. Se suma tambi\u00e9n el conflicto de l\u00edmites estatales entre Jalisco y Nayarit.<\/p>\n<p>Desde el 2007, ambos pueblos demandaron ante el tribunal unitario agrario, Distrito XVI de Guadalajara. Los tribunales han fallado a favor de la comunidad, habi\u00e9ndo agotado todas las instancias legales, durante los a\u00f1os 2016 y 2017. Actualmente existen 16 expedientes en la etapa de ejecuci\u00f3n, mismos que los tribunales se han negado a ejecutar, recuerda Carlos Gonz\u00e1lez, abogado agrario.<\/p>\n<p>Carlos explica que hay 35 sentencias a favor del pueblo Wix\u00e1rika, 4 ejecutadas donde hubo restituci\u00f3n, 13 para ejecutar que ordenan la restituci\u00f3n de tierras y 18 recientemente interpuestas.<\/p>\n<p>\u201cEntre los a\u00f1os 2000 y 2005 se hab\u00edan logrado recuperar m\u00e1s de 25 mil hect\u00e1reas, m\u00e1s unas 7 mil hect\u00e1reas en la zona de Baj\u00edo y Barranca del Tule. Los magistrados y autoridades agrarias del gobierno federal de entonces nos explicaban que los asuntos pendientes con ganaderos vecinos del poblado de Huajimic se pod\u00edan y deb\u00edan resolver en los tribunales por la v\u00eda de la restituci\u00f3n de manera r\u00e1pida y expedita porque conten\u00edan los mismos elementos jur\u00eddicos que los m\u00e1s de 150 juicios sobre 270 predios que ya se hab\u00edan resuelto contra Puente de Camotl\u00e1n\u201d.<\/p>\n<p>En el antimonumento 43, dieron una conferencia Oscar Hern\u00e1ndez Hern\u00e1ndez \u2013 presidente del Comisariado de Bienes Comunales, Sitlali Chino Carrillo, presidenta de la Concertaci\u00f3n Agraria, y Carlos Gonz\u00e1lez Garc\u00eda, abogado de la comunidad.<\/p>\n<p>\u201cDesde hace ya muchos a\u00f1os tenemos este problema de nuestras tierras, queremos la restituci\u00f3n de ellas, la comunidad emiti\u00f3 demandas y los tribunales nos han dado el fallo a nuestro favor hay sentencias ganadas s\u00f3lo hace falta ejecutar\u201d, asegur\u00f3 Oscar Hern\u00e1ndez, presidente del Comisariado de Bienes Comunales.<\/p>\n<p>Sitlali Chino asegura que est\u00e1n cansados de caminar, pero \u00abaqu\u00ed estamos resistiendo por las tierras que por ley y herencia nos corresponden. Esta lucha tambi\u00e9n es de mujeres, estamos aqu\u00ed defendiendo nuestro territorio. No m\u00e1s pueblos ind\u00edgenas silenciados\u201d, dijo con el micr\u00f3fono en mano.<\/p>\n<p>En el antimonumento 43, dieron una conferencia Oscar Hern\u00e1ndez Hern\u00e1ndez \u2013 presidente del Comisariado de Bienes Comunales, Sitlali Chino Carrillo, presidenta de la Concertaci\u00f3n Agraria, y Carlos Gonz\u00e1lez Garc\u00eda, abogado de la comunidad.<\/p>\n<p>\u201cDesde hace ya muchos a\u00f1os tenemos este problema de nuestras tierras, queremos la restituci\u00f3n de ellas, la comunidad emiti\u00f3 demandas y los tribunales nos han dado el fallo a nuestro favor hay sentencias ganadas s\u00f3lo hace falta ejecutar\u201d, asegur\u00f3 Oscar Hern\u00e1ndez, presidente del Comisariado de Bienes Comunales.<\/p>\n<p>Sitlali Chino asegura que est\u00e1n cansados de caminar, pero \u00abaqu\u00ed estamos resistiendo por las tierras que por ley y herencia nos corresponden. Esta lucha tambi\u00e9n es de mujeres, estamos aqu\u00ed defendiendo nuestro territorio. No m\u00e1s pueblos ind\u00edgenas silenciados\u201d, dijo con el micr\u00f3fono en mano.<\/p>\n<p><a href=\"https:\/\/piedepagina.mx\/la-marcha-por-la-tierra-arrebatada-el-recorrido-a-pie-de-900-kilometros-de-los-wixaricas\/\">https:\/\/piedepagina.mx\/la-marcha-por-la-tierra-arrebatada-el-recorrido-a-pie-de-900-kilometros-de-los-wixaricas\/<\/a><\/p>\n<p>&nbsp;<\/p>\n","protected":false},"excerpt":{"rendered":"<p>Foto: Isabel Brise\u00f1o Por m\u00e1s de 60 a\u00f1os, el pueblo Wix\u00e1rika mantiene como herencia el reclamo de 11,500 hect\u00e1reas que les arrebataron a modo de guerra. En la \u00faltima batalla, &hellip; <a href=\"https:\/\/www.grieta.org.mx\/index.php\/2022\/05\/27\/la-marcha-por-la-tierra-arrebatada-el-recorrido-a-pie-de-900-kilometros-de-los-wixaricas\/\" class=\"more-link\">Leer m\u00e1s<\/a><\/p>\n","protected":false},"author":2,"featured_media":64310,"comment_status":"closed","ping_status":"closed","sticky":false,"template":"","format":"standard","meta":{"ngg_post_thumbnail":0,"_jetpack_newsletter_access":"","_jetpack_dont_email_post_to_subs":false,"_jetpack_newsletter_tier_id":0,"_jetpack_memberships_contains_paywalled_content":false,"_jetpack_memberships_contains_paid_content":false,"footnotes":""},"categories":[47,80,14,1736,1278,968,971,1,954,20,23,2,83],"tags":[406,628,1065,2465,4092,2466,1596],"class_list":["post-64309","post","type-post","status-publish","format-standard","has-post-thumbnail","hentry","category-3-wixarikas","category-cintillo","category-ciudad-de-mexico","category-despojo-de-territorio-en-jalisco","category-despojo-de-tierras-y-territorios","category-esp-jalisco","category-esp-nayarit","category-espejos-de-la-resistencia","category-espejos-estados","category-jalisco","category-nayarit","category-noticias-nacionales","category-temas-nacionales","tag-3-wixarikas","tag-defensa-del-territorio","tag-despojo-de-agua-y-tierras","tag-despojo-de-territorios-indigenas","tag-espejo-3","tag-luchas-y-resistencias-de-pueblos-originarios","tag-pueblos-originarios","entry"],"jetpack_featured_media_url":"https:\/\/www.grieta.org.mx\/wp-content\/uploads\/2022\/05\/caminata4_Wixarikas_IsabelBriseno_Pdp.jpg","jetpack_sharing_enabled":true,"jetpack_shortlink":"https:\/\/wp.me\/p7ZJR4-gJf","jetpack_likes_enabled":false,"jetpack-related-posts":[{"id":55172,"url":"https:\/\/www.grieta.org.mx\/index.php\/2020\/11\/11\/wixarikas-lanzan-ultimatum-a-amlo-jalisco\/","url_meta":{"origin":64309,"position":0},"title":"Wix\u00e1rikas lanzan ultim\u00e1tum a AMLO (Jalisco)","author":"grieta","date":"11 noviembre, 2020","format":false,"excerpt":"Foto: Jorge Alberto Mendoza Lauro Rodr\u00edguez \/ El Diario NTR El conflicto de tierras entre\u00a0wix\u00e1rikas\u00a0y ganaderos en el norte del estado, justo en sus l\u00edmites con Nayarit, contin\u00faa, por lo que ayer se lanz\u00f3 un ultim\u00e1tum al presidente de la Rep\u00fablica, Andr\u00e9s Manuel L\u00f3pez Obrador (AMLO), para que atienda el\u2026","rel":"","context":"En &quot;CINTILLO&quot;","block_context":{"text":"CINTILLO","link":"https:\/\/www.grieta.org.mx\/index.php\/category\/cintillo\/"},"img":{"alt_text":"","src":"https:\/\/i0.wp.com\/www.grieta.org.mx\/wp-content\/uploads\/2018\/03\/14524434_1106112876131411_958039263622046936_o.jpg?resize=350%2C200&ssl=1","width":350,"height":200,"srcset":"https:\/\/i0.wp.com\/www.grieta.org.mx\/wp-content\/uploads\/2018\/03\/14524434_1106112876131411_958039263622046936_o.jpg?resize=350%2C200&ssl=1 1x, https:\/\/i0.wp.com\/www.grieta.org.mx\/wp-content\/uploads\/2018\/03\/14524434_1106112876131411_958039263622046936_o.jpg?resize=525%2C300&ssl=1 1.5x, https:\/\/i0.wp.com\/www.grieta.org.mx\/wp-content\/uploads\/2018\/03\/14524434_1106112876131411_958039263622046936_o.jpg?resize=700%2C400&ssl=1 2x"},"classes":[]},{"id":64158,"url":"https:\/\/www.grieta.org.mx\/index.php\/2022\/05\/06\/la-caravana-wixarika-llego-a-guadalajara-despues-de-11-dias-de-caminata-pretenden-llegar-hasta-palacio-nacional-y-reunirse-con-lopez-obrador-jalisco\/","url_meta":{"origin":64309,"position":1},"title":"La caravana Wix\u00e1rika lleg\u00f3 a Guadalajara despu\u00e9s de 11 d\u00edas de caminata, pretenden llegar hasta Palacio Nacional y reunirse con L\u00f3pez Obrador (Jalisco)","author":"grieta","date":"6 mayo, 2022","format":false,"excerpt":"Foto: Antonio MIramontes \/ El Occidental Viridiana Saavera \/ EL Occidental Con la frente en alto y buen \u00e1nimo, lleg\u00f3 al\u00a0\u00c1rea Metropolitana de Guadalajara\u00a0la\u00a0Caravana de la Dignidad y la Conciencia Wix\u00e1rika, integrada por autoridades tradicionales y agrarias de San Sebasti\u00e1n Teponahuaxtl\u00e1n y Tuxpan de Bola\u00f1os, que desde hace 11 d\u00edas\u2026","rel":"","context":"En &quot;3. Wix\u00e1rikas&quot;","block_context":{"text":"3. Wix\u00e1rikas","link":"https:\/\/www.grieta.org.mx\/index.php\/category\/espejos-de-la-resistencia\/3-wixarikas\/"},"img":{"alt_text":"","src":"https:\/\/i0.wp.com\/www.grieta.org.mx\/wp-content\/uploads\/2022\/05\/Los-pueblos.jpg?resize=350%2C200&ssl=1","width":350,"height":200,"srcset":"https:\/\/i0.wp.com\/www.grieta.org.mx\/wp-content\/uploads\/2022\/05\/Los-pueblos.jpg?resize=350%2C200&ssl=1 1x, https:\/\/i0.wp.com\/www.grieta.org.mx\/wp-content\/uploads\/2022\/05\/Los-pueblos.jpg?resize=525%2C300&ssl=1 1.5x, https:\/\/i0.wp.com\/www.grieta.org.mx\/wp-content\/uploads\/2022\/05\/Los-pueblos.jpg?resize=700%2C400&ssl=1 2x"},"classes":[]},{"id":33773,"url":"https:\/\/www.grieta.org.mx\/index.php\/2019\/05\/07\/exigen-restitucion-de-tierras-para-wixarikas-jalisco\/","url_meta":{"origin":64309,"position":2},"title":"Exigen restituci\u00f3n de tierras para wix\u00e1rikas  (Jalisco)","author":"grieta","date":"7 mayo, 2019","format":false,"excerpt":"Martha Hern\u00e1ndez Fuentes \/ NTR noticias Aunque hay resoluciones legales a favor de las comunidades ind\u00edgenas de San Sebasti\u00e1n Teponahuaxtl\u00e1n y Tuxpan de Bola\u00f1os \u2013se ubican en Mezquitic y Bola\u00f1os, respectivamente\u2013 para que ganaderos del poblado de Huajimic, Nayarit, les restituyan tierras invadidas desde hace d\u00e9cadas, autoridades locales y federales\u2026","rel":"","context":"En &quot;3. Wix\u00e1rikas&quot;","block_context":{"text":"3. Wix\u00e1rikas","link":"https:\/\/www.grieta.org.mx\/index.php\/category\/espejos-de-la-resistencia\/3-wixarikas\/"},"img":{"alt_text":"","src":"https:\/\/i0.wp.com\/www.grieta.org.mx\/wp-content\/uploads\/2019\/05\/2019-05-06_11-05-05___4225.jpg?resize=350%2C200&ssl=1","width":350,"height":200,"srcset":"https:\/\/i0.wp.com\/www.grieta.org.mx\/wp-content\/uploads\/2019\/05\/2019-05-06_11-05-05___4225.jpg?resize=350%2C200&ssl=1 1x, https:\/\/i0.wp.com\/www.grieta.org.mx\/wp-content\/uploads\/2019\/05\/2019-05-06_11-05-05___4225.jpg?resize=525%2C300&ssl=1 1.5x, https:\/\/i0.wp.com\/www.grieta.org.mx\/wp-content\/uploads\/2019\/05\/2019-05-06_11-05-05___4225.jpg?resize=700%2C400&ssl=1 2x"},"classes":[]},{"id":64249,"url":"https:\/\/www.grieta.org.mx\/index.php\/2022\/05\/17\/caravana-de-dignidad-y-conciencia-wixarika-avanza-con-paso-firme-hacia-la-cdmx\/","url_meta":{"origin":64309,"position":3},"title":"Caravana de Dignidad y Conciencia Wix\u00e1rika avanza con paso firme hacia la CDMX","author":"grieta","date":"17 mayo, 2022","format":false,"excerpt":"Foto: Tracy L. Barnett La Caravana de Dignidad y Conciencia integrada la comunidad de San Sebasti\u00e1n Teponahuaxtl\u00e1n y su anexo Tuxpan de Bola\u00f1os, perteneciente al pueblo wix\u00e1rika y ubicada en los municipios de Mezquitic y Bola\u00f1os, Jalisco, inicio caminata el pasado 25 de abril del 2022, con el objetivo de\u2026","rel":"","context":"En &quot;3. Wix\u00e1rikas&quot;","block_context":{"text":"3. Wix\u00e1rikas","link":"https:\/\/www.grieta.org.mx\/index.php\/category\/espejos-de-la-resistencia\/3-wixarikas\/"},"img":{"alt_text":"","src":"https:\/\/i0.wp.com\/www.grieta.org.mx\/wp-content\/uploads\/2022\/05\/280408483_10157598657398039_5706736951096131108_n.jpg?resize=350%2C200&ssl=1","width":350,"height":200,"srcset":"https:\/\/i0.wp.com\/www.grieta.org.mx\/wp-content\/uploads\/2022\/05\/280408483_10157598657398039_5706736951096131108_n.jpg?resize=350%2C200&ssl=1 1x, https:\/\/i0.wp.com\/www.grieta.org.mx\/wp-content\/uploads\/2022\/05\/280408483_10157598657398039_5706736951096131108_n.jpg?resize=525%2C300&ssl=1 1.5x, https:\/\/i0.wp.com\/www.grieta.org.mx\/wp-content\/uploads\/2022\/05\/280408483_10157598657398039_5706736951096131108_n.jpg?resize=700%2C400&ssl=1 2x"},"classes":[]},{"id":63738,"url":"https:\/\/www.grieta.org.mx\/index.php\/2022\/03\/15\/indigenas-de-san-lorenzo-azqueltan-denuncian-que-minera-invade-sus-tierras-en-villa-guerrero-jalisco\/","url_meta":{"origin":64309,"position":4},"title":"Ind\u00edgenas de San Lorenzo Azquelt\u00e1n denuncian que minera invade sus tierras en Villa Guerrero (Jalisco)","author":"grieta","date":"15 marzo, 2022","format":false,"excerpt":"Foto: Especial Redacci\u00f3n \/ El Diario NTR Ind\u00edgenas de San Lorenzo Azquelt\u00e1n denunci\u00f3 que la minera llamada Amonitas y el gobierno federal est\u00e1n invadiendo su territorio y tomando piedras y diverso material geol\u00f3gico sin la autoridad de la Comunidad. Adem\u00e1s, denunciaron ser v\u00edctimas de amenazas por parte de la minera.\u2026","rel":"","context":"En &quot;4. Tepehuanos&quot;","block_context":{"text":"4. Tepehuanos","link":"https:\/\/www.grieta.org.mx\/index.php\/category\/espejos-de-la-resistencia\/4-wixarikas\/"},"img":{"alt_text":"","src":"https:\/\/i0.wp.com\/www.grieta.org.mx\/wp-content\/uploads\/2022\/03\/2022-03-15_05-03-11___5489.jpg?resize=350%2C200&ssl=1","width":350,"height":200,"srcset":"https:\/\/i0.wp.com\/www.grieta.org.mx\/wp-content\/uploads\/2022\/03\/2022-03-15_05-03-11___5489.jpg?resize=350%2C200&ssl=1 1x, https:\/\/i0.wp.com\/www.grieta.org.mx\/wp-content\/uploads\/2022\/03\/2022-03-15_05-03-11___5489.jpg?resize=525%2C300&ssl=1 1.5x, https:\/\/i0.wp.com\/www.grieta.org.mx\/wp-content\/uploads\/2022\/03\/2022-03-15_05-03-11___5489.jpg?resize=700%2C400&ssl=1 2x"},"classes":[]},{"id":29730,"url":"https:\/\/www.grieta.org.mx\/index.php\/2019\/02\/27\/wixarikas-reclaman-a-jalisco-dejar-pasividad\/","url_meta":{"origin":64309,"position":5},"title":"Wix\u00e1rikas reclaman a Jalisco dejar pasividad","author":"grieta","date":"27 febrero, 2019","format":false,"excerpt":"Agust\u00edn del Castillo \/ El Diario NTR \u201cSi no vienen a decirnos que van a pagar por dejar nuestras tierras, no pierdan su tiempo\u201d, exclam\u00f3 Baltazar Herrera, uno de los peque\u00f1os propietarios afectados con las restituciones ordenadas por los tribunales agrarios a favor de la comunidad ind\u00edgena de Wuaut+a (San\u2026","rel":"","context":"En &quot;3. Wix\u00e1rikas&quot;","block_context":{"text":"3. Wix\u00e1rikas","link":"https:\/\/www.grieta.org.mx\/index.php\/category\/espejos-de-la-resistencia\/3-wixarikas\/"},"img":{"alt_text":"","src":"https:\/\/i0.wp.com\/www.grieta.org.mx\/wp-content\/uploads\/2019\/02\/wixarica.jpg?resize=350%2C200&ssl=1","width":350,"height":200,"srcset":"https:\/\/i0.wp.com\/www.grieta.org.mx\/wp-content\/uploads\/2019\/02\/wixarica.jpg?resize=350%2C200&ssl=1 1x, https:\/\/i0.wp.com\/www.grieta.org.mx\/wp-content\/uploads\/2019\/02\/wixarica.jpg?resize=525%2C300&ssl=1 1.5x, https:\/\/i0.wp.com\/www.grieta.org.mx\/wp-content\/uploads\/2019\/02\/wixarica.jpg?resize=700%2C400&ssl=1 2x"},"classes":[]}],"_links":{"self":[{"href":"https:\/\/www.grieta.org.mx\/index.php\/wp-json\/wp\/v2\/posts\/64309","targetHints":{"allow":["GET"]}}],"collection":[{"href":"https:\/\/www.grieta.org.mx\/index.php\/wp-json\/wp\/v2\/posts"}],"about":[{"href":"https:\/\/www.grieta.org.mx\/index.php\/wp-json\/wp\/v2\/types\/post"}],"author":[{"embeddable":true,"href":"https:\/\/www.grieta.org.mx\/index.php\/wp-json\/wp\/v2\/users\/2"}],"replies":[{"embeddable":true,"href":"https:\/\/www.grieta.org.mx\/index.php\/wp-json\/wp\/v2\/comments?post=64309"}],"version-history":[{"count":1,"href":"https:\/\/www.grieta.org.mx\/index.php\/wp-json\/wp\/v2\/posts\/64309\/revisions"}],"predecessor-version":[{"id":64311,"href":"https:\/\/www.grieta.org.mx\/index.php\/wp-json\/wp\/v2\/posts\/64309\/revisions\/64311"}],"wp:featuredmedia":[{"embeddable":true,"href":"https:\/\/www.grieta.org.mx\/index.php\/wp-json\/wp\/v2\/media\/64310"}],"wp:attachment":[{"href":"https:\/\/www.grieta.org.mx\/index.php\/wp-json\/wp\/v2\/media?parent=64309"}],"wp:term":[{"taxonomy":"category","embeddable":true,"href":"https:\/\/www.grieta.org.mx\/index.php\/wp-json\/wp\/v2\/categories?post=64309"},{"taxonomy":"post_tag","embeddable":true,"href":"https:\/\/www.grieta.org.mx\/index.php\/wp-json\/wp\/v2\/tags?post=64309"}],"curies":[{"name":"wp","href":"https:\/\/api.w.org\/{rel}","templated":true}]}}