{"id":64306,"date":"2022-05-26T20:57:01","date_gmt":"2022-05-27T01:57:01","guid":{"rendered":"https:\/\/www.grieta.org.mx\/?p=64306"},"modified":"2022-05-28T21:07:36","modified_gmt":"2022-05-29T02:07:36","slug":"hay-415-desaparecidas-y-la-fge-solo-investiga-3-casos-de-trata-de-personas-colima","status":"publish","type":"post","link":"https:\/\/www.grieta.org.mx\/index.php\/2022\/05\/26\/hay-415-desaparecidas-y-la-fge-solo-investiga-3-casos-de-trata-de-personas-colima\/","title":{"rendered":"Hay 415 desaparecidas y la FGE s\u00f3lo investiga 3 casos de trata de personas (Colima)"},"content":{"rendered":"<p>Foto: Diario Avanzada<\/p>\n<p>Redacci\u00f3n \/ Diario Avanzada<\/p>\n<p>Colima, M\u00e9xico, Avanzada (26\/05\/2022).- A pesar de que en la entidad hay 415 mujeres desaparecidas, en los \u00faltimos siete a\u00f1os la Fiscal\u00eda General del Estado (FGE) s\u00f3lo ha abierto tres carpetas de investigaci\u00f3n sobre trata de personas.<\/p>\n<p>El caso m\u00e1s reciente fue dado a conocer en las cifras sobre la incidencia delictiva correspondientes al mes de abril de 2022, por parte del Secretariado Ejecutivo del Sistema Nacional de Seguridad P\u00fablica (SESNSP), donde se inform\u00f3 de la existencia de un expediente por ese delito durante ese mes.<\/p>\n<p>En los tres a\u00f1os previos no se hab\u00eda informado de ning\u00fan caso de presunta trata de personas en la entidad, pues el caso anterior correspondi\u00f3 a mayo de 2019 y el otro fue de enero de 2017, que son los \u00fanicos expedientes registrados en el periodo de los a\u00f1os 2015 a 2022.<\/p>\n<p>Sin embargo, seg\u00fan los propios registros del SESNSP, hasta este mi\u00e9rcoles 25 de abril hab\u00eda 1 mil 448 casos de personas desaparecidas y no localizadas, de las que 415 son mujeres.<\/p>\n<p>El mayor n\u00famero de mujeres desaparecidas se encuentra en Manzanillo, con 111; seguido por el municipio de Colima, con 100; Tecom\u00e1n, con 76; Villa de \u00c1lvarez, 46; Cuauht\u00e9moc, 24; Armer\u00eda, 9; Coquimatl\u00e1n, 7, y Comala, 6.<\/p>\n<p>En el periodo de 2015 a 2022 se encuentra registrada la desaparici\u00f3n de 255 mujeres en Colima, adem\u00e1s de que hay 137 casos sin a\u00f1o de registro, pero por el comportamiento del fen\u00f3meno todo indica que corresponden a ese mismo periodo.<\/p>\n<p>As\u00ed tambi\u00e9n, buena parte de las v\u00edctimas femeninas de desaparici\u00f3n corresponden a las edades de 10 a 19 a\u00f1os de edad, con un total de 162 mujeres: 51 del rango de 10 a 14 a\u00f1os de edad y 111 de 15 a 19 a\u00f1os.<\/p>\n<p>En otras edades, de 20 a 24 a\u00f1os hay 68 desaparecidas, de 25 a 29 a\u00f1os son 47 v\u00edctimas, de 30 a 34 a\u00f1os se contabilizan 31 y de 35 a 39 son 25 mujeres cuyo paradero se ignora.<\/p>\n<p><a href=\"https:\/\/www.diarioavanzada.com.mx\/?p=33000\">https:\/\/www.diarioavanzada.com.mx\/?p=33000<\/a><\/p>\n","protected":false},"excerpt":{"rendered":"<p>Foto: Diario Avanzada Redacci\u00f3n \/ Diario Avanzada Colima, M\u00e9xico, Avanzada (26\/05\/2022).- A pesar de que en la entidad hay 415 mujeres desaparecidas, en los \u00faltimos siete a\u00f1os la Fiscal\u00eda General &hellip; <a href=\"https:\/\/www.grieta.org.mx\/index.php\/2022\/05\/26\/hay-415-desaparecidas-y-la-fge-solo-investiga-3-casos-de-trata-de-personas-colima\/\" class=\"more-link\">Leer m\u00e1s<\/a><\/p>\n","protected":false},"author":2,"featured_media":64307,"comment_status":"closed","ping_status":"closed","sticky":false,"template":"","format":"standard","meta":{"ngg_post_thumbnail":0,"_jetpack_newsletter_access":"","_jetpack_dont_email_post_to_subs":false,"_jetpack_newsletter_tier_id":0,"_jetpack_memberships_contains_paywalled_content":false,"_jetpack_memberships_contains_paid_content":false,"footnotes":""},"categories":[80,13,87,1829,1827,3112,2,83,1983],"tags":[631,3775,2270,1434,417,1630],"class_list":["post-64306","post","type-post","status-publish","format-standard","has-post-thumbnail","hentry","category-cintillo","category-colima","category-desaparecidos","category-desaparecidos-en-colima","category-la-ninez-en-la-tormenta-capitalista","category-la-ninez-en-la-tormenta-en-colima","category-noticias-nacionales","category-temas-nacionales","category-violencia-contra-mujeres-en-colima","tag-desaparecidas","tag-estadisticas-de-desaparecidos","tag-mujeres-desaparecidas","tag-ninas-desaparecidas","tag-trata-de-personas","tag-violencia-contra-las-mujeres","entry"],"jetpack_featured_media_url":"https:\/\/www.grieta.org.mx\/wp-content\/uploads\/2022\/05\/Desaparecidos-3.jpeg","jetpack_sharing_enabled":true,"jetpack_shortlink":"https:\/\/wp.me\/p7ZJR4-gJc","jetpack_likes_enabled":false,"jetpack-related-posts":[{"id":57840,"url":"https:\/\/www.grieta.org.mx\/index.php\/2021\/03\/16\/hay-399-mujeres-desaparecidas-en-colima-segun-el-fiscal-ninguna-es-por-trata\/","url_meta":{"origin":64306,"position":0},"title":"Hay 399 mujeres desaparecidas en Colima, seg\u00fan el Fiscal ninguna es por trata","author":"grieta","date":"16 marzo, 2021","format":false,"excerpt":"Imagen: Diario Avanzada Heidi de Le\u00f3n Guti\u00e9rrez \/ Diario Avanzada Colima, M\u00e9xico, Avanzada (16\/03\/2021).- En el estado de Colima existen 399 mujeres desaparecidas, de las cuales 105 son adolescentes o menores de edad, seg\u00fan los datos m\u00e1s actualizados con los que cuenta la secretar\u00eda de Gobernaci\u00f3n. La cifra anterior se\u2026","rel":"","context":"En &quot;CINTILLO&quot;","block_context":{"text":"CINTILLO","link":"https:\/\/www.grieta.org.mx\/index.php\/category\/cintillo\/"},"img":{"alt_text":"","src":"https:\/\/i0.wp.com\/www.grieta.org.mx\/wp-content\/uploads\/2021\/03\/159821306_436976120888799_9136011263406433812_n.jpg?resize=350%2C200&ssl=1","width":350,"height":200,"srcset":"https:\/\/i0.wp.com\/www.grieta.org.mx\/wp-content\/uploads\/2021\/03\/159821306_436976120888799_9136011263406433812_n.jpg?resize=350%2C200&ssl=1 1x, https:\/\/i0.wp.com\/www.grieta.org.mx\/wp-content\/uploads\/2021\/03\/159821306_436976120888799_9136011263406433812_n.jpg?resize=525%2C300&ssl=1 1.5x, https:\/\/i0.wp.com\/www.grieta.org.mx\/wp-content\/uploads\/2021\/03\/159821306_436976120888799_9136011263406433812_n.jpg?resize=700%2C400&ssl=1 2x, https:\/\/i0.wp.com\/www.grieta.org.mx\/wp-content\/uploads\/2021\/03\/159821306_436976120888799_9136011263406433812_n.jpg?resize=1050%2C600&ssl=1 3x"},"classes":[]},{"id":48233,"url":"https:\/\/www.grieta.org.mx\/index.php\/2020\/04\/19\/red-desaparecidos-en-colima-denuncian-falta-de-apoyo-fiscalia-reporta-26-personas-desaparecidas\/","url_meta":{"origin":64306,"position":1},"title":"Red Desaparecidos en Colima denuncian falta de apoyo, fiscal\u00eda reporta 26 personas desaparecidas","author":"grieta","date":"19 abril, 2020","format":false,"excerpt":"Imagen: Diario Avanzada Readacci\u00f3n \/ Diario Avanzada Colima, M\u00e9xico, Avanzada (19\/04\/2020).- La Fiscal\u00eda General del Estado de Colima (FGEC) reporta 36 personas desaparecidas en Colima en 2020, en su p\u00e1gina web, en el apartado \u201cdesaparecidos\u201d, la FGEC exhibe los rostros y nombres de las personas que fueron reportadas como desaparecidas\u2026","rel":"","context":"En &quot;CINTILLO&quot;","block_context":{"text":"CINTILLO","link":"https:\/\/www.grieta.org.mx\/index.php\/category\/cintillo\/"},"img":{"alt_text":"","src":"https:\/\/i0.wp.com\/www.grieta.org.mx\/wp-content\/uploads\/2020\/04\/Desaparecidos-2020.jpg?resize=350%2C200&ssl=1","width":350,"height":200,"srcset":"https:\/\/i0.wp.com\/www.grieta.org.mx\/wp-content\/uploads\/2020\/04\/Desaparecidos-2020.jpg?resize=350%2C200&ssl=1 1x, https:\/\/i0.wp.com\/www.grieta.org.mx\/wp-content\/uploads\/2020\/04\/Desaparecidos-2020.jpg?resize=525%2C300&ssl=1 1.5x, https:\/\/i0.wp.com\/www.grieta.org.mx\/wp-content\/uploads\/2020\/04\/Desaparecidos-2020.jpg?resize=700%2C400&ssl=1 2x"},"classes":[]},{"id":67532,"url":"https:\/\/www.grieta.org.mx\/index.php\/2023\/08\/12\/preocupante-activan-alerta-alba-por-la-desaparicion-de-cinco-mujeres-en-dos-dias-colima\/","url_meta":{"origin":64306,"position":2},"title":"\u00a1Preocupante!, activan Alerta Alba por la desaparici\u00f3n de cinco mujeres en dos d\u00edas (Colima)","author":"grieta","date":"12 agosto, 2023","format":false,"excerpt":"Imagen: Diario Avanzada Redacci\u00f3n \/ DIario Avanzada Colima, M\u00e9xico, Avanzada (12\/08\/2023).- El sombr\u00edo panorama provocado por la violencia en el estado de Colima, se oscurece m\u00e1s con la desaparici\u00f3n de cinco mujeres que fueron reportadas por la Fiscal\u00eda General del Estado luego de que emiti\u00f3 sus Alertas Alba. La preocupaci\u00f3n\u2026","rel":"","context":"En &quot;CINTILLO&quot;","block_context":{"text":"CINTILLO","link":"https:\/\/www.grieta.org.mx\/index.php\/category\/cintillo\/"},"img":{"alt_text":"","src":"https:\/\/i0.wp.com\/www.grieta.org.mx\/wp-content\/uploads\/2023\/08\/image-102.webp?resize=350%2C200&ssl=1","width":350,"height":200,"srcset":"https:\/\/i0.wp.com\/www.grieta.org.mx\/wp-content\/uploads\/2023\/08\/image-102.webp?resize=350%2C200&ssl=1 1x, https:\/\/i0.wp.com\/www.grieta.org.mx\/wp-content\/uploads\/2023\/08\/image-102.webp?resize=525%2C300&ssl=1 1.5x"},"classes":[]},{"id":55612,"url":"https:\/\/www.grieta.org.mx\/index.php\/2020\/11\/28\/desaparicion-de-mujeres-es-por-trata-de-personas-en-colima-gobierno-se-niega-a-reconocerlo\/","url_meta":{"origin":64306,"position":3},"title":"Desaparici\u00f3n de mujeres es por trata de personas, en Colima gobierno se niega a reconocerlo","author":"grieta","date":"28 noviembre, 2020","format":false,"excerpt":"Foto: Diario Avanzada Heidi de Le\u00f3n Guti\u00e9rrez \/ Diario Avanzada Colima, M\u00e9xico, Avanzada (28\/11\/2020).- La comisionada nacional de b\u00fasqueda de personas, Karla Quintana Osuna se\u00f1al\u00f3 que la hip\u00f3tesis que tienen es que las desapariciones de mujeres est\u00e1n relacionadas con la trata de personas. Indic\u00f3 que esa hip\u00f3tesis tiene que ser\u2026","rel":"","context":"En &quot;CINTILLO&quot;","block_context":{"text":"CINTILLO","link":"https:\/\/www.grieta.org.mx\/index.php\/category\/cintillo\/"},"img":{"alt_text":"","src":"https:\/\/i0.wp.com\/www.grieta.org.mx\/wp-content\/uploads\/2020\/12\/Desaparecidos-1-1.jpg?resize=350%2C200&ssl=1","width":350,"height":200,"srcset":"https:\/\/i0.wp.com\/www.grieta.org.mx\/wp-content\/uploads\/2020\/12\/Desaparecidos-1-1.jpg?resize=350%2C200&ssl=1 1x, https:\/\/i0.wp.com\/www.grieta.org.mx\/wp-content\/uploads\/2020\/12\/Desaparecidos-1-1.jpg?resize=525%2C300&ssl=1 1.5x, https:\/\/i0.wp.com\/www.grieta.org.mx\/wp-content\/uploads\/2020\/12\/Desaparecidos-1-1.jpg?resize=700%2C400&ssl=1 2x"},"classes":[]},{"id":64403,"url":"https:\/\/www.grieta.org.mx\/index.php\/2022\/06\/06\/rebasa-colima-la-cifra-de-cuatro-mil-personas-desaparecidas\/","url_meta":{"origin":64306,"position":4},"title":"Rebasa Colima la cifra de cuatro mil personas desaparecidas","author":"grieta","date":"6 junio, 2022","format":false,"excerpt":"Imagen: Diario Avanzada Redacci\u00f3n \/ Diario Avanzada Colima, M\u00e9xico, Avanzada (06\/06\/2022).- Colima lleg\u00f3 a la cifra de 4 mil 011 personas desaparecidas, de las que 2 mil 562 (63.87 por ciento) han sido localizadas, 2 mil 339 con vida y 223 sin vida, de acuerdo con datos del Registro Nacional\u2026","rel":"","context":"En &quot;CINTILLO&quot;","block_context":{"text":"CINTILLO","link":"https:\/\/www.grieta.org.mx\/index.php\/category\/cintillo\/"},"img":{"alt_text":"","src":"https:\/\/i0.wp.com\/www.grieta.org.mx\/wp-content\/uploads\/2022\/06\/image-7-1024x1024-1.png?resize=350%2C200&ssl=1","width":350,"height":200,"srcset":"https:\/\/i0.wp.com\/www.grieta.org.mx\/wp-content\/uploads\/2022\/06\/image-7-1024x1024-1.png?resize=350%2C200&ssl=1 1x, https:\/\/i0.wp.com\/www.grieta.org.mx\/wp-content\/uploads\/2022\/06\/image-7-1024x1024-1.png?resize=525%2C300&ssl=1 1.5x, https:\/\/i0.wp.com\/www.grieta.org.mx\/wp-content\/uploads\/2022\/06\/image-7-1024x1024-1.png?resize=700%2C400&ssl=1 2x"},"classes":[]},{"id":68284,"url":"https:\/\/www.grieta.org.mx\/index.php\/2023\/11\/30\/desaparecen-17-mujeres-en-colima-9-son-menores-de-edad-colima\/","url_meta":{"origin":64306,"position":5},"title":"Desaparecen 17 mujeres en Colima, 9 son menores de edad (Colima)","author":"grieta","date":"30 noviembre, 2023","format":false,"excerpt":"Imagen: Diario Avanzada Heidi de Le\u00f3n Guti\u00e9rrez \/ Diario Avanzada Colima, M\u00e9xico, Avanzada (28\/11\/2023).- Diecisiete mujeres desaparecieron en el estado de Colima durante los meses de octubre y noviembre, sin que la autoridad detalle informaci\u00f3n sobre las l\u00edneas de investigaci\u00f3n que siguen para localizarlas. El sistema de Alerta Alba de\u2026","rel":"","context":"En &quot;CINTILLO&quot;","block_context":{"text":"CINTILLO","link":"https:\/\/www.grieta.org.mx\/index.php\/category\/cintillo\/"},"img":{"alt_text":"","src":"https:\/\/i0.wp.com\/www.grieta.org.mx\/wp-content\/uploads\/2023\/12\/Imagen-de-WhatsApp-2023-11-30-a-las-14.26.12_49d5d050-1200x1500-1.webp?resize=350%2C200&ssl=1","width":350,"height":200,"srcset":"https:\/\/i0.wp.com\/www.grieta.org.mx\/wp-content\/uploads\/2023\/12\/Imagen-de-WhatsApp-2023-11-30-a-las-14.26.12_49d5d050-1200x1500-1.webp?resize=350%2C200&ssl=1 1x, https:\/\/i0.wp.com\/www.grieta.org.mx\/wp-content\/uploads\/2023\/12\/Imagen-de-WhatsApp-2023-11-30-a-las-14.26.12_49d5d050-1200x1500-1.webp?resize=525%2C300&ssl=1 1.5x, https:\/\/i0.wp.com\/www.grieta.org.mx\/wp-content\/uploads\/2023\/12\/Imagen-de-WhatsApp-2023-11-30-a-las-14.26.12_49d5d050-1200x1500-1.webp?resize=700%2C400&ssl=1 2x, https:\/\/i0.wp.com\/www.grieta.org.mx\/wp-content\/uploads\/2023\/12\/Imagen-de-WhatsApp-2023-11-30-a-las-14.26.12_49d5d050-1200x1500-1.webp?resize=1050%2C600&ssl=1 3x"},"classes":[]}],"_links":{"self":[{"href":"https:\/\/www.grieta.org.mx\/index.php\/wp-json\/wp\/v2\/posts\/64306","targetHints":{"allow":["GET"]}}],"collection":[{"href":"https:\/\/www.grieta.org.mx\/index.php\/wp-json\/wp\/v2\/posts"}],"about":[{"href":"https:\/\/www.grieta.org.mx\/index.php\/wp-json\/wp\/v2\/types\/post"}],"author":[{"embeddable":true,"href":"https:\/\/www.grieta.org.mx\/index.php\/wp-json\/wp\/v2\/users\/2"}],"replies":[{"embeddable":true,"href":"https:\/\/www.grieta.org.mx\/index.php\/wp-json\/wp\/v2\/comments?post=64306"}],"version-history":[{"count":1,"href":"https:\/\/www.grieta.org.mx\/index.php\/wp-json\/wp\/v2\/posts\/64306\/revisions"}],"predecessor-version":[{"id":64308,"href":"https:\/\/www.grieta.org.mx\/index.php\/wp-json\/wp\/v2\/posts\/64306\/revisions\/64308"}],"wp:featuredmedia":[{"embeddable":true,"href":"https:\/\/www.grieta.org.mx\/index.php\/wp-json\/wp\/v2\/media\/64307"}],"wp:attachment":[{"href":"https:\/\/www.grieta.org.mx\/index.php\/wp-json\/wp\/v2\/media?parent=64306"}],"wp:term":[{"taxonomy":"category","embeddable":true,"href":"https:\/\/www.grieta.org.mx\/index.php\/wp-json\/wp\/v2\/categories?post=64306"},{"taxonomy":"post_tag","embeddable":true,"href":"https:\/\/www.grieta.org.mx\/index.php\/wp-json\/wp\/v2\/tags?post=64306"}],"curies":[{"name":"wp","href":"https:\/\/api.w.org\/{rel}","templated":true}]}}