{"id":64301,"date":"2022-03-07T13:55:44","date_gmt":"2022-03-07T19:55:44","guid":{"rendered":"https:\/\/www.grieta.org.mx\/?p=64301"},"modified":"2022-05-28T13:59:51","modified_gmt":"2022-05-28T18:59:51","slug":"denuncian-explotacion-laboral-en-la-direccion-de-fiscalizacion-en-leon-guanajuato","status":"publish","type":"post","link":"https:\/\/www.grieta.org.mx\/index.php\/2022\/03\/07\/denuncian-explotacion-laboral-en-la-direccion-de-fiscalizacion-en-leon-guanajuato\/","title":{"rendered":"Denuncian explotaci\u00f3n laboral en la Direcci\u00f3n de Fiscalizaci\u00f3n en Le\u00f3n (Guanajuato)"},"content":{"rendered":"<blockquote><p>Los trabajadores denunciaron que han sido v\u00edctimas de violencia laboral, pues trabajan m\u00e1s de 15 horas e incluso han perdido sus descansos<\/p><\/blockquote>\n<p>Peri\u00f3dico Correo, Guanjuato, 7 de marzo de 2022<\/p>\n<p>Redacci\u00f3n<br \/>\nLe\u00f3n.-Jornadas de trabajo extenuantes mayores a 15 horas, acoso laboral y comida echada a perder, es lo que viven funcionarios de la Direcci\u00f3n de Fiscalizaci\u00f3n y Control.<\/p>\n<p>Trabajadores municipales denunciaron que desde la llegada de Mario Maciel Garc\u00eda en noviembre del a\u00f1o pasado, hubo varios cambios en la direcci\u00f3n que depende de la Secretar\u00eda de Seguridad P\u00fablica y Protecci\u00f3n Ciudadana.<\/p>\n<p>Los funcionarios quienes por temor a represalias prefirieron mantenerse en el anonimato, explicaron que desde diciembre del 2021 fueron notificados de que su horario ser\u00eda de las 10:00 de la ma\u00f1ana sin un horario fijo de salida.<\/p>\n<blockquote>\n<p><em>\u201cTrabajamos desde las 10:00 de la ma\u00f1ana y en muchas ocasiones salimos a las 5:00 de la ma\u00f1ana, no antes de las 3:00 m\u00ednimo\u201d, explic\u00f3 uno de los afectados.<\/em><\/p><\/blockquote>\n<p>Adem\u00e1s, con la nueva pol\u00edtica de trabajo les ofrecieron el apoyo de una comida para hacer frente a las horas laborales excesivas, pero comentaron que los alimentos llegan echados a perder debido al calor. Incluso dicen ellos tienen que desembolsar de su dinero para aguantar todas esas horas.<\/p>\n<p><strong>Trabajadores bajo amenaza<\/strong><\/p>\n<p>Sin embargo, los pocos que han llegado a externar su molestia por el cansancio cr\u00f3nico, han sido presionados con m\u00e1s trabajo con la finalidad de orillarlos a renunciar.<\/p>\n<blockquote><p>\n<em>&#8220;En el mes de noviembre estuvo presente el secretario de seguridad Mario Bravo el cual coment\u00f3 que no ven\u00edan a correr gente y que no iban a cambiar horarios, el cual no fue cierto ya que en la primera semana de diciembre se nos notific\u00f3 que quedar\u00eda eliminado el turno matutino y quedar\u00edan solo 2 turnos con horarios de 10 de la ma\u00f1ana y no tener horario de salida\u201d.<\/em><\/p><\/blockquote>\n<p>Adem\u00e1s, les advirtieron que no iban a cambiar horarios por un tiempo y todo aquel que quisiera laborar bajo esta din\u00e1mica podr\u00eda quedarse, \u201cy el que no, estaban las puertas abiertas ya que por ning\u00fan motivo iban a cambiar y tampoco iba a subir sueldos porque tenemos que demostrar que trabajamos de igual manera\u201d.  <\/p>\n<p>Bajo esa din\u00e1mica, ante cualquier motivo de queja existen represalias con m\u00e1s carga de trabajo, pues tienen que acudir a eventos calificados como \u2018extraordinarios\u2019 en su tiempo de descanso porque son obligatorios.<\/p>\n<p><a href=\"https:\/\/periodicocorreo.com.mx\/denuncian-violencia-laboral-en-fiscalizacion-de-leon\/\">https:\/\/periodicocorreo.com.mx\/denuncian-violencia-laboral-en-fiscalizacion-de-leon\/<\/a><\/p>\n","protected":false},"excerpt":{"rendered":"<p>Los trabajadores denunciaron que han sido v\u00edctimas de violencia laboral, pues trabajan m\u00e1s de 15 horas e incluso han perdido sus descansos Peri\u00f3dico Correo, Guanjuato, 7 de marzo de 2022 &hellip; <a href=\"https:\/\/www.grieta.org.mx\/index.php\/2022\/03\/07\/denuncian-explotacion-laboral-en-la-direccion-de-fiscalizacion-en-leon-guanajuato\/\" class=\"more-link\">Leer m\u00e1s<\/a><\/p>\n","protected":false},"author":2,"featured_media":64302,"comment_status":"closed","ping_status":"closed","sticky":false,"template":"","format":"standard","meta":{"ngg_post_thumbnail":0,"_jetpack_newsletter_access":"","_jetpack_dont_email_post_to_subs":false,"_jetpack_newsletter_tier_id":0,"_jetpack_memberships_contains_paywalled_content":false,"_jetpack_memberships_contains_paid_content":false,"footnotes":""},"categories":[80,2638,910,17],"tags":[2250,2841,3140],"class_list":["post-64301","post","type-post","status-publish","format-standard","has-post-thumbnail","hentry","category-cintillo","category-conflictos-laborales-en-el-sector-publico-en-guanajuato","category-explotacion-y-precariedad-laboral","category-guanajuato","tag-conflictos-laborales-en-el-sector-publico","tag-explotacion-y-precariedad-laboral","tag-precarizacion-de-las-condiciones-de-vida","entry"],"jetpack_featured_media_url":"https:\/\/www.grieta.org.mx\/wp-content\/uploads\/2022\/05\/Denuncian-violencia-laboral-Fiscalizacion-de-Leon-1.jpeg","jetpack_sharing_enabled":true,"jetpack_shortlink":"https:\/\/wp.me\/p7ZJR4-gJ7","jetpack_likes_enabled":false,"jetpack-related-posts":[{"id":63510,"url":"https:\/\/www.grieta.org.mx\/index.php\/2022\/02\/24\/acusan-represalias-en-mazda-salamanca-tras-despido-de-280-trabajadores-guanajuato\/","url_meta":{"origin":64301,"position":0},"title":"Acusan represalias en Mazda Salamanca tras despido de 280 trabajadores (Guanajuato","author":"grieta","date":"24 febrero, 2022","format":false,"excerpt":"Por: Redacci\u00f3n\/El Pulso Laboral, 24 de febrero de 2022 Otro conflicto laboral de grandes proporciones toca la puerta en el Baj\u00edo mexicano, ahora protagonizado por trabajadores de la empresa Mazda planta Salamanca, quienes acusan 280 despidos injustificados. El Movimiento Industrial Automotriz Independiente (MIAI) aglutina a un grupo de trabajadores de\u2026","rel":"","context":"En &quot;CINTILLO&quot;","block_context":{"text":"CINTILLO","link":"https:\/\/www.grieta.org.mx\/index.php\/category\/cintillo\/"},"img":{"alt_text":"","src":"https:\/\/i0.wp.com\/www.grieta.org.mx\/wp-content\/uploads\/2022\/02\/284UO_MAZDA.jpg?resize=350%2C200&ssl=1","width":350,"height":200,"srcset":"https:\/\/i0.wp.com\/www.grieta.org.mx\/wp-content\/uploads\/2022\/02\/284UO_MAZDA.jpg?resize=350%2C200&ssl=1 1x, https:\/\/i0.wp.com\/www.grieta.org.mx\/wp-content\/uploads\/2022\/02\/284UO_MAZDA.jpg?resize=525%2C300&ssl=1 1.5x, https:\/\/i0.wp.com\/www.grieta.org.mx\/wp-content\/uploads\/2022\/02\/284UO_MAZDA.jpg?resize=700%2C400&ssl=1 2x, https:\/\/i0.wp.com\/www.grieta.org.mx\/wp-content\/uploads\/2022\/02\/284UO_MAZDA.jpg?resize=1050%2C600&ssl=1 3x"},"classes":[]},{"id":40675,"url":"https:\/\/www.grieta.org.mx\/index.php\/2019\/10\/23\/medicos-de-hospital-en-guanajuato-denuncian-maltrato\/","url_meta":{"origin":64301,"position":1},"title":"M\u00e9dicos de hospital en Guanajuato denuncian maltrato","author":"grieta","date":"23 octubre, 2019","format":false,"excerpt":"Piden que sea revisado el actuar de responsables de esta cl\u00ednica La Prensa | Vox Populi, 23 de octubre de 2019. Ante el silencio de autoridades del Instituto Mexicano del Seguro Social (IMSS) a las denuncias de acoso sexual y laboral de que son v\u00edctimas, m\u00e9dicos residentes del servicio de\u2026","rel":"","context":"En &quot;CINTILLO&quot;","block_context":{"text":"CINTILLO","link":"https:\/\/www.grieta.org.mx\/index.php\/category\/cintillo\/"},"img":{"alt_text":"","src":"https:\/\/i0.wp.com\/www.grieta.org.mx\/wp-content\/uploads\/2019\/10\/ClinicaLeon.png?resize=350%2C200&ssl=1","width":350,"height":200,"srcset":"https:\/\/i0.wp.com\/www.grieta.org.mx\/wp-content\/uploads\/2019\/10\/ClinicaLeon.png?resize=350%2C200&ssl=1 1x, https:\/\/i0.wp.com\/www.grieta.org.mx\/wp-content\/uploads\/2019\/10\/ClinicaLeon.png?resize=525%2C300&ssl=1 1.5x, https:\/\/i0.wp.com\/www.grieta.org.mx\/wp-content\/uploads\/2019\/10\/ClinicaLeon.png?resize=700%2C400&ssl=1 2x"},"classes":[]},{"id":63507,"url":"https:\/\/www.grieta.org.mx\/index.php\/2022\/02\/24\/despidos-masivos-en-mazda-salamanca-organizan-sindicato-independiente-igual-a-gm-guanajuato\/","url_meta":{"origin":64301,"position":2},"title":"Despidos masivos en Mazda Salamanca; organizan sindicato independiente igual a GM (Guanajuato)","author":"grieta","date":"24 febrero, 2022","format":false,"excerpt":"Los trabajadores dijeron que Mazda Salamanca ha realizado despidos de hasta 80 personas en un solo d\u00eda. Por Luciano V\u00e1zquez febrero 24, 2022 | El Financiero Guanajuato, Gto.- Trabajadores de la planta Mazda de Salamanca Guanajuato denunciaron que la empresa est\u00e1 realizando despidos masivos, por lo cual han iniciado el\u2026","rel":"","context":"En &quot;CINTILLO&quot;","block_context":{"text":"CINTILLO","link":"https:\/\/www.grieta.org.mx\/index.php\/category\/cintillo\/"},"img":{"alt_text":"","src":"https:\/\/i0.wp.com\/www.grieta.org.mx\/wp-content\/uploads\/2022\/02\/KDZA4HOJSVGOBJ2L3PXVLFV55Y.jpg?resize=350%2C200&ssl=1","width":350,"height":200,"srcset":"https:\/\/i0.wp.com\/www.grieta.org.mx\/wp-content\/uploads\/2022\/02\/KDZA4HOJSVGOBJ2L3PXVLFV55Y.jpg?resize=350%2C200&ssl=1 1x, https:\/\/i0.wp.com\/www.grieta.org.mx\/wp-content\/uploads\/2022\/02\/KDZA4HOJSVGOBJ2L3PXVLFV55Y.jpg?resize=525%2C300&ssl=1 1.5x, https:\/\/i0.wp.com\/www.grieta.org.mx\/wp-content\/uploads\/2022\/02\/KDZA4HOJSVGOBJ2L3PXVLFV55Y.jpg?resize=700%2C400&ssl=1 2x"},"classes":[]},{"id":60251,"url":"https:\/\/www.grieta.org.mx\/index.php\/2021\/06\/18\/aumentaran-sueldo-a-personal-de-recoleccion-de-basura-leon-guanajuato\/","url_meta":{"origin":64301,"position":3},"title":"Aumentar\u00e1n sueldo a personal de recolecci\u00f3n de basura  (Le\u00f3n, Guanajuato)","author":"grieta","date":"18 junio, 2021","format":false,"excerpt":"Desde la noche de este jueves, las unidades salieron a brindar el servicio que afect\u00f3 a 75 colonias Roc\u00edo God\u00ednez | El Sol de Le\u00f3n, 18 de junio de 2021 Le\u00f3n, Gto. - El paro de labores por parte del personal de recolecci\u00f3n de basura, termin\u00f3 la noche de este\u2026","rel":"","context":"En &quot;CINTILLO&quot;","block_context":{"text":"CINTILLO","link":"https:\/\/www.grieta.org.mx\/index.php\/category\/cintillo\/"},"img":{"alt_text":"","src":"https:\/\/i0.wp.com\/www.grieta.org.mx\/wp-content\/uploads\/2021\/07\/Aumentara%CC%81n-sueldo-a-personal-de-recoleccio%CC%81n-de-basura.jpg?resize=350%2C200&ssl=1","width":350,"height":200,"srcset":"https:\/\/i0.wp.com\/www.grieta.org.mx\/wp-content\/uploads\/2021\/07\/Aumentara%CC%81n-sueldo-a-personal-de-recoleccio%CC%81n-de-basura.jpg?resize=350%2C200&ssl=1 1x, https:\/\/i0.wp.com\/www.grieta.org.mx\/wp-content\/uploads\/2021\/07\/Aumentara%CC%81n-sueldo-a-personal-de-recoleccio%CC%81n-de-basura.jpg?resize=525%2C300&ssl=1 1.5x, https:\/\/i0.wp.com\/www.grieta.org.mx\/wp-content\/uploads\/2021\/07\/Aumentara%CC%81n-sueldo-a-personal-de-recoleccio%CC%81n-de-basura.jpg?resize=700%2C400&ssl=1 2x"},"classes":[]},{"id":23215,"url":"https:\/\/www.grieta.org.mx\/index.php\/2015\/03\/15\/conflictos-laborales-aumentaron-133-leon-guanajuato\/","url_meta":{"origin":64301,"position":4},"title":"Conflictos laborales aumentaron 133% (Le\u00f3n, Guanajuato)","author":"grieta","date":"15 marzo, 2015","format":false,"excerpt":"El INEGI inform\u00f3 quede 2006 a 2013, fueron 8 mil 660 los casos reportados Dami\u00e1n Godoy\/Peri\u00f3dico Correo LE\u00d3N, Gto.- Los conflictos laborales en esta ciudad se incrementaron m\u00e1s del doble en s\u00f3lo ocho a\u00f1os, revelan cifras del Instituto Nacional de Estad\u00edstica y Geograf\u00eda (INEGI). De acuerdo con la \u00faltima actualizaci\u00f3n\u2026","rel":"","context":"En &quot;CINTILLO&quot;","block_context":{"text":"CINTILLO","link":"https:\/\/www.grieta.org.mx\/index.php\/category\/cintillo\/"},"img":{"alt_text":"","src":"https:\/\/i0.wp.com\/www.grieta.org.mx\/wp-content\/uploads\/2018\/05\/LL-201-JULCAS-2.jpg?resize=350%2C200&ssl=1","width":350,"height":200,"srcset":"https:\/\/i0.wp.com\/www.grieta.org.mx\/wp-content\/uploads\/2018\/05\/LL-201-JULCAS-2.jpg?resize=350%2C200&ssl=1 1x, https:\/\/i0.wp.com\/www.grieta.org.mx\/wp-content\/uploads\/2018\/05\/LL-201-JULCAS-2.jpg?resize=525%2C300&ssl=1 1.5x, https:\/\/i0.wp.com\/www.grieta.org.mx\/wp-content\/uploads\/2018\/05\/LL-201-JULCAS-2.jpg?resize=700%2C400&ssl=1 2x"},"classes":[]},{"id":7254,"url":"https:\/\/www.grieta.org.mx\/index.php\/2016\/08\/17\/conflictos-laborales-en-guanajuato\/","url_meta":{"origin":64301,"position":5},"title":"Conflictos laborales en Guanajuato","author":"grieta","date":"17 agosto, 2016","format":false,"excerpt":"17\/08\/16. Crece n\u00famero de muertes por accidentes laborales en Guanajuato El Financiero 24\/04\/2016. Empresas concesionarias explotan a barrenderos en Le\u00f3n AM 30\/03\/2016. Estalla huelga en Cecyteg en Guanajuato, maestros exigen mejores salarios y condiciones dignas de trabajo Zona Franca 03\/08\/2015. Explotan a ni\u00f1os ind\u00edgenas en campos agr\u00edcolas de Guanajuato La\u2026","rel":"","context":"En &quot;Guanajuato&quot;","block_context":{"text":"Guanajuato","link":"https:\/\/www.grieta.org.mx\/index.php\/category\/noticias-nacionales\/guanajuato\/"},"img":{"alt_text":"","src":"https:\/\/i0.wp.com\/www.grieta.org.mx\/wp-content\/uploads\/2018\/03\/14524434_1106112876131411_958039263622046936_o.jpg?resize=350%2C200&ssl=1","width":350,"height":200,"srcset":"https:\/\/i0.wp.com\/www.grieta.org.mx\/wp-content\/uploads\/2018\/03\/14524434_1106112876131411_958039263622046936_o.jpg?resize=350%2C200&ssl=1 1x, https:\/\/i0.wp.com\/www.grieta.org.mx\/wp-content\/uploads\/2018\/03\/14524434_1106112876131411_958039263622046936_o.jpg?resize=525%2C300&ssl=1 1.5x, https:\/\/i0.wp.com\/www.grieta.org.mx\/wp-content\/uploads\/2018\/03\/14524434_1106112876131411_958039263622046936_o.jpg?resize=700%2C400&ssl=1 2x"},"classes":[]}],"_links":{"self":[{"href":"https:\/\/www.grieta.org.mx\/index.php\/wp-json\/wp\/v2\/posts\/64301","targetHints":{"allow":["GET"]}}],"collection":[{"href":"https:\/\/www.grieta.org.mx\/index.php\/wp-json\/wp\/v2\/posts"}],"about":[{"href":"https:\/\/www.grieta.org.mx\/index.php\/wp-json\/wp\/v2\/types\/post"}],"author":[{"embeddable":true,"href":"https:\/\/www.grieta.org.mx\/index.php\/wp-json\/wp\/v2\/users\/2"}],"replies":[{"embeddable":true,"href":"https:\/\/www.grieta.org.mx\/index.php\/wp-json\/wp\/v2\/comments?post=64301"}],"version-history":[{"count":1,"href":"https:\/\/www.grieta.org.mx\/index.php\/wp-json\/wp\/v2\/posts\/64301\/revisions"}],"predecessor-version":[{"id":64305,"href":"https:\/\/www.grieta.org.mx\/index.php\/wp-json\/wp\/v2\/posts\/64301\/revisions\/64305"}],"wp:featuredmedia":[{"embeddable":true,"href":"https:\/\/www.grieta.org.mx\/index.php\/wp-json\/wp\/v2\/media\/64302"}],"wp:attachment":[{"href":"https:\/\/www.grieta.org.mx\/index.php\/wp-json\/wp\/v2\/media?parent=64301"}],"wp:term":[{"taxonomy":"category","embeddable":true,"href":"https:\/\/www.grieta.org.mx\/index.php\/wp-json\/wp\/v2\/categories?post=64301"},{"taxonomy":"post_tag","embeddable":true,"href":"https:\/\/www.grieta.org.mx\/index.php\/wp-json\/wp\/v2\/tags?post=64301"}],"curies":[{"name":"wp","href":"https:\/\/api.w.org\/{rel}","templated":true}]}}