{"id":6429,"date":"2015-08-13T23:03:25","date_gmt":"2015-08-13T23:03:25","guid":{"rendered":"http:\/\/50.22.11.12\/~grietaor\/?p=6429"},"modified":"2016-03-28T23:06:35","modified_gmt":"2016-03-28T23:06:35","slug":"asesinan-en-presunta-balacera-a-reportero-de-televisa-en-orizaba-y-a-5-mas","status":"publish","type":"post","link":"https:\/\/www.grieta.org.mx\/index.php\/2015\/08\/13\/asesinan-en-presunta-balacera-a-reportero-de-televisa-en-orizaba-y-a-5-mas\/","title":{"rendered":"Asesinan en \u201cpresunta balacera\u201d a reportero de Televisa en Orizaba y a 5 m\u00e1s"},"content":{"rendered":"<p>Orizaba, Ver.- \u2014La madrugada de este jueves, en la ciudad de Orizaba -centro del estado de Veracruz- se registr\u00f3 una balacera, la cual cobr\u00f3 saldo de dos personas asesinadas, entre ellas, indic\u00f3 un portavoz polic\u00edaco, un corresponsal de Televisa de nombre Juan Heriberto Santos Carrera.<\/p>\n<p>Aunque de momento se desconocen el contexto de los hechos, se inform\u00f3 que la balacera deriv\u00f3 de un enfrentamiento entre sujetos desconocidos y personal polic\u00edaco.<\/p>\n<p>El combate armado, agreg\u00f3, recorri\u00f3 varios kil\u00f3metros de aquella municipalidad.<\/p>\n<p>El portavoz refiri\u00f3 a El Pi\u00f1ero de la Cuenca que el enfrentamiento tuvo su punto \u00e1lgido en pleno centro, sobre la calle Poniente Cinco, a la altura del bar la Taberna.<\/p>\n<p>All\u00ed, se dio la muerte de dos civiles, entre ellos, el reportero Juan Santos Carrera, quien hasta hace dos meses era corresponsal de Televisa-Telever en aquella geograf\u00eda del centro de la entidad.<\/p>\n<p>De momento, se desconoce c\u00f3mo ocurrieron los decesos, pues indican que ser\u00eda una v\u00edctima colateral.<\/p>\n<p>Hasta el momento, el Gobierno del Estado no ha informado al respecto.<\/p>\n<p>Cabe mencionar que en agosto del 2014, Juan Santos fue agredido por elementos de la Polic\u00eda Estatal cuando cubr\u00eda una protesta de civiles en la autopista Veracruz-Puebla; los inconformes protestaban en contra del gobierno de Javier Duarte por la desaparici\u00f3n forzada de sus familiares.<\/p>\n<p>En aquella ocasi\u00f3n, Santos Carrera y otros compa\u00f1eros reporteros fueron objeto de golpes a manos de los uniformados.<\/p>\n<p>\u00daltima Hora.<\/p>\n<p>De \u00faltima hora, se inform\u00f3 que adem\u00e1s de la muerte del excorresponsal de Televisa, dos reporteros m\u00e1s resultaron lesionados, mismos que fueron identificados como Enrique Rivas y Guillermo Ramos, corresponsales del diario El Buen Tono. Con informaci\u00f3n de www.elpi\u00f1erodelacuenca.com.mx y el Buen Tono<\/p>\n<p>Comunicado de la Fiscal\u00eda General de Veracruz:<\/p>\n<p>De acuerdo a un comunicado de la Fiscal\u00eda General de Veracruz: \u201cLa madrugada de este jueves fueron ejecutadas seis personas en un bar de esta ciudad, entre ellos Jos\u00e9 M\u00e1rquez Balderas alias el Chichi, identificado como jefe de plaza del grupo delincuencial autodenominado los zetas, as\u00ed como Sergio Felipe Mendoza Morgado, Alberto Rodr\u00edguez Romero, el reportero Juan Heriberto Santos Cabrera, Jos\u00e9 Eduardo Castillo Romero y una persona m\u00e1s sin identificar, quienes se encontraban conviviendo en el momento de los hechos\u201d.<\/p>\n<p>Seg\u00fan las autoridades en el lugar de los hechos se encontraban dos reporteros mas, quienes se encuentran en resguardo de las autoridades.<\/p>\n<p><a href=\"http:\/\/plumaslibres.com.mx\/2015\/08\/13\/asesinan-en-presunta-balacera-a-reportero-de-televisa-en-orizaba-y-hieren-a-2-mas\/\" target=\"_blank\">http:\/\/plumaslibres.com.mx\/2015\/08\/13\/asesinan-en-presunta-balacera-a-reportero-de-televisa-en-orizaba-y-hieren-a-2-mas\/<\/a><\/p>\n","protected":false},"excerpt":{"rendered":"<p>Orizaba, Ver.- \u2014La madrugada de este jueves, en la ciudad de Orizaba -centro del estado de Veracruz- se registr\u00f3 una balacera, la cual cobr\u00f3 saldo de dos personas asesinadas, entre &hellip; <a href=\"https:\/\/www.grieta.org.mx\/index.php\/2015\/08\/13\/asesinan-en-presunta-balacera-a-reportero-de-televisa-en-orizaba-y-a-5-mas\/\" class=\"more-link\">Leer m\u00e1s<\/a><\/p>\n","protected":false},"author":1,"featured_media":21928,"comment_status":"closed","ping_status":"open","sticky":false,"template":"","format":"standard","meta":{"ngg_post_thumbnail":0,"_jetpack_newsletter_access":"","_jetpack_dont_email_post_to_subs":false,"_jetpack_newsletter_tier_id":0,"_jetpack_memberships_contains_paywalled_content":false,"_jetpack_memberships_contains_paid_content":false,"footnotes":""},"categories":[80,257],"tags":[120],"class_list":["post-6429","post","type-post","status-publish","format-standard","has-post-thumbnail","hentry","category-cintillo","category-veracruz","tag-violencia-contra-periodistas","entry"],"jetpack_featured_media_url":"https:\/\/www.grieta.org.mx\/wp-content\/uploads\/2018\/03\/14524434_1106112876131411_958039263622046936_o.jpg","jetpack_sharing_enabled":true,"jetpack_shortlink":"https:\/\/wp.me\/p7ZJR4-1FH","jetpack_likes_enabled":false,"jetpack-related-posts":[{"id":6427,"url":"https:\/\/www.grieta.org.mx\/index.php\/2015\/08\/14\/reportero-asesinado-vivio-bajo-amenaza-de-politicos\/","url_meta":{"origin":6429,"position":0},"title":"Reportero asesinado vivi\u00f3 bajo amenaza de pol\u00edticos","author":"Admin","date":"14 agosto, 2015","format":false,"excerpt":"El periodista Juan Heriberto Santos Carrera, asesinado por un comando criminal la noche del mi\u00e9rcoles en un bar de la ciudad, vivi\u00f3 m\u00e1s de una d\u00e9cada dedicado al periodismo donde, entre otras desavenencias, hab\u00eda sido denunciado por un exalcalde y tambi\u00e9n amenazado por un exdiputado local. Cuando disfrutaba la vida,\u2026","rel":"","context":"En &quot;CINTILLO&quot;","block_context":{"text":"CINTILLO","link":"https:\/\/www.grieta.org.mx\/index.php\/category\/cintillo\/"},"img":{"alt_text":"","src":"https:\/\/i0.wp.com\/www.grieta.org.mx\/wp-content\/uploads\/2018\/03\/14524434_1106112876131411_958039263622046936_o.jpg?resize=350%2C200&ssl=1","width":350,"height":200,"srcset":"https:\/\/i0.wp.com\/www.grieta.org.mx\/wp-content\/uploads\/2018\/03\/14524434_1106112876131411_958039263622046936_o.jpg?resize=350%2C200&ssl=1 1x, https:\/\/i0.wp.com\/www.grieta.org.mx\/wp-content\/uploads\/2018\/03\/14524434_1106112876131411_958039263622046936_o.jpg?resize=525%2C300&ssl=1 1.5x, https:\/\/i0.wp.com\/www.grieta.org.mx\/wp-content\/uploads\/2018\/03\/14524434_1106112876131411_958039263622046936_o.jpg?resize=700%2C400&ssl=1 2x"},"classes":[]},{"id":10582,"url":"https:\/\/www.grieta.org.mx\/index.php\/2016\/04\/07\/indigenas-ixhuatecos-exigen-cese-de-agresiones-del-gobierno-de-orizaba\/","url_meta":{"origin":6429,"position":1},"title":"Ind\u00edgenas Ixhuatecos exigen cese de agresiones del gobierno de Orizaba","author":"grieta","date":"7 abril, 2016","format":false,"excerpt":"El gobierno de Orizaba, Veracruz, ha recrudecido el hostigamiento contra vendedores ambulantes de artesan\u00edas de origen ind\u00edgena. Este martes mujeres y hombres fueron agredidos por polic\u00edas municipales que utilizaron toletes para despojar a mujeres de sus productos. Edith Peredo Este martes, mujeres y hombres masewal (nahuas) del municipio de Ixhuatlacillo,\u2026","rel":"","context":"En &quot;CINTILLO&quot;","block_context":{"text":"CINTILLO","link":"https:\/\/www.grieta.org.mx\/index.php\/category\/cintillo\/"},"img":{"alt_text":"","src":"https:\/\/i0.wp.com\/www.grieta.org.mx\/wp-content\/uploads\/2018\/03\/14524434_1106112876131411_958039263622046936_o.jpg?resize=350%2C200&ssl=1","width":350,"height":200,"srcset":"https:\/\/i0.wp.com\/www.grieta.org.mx\/wp-content\/uploads\/2018\/03\/14524434_1106112876131411_958039263622046936_o.jpg?resize=350%2C200&ssl=1 1x, https:\/\/i0.wp.com\/www.grieta.org.mx\/wp-content\/uploads\/2018\/03\/14524434_1106112876131411_958039263622046936_o.jpg?resize=525%2C300&ssl=1 1.5x, https:\/\/i0.wp.com\/www.grieta.org.mx\/wp-content\/uploads\/2018\/03\/14524434_1106112876131411_958039263622046936_o.jpg?resize=700%2C400&ssl=1 2x"},"classes":[]},{"id":10579,"url":"https:\/\/www.grieta.org.mx\/index.php\/2016\/04\/07\/agrede-policia-municipal-de-orizaba-a-nahuas-en-veracruz\/","url_meta":{"origin":6429,"position":2},"title":"Agrede polic\u00eda municipal de Orizaba a nahuas en Veracruz","author":"grieta","date":"7 abril, 2016","format":false,"excerpt":"Heridos y detenidos de los que no se sabe su paraderos, entre los saldos del operativo de desalojo de vendedores ambulantes. El Centro de Derechos Humanos Toaltepeyolo denunci\u00f3 agresiones y detenciones contra mujeres y hombres nahuas que venden artesan\u00edas en las inmediaciones del mercado Melchor Ocampo en Orizaba, Veracruz, por\u2026","rel":"","context":"En &quot;CINTILLO&quot;","block_context":{"text":"CINTILLO","link":"https:\/\/www.grieta.org.mx\/index.php\/category\/cintillo\/"},"img":{"alt_text":"","src":"https:\/\/i0.wp.com\/www.grieta.org.mx\/wp-content\/uploads\/2018\/03\/14524434_1106112876131411_958039263622046936_o.jpg?resize=350%2C200&ssl=1","width":350,"height":200,"srcset":"https:\/\/i0.wp.com\/www.grieta.org.mx\/wp-content\/uploads\/2018\/03\/14524434_1106112876131411_958039263622046936_o.jpg?resize=350%2C200&ssl=1 1x, https:\/\/i0.wp.com\/www.grieta.org.mx\/wp-content\/uploads\/2018\/03\/14524434_1106112876131411_958039263622046936_o.jpg?resize=525%2C300&ssl=1 1.5x, https:\/\/i0.wp.com\/www.grieta.org.mx\/wp-content\/uploads\/2018\/03\/14524434_1106112876131411_958039263622046936_o.jpg?resize=700%2C400&ssl=1 2x"},"classes":[]},{"id":16671,"url":"https:\/\/www.grieta.org.mx\/index.php\/2016\/07\/12\/tras-atentado-contra-activista-renuncia-inspector-de-policia-de-orizaba-veracruz\/","url_meta":{"origin":6429,"position":3},"title":"Tras atentado contra activista, renuncia inspector de Polic\u00eda de Orizaba, Veracruz","author":"grieta","date":"12 julio, 2016","format":false,"excerpt":"Orizaba, Veracruz.- La tarde de este martes el ayuntamiento de Orizaba inform\u00f3 sobre la renuncia del capit\u00e1n Alfonso Zenteno P\u00e9rez al cargo de inspector de la Polic\u00eda Municipal de Orizaba, tras los hechos registrados la semana pasada en los que una mujer perdi\u00f3 la vida en el choque entre una\u2026","rel":"","context":"En &quot;CINTILLO&quot;","block_context":{"text":"CINTILLO","link":"https:\/\/www.grieta.org.mx\/index.php\/category\/cintillo\/"},"img":{"alt_text":"","src":"https:\/\/i0.wp.com\/www.grieta.org.mx\/wp-content\/uploads\/2018\/03\/14524434_1106112876131411_958039263622046936_o.jpg?resize=350%2C200&ssl=1","width":350,"height":200,"srcset":"https:\/\/i0.wp.com\/www.grieta.org.mx\/wp-content\/uploads\/2018\/03\/14524434_1106112876131411_958039263622046936_o.jpg?resize=350%2C200&ssl=1 1x, https:\/\/i0.wp.com\/www.grieta.org.mx\/wp-content\/uploads\/2018\/03\/14524434_1106112876131411_958039263622046936_o.jpg?resize=525%2C300&ssl=1 1.5x, https:\/\/i0.wp.com\/www.grieta.org.mx\/wp-content\/uploads\/2018\/03\/14524434_1106112876131411_958039263622046936_o.jpg?resize=700%2C400&ssl=1 2x"},"classes":[]},{"id":25692,"url":"https:\/\/www.grieta.org.mx\/index.php\/2018\/08\/05\/lucha-por-los-desaparecidos-en-orizaba-cordoba-veracruz\/","url_meta":{"origin":6429,"position":4},"title":"Lucha por los desaparecidos en Orizaba &#8211; C\u00f3rdoba, Veracruz","author":"grieta","date":"5 agosto, 2018","format":false,"excerpt":"CENCOS \/ Redacci\u00f3n","rel":"","context":"En &quot;CINTILLO&quot;","block_context":{"text":"CINTILLO","link":"https:\/\/www.grieta.org.mx\/index.php\/category\/cintillo\/"},"img":{"alt_text":"","src":"https:\/\/i0.wp.com\/www.grieta.org.mx\/wp-content\/uploads\/2018\/08\/WhatsApp-Image-2016-10-12-at-16.26.19.jpeg?resize=350%2C200&ssl=1","width":350,"height":200,"srcset":"https:\/\/i0.wp.com\/www.grieta.org.mx\/wp-content\/uploads\/2018\/08\/WhatsApp-Image-2016-10-12-at-16.26.19.jpeg?resize=350%2C200&ssl=1 1x, https:\/\/i0.wp.com\/www.grieta.org.mx\/wp-content\/uploads\/2018\/08\/WhatsApp-Image-2016-10-12-at-16.26.19.jpeg?resize=525%2C300&ssl=1 1.5x, https:\/\/i0.wp.com\/www.grieta.org.mx\/wp-content\/uploads\/2018\/08\/WhatsApp-Image-2016-10-12-at-16.26.19.jpeg?resize=700%2C400&ssl=1 2x, https:\/\/i0.wp.com\/www.grieta.org.mx\/wp-content\/uploads\/2018\/08\/WhatsApp-Image-2016-10-12-at-16.26.19.jpeg?resize=1050%2C600&ssl=1 3x"},"classes":[]},{"id":41017,"url":"https:\/\/www.grieta.org.mx\/index.php\/2019\/10\/20\/activistas-colocan-panuelo-verde-a-monumentos-de-orizaba-veracruz\/","url_meta":{"origin":6429,"position":5},"title":"Activistas colocan pa\u00f1uelo verde a monumentos de Orizaba (Veracruz)","author":"grieta","date":"20 octubre, 2019","format":false,"excerpt":"Redacci\u00f3n \/ La Silla Rota Un grupo de feministas se manifest\u00f3 con la llamada \"ola verde\" y coloc\u00f3 pa\u00f1uelos en las principales estatuas de Orizaba en apoyo a la interrupci\u00f3n legal del embarazo. Los activistas, miembros de diferentes colectivos, se reunieron alrededor de las 4:00 horas de este domingo para\u2026","rel":"","context":"En &quot;CINTILLO&quot;","block_context":{"text":"CINTILLO","link":"https:\/\/www.grieta.org.mx\/index.php\/category\/cintillo\/"},"img":{"alt_text":"","src":"https:\/\/i0.wp.com\/www.grieta.org.mx\/wp-content\/uploads\/2019\/11\/panueloverdeorilsr-focus-0-0-983-557.jpg?resize=350%2C200&ssl=1","width":350,"height":200,"srcset":"https:\/\/i0.wp.com\/www.grieta.org.mx\/wp-content\/uploads\/2019\/11\/panueloverdeorilsr-focus-0-0-983-557.jpg?resize=350%2C200&ssl=1 1x, https:\/\/i0.wp.com\/www.grieta.org.mx\/wp-content\/uploads\/2019\/11\/panueloverdeorilsr-focus-0-0-983-557.jpg?resize=525%2C300&ssl=1 1.5x, https:\/\/i0.wp.com\/www.grieta.org.mx\/wp-content\/uploads\/2019\/11\/panueloverdeorilsr-focus-0-0-983-557.jpg?resize=700%2C400&ssl=1 2x"},"classes":[]}],"_links":{"self":[{"href":"https:\/\/www.grieta.org.mx\/index.php\/wp-json\/wp\/v2\/posts\/6429","targetHints":{"allow":["GET"]}}],"collection":[{"href":"https:\/\/www.grieta.org.mx\/index.php\/wp-json\/wp\/v2\/posts"}],"about":[{"href":"https:\/\/www.grieta.org.mx\/index.php\/wp-json\/wp\/v2\/types\/post"}],"author":[{"embeddable":true,"href":"https:\/\/www.grieta.org.mx\/index.php\/wp-json\/wp\/v2\/users\/1"}],"replies":[{"embeddable":true,"href":"https:\/\/www.grieta.org.mx\/index.php\/wp-json\/wp\/v2\/comments?post=6429"}],"version-history":[{"count":1,"href":"https:\/\/www.grieta.org.mx\/index.php\/wp-json\/wp\/v2\/posts\/6429\/revisions"}],"predecessor-version":[{"id":6434,"href":"https:\/\/www.grieta.org.mx\/index.php\/wp-json\/wp\/v2\/posts\/6429\/revisions\/6434"}],"wp:featuredmedia":[{"embeddable":true,"href":"https:\/\/www.grieta.org.mx\/index.php\/wp-json\/wp\/v2\/media\/21928"}],"wp:attachment":[{"href":"https:\/\/www.grieta.org.mx\/index.php\/wp-json\/wp\/v2\/media?parent=6429"}],"wp:term":[{"taxonomy":"category","embeddable":true,"href":"https:\/\/www.grieta.org.mx\/index.php\/wp-json\/wp\/v2\/categories?post=6429"},{"taxonomy":"post_tag","embeddable":true,"href":"https:\/\/www.grieta.org.mx\/index.php\/wp-json\/wp\/v2\/tags?post=6429"}],"curies":[{"name":"wp","href":"https:\/\/api.w.org\/{rel}","templated":true}]}}