{"id":64265,"date":"2022-05-23T11:13:27","date_gmt":"2022-05-23T16:13:27","guid":{"rendered":"https:\/\/www.grieta.org.mx\/?p=64265"},"modified":"2022-05-25T11:33:52","modified_gmt":"2022-05-25T16:33:52","slug":"nuevos-bloqueos-por-instalacion-de-ductos-de-gas-natural-en-san-damian-yucatan","status":"publish","type":"post","link":"https:\/\/www.grieta.org.mx\/index.php\/2022\/05\/23\/nuevos-bloqueos-por-instalacion-de-ductos-de-gas-natural-en-san-damian-yucatan\/","title":{"rendered":"Nuevos bloqueos por instalaci\u00f3n de ductos de gas natural en San Dami\u00e1n (Yucat\u00e1n)"},"content":{"rendered":"<p>M\u00e9rida, Yucat\u00e1n; 23 de mayo de 2022 (ACOM).- Habitantes de la calle 13 por 48 y 46 de la colonia San Dami\u00e1n, al poniente de M\u00e9rida, cerraron la v\u00eda para externar su inconformidad contra la colocaci\u00f3n de gasoductos que representa un peligro.<\/p>\n<p>Afirman que por varios meses no hubo ning\u00fan trabajo de perforaci\u00f3n, hasta que este mes regresaron las maquinarias, al igual que sus temores.<\/p>\n<p>\u00abDejaron de venir hace como 3 meses y ahorita nos sorprendieron, llegan arbitrariamente a hacer sus perforaciones. La cuesti\u00f3n es que ellos no tienen supervisi\u00f3n de nadie para hacer sus trabajos, no conocen nuestro subsuelo. Nosotros tenemos varias cuevas y nuestra gran preocupaci\u00f3n es que eso pueda explotar\u00bb, se\u00f1al\u00f3 Celia Patricia Vel\u00e1zquez, una vecina afectada de este sector.<\/p>\n<p>Inform\u00f3 que las perforaciones generan un grave impedimento de acceso de los vecinos a sus viviendas, as\u00ed como ruido y otras afectaciones que causan estragos en personas adultas mayores que radican en este sector.<\/p>\n<p>Dijo que los afectados ya han interpuesto 3 amparos en contra de las labores de perforaci\u00f3n, aunque se\u00f1alan que esto no ha impedido que los trabajos contin\u00faen.<\/p>\n<p>De hecho, advirti\u00f3 que podr\u00edan estarse utilizando materiales contaminantes para facilitar la perforaci\u00f3n del suelo y as\u00ed colocar los tubos por donde pasar\u00eda el gas natural.<\/p>\n<p>\u00abUtilizan un polvo que no sabemos si contiene alg\u00fan qu\u00edmico y los derechos de ese lodo que extraen de lo que perforan, lo tiran en nuestros pozos pluviales que, se supone, deber\u00edan estar libres. Imag\u00ednese si vienen y nos llenan de lodo y qui\u00e9n sabe qu\u00e9 \u00e1cido, aparte de la contaminaci\u00f3n del ruido que generan\u00bb, mencion\u00f3 la entrevistada.<\/p>\n<p>Ante esto, los vecinos pidieron la intervenci\u00f3n de autoridades estatales y municipales en estas labores, pues afirman que hasta ahora ninguna instancia les ha ofrecido apoyo en su lucha.<\/p>\n<p><a href=\"https:\/\/reporteroshoy.mx\/noticias\/nuevos-bloqueos-por-instalacion-de-ductos-de-gas-natural-en-san-damian\/\" rel=\"noopener\" target=\"_blank\">https:\/\/reporteroshoy.mx\/noticias\/nuevos-bloqueos-por-instalacion-de-ductos-de-gas-natural-en-san-damian\/<\/a><\/p>\n","protected":false},"excerpt":{"rendered":"<p>M\u00e9rida, Yucat\u00e1n; 23 de mayo de 2022 (ACOM).- Habitantes de la calle 13 por 48 y 46 de la colonia San Dami\u00e1n, al poniente de M\u00e9rida, cerraron la v\u00eda para &hellip; <a href=\"https:\/\/www.grieta.org.mx\/index.php\/2022\/05\/23\/nuevos-bloqueos-por-instalacion-de-ductos-de-gas-natural-en-san-damian-yucatan\/\" class=\"more-link\">Leer m\u00e1s<\/a><\/p>\n","protected":false},"author":2,"featured_media":64266,"comment_status":"closed","ping_status":"closed","sticky":false,"template":"","format":"standard","meta":{"ngg_post_thumbnail":0,"_jetpack_newsletter_access":"","_jetpack_dont_email_post_to_subs":false,"_jetpack_newsletter_tier_id":0,"_jetpack_memberships_contains_paywalled_content":false,"_jetpack_memberships_contains_paid_content":false,"footnotes":""},"categories":[80,2943,2,36],"tags":[4074,350,3644],"class_list":["post-64265","post","type-post","status-publish","format-standard","has-post-thumbnail","hentry","category-cintillo","category-destruccion-y-contaminacion-ambiental-en-yucatan","category-noticias-nacionales","category-yucatan","tag-gas-natural","tag-gasoducto","tag-resistencia-contra-instalacion-de-gasoductos","entry"],"jetpack_featured_media_url":"https:\/\/www.grieta.org.mx\/wp-content\/uploads\/2022\/05\/Gasoducto-e1653496264325.png","jetpack_sharing_enabled":true,"jetpack_shortlink":"https:\/\/wp.me\/p7ZJR4-gIx","jetpack_likes_enabled":false,"jetpack-related-posts":[{"id":63487,"url":"https:\/\/www.grieta.org.mx\/index.php\/2022\/02\/21\/vecinos-de-san-damian-en-merida-se-manifiestan-nuevamente-contra-gasoducto-yucatan\/","url_meta":{"origin":64265,"position":0},"title":"Vecinos de San Dami\u00e1n, en M\u00e9rida, se manifiestan nuevamente contra gasoducto (Yucat\u00e1n)","author":"grieta","date":"21 febrero, 2022","format":false,"excerpt":"Itzel Chan \/ Noticaribe M\u00c9RIDA, MX.- Habitantes de la colonia San Dami\u00e1n, en M\u00e9rida, salieron a las calles una vez m\u00e1s para manifestarse y exponer su rechazo hacia el proyecto de gasoductos que pasar\u00eda por sus casas y en esta ocasi\u00f3n pidieron la intervenci\u00f3n del Juez Segundo de Distrito para\u2026","rel":"","context":"En &quot;CINTILLO&quot;","block_context":{"text":"CINTILLO","link":"https:\/\/www.grieta.org.mx\/index.php\/category\/cintillo\/"},"img":{"alt_text":"","src":"https:\/\/i0.wp.com\/www.grieta.org.mx\/wp-content\/uploads\/2022\/02\/NoAlGasoducto-1.png?resize=350%2C200&ssl=1","width":350,"height":200,"srcset":"https:\/\/i0.wp.com\/www.grieta.org.mx\/wp-content\/uploads\/2022\/02\/NoAlGasoducto-1.png?resize=350%2C200&ssl=1 1x, https:\/\/i0.wp.com\/www.grieta.org.mx\/wp-content\/uploads\/2022\/02\/NoAlGasoducto-1.png?resize=525%2C300&ssl=1 1.5x"},"classes":[]},{"id":62753,"url":"https:\/\/www.grieta.org.mx\/index.php\/2021\/11\/27\/temen-que-explote-el-gasoducto-y-salen-a-protestar-yucatan\/","url_meta":{"origin":64265,"position":1},"title":"Temen que explote el gasoducto y salen a protestar (Yucat\u00e1n)","author":"grieta","date":"27 noviembre, 2021","format":false,"excerpt":"Herbeth Escalante \/ Haz Ruido Vecinas y vecinos de San Dami\u00e1n y Pensiones manifestaron su indignaci\u00f3n porque de la noche a la ma\u00f1ana la empresa Engie inici\u00f3 la instalaci\u00f3n subterr\u00e1nea del ducto de gas natural, sin consultarles y vulnerando sus derechos. M\u00e9rida, Yucat\u00e1n, 27 de noviembre de 2021.- Vecinas y\u2026","rel":"","context":"En &quot;CINTILLO&quot;","block_context":{"text":"CINTILLO","link":"https:\/\/www.grieta.org.mx\/index.php\/category\/cintillo\/"},"img":{"alt_text":"","src":"https:\/\/i0.wp.com\/www.grieta.org.mx\/wp-content\/uploads\/2021\/12\/NoAlGasoducto-e1638464272760.png?resize=350%2C200&ssl=1","width":350,"height":200,"srcset":"https:\/\/i0.wp.com\/www.grieta.org.mx\/wp-content\/uploads\/2021\/12\/NoAlGasoducto-e1638464272760.png?resize=350%2C200&ssl=1 1x, https:\/\/i0.wp.com\/www.grieta.org.mx\/wp-content\/uploads\/2021\/12\/NoAlGasoducto-e1638464272760.png?resize=525%2C300&ssl=1 1.5x, https:\/\/i0.wp.com\/www.grieta.org.mx\/wp-content\/uploads\/2021\/12\/NoAlGasoducto-e1638464272760.png?resize=700%2C400&ssl=1 2x"},"classes":[]},{"id":63320,"url":"https:\/\/www.grieta.org.mx\/index.php\/2022\/02\/03\/vecinos-contra-gasoducto-no-quieren-vivir-sobre-un-peligro-constante-yucatan\/","url_meta":{"origin":64265,"position":2},"title":"Vecinos contra gasoducto: No quieren vivir sobre un peligro constante (Yucat\u00e1n)","author":"grieta","date":"3 febrero, 2022","format":false,"excerpt":"Paloma Reyes \/ Haz Ruido Las y los habitantes de San Dami\u00e1n volvieron a protestar y recordaron que el gasoducto se est\u00e1 construyendo en una zona de cuevas. M\u00e9rida, Yucat\u00e1n, 3 de febrero de 2022.-De nueva cuenta, las vecinas y los vecinos que integran la organizaci\u00f3n Defensores de San Dami\u00e1n\u2026","rel":"","context":"En &quot;CINTILLO&quot;","block_context":{"text":"CINTILLO","link":"https:\/\/www.grieta.org.mx\/index.php\/category\/cintillo\/"},"img":{"alt_text":"","src":"https:\/\/i0.wp.com\/www.grieta.org.mx\/wp-content\/uploads\/2022\/02\/NoAlGasoducto-e1644318793183.png?resize=350%2C200&ssl=1","width":350,"height":200,"srcset":"https:\/\/i0.wp.com\/www.grieta.org.mx\/wp-content\/uploads\/2022\/02\/NoAlGasoducto-e1644318793183.png?resize=350%2C200&ssl=1 1x, https:\/\/i0.wp.com\/www.grieta.org.mx\/wp-content\/uploads\/2022\/02\/NoAlGasoducto-e1644318793183.png?resize=525%2C300&ssl=1 1.5x, https:\/\/i0.wp.com\/www.grieta.org.mx\/wp-content\/uploads\/2022\/02\/NoAlGasoducto-e1644318793183.png?resize=700%2C400&ssl=1 2x"},"classes":[]},{"id":63964,"url":"https:\/\/www.grieta.org.mx\/index.php\/2022\/04\/07\/queman-llantas-en-protesta-contra-apagones-del-sur-de-merida-yucatan\/","url_meta":{"origin":64265,"position":3},"title":"Queman llantas en protesta contra apagones del sur de M\u00e9rida (Yucat\u00e1n)","author":"grieta","date":"7 abril, 2022","format":false,"excerpt":"Herbeth Escalante \/ Haz Ruido Vecinas y vecinos de San Antonio Xluch est\u00e1n hartos de quedarse sin energ\u00eda el\u00e9ctrica durante horas en esta \u00e9poca de calor. M\u00e9rida, Yucat\u00e1n, 7 de abril de 2022.- Anoche, vecinas y vecinos de la colonia San Antonio Xluch protestaron en contra de los apagones de\u2026","rel":"","context":"En &quot;CINTILLO&quot;","block_context":{"text":"CINTILLO","link":"https:\/\/www.grieta.org.mx\/index.php\/category\/cintillo\/"},"img":{"alt_text":"","src":"https:\/\/i0.wp.com\/www.grieta.org.mx\/wp-content\/uploads\/2022\/04\/Apagones-e1649692830589.png?resize=350%2C200&ssl=1","width":350,"height":200,"srcset":"https:\/\/i0.wp.com\/www.grieta.org.mx\/wp-content\/uploads\/2022\/04\/Apagones-e1649692830589.png?resize=350%2C200&ssl=1 1x, https:\/\/i0.wp.com\/www.grieta.org.mx\/wp-content\/uploads\/2022\/04\/Apagones-e1649692830589.png?resize=525%2C300&ssl=1 1.5x, https:\/\/i0.wp.com\/www.grieta.org.mx\/wp-content\/uploads\/2022\/04\/Apagones-e1649692830589.png?resize=700%2C400&ssl=1 2x"},"classes":[]},{"id":71234,"url":"https:\/\/www.grieta.org.mx\/index.php\/2025\/03\/08\/yucatan-gobierno-de-huacho-reprime-a-mujeres-manifestantes-les-avientan-gas-lacrimogeno\/","url_meta":{"origin":64265,"position":4},"title":"Yucat\u00e1n | Gobierno de &#8216;Huacho&#8217; reprime a mujeres manifestantes; les avientan gas lacrim\u00f3geno","author":"grieta","date":"8 marzo, 2025","format":false,"excerpt":"Itzel Chan M\u00c9RIDA, MX.- Elementos de la Secretar\u00eda de Seguridad P\u00fablica (SSP) Yucat\u00e1n, \u201creprimieron\u201d a la manifestantes en el D\u00eda Internacional de la Mujer, pues les aventaron gas lacrim\u00f3geno para detener la protesta. Mientras las mujeres salieron a manifestarse para pedir un alto a la violaci\u00f3n de sus derechos humanos,\u2026","rel":"","context":"En &quot;CINTILLO&quot;","block_context":{"text":"CINTILLO","link":"https:\/\/www.grieta.org.mx\/index.php\/category\/cintillo\/"},"img":{"alt_text":"","src":"https:\/\/i0.wp.com\/www.grieta.org.mx\/wp-content\/uploads\/2025\/03\/8MMerida.jpg?resize=350%2C200&ssl=1","width":350,"height":200,"srcset":"https:\/\/i0.wp.com\/www.grieta.org.mx\/wp-content\/uploads\/2025\/03\/8MMerida.jpg?resize=350%2C200&ssl=1 1x, https:\/\/i0.wp.com\/www.grieta.org.mx\/wp-content\/uploads\/2025\/03\/8MMerida.jpg?resize=525%2C300&ssl=1 1.5x, https:\/\/i0.wp.com\/www.grieta.org.mx\/wp-content\/uploads\/2025\/03\/8MMerida.jpg?resize=700%2C400&ssl=1 2x"},"classes":[]},{"id":53747,"url":"https:\/\/www.grieta.org.mx\/index.php\/2020\/09\/22\/queremos-trabajar-vendedores-piden-fin-al-acoso-de-autoridades-en-merida\/","url_meta":{"origin":64265,"position":5},"title":"&#8216;\u00a1Queremos trabajar!&#8217;, vendedores piden fin al acoso de autoridades en M\u00e9rida","author":"grieta","date":"22 septiembre, 2020","format":false,"excerpt":"La Verdad Tras quejas por la implementaci\u00f3n de restricciones a los accesos y aforo en el mercado San Benito, as\u00ed como se\u00f1alamientos de presunto hostigamiento por parte de polic\u00edas e inspectores, locatarios y vendedores ambulantes del centro de abasto se manifestaron con el grito de \u2018\u00a1Queremos trabajar!\u2019 tras los dif\u00edciles\u2026","rel":"","context":"En &quot;Abuso Autoridades en Yucat\u00e1n&quot;","block_context":{"text":"Abuso Autoridades en Yucat\u00e1n","link":"https:\/\/www.grieta.org.mx\/index.php\/category\/noticias-nacionales\/yucatan\/abuso-autoridades-en-yucatan\/"},"img":{"alt_text":"","src":"https:\/\/i0.wp.com\/www.grieta.org.mx\/wp-content\/uploads\/2020\/09\/QueremosTrabajar.png?resize=350%2C200&ssl=1","width":350,"height":200,"srcset":"https:\/\/i0.wp.com\/www.grieta.org.mx\/wp-content\/uploads\/2020\/09\/QueremosTrabajar.png?resize=350%2C200&ssl=1 1x, https:\/\/i0.wp.com\/www.grieta.org.mx\/wp-content\/uploads\/2020\/09\/QueremosTrabajar.png?resize=525%2C300&ssl=1 1.5x"},"classes":[]}],"_links":{"self":[{"href":"https:\/\/www.grieta.org.mx\/index.php\/wp-json\/wp\/v2\/posts\/64265","targetHints":{"allow":["GET"]}}],"collection":[{"href":"https:\/\/www.grieta.org.mx\/index.php\/wp-json\/wp\/v2\/posts"}],"about":[{"href":"https:\/\/www.grieta.org.mx\/index.php\/wp-json\/wp\/v2\/types\/post"}],"author":[{"embeddable":true,"href":"https:\/\/www.grieta.org.mx\/index.php\/wp-json\/wp\/v2\/users\/2"}],"replies":[{"embeddable":true,"href":"https:\/\/www.grieta.org.mx\/index.php\/wp-json\/wp\/v2\/comments?post=64265"}],"version-history":[{"count":1,"href":"https:\/\/www.grieta.org.mx\/index.php\/wp-json\/wp\/v2\/posts\/64265\/revisions"}],"predecessor-version":[{"id":64267,"href":"https:\/\/www.grieta.org.mx\/index.php\/wp-json\/wp\/v2\/posts\/64265\/revisions\/64267"}],"wp:featuredmedia":[{"embeddable":true,"href":"https:\/\/www.grieta.org.mx\/index.php\/wp-json\/wp\/v2\/media\/64266"}],"wp:attachment":[{"href":"https:\/\/www.grieta.org.mx\/index.php\/wp-json\/wp\/v2\/media?parent=64265"}],"wp:term":[{"taxonomy":"category","embeddable":true,"href":"https:\/\/www.grieta.org.mx\/index.php\/wp-json\/wp\/v2\/categories?post=64265"},{"taxonomy":"post_tag","embeddable":true,"href":"https:\/\/www.grieta.org.mx\/index.php\/wp-json\/wp\/v2\/tags?post=64265"}],"curies":[{"name":"wp","href":"https:\/\/api.w.org\/{rel}","templated":true}]}}