{"id":64262,"date":"2021-04-27T10:33:33","date_gmt":"2021-04-27T15:33:33","guid":{"rendered":"https:\/\/www.grieta.org.mx\/?p=64262"},"modified":"2022-05-25T11:12:03","modified_gmt":"2022-05-25T16:12:03","slug":"seis-ninos-contra-49-000-cerdos-yucatan","status":"publish","type":"post","link":"https:\/\/www.grieta.org.mx\/index.php\/2021\/04\/27\/seis-ninos-contra-49-000-cerdos-yucatan\/","title":{"rendered":"Seis ni\u00f1os contra 49.000 cerdos (Yucat\u00e1n)"},"content":{"rendered":"<p>Karla Casillas \/ Fotograf\u00eda: Felipe Luna  \/ El Pa\u00eds<\/p>\n<p>Cuando era ni\u00f1a, Maribel Ek Can descend\u00eda con su padre y su hermano peque\u00f1o a las profundidades de una caverna para recoger agua del cenote de Santa Mar\u00eda, en el municipio de Hom\u00fan, en Yucat\u00e1n. En medio de la oscuridad, apenas rota por la luz de una vela, ve\u00eda fascinada unas formas en las rocas que le parec\u00edan serpientes petrificadas con sus escamas bien definidas. \u201cNo las toquen ni las lastimen porque ellas tienen vida, y en alg\u00fan momento se van a despertar. Est\u00e1n encantadas\u201d, les advert\u00eda su padre. Ahora, a sus 43 a\u00f1os, vive a unos 15 metros del cenote. Para ella y sus vecinos sigue siendo un centro en sus vidas: agua para beber, agua para limpiarse, agua para lavar, agua como reclamo del ecoturismo. Lo que ha cambiado en la comunidad es que con ocho a\u00f1os ella cre\u00eda en serpientes dormidas de piedra, hoy los animales que ocupan los pensamientos de los ni\u00f1os son 49.000 cerdos.<\/p>\n<p>La entrada a la gruta de Santa Mar\u00eda est\u00e1 presidida por un enorme \u00e1lamo, una se\u00f1al divina para los mayas de la posible presencia de un cenote. Con el paso de los a\u00f1os, Maribel Ek Can se convirti\u00f3 en gu\u00eda y, en uno de sus descensos, un grupo de bi\u00f3logos le ense\u00f1aron los nombres y procesos cient\u00edficos de ese lugar m\u00e1gico de su infancia. \u201cMe maravill\u00e9 de saber que los dos sab\u00edamos lo mismo, pero cada uno ten\u00eda su forma de nombrarlo\u201d, recuerda. Poco a poco, descubri\u00f3 que su cenote, una presencia enorme para ella, era solo uno de los cerca de 1.200 que forman el llamado Anillo de los Cenotes de Yucat\u00e1n, apenas un diminuto punto azul en el mapa de un ecosistema interconectado del que depend\u00edan miles de personas m\u00e1s.<\/p>\n<p>El anillo est\u00e1 desde 2009 en la lista Ramsar de humedales de importancia mundial, un convenio firmado en 1971 por M\u00e9xico y de cumplimiento obligatorio para el Estado. En 2013 fue decretado A\u0301rea Natural Protegida por el Gobierno estatal, lo que significa que est\u00e1 prohibida cualquier actividad \u201cno compatible\u201d con este ecosistema. Pero en octubre de 2016, Enrique Echeverr\u00eda Chan, entonces presidente municipal de Hom\u00fan, le concedi\u00f3 a la empresa Producci\u00f3n Alimentaria Porc\u00edcola (PAPO) una licencia de uso de suelo para instalar una mega granja en la zona.<\/p>\n<p>La Constituci\u00f3n y el Convenio 169 de la Organizaci\u00f3n Internacional del Trabajo protegen el derecho de los pueblos originarios a su \u201cautonom\u00eda y libre determinaci\u00f3n\u201d sobre temas de conservaci\u00f3n de su h\u00e1bitat a trav\u00e9s de consultas. Varios habitantes, sin embargo, recuerdan que solo se enteraron de la existencia de la granja cuando en junio de 2017 vieron las obras ya avanzadas que convertir\u00edan 113 hect\u00e1reas de selva \u2014unos 160 campos de f\u00fatbol\u2014 en varias naves de concreto para albergar miles de cerdos.<\/p>\n<p>La comunidad de Hom\u00fan enfureci\u00f3. Jos\u00e9 Clemente May, secretario de la agrupaci\u00f3n Ka\u2019anan Ts\u2019onot (Guardianes de los Cenotes), recuerda que algunos habitantes llegaron a amenazar con quemar la casa de Echeverr\u00eda Chan. El 29 de junio de 2017 en una reuni\u00f3n del cabildo se resolvi\u00f3 por \u201cunanimidad\u201d \u2014de acuerdo con el acta\u2014 revocar y \u201cdejar sin efecto legal las autorizaciones y\/o licencias otorgadas a la empresa PAPO\u201d. Aquel primer acto de resistencia fracas\u00f3, explica el abogado ambientalista Raziel Villegas, porque solo un juez puede revocar las decisiones de una autoridad.<\/p>\n<p>\u201cLa granja se comenz\u00f3 a construir con base en todo tipo de irregularidades y violaciones a la ley\u201d, dice Villegas. \u201cDonde PAPO puso la granja es una selva mediana (hab\u00eda \u00e1rboles de 10 metros), y eso lo tendr\u00eda que haber autorizado el Gobierno federal [no el municipal] a trav\u00e9s de la Secretar\u00eda del Medio Ambiente y Recursos Naturales. Para ello, tendr\u00eda que haber comprobado que no se iba a poner en riesgo la biodiversidad, contaminar el agua y, sobre todo, asegurar que el nuevo uso de suelo va a ser igual o mejor que si siguiera siendo forestal\u201d, explica.<\/p>\n<p>En los meses que continuaron a la tensa asamblea, la comunidad de Hom\u00fan elev\u00f3 sus quejas a las autoridades estatales y federales. Seg\u00fan los documentos en posesi\u00f3n de esta reportera, la Procuradur\u00eda Federal de Protecci\u00f3n al Ambiente (PROFEPA) hizo una inspecci\u00f3n para revisar el cumplimiento de la Ley General del Equilibrio Ecol\u00f3gico y Protecci\u00f3n al Ambiente, con la granja ya casi construida. En su dictamen se\u00f1al\u00f3 que no pod\u00eda determinar si se trataba de un \u00e1rea forestal o una zona \u00e1rida. Los datos oficiales del Instituto Nacional Forestal, sin embargo, se\u00f1alaban que esa zona era una selva mediana. La entonces Secretar\u00eda de Desarrollo Urbano y Medio Ambiente (Seduma) dio su visto bueno a la Manifestaci\u00f3n de Impacto Ambiental, con la obligaci\u00f3n de que la empresa pusiera una planta de tratamiento de aguas residuales, una obra que nunca acab\u00f3 de construirse.<\/p>\n<p>La granja empez\u00f3 a operar en agosto de 2018, unos cinco a\u00f1os despu\u00e9s de que se declarara \u00e1rea natural protegida, y miles de lechones llegaron a Hom\u00fan. \u201cEn todo ganaban ellos (los empresarios)\u201d, dice Maribel Ek Can, resignada, en el soportal de su casa de paredes amarillo p\u00e1lido, donde vive con sus cinco ni\u00f1as y un hijo adolescente. \u201cPero despu\u00e9s\u2026 \u00a1las cartas de los ni\u00f1os ganaron!\u201d.<br \/>\nLa contaminaci\u00f3n de la mayor reserva de agua<\/p>\n<p>Hace solo un par de d\u00e9cadas los cient\u00edficos hablaban de unos 300 cenotes que recorr\u00edan el subsuelo de la pen\u00ednsula de Yucat\u00e1n (compuesta por los Estados de Yucat\u00e1n, Quintana Roo y Campeche). La cifra, seg\u00fan Guillermo de Anda, que preside las investigaciones del Gran Acu\u00edfero Maya, puede llegar hasta los 10.000. Estos conjuntos interconectados de aguas cristalinas subterr\u00e1neas, que en la cosmovisi\u00f3n maya eran la entrada al inframundo, forman parte de la mayor reserva de agua de M\u00e9xico.<\/p>\n<p>La industria porc\u00edcola necesita una gran cantidad de agua, y Yucat\u00e1n se ha convertido en uno de sus destinos predilectos: de 2006 a 2018 la producci\u00f3n porcina de la pen\u00ednsula aument\u00f3 un 36%. Seg\u00fan un estudio de Greenpeace, publicado en 2020, hay 257 granjas porc\u00edcolas en la pen\u00ednsula que han causado \u201cdeforestaci\u00f3n, da\u00f1o al suelo, contaminaci\u00f3n a acu\u00edferos, malos olores, despojo y afectaci\u00f3n al ecoturismo de los cenotes\u201d. De estas, 43 est\u00e1n en \u00c1reas Naturales Protegidas y solo 22 cuentan con el permiso de impacto ambiental.<\/p>\n<p>\u201cNo es un proyecto deseable\u201d, dice sobre la granja en Hom\u00fan la arque\u00f3loga y maestra en oceanograf\u00eda Ana Celis, que investiga el comportamiento f\u00edsico y qu\u00edmico de unos cenotes que representan el 70% del agua que utilizan los habitantes de la Pen\u00ednsula de Yucat\u00e1n. Celis explica que estas industrias filtran una gran cantidad de desechos al subsuelo, que acaban en el agua, la hacen incompatible para el consumo humano e implica riesgos para la salud. Adem\u00e1s, generan una alta presencia de nutrientes que provocan una sobreproducci\u00f3n de algas en los cenotes. \u201cEl agua ya no va a ser cristalina y tampoco \u00fatil, porque ya se alter\u00f3 ese equilibrio\u201d.<\/p>\n<p>Cuando la granja abri\u00f3, recuerdan la decena de cenoteros entrevistados, un olor insoportable se apropi\u00f3 del aire del pueblo y las aguas negras que acarrean excremento, orina y los componentes qu\u00edmicos que se usan para ba\u00f1ar a los cerdos permearon el suelo. Despu\u00e9s de sus fracasos con las autoridades, en octubre de 2018 la comunidad apel\u00f3 a la conciencia ambiental de los empresarios. Un ni\u00f1o escribi\u00f3 una carta dirigida a la empresa Kek\u00e9n (cerdo en maya). PAPO trabaja bajo un modelo de aparcer\u00eda: cr\u00edan y engordan a los cerdos para despu\u00e9s entregarlos a Kek\u00e9n, presidida por el empresario Claudio Freixes, una de las mayores productoras de carne en M\u00e9xico y la mayor empresa de la industria porc\u00edcola de Yucat\u00e1n, que exporta a pa\u00edses como Jap\u00f3n, Corea del Sur, China, Estados Unidos y Canad\u00e1.<\/p>\n<p>Kek\u00e9n no quiso conceder una entrevista a esta reportera. En su lugar envi\u00f3 un comunicado en el que dec\u00eda que la propiedad de la granja era de PAPO y que su relaci\u00f3n comercial se inici\u00f3 cuando esta empresa hab\u00eda acreditado toda la documentaci\u00f3n ante las autoridades, \u201cal revocarse los permisos, el contrato con el particular qued\u00f3 sin efectos\u201d. Por su parte, Enrique Ortiz, representante legal de PAPO, se neg\u00f3 a dar una postura, argumentando que hay un juicio en marcha.<\/p>\n<p>\u201cSe\u00f1ores de Kek\u00e9n: pido encarecidamente que retiren sus cerdos de Hom\u00fan porque no quiero que mi pueblo se contamine con los desechos de sus cerdos\u2026 tambi\u00e9n me gustar\u00eda que mi pueblo se mantenga con sus cenotes bonitos y limpios, y no quisiera que m\u00e1s adelante me enferme porque sus cerdos ya hayan contaminado el aire que respiro y el agua\u201d.<\/p>\n<p>Kek\u00e9n nunca respondi\u00f3 a esta carta escrita por uno de los ni\u00f1os de Hom\u00fan. Pero ese gesto infantil, aparentemente inocente, se convertir\u00eda en un arma legal para la comunidad. Si las denuncias a las autoridades sobre las violaciones a las leyes ambientales no frenaban la granja, quiz\u00e1s lo har\u00eda en los tribunales el inminente desastre ambiental que violaba sus derechos m\u00e1s b\u00e1sicos.<br \/>\nUn triunfo infantil<\/p>\n<p>El 28 de septiembre de 2018, seis ni\u00f1os de Hom\u00fan \u2014a trav\u00e9s de sus madres\u2014 interpusieron una demanda de amparo ante un juzgado de Yucat\u00e1n para frenar las operaciones de la granja. Apoyados por la ONG Indignaci\u00f3n, demandaron por ser \u201comisos\u201d en el cumplimento de la ley al Gobierno de Yucat\u00e1n (presidido en ese entonces por Rolando Zapata); a la Secretar\u00eda de Desarrollo Urbano y Medio Ambiente estatal, a cargo de Batllori Sampedro, quien hab\u00eda firmado unos a\u00f1os antes el decreto para declarar el Anillo de Cenotes \u00e1rea protegida; y a Enrique Echeverr\u00eda Chan, el presidente municipal que concedi\u00f3 el permiso a PAPO. En el documento se inclu\u00edan las cartas escritas por los seis ni\u00f1os, dirigidas a la jueza de distrito Miriam de Jes\u00fas C\u00e1mara Patr\u00f3n.<\/p>\n<p>\u201cEn Homu\u0301n habitamos aproximadamente 2.600 menores de edad, quienes estudiamos. En nuestros ratos libres acompa\u00f1amos a los turistas que llegan a nuestro pueblo a conocer los cenotes. El agua de los cenotes la ocupamos para diversas actividades, la m\u00e1s importante es para tomar, tambi\u00e9n la ocupamos para ba\u00f1arnos, lavar ropa y para lavar trastes\u201d, se lee en una de ellas.<\/p>\n<p>El mensaje de los ni\u00f1os era que la granja transgrede su derecho a un medioambiente sano, a una vida digna, a su derecho al agua, al desarrollo, y a su autonom\u00eda como integrantes de un pueblo ind\u00edgena maya. La jueza C\u00e1mara Patr\u00f3n les dio la raz\u00f3n y la granja, solo dos meses despu\u00e9s de empezar actividades, detuvo sus operaciones hasta hoy.<\/p>\n<p>La sentencia de la jueza se basa en el principio precautorio; no esperar a que las \u201ccat\u00e1strofes ambientales\u201d sucedan, cuando ya los da\u00f1os sean irreversibles. \u201cLa granja podr\u00eda poner en peligro la pureza o utilidad del agua en la regi\u00f3n, pues es sabido que establecimientos de ese tipo generan un fuerte impacto ambiental, tanto, que existen diversos ordenamientos dise\u00f1ados para que dicho impacto no alcance proporciones catastr\u00f3ficas para los habitantes\u201d, se lee en el documento. \u201cEl no atender al principio precautorio estipulado en diversos tratados y convenios internacionales, podr\u00eda generar responsabilidad al Estado mexicano ante los Tribunales Internacionales\u201d.<\/p>\n<p>La sentencia tambi\u00e9n se\u00f1ala que la granja significaba \u201cun riesgo inminente de afectaci\u00f3n al medio ambiente y desequilibrio ecol\u00f3gico grave, cuyas consecuencias ser\u00edan de muy dif\u00edcil reparaci\u00f3n, dado que una gesti\u00f3n inadecuada de las aguas residuales y de la contaminaci\u00f3n s\u00f3lo se hace patente a largo plazo (\u2026) y la absorci\u00f3n en el manto fre\u00e1tico de aguas residuales no tratadas pone en riesgo no s\u00f3lo la zona en cuesti\u00f3n, sino el acu\u00edfero de la Pen\u00ednsula\u201d.<\/p>\n<p>Eduardo Batllori, secretario de medioambiente de Yucat\u00e1n de 2007 a 2019, dice en una entrevista que est\u00e1 a favor del principio precautorio, pero que defiende su actuar en el caso de la granja de Hom\u00fan. Dice que cuando el presidente municipal dio la licencia de uso de suelo a la granja \u00e9l no ten\u00eda autoridad para revocarlo porque el decreto \u201cno proh\u00edbe expresamente la industria porc\u00edcola\u201d, aunque s\u00ed una actividad potencialmente contaminante en la reserva. \u201cEsta industria es contaminante, pero hay much\u00edsimas otras actividades que tambi\u00e9n lo son, empezando porque el 70% de las casas ni siquiera tienen fosas s\u00e9pticas; entonces de aplicarles la ley tendr\u00edamos que estar clausurando todas las casas\u201d. El exfuncionario asegura que fue \u00e9l mismo quien les exigi\u00f3 el sistema de tratamiento de aguas residuales: \u201cYo te puedo decir que esa granja tiene el sistema de tratamiento m\u00e1s avanzado que pudi\u00e9ramos tener a nivel nacional, pero nunca pudo funcionar para mostrar sus bondades. Lamentablemente se perdi\u00f3 esa oportunidad\u201d.<\/p>\n<p>\u2014Pero la granja ya estaba funcionando, y el sistema no se hab\u00eda acabado de construir\u2014, se le replica.<\/p>\n<p>\u2014Ya estaba acabada\u2014, responde Batllori en una llamada, y explica que el biodigestor a\u00fan no se hab\u00eda llenado y por tanto no le hab\u00edan puesto la tapa. \u2014Bueno, adem\u00e1s hab\u00eda por ah\u00ed un tubo que no estaba terminado de conectar.<\/p>\n<p>El amparo del caso tiene que ser calificado por la Suprema Corte de Justicia, una decisi\u00f3n que seguramente se producir\u00e1 en junio, seg\u00fan c\u00e1lculos de Lourdes Medina, la abogada de Indignaci\u00f3n que lleva la defensa de Hom\u00fan. \u201cSer\u00eda la primera vez que la Suprema Corte se pronuncia sobre la aplicaci\u00f3n del principio precautorio, algo hist\u00f3rico a nivel nacional\u201d. Esto, explica, cambiar\u00eda el modelo para aplicar la ley, y frenar\u00eda m\u00e1s proyectos potencialmente contaminantes, por lo que muchas otras comunidades podr\u00edan seguir el ejemplo.<\/p>\n<p>La resistencia de Hom\u00fan podr\u00eda seguir la l\u00f3gica interconectada de los 10.000 cenotes que ba\u00f1an el subsuelo de Yucat\u00e1n. \u201cNo se puede contaminar un cenote sin contaminar el resto\u201d, dice el abogado ambientalista Raziel Villegas. Del mismo modo salvar uno podr\u00eda salvar el resto. Maribel Ek Can, al lado del cenote de Santa Mar\u00eda, lo explica as\u00ed: \u201cAc\u00e1 no estamos defendiendo un solo cenote, ni siquiera varios. Dime, \u00bfd\u00f3nde se compran los kilos de aire? \u00bfC\u00f3mo se fabrica el agua?\u201d.<\/p>\n<p><a href=\"https:\/\/elpais.com\/mexico\/2021-04-27\/seis-ninos-contra-49000-cerdos.html\" rel=\"noopener\" target=\"_blank\">https:\/\/elpais.com\/mexico\/2021-04-27\/seis-ninos-contra-49000-cerdos.html<\/a><\/p>\n","protected":false},"excerpt":{"rendered":"<p>Karla Casillas \/ Fotograf\u00eda: Felipe Luna \/ El Pa\u00eds Cuando era ni\u00f1a, Maribel Ek Can descend\u00eda con su padre y su hermano peque\u00f1o a las profundidades de una caverna para &hellip; <a href=\"https:\/\/www.grieta.org.mx\/index.php\/2021\/04\/27\/seis-ninos-contra-49-000-cerdos-yucatan\/\" class=\"more-link\">Leer m\u00e1s<\/a><\/p>\n","protected":false},"author":2,"featured_media":64263,"comment_status":"closed","ping_status":"closed","sticky":false,"template":"","format":"standard","meta":{"ngg_post_thumbnail":0,"_jetpack_newsletter_access":"","_jetpack_dont_email_post_to_subs":false,"_jetpack_newsletter_tier_id":0,"_jetpack_memberships_contains_paywalled_content":false,"_jetpack_memberships_contains_paid_content":false,"footnotes":""},"categories":[60,42,80,2943,984,1,954,1020,1023,3,922,952,2,36],"tags":[3820,91,2177,1022,1021,3785],"class_list":["post-64262","post","type-post","status-publish","format-standard","has-post-thumbnail","hentry","category-16-pueblo-maya","category-agroindustria","category-cintillo","category-destruccion-y-contaminacion-ambiental-en-yucatan","category-esp-yucatan","category-espejos-de-la-resistencia","category-espejos-estados","category-granja-porcicola","category-lucha-contra-granja-porcicola","category-megaproyectos","category-megaproyectos-estados","category-mp-yucatan","category-noticias-nacionales","category-yucatan","tag-amparos","tag-contaminacion-ambiental","tag-contaminacion-de-acuiferos","tag-granja-porcicola","tag-homun","tag-megagranja","entry"],"jetpack_featured_media_url":"https:\/\/www.grieta.org.mx\/wp-content\/uploads\/2022\/05\/Cenote-e1653494846202.png","jetpack_sharing_enabled":true,"jetpack_shortlink":"https:\/\/wp.me\/p7ZJR4-gIu","jetpack_likes_enabled":false,"jetpack-related-posts":[{"id":63923,"url":"https:\/\/www.grieta.org.mx\/index.php\/2022\/04\/07\/amenazan-a-infancia-que-defiende-los-cenotes-en-homun-yucatan\/","url_meta":{"origin":64262,"position":0},"title":"Amenazan a infancia que defiende los cenotes en Hom\u00fan (Yucat\u00e1n)","author":"grieta","date":"7 abril, 2022","format":false,"excerpt":"Sare Frabes \/ Avispa Midia Este mi\u00e9rcoles (6) fue amenazada una de las representantes de las ni\u00f1as y ni\u00f1os de Hom\u00fan, quienes presentaron un amparo contra la mega granja porc\u00edcola de la empresa Producci\u00f3n Alimentaria y Porc\u00edcola (PAPO), aparcera de Kek\u00e9n. As\u00ed lo denuncio el Equipo Indignaci\u00f3n, quien destac\u00f3 que\u2026","rel":"","context":"En &quot;16. Pueblo Maya&quot;","block_context":{"text":"16. Pueblo Maya","link":"https:\/\/www.grieta.org.mx\/index.php\/category\/espejos-de-la-resistencia\/16-pueblo-maya\/"},"img":{"alt_text":"","src":"https:\/\/i0.wp.com\/www.grieta.org.mx\/wp-content\/uploads\/2022\/04\/AmenazanInfanciaHomun-e1649351378993.png?resize=350%2C200&ssl=1","width":350,"height":200,"srcset":"https:\/\/i0.wp.com\/www.grieta.org.mx\/wp-content\/uploads\/2022\/04\/AmenazanInfanciaHomun-e1649351378993.png?resize=350%2C200&ssl=1 1x, https:\/\/i0.wp.com\/www.grieta.org.mx\/wp-content\/uploads\/2022\/04\/AmenazanInfanciaHomun-e1649351378993.png?resize=525%2C300&ssl=1 1.5x, https:\/\/i0.wp.com\/www.grieta.org.mx\/wp-content\/uploads\/2022\/04\/AmenazanInfanciaHomun-e1649351378993.png?resize=700%2C400&ssl=1 2x"},"classes":[]},{"id":67967,"url":"https:\/\/www.grieta.org.mx\/index.php\/2023\/10\/21\/contaminacion-de-megagranjas-mucho-peor-de-lo-que-pensabamos-yucatan\/","url_meta":{"origin":64262,"position":1},"title":"\u00abContaminaci\u00f3n de megagranjas, mucho peor de lo que pens\u00e1bamos\u00bb (Yucat\u00e1n)","author":"grieta","date":"21 octubre, 2023","format":false,"excerpt":"Haz Ruido El pueblo maya de Hom\u00fan celebr\u00f3 seis a\u00f1os de lucha contra f\u00e1brica de cerdos y exigi\u00f3 al Gobierno federal que informe a las comunidades sobre la situaci\u00f3n de contaminaci\u00f3n que provocan estos megaproyectos en Yucat\u00e1n Hom\u00fan, Yucat\u00e1n, 21 de octubre de 2023.- La contaminaci\u00f3n \u201ces mucho peor de\u2026","rel":"","context":"En &quot;16. Pueblo Maya&quot;","block_context":{"text":"16. Pueblo Maya","link":"https:\/\/www.grieta.org.mx\/index.php\/category\/espejos-de-la-resistencia\/16-pueblo-maya\/"},"img":{"alt_text":"","src":"https:\/\/i0.wp.com\/www.grieta.org.mx\/wp-content\/uploads\/2023\/10\/Homun-1-e1698240521601.jpg?resize=350%2C200&ssl=1","width":350,"height":200,"srcset":"https:\/\/i0.wp.com\/www.grieta.org.mx\/wp-content\/uploads\/2023\/10\/Homun-1-e1698240521601.jpg?resize=350%2C200&ssl=1 1x, https:\/\/i0.wp.com\/www.grieta.org.mx\/wp-content\/uploads\/2023\/10\/Homun-1-e1698240521601.jpg?resize=525%2C300&ssl=1 1.5x, https:\/\/i0.wp.com\/www.grieta.org.mx\/wp-content\/uploads\/2023\/10\/Homun-1-e1698240521601.jpg?resize=700%2C400&ssl=1 2x"},"classes":[]},{"id":64312,"url":"https:\/\/www.grieta.org.mx\/index.php\/2022\/05\/27\/pobladores-de-sitilpech-y-homun-irrumpen-la-expo-ambiental-contra-contaminacion-de-keken-yucatan\/","url_meta":{"origin":64262,"position":2},"title":"Pobladores de Sitilpech y Hom\u00fan irrumpen la Expo Ambiental contra contaminaci\u00f3n de Kek\u00e9n (Yucat\u00e1n)","author":"grieta","date":"27 mayo, 2022","format":false,"excerpt":"Por Herbeth Escalante \/ Haz Ruido Las y los habitantes mayas se manifestaron frente a las autoridades y empresarios que permiten que las megagranjas de cerdos contaminen sus comunidades. Una empleada de la Canaco agredi\u00f3 a los manifestantes arrebat\u00e1ndoles sus pancartas y la secretaria de Desarrollo Sustentable, Sayda Rodr\u00edguez, huy\u00f3\u2026","rel":"","context":"En &quot;16. Pueblo Maya&quot;","block_context":{"text":"16. Pueblo Maya","link":"https:\/\/www.grieta.org.mx\/index.php\/category\/espejos-de-la-resistencia\/16-pueblo-maya\/"},"img":{"alt_text":"","src":"https:\/\/i0.wp.com\/www.grieta.org.mx\/wp-content\/uploads\/2022\/06\/SitilpechProtesta-e1654106412612.png?resize=350%2C200&ssl=1","width":350,"height":200,"srcset":"https:\/\/i0.wp.com\/www.grieta.org.mx\/wp-content\/uploads\/2022\/06\/SitilpechProtesta-e1654106412612.png?resize=350%2C200&ssl=1 1x, https:\/\/i0.wp.com\/www.grieta.org.mx\/wp-content\/uploads\/2022\/06\/SitilpechProtesta-e1654106412612.png?resize=525%2C300&ssl=1 1.5x, https:\/\/i0.wp.com\/www.grieta.org.mx\/wp-content\/uploads\/2022\/06\/SitilpechProtesta-e1654106412612.png?resize=700%2C400&ssl=1 2x"},"classes":[]},{"id":64282,"url":"https:\/\/www.grieta.org.mx\/index.php\/2022\/05\/17\/habitantes-de-sitilpech-exigen-cerrar-granjas-porcicolas-en-yucatan-afuera-del-poder-judicial\/","url_meta":{"origin":64262,"position":3},"title":"Habitantes de Sitilpech exigen cerrar granjas porc\u00edcolas en Yucat\u00e1n afuera del Poder Judicial","author":"grieta","date":"17 mayo, 2022","format":false,"excerpt":"Ruben Dar\u00edo Hau \/ Por Esto! Habitantes de Sitilpech, comisar\u00eda de Izamal, se manifiestan frente a la sede del Poder Judicial de la Federal, en M\u00e9rida, para insistir en que el Juez Primero de Distrito conceda la suspensi\u00f3n definitiva de la granja porc\u00edcola, Kancabch\u00e9n II, aparcera de Kek\u00e9n. El pasado\u2026","rel":"","context":"En &quot;16. Pueblo Maya&quot;","block_context":{"text":"16. Pueblo Maya","link":"https:\/\/www.grieta.org.mx\/index.php\/category\/espejos-de-la-resistencia\/16-pueblo-maya\/"},"img":{"alt_text":"","src":"https:\/\/i0.wp.com\/www.grieta.org.mx\/wp-content\/uploads\/2022\/05\/Sitilpech-e1653577169242.png?resize=350%2C200&ssl=1","width":350,"height":200,"srcset":"https:\/\/i0.wp.com\/www.grieta.org.mx\/wp-content\/uploads\/2022\/05\/Sitilpech-e1653577169242.png?resize=350%2C200&ssl=1 1x, https:\/\/i0.wp.com\/www.grieta.org.mx\/wp-content\/uploads\/2022\/05\/Sitilpech-e1653577169242.png?resize=525%2C300&ssl=1 1.5x, https:\/\/i0.wp.com\/www.grieta.org.mx\/wp-content\/uploads\/2022\/05\/Sitilpech-e1653577169242.png?resize=700%2C400&ssl=1 2x"},"classes":[]},{"id":59580,"url":"https:\/\/www.grieta.org.mx\/index.php\/2021\/05\/25\/gobierno-echa-reversa-y-quita-sellos-de-clausura-en-homun-yucatan\/","url_meta":{"origin":64262,"position":4},"title":"Gobierno echa reversa y quita sellos de clausura en Hom\u00fan (Yucat\u00e1n)","author":"grieta","date":"25 mayo, 2021","format":false,"excerpt":"Herbeth Escalante \/ Haz Ruido Los Guardianes de los Cenotes hab\u00edan advertido el cierre de todos los paradores del pueblo como muestra de solidaridad y protesta, pero se solucion\u00f3 el conflicto. Hom\u00fan, Yucat\u00e1n, 25 de mayo de 2021.-Anoche, de manera inesperada, la Secretar\u00eda de Salud del Estado de Yucat\u00e1n (SSY)\u2026","rel":"","context":"En &quot;Agresiones y amenazas a defensor@s de derechos humanos y activistas en Yucat\u00e1n&quot;","block_context":{"text":"Agresiones y amenazas a defensor@s de derechos humanos y activistas en Yucat\u00e1n","link":"https:\/\/www.grieta.org.mx\/index.php\/category\/noticias-nacionales\/yucatan\/ataques-a-defensors-de-derechos-humanos-en-yucatan\/"},"img":{"alt_text":"","src":"https:\/\/i0.wp.com\/www.grieta.org.mx\/wp-content\/uploads\/2021\/05\/HomunCenotes-e1622068345798.png?resize=350%2C200&ssl=1","width":350,"height":200,"srcset":"https:\/\/i0.wp.com\/www.grieta.org.mx\/wp-content\/uploads\/2021\/05\/HomunCenotes-e1622068345798.png?resize=350%2C200&ssl=1 1x, https:\/\/i0.wp.com\/www.grieta.org.mx\/wp-content\/uploads\/2021\/05\/HomunCenotes-e1622068345798.png?resize=525%2C300&ssl=1 1.5x, https:\/\/i0.wp.com\/www.grieta.org.mx\/wp-content\/uploads\/2021\/05\/HomunCenotes-e1622068345798.png?resize=700%2C400&ssl=1 2x"},"classes":[]},{"id":51240,"url":"https:\/\/www.grieta.org.mx\/index.php\/2020\/06\/24\/la-scjn-atrae-juicio-promovido-por-ninos-de-homun-contra-empresa-porcicola-yucatan\/","url_meta":{"origin":64262,"position":5},"title":"La SCJN atrae juicio promovido por ni\u00f1os de Hom\u00fan contra empresa porc\u00edcola (Yucat\u00e1n)","author":"grieta","date":"24 junio, 2020","format":false,"excerpt":"Rosa Santana \/ Proceso M\u00c9RIDA, Yuc. (apro).- Por la trascendencia que tendr\u00e1 el fallo para futuras sentencias en asuntos similares, la Suprema Corte de Justicia de la Naci\u00f3n (SCJN) determin\u00f3 atraer el juicio promovido por ni\u00f1os de la comunidad maya de Hom\u00fan contra la empresa Producci\u00f3n Alimentaria Porc\u00edcola (Papo), por\u2026","rel":"","context":"En &quot;16. Pueblo Maya&quot;","block_context":{"text":"16. Pueblo Maya","link":"https:\/\/www.grieta.org.mx\/index.php\/category\/espejos-de-la-resistencia\/16-pueblo-maya\/"},"img":{"alt_text":"","src":"https:\/\/i0.wp.com\/www.grieta.org.mx\/wp-content\/uploads\/2020\/06\/granjas-870x521-e1593209117400.png?resize=350%2C200&ssl=1","width":350,"height":200,"srcset":"https:\/\/i0.wp.com\/www.grieta.org.mx\/wp-content\/uploads\/2020\/06\/granjas-870x521-e1593209117400.png?resize=350%2C200&ssl=1 1x, https:\/\/i0.wp.com\/www.grieta.org.mx\/wp-content\/uploads\/2020\/06\/granjas-870x521-e1593209117400.png?resize=525%2C300&ssl=1 1.5x, https:\/\/i0.wp.com\/www.grieta.org.mx\/wp-content\/uploads\/2020\/06\/granjas-870x521-e1593209117400.png?resize=700%2C400&ssl=1 2x"},"classes":[]}],"_links":{"self":[{"href":"https:\/\/www.grieta.org.mx\/index.php\/wp-json\/wp\/v2\/posts\/64262","targetHints":{"allow":["GET"]}}],"collection":[{"href":"https:\/\/www.grieta.org.mx\/index.php\/wp-json\/wp\/v2\/posts"}],"about":[{"href":"https:\/\/www.grieta.org.mx\/index.php\/wp-json\/wp\/v2\/types\/post"}],"author":[{"embeddable":true,"href":"https:\/\/www.grieta.org.mx\/index.php\/wp-json\/wp\/v2\/users\/2"}],"replies":[{"embeddable":true,"href":"https:\/\/www.grieta.org.mx\/index.php\/wp-json\/wp\/v2\/comments?post=64262"}],"version-history":[{"count":1,"href":"https:\/\/www.grieta.org.mx\/index.php\/wp-json\/wp\/v2\/posts\/64262\/revisions"}],"predecessor-version":[{"id":64264,"href":"https:\/\/www.grieta.org.mx\/index.php\/wp-json\/wp\/v2\/posts\/64262\/revisions\/64264"}],"wp:featuredmedia":[{"embeddable":true,"href":"https:\/\/www.grieta.org.mx\/index.php\/wp-json\/wp\/v2\/media\/64263"}],"wp:attachment":[{"href":"https:\/\/www.grieta.org.mx\/index.php\/wp-json\/wp\/v2\/media?parent=64262"}],"wp:term":[{"taxonomy":"category","embeddable":true,"href":"https:\/\/www.grieta.org.mx\/index.php\/wp-json\/wp\/v2\/categories?post=64262"},{"taxonomy":"post_tag","embeddable":true,"href":"https:\/\/www.grieta.org.mx\/index.php\/wp-json\/wp\/v2\/tags?post=64262"}],"curies":[{"name":"wp","href":"https:\/\/api.w.org\/{rel}","templated":true}]}}