{"id":64200,"date":"2022-05-09T10:45:58","date_gmt":"2022-05-09T15:45:58","guid":{"rendered":"https:\/\/www.grieta.org.mx\/?p=64200"},"modified":"2022-05-20T11:02:42","modified_gmt":"2022-05-20T16:02:42","slug":"madres-que-buscan-estan-mas-unidas-que-nunca-jalisco","status":"publish","type":"post","link":"https:\/\/www.grieta.org.mx\/index.php\/2022\/05\/09\/madres-que-buscan-estan-mas-unidas-que-nunca-jalisco\/","title":{"rendered":"Madres que buscan est\u00e1n m\u00e1s unidas que nunca (Jalisco)"},"content":{"rendered":"<p>Foto: Aurelio Maga\u00f1a<\/p>\n<p>V\u00edctor Ch\u00e1vez \/ El Occidental<\/p>\n<p><b>Contra corriente, ellas han buscado a sus hijos, sin esperar a las pasivas autoridades; lo que les vali\u00f3 ya la desacreditaci\u00f3n, las calumnias, los enfrentamientos con gobernadores y fiscal\u00edas, incluso cuestionamientos de otras activistas, pero hoy les une la misma causa: Dar con sus muchachas y muchachos, y se preparan para una uni\u00f3n importante, de alcances nacionales, donde ya nada las pueda detener, son: Las Madres Buscadoras.<\/b><\/p>\n<p>Liliana, una de ellas en Jalisco, nos adelanta que han conseguido lo que otras organizaciones no: \u201cSumarnos, m\u00e1s voces y m\u00e1s manos\u201d.<\/p>\n<p>Fueron las buscadoras de Sonora las que abrieron la brecha, reconoce. Y justo ellas no tuvieron un buen recibimiento en Jalisco y en un evento p\u00fablico el gobernador Enrique Alfaro se expres\u00f3 as\u00ed de las Buscadoras de Sonora: \u201cNosotros tenemos un esfuerzo institucional muy serio con este tema. Tenemos comunicaci\u00f3n con las familias de cualquier persona desaparecida en Jalisco, pero hay que tener mucho cuidado\u201d.<\/p>\n<p>Luego en otra intervenci\u00f3n insisti\u00f3: \u201cTenemos que revisar con mucho cuidado de d\u00f3nde vienen, qui\u00e9nes son, porque de repente est\u00e1n llegando hasta de otros estados, entonces estamos trabajando en eso\u201d.<\/p>\n<p>Pero a decir de las Madres Buscadoras \u201ceso no es nada, nunca las detuvo y no las detendr\u00e1\u201d y es que m\u00e1s que las palabras, las han agraviado los actos de algunos gobiernos que en vez de apoyo, les mandan observadores, verdaderos esp\u00edas, que las \u201cfichan\u201d tomando fotos, las obstaculizan y promueven toda clase de rumores en contra de ellas.<\/p>\n<p>Como Liliana, est\u00e1n convencidas de que la b\u00fasqueda es en el campo y es por ello que se han sumado a la capacitaci\u00f3n otorgada por las Madres Buscadoras y por la propia Comisi\u00f3n de B\u00fasqueda de Personas del Estado de Jalisco.<\/p>\n<p>Han experimentado ya como otros grupos se hacen de recursos, reciben donaciones v\u00eda cuentas bancarias, rifan electr\u00f3nicos y otros que les objetos que les regalan y por lo tanto la parte econ\u00f3mica les detiene.<\/p>\n<p>Por si fuera poco, se suma a la capacitaci\u00f3n el primer grupo de activistas \u201cLuz y Esperanza\u201d. M\u00e1s de 20 personas de \u00e9ste, adem\u00e1s de integrantes de la C\u00e9lula de B\u00fasqueda del municipio de Tonal\u00e1, ya conocieron de primera mano algunas t\u00e9cnicas de b\u00fasqueda en campo, los protocolos que se deben seguir, as\u00ed como el grado de responsabilidad de cada una de las autoridades que intervienen en la b\u00fasqueda.<\/p>\n<p>A ellos les han hecho una demostraci\u00f3n de diferentes t\u00e9cnicas de b\u00fasqueda en campo que existen, se les explic\u00f3 c\u00f3mo funcionan algunos instrumentos tecnol\u00f3gicos que se emplean en b\u00fasquedas de campo y, adem\u00e1s, se les ense\u00f1\u00f3 a delimitar cuadrantes.<\/p>\n<p>Tambi\u00e9n el manejo del dron fue importante y se les habl\u00f3 de las planimetr\u00edas, la ejecuci\u00f3n de planes de prospecci\u00f3n, tareas de reconocimiento de zonas y puntos de inter\u00e9s y se hizo una demostraci\u00f3n del georadar, una especie de esc\u00e1ner, que detecta cambios morfol\u00f3gicos del terreno.<\/p>\n<p>La diferencia es que las madres de Jalisco antes buscaban a sus hijos en el Semefo y hoy hay quienes as\u00ed seguir\u00e1n, en torno a la que muchos llaman \u201cla otra fosa\u201d; pero tambi\u00e9n est\u00e1n quienes est\u00e1n dispuestas a buscarlos en el campo, como lo gritan constantemente: \u00a1hasta encontrarlos!<\/p>\n<p><strong>L\u00ednea de tiempo<\/strong><\/p>\n<p><b>20 de Febrero de 2022<\/b><\/p>\n<p>*Llegan por primera ocasi\u00f3n las Madres Buscadoras de Sonora para emprender la b\u00fasqueda de las y los j\u00f3venes desaparecidos en Jalisco, que en esos momentos sumaban cerca de 15 mil sin ser localizados.<\/p>\n<p><b>21 de Febrero de 2022<\/b><\/p>\n<p>Inician los primeros trabajos en el municipio de Tlajomulco de Z\u00fa\u00f1iga y solo en las primeras horas encontraron dos osamentas. Yadira Estrada, integrante de este colectivo, denunci\u00f3 que las autoridades que se acercaron supuestamente a ayudarles, se dedicaron a tomarles fotos. \u201cElementos que nos acompa\u00f1an de la Polic\u00eda del Estado y del personal de la Fiscal\u00eda del Estado, vulneran nuestra identidad y nos tomaron fotograf\u00edas y videos sin nuestro consentimiento. Los responsabilizamos de cualquier situaci\u00f3n de riesgo&#8221;, denunci\u00f3.<\/p>\n<p><b>22 de febrero de 2022<\/b><\/p>\n<p>El gobernador de Jalisco, Enrique Alfaro, pone en entredicho a dicha organizaci\u00f3n: \u201cHay que tener mucho cuidado con estos esfuerzos de grupos que llegan de no s\u00e9 d\u00f3nde a hacer no s\u00e9 qu\u00e9. Yo lo que le ped\u00ed a la Fiscal\u00eda Especializada y a la Comisi\u00f3n de B\u00fasqueda es que tengamos mucho cuidado porque luego ese tipo de acciones que tienen la buena fe de las familias pueden estar tambi\u00e9n acompa\u00f1adas de otro tipo de agendas que no conocemos\u201d.<\/p>\n<p><b>23 de febrero de 2022<\/b><\/p>\n<p>Tras las cr\u00edticas que motivaron tales comentarios, el titular del Ejecutivo se reuni\u00f3 con las madres buscadoras de Sonora, conoci\u00f3 de voz de ellas su labor y dispuso de la Comisi\u00f3n Estatal de la B\u00fasqueda, de la Fiscal\u00eda y del Instituto Jalisciense de Ciencias Forenses para darles apoyo.<\/p>\n<p><b>16 de marzo de 2022<\/b><\/p>\n<p>Las madres buscadoras de Sonora reportaron que entre osamentas y bolsas, sepultadas de manera clandestina en predios, casas abandonadas de Tlajomulco, localizaron restos de un total de 80 personas.<\/p>\n<p><b>19 de abril de 2022<\/b><\/p>\n<p>La Comisi\u00f3n Estatal de B\u00fasqueda en Jalisco por primera ocasi\u00f3n propone a colectivo darles capacitaci\u00f3n en la b\u00fasqueda, la agrupaci\u00f3n Luz y Esperanza es la primera en levantar la mano y se suma a las tareas.<\/p>\n<p><b>26 de abril de 2022<\/b><\/p>\n<p>El grupo regres\u00f3 a Jalisco, pero esta vez no solo a buscar, sino tambi\u00e9n a dar capacitaci\u00f3n a los colectivos que estuvieran dispuestos a sumarse a la tarea.<\/p>\n<p><b>26 de abril de 2022<\/b><\/p>\n<p>Los diversos grupos de Madres Buscadoras convocan una uni\u00f3n nacional y a un encuentro con el presidente de M\u00e9xico, Andr\u00e9s Manuel L\u00f3pez Obrador, que hasta ahora no les han querido agendar.<\/p>\n<p><b>11 de mayo de 2022<\/b><\/p>\n<p>Diversos colectivos denuncian que no han encontrado la respuesta requerida por el gobierno federal y este d\u00eda se manifestar\u00e1n en la ciudad de M\u00e9xico, aseguran que los han re victimizado, son m\u00e1s est\u00e1n convocando a las v\u00edctimas del pa\u00eds a realizar actividades urgentes.<\/p>\n<p><a href=\"https:\/\/www.eloccidental.com.mx\/local\/madres-que-buscan-estan-mas-unidas-que-nunca-8253816.html\">https:\/\/www.eloccidental.com.mx\/local\/madres-que-buscan-estan-mas-unidas-que-nunca-8253816.html<\/a><\/p>\n","protected":false},"excerpt":{"rendered":"<p>Foto: Aurelio Maga\u00f1a V\u00edctor Ch\u00e1vez \/ El Occidental Contra corriente, ellas han buscado a sus hijos, sin esperar a las pasivas autoridades; lo que les vali\u00f3 ya la desacreditaci\u00f3n, las &hellip; <a href=\"https:\/\/www.grieta.org.mx\/index.php\/2022\/05\/09\/madres-que-buscan-estan-mas-unidas-que-nunca-jalisco\/\" class=\"more-link\">Leer m\u00e1s<\/a><\/p>\n","protected":false},"author":2,"featured_media":64201,"comment_status":"closed","ping_status":"closed","sticky":false,"template":"","format":"standard","meta":{"ngg_post_thumbnail":0,"_jetpack_newsletter_access":"","_jetpack_dont_email_post_to_subs":false,"_jetpack_newsletter_tier_id":0,"_jetpack_memberships_contains_paywalled_content":false,"_jetpack_memberships_contains_paid_content":false,"footnotes":""},"categories":[80,87,1032,1463,20,2,31,83],"tags":[3791,1828,3018,121,1668,3975],"class_list":["post-64200","post","type-post","status-publish","format-standard","has-post-thumbnail","hentry","category-cintillo","category-desaparecidos","category-desaparecidos-en-jalisco","category-desaparecidos-en-sonora","category-jalisco","category-noticias-nacionales","category-sonora","category-temas-nacionales","tag-acciones-por-desaparecidos","tag-busqueda-de-desaparecidos","tag-colectivos-de-busqueda-de-desaparecidos","tag-desaparecidos","tag-familiares-de-desaparecidos","tag-madres-de-desaparecidos","entry"],"jetpack_featured_media_url":"https:\/\/www.grieta.org.mx\/wp-content\/uploads\/2022\/05\/Madres-que-buscan.jpg","jetpack_sharing_enabled":true,"jetpack_shortlink":"https:\/\/wp.me\/p7ZJR4-gHu","jetpack_likes_enabled":false,"jetpack-related-posts":[{"id":64105,"url":"https:\/\/www.grieta.org.mx\/index.php\/2022\/04\/25\/madres-buscadoras-de-sonora-y-jalisco-retomaron-por-tercera-ocasion-la-busqueda-de-desaparecidos-en-chulavista-jalisco\/","url_meta":{"origin":64200,"position":0},"title":"Madres buscadoras de Sonora y Jalisco retomaron por tercera ocasi\u00f3n la b\u00fasqueda de desaparecidos en Chulavista  (Jalisco)","author":"grieta","date":"25 abril, 2022","format":false,"excerpt":"Foto: Rom\u00e1n Ortega Rom\u00e1n Ortega \/ El Occidental En esta ocasi\u00f3n lo hicieron en cuatro fincas abandonadas de la etapa 3 del mencionado desarrollo habitacional. En una de las fincas, ubicada en la calle Silao al cruce con Tula, localizaron restos humanos. El hallazgo se dio en el patio trasero\u2026","rel":"","context":"En &quot;CINTILLO&quot;","block_context":{"text":"CINTILLO","link":"https:\/\/www.grieta.org.mx\/index.php\/category\/cintillo\/"},"img":{"alt_text":"","src":"https:\/\/i0.wp.com\/www.grieta.org.mx\/wp-content\/uploads\/2022\/05\/Madres-buscadoras-encuentran-cuerpos-en-Chulavista.jpg?resize=350%2C200&ssl=1","width":350,"height":200,"srcset":"https:\/\/i0.wp.com\/www.grieta.org.mx\/wp-content\/uploads\/2022\/05\/Madres-buscadoras-encuentran-cuerpos-en-Chulavista.jpg?resize=350%2C200&ssl=1 1x, https:\/\/i0.wp.com\/www.grieta.org.mx\/wp-content\/uploads\/2022\/05\/Madres-buscadoras-encuentran-cuerpos-en-Chulavista.jpg?resize=525%2C300&ssl=1 1.5x, https:\/\/i0.wp.com\/www.grieta.org.mx\/wp-content\/uploads\/2022\/05\/Madres-buscadoras-encuentran-cuerpos-en-Chulavista.jpg?resize=700%2C400&ssl=1 2x"},"classes":[]},{"id":63976,"url":"https:\/\/www.grieta.org.mx\/index.php\/2022\/04\/12\/sin-descanso-y-en-semana-santa-madres-de-desaparecidos-continuan-sus-busquedas-jalisco\/","url_meta":{"origin":64200,"position":1},"title":"Sin descanso y en Semana Santa, madres de desaparecidos contin\u00faan sus b\u00fasquedas (Jalisco)","author":"grieta","date":"12 abril, 2022","format":false,"excerpt":"Fotograf\u00eda: UdeG\/Archivo Iv\u00e1n De Le\u00f3n Mel\u00e9ndrez \/ UDGTV Guadalajara, Jalisco. Ellas no tienen vacaciones. Son las madres y familiares de desaparecidos, quienes como cada martes, a\u00fan en Semana Santa, se apostaron\u00a0en las afueras de las instalaciones del Servicio M\u00e9dico Forense\u00a0(Semefo)\u00a0en busca de respuestas.\u00a0Es Guadalupe Aguilar, fundadora del Colectivo Familiares Unidos\u2026","rel":"","context":"En &quot;CINTILLO&quot;","block_context":{"text":"CINTILLO","link":"https:\/\/www.grieta.org.mx\/index.php\/category\/cintillo\/"},"img":{"alt_text":"","src":"https:\/\/i0.wp.com\/www.grieta.org.mx\/wp-content\/uploads\/2022\/04\/Estudiantes-desaparecidos-Jalisco-UdeG-630x420-1.jpg?resize=350%2C200&ssl=1","width":350,"height":200,"srcset":"https:\/\/i0.wp.com\/www.grieta.org.mx\/wp-content\/uploads\/2022\/04\/Estudiantes-desaparecidos-Jalisco-UdeG-630x420-1.jpg?resize=350%2C200&ssl=1 1x, https:\/\/i0.wp.com\/www.grieta.org.mx\/wp-content\/uploads\/2022\/04\/Estudiantes-desaparecidos-Jalisco-UdeG-630x420-1.jpg?resize=525%2C300&ssl=1 1.5x"},"classes":[]},{"id":64600,"url":"https:\/\/www.grieta.org.mx\/index.php\/2022\/07\/20\/condiciona-fiscalia-busqueda-de-desaparecidos-no-quieren-la-participacion-de-colectivos-denuncian-madres-buscadoras-jalisco\/","url_meta":{"origin":64200,"position":2},"title":"Condiciona Fiscal\u00eda b\u00fasqueda de desaparecidos; no quieren la participaci\u00f3n de colectivos denuncian madres buscadoras (Jalisco, Sonora)","author":"grieta","date":"20 julio, 2022","format":false,"excerpt":"Imagen: Especial Lauro Rodr\u00edguez \/ El Diario NTR Las Madres Buscadoras de Sonora acusaron que la Fiscal\u00eda del Estado condicion\u00f3 la b\u00fasqueda en campo. Mencion\u00f3 que se niegan a acompa\u00f1ar acciones colectivas. Ceci Patricia Flores Armenta, lideresa del colectivo Madres Buscadoras de Sonora, mencion\u00f3 que extendieron su estancia en Jalisco\u2026","rel":"","context":"En &quot;CINTILLO&quot;","block_context":{"text":"CINTILLO","link":"https:\/\/www.grieta.org.mx\/index.php\/category\/cintillo\/"},"img":{"alt_text":"","src":"https:\/\/i0.wp.com\/www.grieta.org.mx\/wp-content\/uploads\/2022\/07\/2022-07-20_10-07-27___612.png?resize=350%2C200&ssl=1","width":350,"height":200,"srcset":"https:\/\/i0.wp.com\/www.grieta.org.mx\/wp-content\/uploads\/2022\/07\/2022-07-20_10-07-27___612.png?resize=350%2C200&ssl=1 1x, https:\/\/i0.wp.com\/www.grieta.org.mx\/wp-content\/uploads\/2022\/07\/2022-07-20_10-07-27___612.png?resize=525%2C300&ssl=1 1.5x, https:\/\/i0.wp.com\/www.grieta.org.mx\/wp-content\/uploads\/2022\/07\/2022-07-20_10-07-27___612.png?resize=700%2C400&ssl=1 2x"},"classes":[]},{"id":65446,"url":"https:\/\/www.grieta.org.mx\/index.php\/2022\/10\/07\/por-amenazas-madres-buscadoras-suspenden-busqueda-en-campo-en-jalisco\/","url_meta":{"origin":64200,"position":3},"title":"Por amenazas, Madres Buscadoras suspenden b\u00fasqueda en campo en Jalisco","author":"grieta","date":"7 octubre, 2022","format":false,"excerpt":"Imagen: Especial Lauro Rodr\u00edguez \/ El Diario NTR Tras recibir amenazas v\u00eda telef\u00f3nica, Ceci Flores Armenta, lideresa de las Madres Buscadoras de Jalisco y Sonora, suspendi\u00f3 las b\u00fasquedas que ten\u00edan contempladas en octubre. La primera de ellas planeada este fin de semana. \u201cTemporalmente quedan suspendidas las b\u00fasquedas programadas. Solamente las\u2026","rel":"","context":"En &quot;CINTILLO&quot;","block_context":{"text":"CINTILLO","link":"https:\/\/www.grieta.org.mx\/index.php\/category\/cintillo\/"},"img":{"alt_text":"","src":"https:\/\/i0.wp.com\/www.grieta.org.mx\/wp-content\/uploads\/2022\/10\/2022-10-07_11-10-34___8337.png?resize=350%2C200&ssl=1","width":350,"height":200,"srcset":"https:\/\/i0.wp.com\/www.grieta.org.mx\/wp-content\/uploads\/2022\/10\/2022-10-07_11-10-34___8337.png?resize=350%2C200&ssl=1 1x, https:\/\/i0.wp.com\/www.grieta.org.mx\/wp-content\/uploads\/2022\/10\/2022-10-07_11-10-34___8337.png?resize=525%2C300&ssl=1 1.5x, https:\/\/i0.wp.com\/www.grieta.org.mx\/wp-content\/uploads\/2022\/10\/2022-10-07_11-10-34___8337.png?resize=700%2C400&ssl=1 2x"},"classes":[]},{"id":65443,"url":"https:\/\/www.grieta.org.mx\/index.php\/2022\/10\/07\/gobierno-de-jalisco-rechaza-a-buscadoras-por-localizar-fosas-clandestinas-jalisco-sonora\/","url_meta":{"origin":64200,"position":4},"title":"Gobierno de Jalisco rechaza a buscadoras por localizar fosas clandestinas (Jalisco, Sonora)","author":"grieta","date":"7 octubre, 2022","format":false,"excerpt":"Imagen; Lauro Rodr\u00edguez Redacci\u00f3n \/ El Diario NTR Las autoridades del estado rechazan a las Madres Buscadoras de Sonora porque les quitan el protagonismo, visibilizan las fosas clandestinas y les impiden ocultar que Jalisco es un pante\u00f3n, consider\u00f3 Ceci Flores, lideresa del colectivo sonorense. Aunque siempre hab\u00eda sido amenazada por\u2026","rel":"","context":"En &quot;CINTILLO&quot;","block_context":{"text":"CINTILLO","link":"https:\/\/www.grieta.org.mx\/index.php\/category\/cintillo\/"},"img":{"alt_text":"","src":"https:\/\/i0.wp.com\/www.grieta.org.mx\/wp-content\/uploads\/2022\/10\/2022-10-07_06-10-59___8441.jpg?resize=350%2C200&ssl=1","width":350,"height":200,"srcset":"https:\/\/i0.wp.com\/www.grieta.org.mx\/wp-content\/uploads\/2022\/10\/2022-10-07_06-10-59___8441.jpg?resize=350%2C200&ssl=1 1x, https:\/\/i0.wp.com\/www.grieta.org.mx\/wp-content\/uploads\/2022\/10\/2022-10-07_06-10-59___8441.jpg?resize=525%2C300&ssl=1 1.5x, https:\/\/i0.wp.com\/www.grieta.org.mx\/wp-content\/uploads\/2022\/10\/2022-10-07_06-10-59___8441.jpg?resize=700%2C400&ssl=1 2x"},"classes":[]},{"id":49366,"url":"https:\/\/www.grieta.org.mx\/index.php\/2020\/05\/09\/madres-de-desaparecidos-se-manifestaron-para-exigir-su-localizacion-jalisco\/","url_meta":{"origin":64200,"position":5},"title":"Madres de desaparecidos se manifestaron para exigir su localizaci\u00f3n (Jalisco)","author":"grieta","date":"9 mayo, 2020","format":false,"excerpt":"Foto: Cortes\u00eda Fundej Elizabeth Ibal \/ El Occidental Para decenas de mujeres no hay nada qu\u00e9 festejar en este D\u00eda de las Madres, ya que sus hijos les fueron arrebatados y hasta ahora nada se sabe de su paradero. Para que su causa no sea olvidada, madres de familia de\u2026","rel":"","context":"En &quot;CINTILLO&quot;","block_context":{"text":"CINTILLO","link":"https:\/\/www.grieta.org.mx\/index.php\/category\/cintillo\/"},"img":{"alt_text":"","src":"https:\/\/i0.wp.com\/www.grieta.org.mx\/wp-content\/uploads\/2020\/05\/Madres-de-manifestaci%C3%B3n.jpg?resize=350%2C200&ssl=1","width":350,"height":200,"srcset":"https:\/\/i0.wp.com\/www.grieta.org.mx\/wp-content\/uploads\/2020\/05\/Madres-de-manifestaci%C3%B3n.jpg?resize=350%2C200&ssl=1 1x, https:\/\/i0.wp.com\/www.grieta.org.mx\/wp-content\/uploads\/2020\/05\/Madres-de-manifestaci%C3%B3n.jpg?resize=525%2C300&ssl=1 1.5x, https:\/\/i0.wp.com\/www.grieta.org.mx\/wp-content\/uploads\/2020\/05\/Madres-de-manifestaci%C3%B3n.jpg?resize=700%2C400&ssl=1 2x"},"classes":[]}],"_links":{"self":[{"href":"https:\/\/www.grieta.org.mx\/index.php\/wp-json\/wp\/v2\/posts\/64200","targetHints":{"allow":["GET"]}}],"collection":[{"href":"https:\/\/www.grieta.org.mx\/index.php\/wp-json\/wp\/v2\/posts"}],"about":[{"href":"https:\/\/www.grieta.org.mx\/index.php\/wp-json\/wp\/v2\/types\/post"}],"author":[{"embeddable":true,"href":"https:\/\/www.grieta.org.mx\/index.php\/wp-json\/wp\/v2\/users\/2"}],"replies":[{"embeddable":true,"href":"https:\/\/www.grieta.org.mx\/index.php\/wp-json\/wp\/v2\/comments?post=64200"}],"version-history":[{"count":1,"href":"https:\/\/www.grieta.org.mx\/index.php\/wp-json\/wp\/v2\/posts\/64200\/revisions"}],"predecessor-version":[{"id":64203,"href":"https:\/\/www.grieta.org.mx\/index.php\/wp-json\/wp\/v2\/posts\/64200\/revisions\/64203"}],"wp:featuredmedia":[{"embeddable":true,"href":"https:\/\/www.grieta.org.mx\/index.php\/wp-json\/wp\/v2\/media\/64201"}],"wp:attachment":[{"href":"https:\/\/www.grieta.org.mx\/index.php\/wp-json\/wp\/v2\/media?parent=64200"}],"wp:term":[{"taxonomy":"category","embeddable":true,"href":"https:\/\/www.grieta.org.mx\/index.php\/wp-json\/wp\/v2\/categories?post=64200"},{"taxonomy":"post_tag","embeddable":true,"href":"https:\/\/www.grieta.org.mx\/index.php\/wp-json\/wp\/v2\/tags?post=64200"}],"curies":[{"name":"wp","href":"https:\/\/api.w.org\/{rel}","templated":true}]}}