{"id":64197,"date":"2022-05-10T10:25:46","date_gmt":"2022-05-10T15:25:46","guid":{"rendered":"https:\/\/www.grieta.org.mx\/?p=64197"},"modified":"2022-05-20T10:39:26","modified_gmt":"2022-05-20T15:39:26","slug":"nada-que-celebrar-este-10-de-mayo-para-las-integrantes-de-colectivo-familias-unidas-por-nayarit-cofaunay","status":"publish","type":"post","link":"https:\/\/www.grieta.org.mx\/index.php\/2022\/05\/10\/nada-que-celebrar-este-10-de-mayo-para-las-integrantes-de-colectivo-familias-unidas-por-nayarit-cofaunay\/","title":{"rendered":"Nada que celebrar este 10 de mayo para las integrantes de Colectivo Familias Unidas por Nayarit (COFAUNAY)"},"content":{"rendered":"<p>Foto: Nayarit.tv<\/p>\n<p>Paola Cervantes \/ Nayarit.tv<\/p>\n<p>Este 10 de mayo no hay nada que celebrar, as\u00ed lo expresaron las madres buscadoras integrantes del colectivo Familias Unidas Por\u00a0Nayarit, quienes se reunieron esta ma\u00f1ana en el Parque a la Madre para rendir homenaje a sus hijos e hijas desaparecidos as\u00ed como para aquellos a quienes llaman promesa cumplida.<\/p>\n<p>La se\u00f1ora Fidelina Benitez Hinojosa coment\u00f3 que contin\u00faan con la b\u00fasqueda, y expres\u00f3 que el dolor de la p\u00e9rdida de un hijo es inexplicable, pidi\u00f3 no ser juzgados durante sus manifestaciones y ser apoyados con cualquier informaci\u00f3n sobre posibles fosas clandestinas, en su caso su hija Aime Guadalupe Arellano desapareci\u00f3 en el a\u00f1o 2017, fue localizada en una fosa clandestina en 2018 y entregada hasta el 25 de enero del 2019.<\/p>\n<p>\u201cEs un dolor muy grande, hoy yo estoy aqu\u00ed por mi hija, por el grupo, y de aqui yo parto al pante\u00f3n a llevarle sus flores a mi hija, es un d\u00eda que por m\u00e1s que digo no voy a llorar, no se puede, es un dolor que aunque pasen los a\u00f1os sigue doliendo, es constante este dolor,\u00a0 aprendemos a vivir con \u00e9l pero no se puede vivir sin ellos, porque en nuestra mesa tenemos un lugar vacio\u201d.<\/p>\n<p>Por su parte la dirigente de COFAUNAY Gloria Monserrath Tapia Avila inform\u00f3 que son m\u00e1s de 1,200 desaparecidos en el estado de Nayarit seg\u00fan las cifras oficiales, sin embargo en trabajo de campo identificaron al menos 600 casos m\u00e1s de personas que no se atrevieron a realizar las denuncias correspondientes.<\/p>\n<p>\u201cSon 1200 del estado pero estamos hablando nada m\u00e1s con reporte oficial, estamos hablando de m\u00e1s de 1800 personas, 600 m\u00e1s, nosotros nos damos cuenta porque cada mes hacemos una difusi\u00f3n en distintas colonias y for\u00e1neas, esto nos permite estar en contacto directo con la sociedad y darnos cuenta de que hay m\u00e1s personas desaparecidas y que no se han atrevido a denunciar por miedo\u201d.<\/p>\n<p>Tapia Avila mencion\u00f3 que son preocupantes las cifras, pues en los \u00faltimos d\u00edas las desapariciones de mujeres han incrementado ya que por cada 5 varones hay 3 mujeres desaparecidas, el mayor n\u00famero de casos se registran en la capital nayarita, adem\u00e1s en los primeros meses del 2022 ya se han registrado 100 casos.<\/p>\n<p>\u201cEs preocupante porque las desapariciones ahora est\u00e1n incrementando en las mujeres, anteriormente por 4 varones desaparecidos habia 1 mujer, ahorita por 5 varones desaparecidos hay 3 mujeres desaparecidas, estamos hablando de que en lo que va de este a\u00f1o hay m\u00e1s de 100 desaparecidos el municipio de\u00a0<a title=\"Tepic\" href=\"https:\/\/nayarit.tv\/?s=tepic\">Tepic<\/a>\u00a0es el que mayor tiene, de estos 100 un 35% son mujeres\u201d.<\/p>\n<p>De los 1200 desaparecidos s\u00f3lo se ha logrado encontrar a menos del 20%, adem\u00e1s en la Fiscal\u00eda General del Estado se tienen 60 cuerpos sin identificar mismos que tienen m\u00e1s de 4 a\u00f1os en este lugar, del 2017 al 2022 se han localizado 15 fosas clandestinas con la extracci\u00f3n de 120 cuerpos.<\/p>\n<p><a href=\"https:\/\/nayarit.tv\/nada-que-celebrar-este-10-de-mayo-para-las-integrantes-de-cofaunay\/\">https:\/\/nayarit.tv\/nada-que-celebrar-este-10-de-mayo-para-las-integrantes-de-cofaunay\/<\/a><\/p>\n","protected":false},"excerpt":{"rendered":"<p>Foto: Nayarit.tv Paola Cervantes \/ Nayarit.tv Este 10 de mayo no hay nada que celebrar, as\u00ed lo expresaron las madres buscadoras integrantes del colectivo Familias Unidas Por\u00a0Nayarit, quienes se reunieron &hellip; <a href=\"https:\/\/www.grieta.org.mx\/index.php\/2022\/05\/10\/nada-que-celebrar-este-10-de-mayo-para-las-integrantes-de-colectivo-familias-unidas-por-nayarit-cofaunay\/\" class=\"more-link\">Leer m\u00e1s<\/a><\/p>\n","protected":false},"author":2,"featured_media":64198,"comment_status":"closed","ping_status":"closed","sticky":false,"template":"","format":"standard","meta":{"ngg_post_thumbnail":0,"_jetpack_newsletter_access":"","_jetpack_dont_email_post_to_subs":false,"_jetpack_newsletter_tier_id":0,"_jetpack_memberships_contains_paywalled_content":false,"_jetpack_memberships_contains_paid_content":false,"footnotes":""},"categories":[80,87,2267,23,2,83],"tags":[3791,1828,3018,121,1668,3975],"class_list":["post-64197","post","type-post","status-publish","format-standard","has-post-thumbnail","hentry","category-cintillo","category-desaparecidos","category-desaparecidos-en-nayarit","category-nayarit","category-noticias-nacionales","category-temas-nacionales","tag-acciones-por-desaparecidos","tag-busqueda-de-desaparecidos","tag-colectivos-de-busqueda-de-desaparecidos","tag-desaparecidos","tag-familiares-de-desaparecidos","tag-madres-de-desaparecidos","entry"],"jetpack_featured_media_url":"https:\/\/www.grieta.org.mx\/wp-content\/uploads\/2022\/05\/nada-que-celebrar-este-10-de-mayo-para-las-integrantes-de-cofaunay-11652212672-1280x961-1.jpg","jetpack_sharing_enabled":true,"jetpack_shortlink":"https:\/\/wp.me\/p7ZJR4-gHr","jetpack_likes_enabled":false,"jetpack-related-posts":[{"id":67676,"url":"https:\/\/www.grieta.org.mx\/index.php\/2023\/08\/30\/nayarit-colectivo-de-familias-de-desaparecidos-reclaman-la-falta-de-operativos-de-busquedas\/","url_meta":{"origin":64197,"position":0},"title":"Nayarit: Colectivo de familias de desaparecidos reclaman la falta de operativos de b\u00fasquedas","author":"grieta","date":"30 agosto, 2023","format":false,"excerpt":"imagen: El Occidental Crys Benitez \/ El Occidental Tepic, Nayarit (OEM- Informex).- En el marco del\u00a0\"D\u00eda Internacional de las V\u00edctimas de Desapariciones Forzadas\", el cual se instituy\u00f3 el 21 de diciembre de 2010 por la Asamblea General de Naciones Unidas, los integrantes de la asociaci\u00f3n denominada, \"B\u00fasqueda de Desaparecidos Nayarit\",\u2026","rel":"","context":"En &quot;CINTILLO&quot;","block_context":{"text":"CINTILLO","link":"https:\/\/www.grieta.org.mx\/index.php\/category\/cintillo\/"},"img":{"alt_text":"","src":"https:\/\/i0.wp.com\/www.grieta.org.mx\/wp-content\/uploads\/2023\/09\/Colectivo-de-busqueda-de-personas-desaparecidas-en-Nayarit.jpg?resize=350%2C200&ssl=1","width":350,"height":200,"srcset":"https:\/\/i0.wp.com\/www.grieta.org.mx\/wp-content\/uploads\/2023\/09\/Colectivo-de-busqueda-de-personas-desaparecidas-en-Nayarit.jpg?resize=350%2C200&ssl=1 1x, https:\/\/i0.wp.com\/www.grieta.org.mx\/wp-content\/uploads\/2023\/09\/Colectivo-de-busqueda-de-personas-desaparecidas-en-Nayarit.jpg?resize=525%2C300&ssl=1 1.5x, https:\/\/i0.wp.com\/www.grieta.org.mx\/wp-content\/uploads\/2023\/09\/Colectivo-de-busqueda-de-personas-desaparecidas-en-Nayarit.jpg?resize=700%2C400&ssl=1 2x"},"classes":[]},{"id":59108,"url":"https:\/\/www.grieta.org.mx\/index.php\/2021\/04\/26\/colectivo-de-familias-unidas-localizan-fosas-clandestinas-en-ixtlan-del-rio-nayarit\/","url_meta":{"origin":64197,"position":1},"title":"Colectivo de Familias Unidas localizan fosas clandestinas en Ixtl\u00e1n del R\u00edo (Nayarit)","author":"grieta","date":"26 abril, 2021","format":false,"excerpt":"Foto: Realidades de Nayarit Fueron halladas en Ixtl\u00e1n del R\u00edo por colectivos de Familias Unidas Wilfrido Elenes Luna \/ Realidades de Nayarti Ixtl\u00e1n del R\u00edo; lunes 26 de abril del 2021.- Nuevamente en forma sospechosa los integrantes de la Fiscal\u00eda que deber\u00edan estar investigando el caso fueron sobrepasados o simplemente\u2026","rel":"","context":"En &quot;CINTILLO&quot;","block_context":{"text":"CINTILLO","link":"https:\/\/www.grieta.org.mx\/index.php\/category\/cintillo\/"},"img":{"alt_text":"","src":"https:\/\/i0.wp.com\/www.grieta.org.mx\/wp-content\/uploads\/2021\/05\/fosa.jpg?resize=350%2C200&ssl=1","width":350,"height":200,"srcset":"https:\/\/i0.wp.com\/www.grieta.org.mx\/wp-content\/uploads\/2021\/05\/fosa.jpg?resize=350%2C200&ssl=1 1x, https:\/\/i0.wp.com\/www.grieta.org.mx\/wp-content\/uploads\/2021\/05\/fosa.jpg?resize=525%2C300&ssl=1 1.5x, https:\/\/i0.wp.com\/www.grieta.org.mx\/wp-content\/uploads\/2021\/05\/fosa.jpg?resize=700%2C400&ssl=1 2x"},"classes":[]},{"id":49978,"url":"https:\/\/www.grieta.org.mx\/index.php\/2020\/05\/24\/colectivo-de-familias-unidas-localizo-una-nueva-narcofosa-nayarit\/","url_meta":{"origin":64197,"position":2},"title":"Colectivo de Familias Unidas localiz\u00f3 una nueva narcofosa (Nayarit)","author":"grieta","date":"24 mayo, 2020","format":false,"excerpt":"Foto: Realidades de Nayarit Wilfrido Elenes Luna \/ Realidades de Nayarit Tepic, Nayarit.- Domingo 24 de mayo del 2020.- Mientras la unidad de b\u00fasqueda canina, de la Polic\u00eda Estatal Preventiva duerme el sue\u00f1o de los justos y solo sirve para hacer gastos injustificables y los Agentes Investigadores de la misma\u2026","rel":"","context":"En &quot;CINTILLO&quot;","block_context":{"text":"CINTILLO","link":"https:\/\/www.grieta.org.mx\/index.php\/category\/cintillo\/"},"img":{"alt_text":"","src":"https:\/\/i0.wp.com\/www.grieta.org.mx\/wp-content\/uploads\/2020\/05\/fosas.jpg?resize=350%2C200&ssl=1","width":350,"height":200,"srcset":"https:\/\/i0.wp.com\/www.grieta.org.mx\/wp-content\/uploads\/2020\/05\/fosas.jpg?resize=350%2C200&ssl=1 1x, https:\/\/i0.wp.com\/www.grieta.org.mx\/wp-content\/uploads\/2020\/05\/fosas.jpg?resize=525%2C300&ssl=1 1.5x, https:\/\/i0.wp.com\/www.grieta.org.mx\/wp-content\/uploads\/2020\/05\/fosas.jpg?resize=700%2C400&ssl=1 2x"},"classes":[]},{"id":59410,"url":"https:\/\/www.grieta.org.mx\/index.php\/2021\/05\/10\/hasta-encontrarlos-madres-de-desaparecidos-reiteran-su-promesa-este-10-de-may-nayarit\/","url_meta":{"origin":64197,"position":3},"title":"\u00a1Hasta encontrarlos!: Madres de desaparecidos reiteran su promesa este 10 de may (Nayarit)","author":"grieta","date":"10 mayo, 2021","format":false,"excerpt":"Foto: Ilustrativa Oscar Gil \/ Meridiano.MX FESTEJO DOLOROSO; Madres de personas desaparecidas, arropadas por distintos colectivos, festejaron muy a su manera, recordando en el parque a La Madre de Tepic a sus hijas e hijos, a la vez que hacen un llamado a las autoridades de reforzar sus acciones para\u2026","rel":"","context":"En &quot;CINTILLO&quot;","block_context":{"text":"CINTILLO","link":"https:\/\/www.grieta.org.mx\/index.php\/category\/cintillo\/"},"img":{"alt_text":"","src":"https:\/\/i0.wp.com\/www.grieta.org.mx\/wp-content\/uploads\/2021\/05\/colectivos-protestan-ante-nuevos-lineamientos-de-la-ceav-233709.jpeg?resize=350%2C200&ssl=1","width":350,"height":200,"srcset":"https:\/\/i0.wp.com\/www.grieta.org.mx\/wp-content\/uploads\/2021\/05\/colectivos-protestan-ante-nuevos-lineamientos-de-la-ceav-233709.jpeg?resize=350%2C200&ssl=1 1x, https:\/\/i0.wp.com\/www.grieta.org.mx\/wp-content\/uploads\/2021\/05\/colectivos-protestan-ante-nuevos-lineamientos-de-la-ceav-233709.jpeg?resize=525%2C300&ssl=1 1.5x, https:\/\/i0.wp.com\/www.grieta.org.mx\/wp-content\/uploads\/2021\/05\/colectivos-protestan-ante-nuevos-lineamientos-de-la-ceav-233709.jpeg?resize=700%2C400&ssl=1 2x"},"classes":[]},{"id":56829,"url":"https:\/\/www.grieta.org.mx\/index.php\/2021\/02\/02\/ola-de-levantones-azota-a-nayarit-denuncia-colectivo-familias-unidas-por-nayarit\/","url_meta":{"origin":64197,"position":4},"title":"Ola de levantones azota a Nayarit, denuncia colectivo \u201cFamilias Unidas por Nayarit\u201d","author":"grieta","date":"2 febrero, 2021","format":false,"excerpt":"Foto: Realidades de Nayarit Tan solo en el mes de enero hubo 13 \u201clevantones\u201d; el colectivo \u201cFamilias Unidas por Nayarit\u201d teme que \u00e9stos arrecien en los \u00faltimos meses Mildra Ben\u00edtez Robledo \/ Realidades de Nayarit Tepic, Nayarit.- Martes 02 de febrero del 2021.- En lo que va del a\u00f1o en\u2026","rel":"","context":"En &quot;CINTILLO&quot;","block_context":{"text":"CINTILLO","link":"https:\/\/www.grieta.org.mx\/index.php\/category\/cintillo\/"},"img":{"alt_text":"","src":"https:\/\/i0.wp.com\/www.grieta.org.mx\/wp-content\/uploads\/2021\/02\/1-2.jpg?resize=350%2C200&ssl=1","width":350,"height":200,"srcset":"https:\/\/i0.wp.com\/www.grieta.org.mx\/wp-content\/uploads\/2021\/02\/1-2.jpg?resize=350%2C200&ssl=1 1x, https:\/\/i0.wp.com\/www.grieta.org.mx\/wp-content\/uploads\/2021\/02\/1-2.jpg?resize=525%2C300&ssl=1 1.5x, https:\/\/i0.wp.com\/www.grieta.org.mx\/wp-content\/uploads\/2021\/02\/1-2.jpg?resize=700%2C400&ssl=1 2x"},"classes":[]},{"id":56398,"url":"https:\/\/www.grieta.org.mx\/index.php\/2021\/01\/16\/encuentran-nueva-fosa-clandestina-nayarit\/","url_meta":{"origin":64197,"position":5},"title":"Encuentran nueva fosa clandestina (Nayarit)","author":"grieta","date":"16 enero, 2021","format":false,"excerpt":"Foto: Realidades de Nayarit Fue localizada en la comunidad de San Luis de Lozada Mildra Ben\u00edtez Robledo Tepic, Nayarit.- S\u00e1bado 16 de enero del 2021.- El colectivo Familias Unidas por Nayarit, este viernes confirma a trav\u00e9s de su cuenta oficial de Facebook el hallazgo de una nueva fosa clandestina en\u2026","rel":"","context":"En &quot;CINTILLO&quot;","block_context":{"text":"CINTILLO","link":"https:\/\/www.grieta.org.mx\/index.php\/category\/cintillo\/"},"img":{"alt_text":"","src":"https:\/\/i0.wp.com\/www.grieta.org.mx\/wp-content\/uploads\/2021\/01\/fosa-1-696x522-1.jpg?resize=350%2C200&ssl=1","width":350,"height":200,"srcset":"https:\/\/i0.wp.com\/www.grieta.org.mx\/wp-content\/uploads\/2021\/01\/fosa-1-696x522-1.jpg?resize=350%2C200&ssl=1 1x, https:\/\/i0.wp.com\/www.grieta.org.mx\/wp-content\/uploads\/2021\/01\/fosa-1-696x522-1.jpg?resize=525%2C300&ssl=1 1.5x"},"classes":[]}],"_links":{"self":[{"href":"https:\/\/www.grieta.org.mx\/index.php\/wp-json\/wp\/v2\/posts\/64197","targetHints":{"allow":["GET"]}}],"collection":[{"href":"https:\/\/www.grieta.org.mx\/index.php\/wp-json\/wp\/v2\/posts"}],"about":[{"href":"https:\/\/www.grieta.org.mx\/index.php\/wp-json\/wp\/v2\/types\/post"}],"author":[{"embeddable":true,"href":"https:\/\/www.grieta.org.mx\/index.php\/wp-json\/wp\/v2\/users\/2"}],"replies":[{"embeddable":true,"href":"https:\/\/www.grieta.org.mx\/index.php\/wp-json\/wp\/v2\/comments?post=64197"}],"version-history":[{"count":1,"href":"https:\/\/www.grieta.org.mx\/index.php\/wp-json\/wp\/v2\/posts\/64197\/revisions"}],"predecessor-version":[{"id":64199,"href":"https:\/\/www.grieta.org.mx\/index.php\/wp-json\/wp\/v2\/posts\/64197\/revisions\/64199"}],"wp:featuredmedia":[{"embeddable":true,"href":"https:\/\/www.grieta.org.mx\/index.php\/wp-json\/wp\/v2\/media\/64198"}],"wp:attachment":[{"href":"https:\/\/www.grieta.org.mx\/index.php\/wp-json\/wp\/v2\/media?parent=64197"}],"wp:term":[{"taxonomy":"category","embeddable":true,"href":"https:\/\/www.grieta.org.mx\/index.php\/wp-json\/wp\/v2\/categories?post=64197"},{"taxonomy":"post_tag","embeddable":true,"href":"https:\/\/www.grieta.org.mx\/index.php\/wp-json\/wp\/v2\/tags?post=64197"}],"curies":[{"name":"wp","href":"https:\/\/api.w.org\/{rel}","templated":true}]}}