{"id":64185,"date":"2022-05-08T22:22:11","date_gmt":"2022-05-09T03:22:11","guid":{"rendered":"https:\/\/www.grieta.org.mx\/?p=64185"},"modified":"2022-05-13T14:03:47","modified_gmt":"2022-05-13T19:03:47","slug":"en-irapuato-la-crisis-de-inseguridad-se-agrava-con-una-policia-que-torturo-a-feministas-guanajuato","status":"publish","type":"post","link":"https:\/\/www.grieta.org.mx\/index.php\/2022\/05\/08\/en-irapuato-la-crisis-de-inseguridad-se-agrava-con-una-policia-que-torturo-a-feministas-guanajuato\/","title":{"rendered":"En Irapuato la crisis de inseguridad se agrava con una polic\u00eda que tortur\u00f3 a feministas (Guanajuato)"},"content":{"rendered":"<p><strong>\u201cYo cre\u00ed que me iban a matar\u201d, narran mujeres torturadas por polic\u00edas municipales capacitadas como \u201cPolic\u00eda de g\u00e9nero\u201d que detuvieron a 28 personas en la protesta del 1 de mayo; v\u00edctimas denuncian que sigue el acoso<\/strong><\/p>\n<p>POPLab, 08 de mayo de 2022<br \/>\nCon informaci\u00f3n de Edith Dom\u00ednguez y Yajaira Gasca<\/p>\n<p>Las manifestantes de la marcha feministas de Irapuato creyeron que no iban a sobrevivir cuando estuvieron retenidas al interior de la Presidencia Municipal de Irapuato, pues polic\u00edas municipales supuestamente preparadas en temas de g\u00e9nero, amenazaron con asesinarlas: \u201cte voy a cortar la cabeza\u201d, \u201clas vamos a quemar\u201d, \u201clas vamos a violar y a desaparecer\u201d.<\/p>\n<p>De acuerdo con el art\u00edculo 264 del C\u00f3digo Penal para el Estado de Guanajuato, un servidor p\u00fablico comete tortura cuando \u201ccon motivo de sus funciones, por s\u00ed o por medio de otra persona, inflije a una persona dolores o sufrimientos f\u00edsicos o mentales, con el fin de obtener, de ella o de un tercero, informaci\u00f3n o una confesi\u00f3n, de investigaci\u00f3n, de castigarla por un acto que haya cometido o se sospeche que ha cometido, de intimidar o coaccionar a esa persona o a otras para que realicen o dejen de realizar una conducta determinada\u201d.<\/p>\n<p>Organizaciones feministas, activistas y organizaciones civiles no tienen dudas de que las detenidas en la marcha contra las desapariciones y los feminicidios ocurrida el primero de mayo en Irapuato, fueron torturadas.<\/p>\n<figure id=\"attachment_64186\" aria-describedby=\"caption-attachment-64186\" style=\"width: 750px\" class=\"wp-caption alignnone\"><img loading=\"lazy\" decoding=\"async\" data-attachment-id=\"64186\" data-permalink=\"https:\/\/www.grieta.org.mx\/index.php\/2022\/05\/08\/en-irapuato-la-crisis-de-inseguridad-se-agrava-con-una-policia-que-torturo-a-feministas-guanajuato\/irapuato_rep_2\/\" data-orig-file=\"https:\/\/www.grieta.org.mx\/wp-content\/uploads\/2022\/05\/irapuato_rep_2.jpg\" data-orig-size=\"1920,1080\" data-comments-opened=\"0\" data-image-meta=\"{&quot;aperture&quot;:&quot;0&quot;,&quot;credit&quot;:&quot;&quot;,&quot;camera&quot;:&quot;&quot;,&quot;caption&quot;:&quot;&quot;,&quot;created_timestamp&quot;:&quot;0&quot;,&quot;copyright&quot;:&quot;&quot;,&quot;focal_length&quot;:&quot;0&quot;,&quot;iso&quot;:&quot;0&quot;,&quot;shutter_speed&quot;:&quot;0&quot;,&quot;title&quot;:&quot;&quot;,&quot;orientation&quot;:&quot;0&quot;}\" data-image-title=\"irapuato_rep_2\" data-image-description=\"\" data-image-caption=\"&lt;p&gt;Foto: Tomada de videos&lt;\/p&gt;\n\" data-medium-file=\"https:\/\/www.grieta.org.mx\/wp-content\/uploads\/2022\/05\/irapuato_rep_2-300x169.jpg\" data-large-file=\"https:\/\/www.grieta.org.mx\/wp-content\/uploads\/2022\/05\/irapuato_rep_2-1024x576.jpg\" class=\"wp-image-64186\" src=\"http:\/\/www.grieta.org.mx\/wp-content\/uploads\/2022\/05\/irapuato_rep_2.jpg\" alt=\"\" width=\"750\" height=\"422\" srcset=\"https:\/\/www.grieta.org.mx\/wp-content\/uploads\/2022\/05\/irapuato_rep_2.jpg 1920w, https:\/\/www.grieta.org.mx\/wp-content\/uploads\/2022\/05\/irapuato_rep_2-300x169.jpg 300w, https:\/\/www.grieta.org.mx\/wp-content\/uploads\/2022\/05\/irapuato_rep_2-1024x576.jpg 1024w, https:\/\/www.grieta.org.mx\/wp-content\/uploads\/2022\/05\/irapuato_rep_2-768x432.jpg 768w, https:\/\/www.grieta.org.mx\/wp-content\/uploads\/2022\/05\/irapuato_rep_2-1536x864.jpg 1536w\" sizes=\"auto, (max-width: 750px) 100vw, 750px\" \/><figcaption id=\"caption-attachment-64186\" class=\"wp-caption-text\">Foto: Tomada de videos<\/figcaption><\/figure>\n<p>Sobre las agresiones, las evidencias quedaron grabadas en v\u00eddeos que siguen circulando en redes sociales y por los propios testimonios de las afectadas, quienes hoy aseguran siguen teniendo miedo porque tras la detenci\u00f3n siguen sufriendo el hostigamiento de agentes municipales en su hogares y trabajos.<\/p>\n<p>La Plataforma por la Paz y la Justicia en Guanajuato tiene adem\u00e1s una preocupaci\u00f3n sobre el probable papel activo que podr\u00edan estar teniendo elementos de la polic\u00eda municipal en casos de desaparici\u00f3n, esto por las amenazas que lanzaron contra la detenidas.<\/p>\n<p>La situaci\u00f3n profundiza la crisis de desconfianza que existe contra corporaciones policiacas en Irapuato despu\u00e9s del asesinato \u00c1ngel Yael Ignacio Rangel, joven estudiante del cuarto semestre de Ingenier\u00eda en Agronom\u00eda de la Divisi\u00f3n de Ciencias de la Vida (Diciva) de la Universidad de Guanajuato, por un elemento de la Guardia Nacional.<\/p>\n<p><strong>Atemorizan a manifestantes con amenazas; hay indicios de agresiones sexuales<\/strong><\/p>\n<p>Un grupo de seis mujeres polic\u00edas con distintivos violeta, supuestamente capacitadas con perspectiva de g\u00e9nero, la rodearon y comenzaron a golpearla. Luego la arrastraron hasta la Presidencia Municipal, lo que ocasion\u00f3 que su pantal\u00f3n se le bajara y se le raspara la espalda.<\/p>\n<p>Este relato lo hizo una de las v\u00edctimas a trav\u00e9s de redes sociales. \u201cMe ahorcaron con mi camisa y ya estando adentro nos empezaron a amenazar, nos dijeron que nos iban a cortar la cabeza\u201d, relat\u00f3.<\/p>\n<p>Aunque fueron 28 las manifestantes detenidas, ella asegur\u00f3 que hab\u00eda m\u00e1s de 80 mujeres retenidas en el interior de la Presidencia Municipal. Se desconoce si las dem\u00e1s fueron liberadas o qu\u00e9 sucedi\u00f3 con ellas.<\/p>\n<figure id=\"attachment_64187\" aria-describedby=\"caption-attachment-64187\" style=\"width: 750px\" class=\"wp-caption alignnone\"><img loading=\"lazy\" decoding=\"async\" data-attachment-id=\"64187\" data-permalink=\"https:\/\/www.grieta.org.mx\/index.php\/2022\/05\/08\/en-irapuato-la-crisis-de-inseguridad-se-agrava-con-una-policia-que-torturo-a-feministas-guanajuato\/fe_detenidas_4\/\" data-orig-file=\"https:\/\/www.grieta.org.mx\/wp-content\/uploads\/2022\/05\/fe_detenidas_4.jpg\" data-orig-size=\"1920,1080\" data-comments-opened=\"0\" data-image-meta=\"{&quot;aperture&quot;:&quot;0&quot;,&quot;credit&quot;:&quot;&quot;,&quot;camera&quot;:&quot;&quot;,&quot;caption&quot;:&quot;&quot;,&quot;created_timestamp&quot;:&quot;0&quot;,&quot;copyright&quot;:&quot;&quot;,&quot;focal_length&quot;:&quot;0&quot;,&quot;iso&quot;:&quot;0&quot;,&quot;shutter_speed&quot;:&quot;0&quot;,&quot;title&quot;:&quot;&quot;,&quot;orientation&quot;:&quot;0&quot;}\" data-image-title=\"fe_detenidas_4\" data-image-description=\"\" data-image-caption=\"&lt;p&gt;Las detenidas fueron liberadas 30 horas despu\u00e9s de la manifestaci\u00f3n foto: Edith Dom\u00ednguez&lt;\/p&gt;\n\" data-medium-file=\"https:\/\/www.grieta.org.mx\/wp-content\/uploads\/2022\/05\/fe_detenidas_4-300x169.jpg\" data-large-file=\"https:\/\/www.grieta.org.mx\/wp-content\/uploads\/2022\/05\/fe_detenidas_4-1024x576.jpg\" class=\"wp-image-64187\" src=\"http:\/\/www.grieta.org.mx\/wp-content\/uploads\/2022\/05\/fe_detenidas_4.jpg\" alt=\"\" width=\"750\" height=\"422\" srcset=\"https:\/\/www.grieta.org.mx\/wp-content\/uploads\/2022\/05\/fe_detenidas_4.jpg 1920w, https:\/\/www.grieta.org.mx\/wp-content\/uploads\/2022\/05\/fe_detenidas_4-300x169.jpg 300w, https:\/\/www.grieta.org.mx\/wp-content\/uploads\/2022\/05\/fe_detenidas_4-1024x576.jpg 1024w, https:\/\/www.grieta.org.mx\/wp-content\/uploads\/2022\/05\/fe_detenidas_4-768x432.jpg 768w, https:\/\/www.grieta.org.mx\/wp-content\/uploads\/2022\/05\/fe_detenidas_4-1536x864.jpg 1536w\" sizes=\"auto, (max-width: 750px) 100vw, 750px\" \/><figcaption id=\"caption-attachment-64187\" class=\"wp-caption-text\">Las detenidas fueron liberadas 30 horas despu\u00e9s de la manifestaci\u00f3n foto: Edith Dom\u00ednguez<\/figcaption><\/figure>\n<p>\u201cNos echaron alcohol en la cara y en el cuerpo y nos dijeron que nos iban a quemar y yo escuch\u00e9 que dijeron \u2018p\u00e1same los cerillos para quemar a estas culeras\u2019, dijeron que ni siquiera se iban a dar cuenta y que no iban a hacer nada de que nos hab\u00edan matado\u201d, record\u00f3.<\/p>\n<p>Les bajaron el pantal\u00f3n a las j\u00f3venes que permanec\u00edan retenidas, pero ella asegur\u00f3 que no se dej\u00f3 tocar y por ello recibi\u00f3 macanazos en distintas partes del cuerpo, incluida una herida profunda que se hizo en la pierna.<\/p>\n<p>Tambi\u00e9n fue testigo de como a una compa\u00f1era la \u201cnalguearon&#8221; los polic\u00edas, esto cuando les hicieron bajarse los pantalones a varias de ellas. Esta versi\u00f3n sobre los hechos la han mencionado varias de las afectadas, lo que indica que tambi\u00e9n hubo agresiones de tipo sexual y amenazas de violaci\u00f3n con los toletes que normalmente portan.<\/p>\n<p>Los agentes municipales, de los que se sabe hab\u00eda m\u00e1s de 100 al interior de la Presidencia Municipal, tambi\u00e9n las amenazaron con violarlas con los toletes que portaban. Las agresiones ocurrieron a la vista de elementos de Protecci\u00f3n Civil y de Tr\u00e1nsito, quienes no intervinieron para detener la violencia.<\/p>\n<figure id=\"attachment_64188\" aria-describedby=\"caption-attachment-64188\" style=\"width: 750px\" class=\"wp-caption alignnone\"><img loading=\"lazy\" decoding=\"async\" data-attachment-id=\"64188\" data-permalink=\"https:\/\/www.grieta.org.mx\/index.php\/2022\/05\/08\/en-irapuato-la-crisis-de-inseguridad-se-agrava-con-una-policia-que-torturo-a-feministas-guanajuato\/fe_detenidas_2\/\" data-orig-file=\"https:\/\/www.grieta.org.mx\/wp-content\/uploads\/2022\/05\/fe_detenidas_2.jpg\" data-orig-size=\"1920,1080\" data-comments-opened=\"0\" data-image-meta=\"{&quot;aperture&quot;:&quot;0&quot;,&quot;credit&quot;:&quot;&quot;,&quot;camera&quot;:&quot;&quot;,&quot;caption&quot;:&quot;&quot;,&quot;created_timestamp&quot;:&quot;0&quot;,&quot;copyright&quot;:&quot;&quot;,&quot;focal_length&quot;:&quot;0&quot;,&quot;iso&quot;:&quot;0&quot;,&quot;shutter_speed&quot;:&quot;0&quot;,&quot;title&quot;:&quot;&quot;,&quot;orientation&quot;:&quot;0&quot;}\" data-image-title=\"fe_detenidas_2\" data-image-description=\"\" data-image-caption=\"&lt;p&gt;Familias esperaron afuera de los separos a las afectadas Foto: Edith Dom\u00ednguez&lt;\/p&gt;\n\" data-medium-file=\"https:\/\/www.grieta.org.mx\/wp-content\/uploads\/2022\/05\/fe_detenidas_2-300x169.jpg\" data-large-file=\"https:\/\/www.grieta.org.mx\/wp-content\/uploads\/2022\/05\/fe_detenidas_2-1024x576.jpg\" class=\"wp-image-64188\" src=\"http:\/\/www.grieta.org.mx\/wp-content\/uploads\/2022\/05\/fe_detenidas_2.jpg\" alt=\"\" width=\"750\" height=\"422\" srcset=\"https:\/\/www.grieta.org.mx\/wp-content\/uploads\/2022\/05\/fe_detenidas_2.jpg 1920w, https:\/\/www.grieta.org.mx\/wp-content\/uploads\/2022\/05\/fe_detenidas_2-300x169.jpg 300w, https:\/\/www.grieta.org.mx\/wp-content\/uploads\/2022\/05\/fe_detenidas_2-1024x576.jpg 1024w, https:\/\/www.grieta.org.mx\/wp-content\/uploads\/2022\/05\/fe_detenidas_2-768x432.jpg 768w, https:\/\/www.grieta.org.mx\/wp-content\/uploads\/2022\/05\/fe_detenidas_2-1536x864.jpg 1536w\" sizes=\"auto, (max-width: 750px) 100vw, 750px\" \/><figcaption id=\"caption-attachment-64188\" class=\"wp-caption-text\">Familias esperaron afuera de los separos a las afectadas Foto: Edith Dom\u00ednguez<\/figcaption><\/figure>\n<p>\u201cVi que a una compa\u00f1era (una mujer polic\u00eda) le baj\u00f3 el pantal\u00f3n y la empezaron a dar nalgadas, despu\u00e9s de eso nos tiraron al piso, no nos dejaban golpear, cada que yo levantaba la cabeza me azotaban contra el piso, todas eran mujeres polic\u00eda\u201d, se\u00f1al\u00f3 otra de las detenidas en una entrevista.<\/p>\n<p>Adolorida del cuerpo y con miedo de hablar sobre los abusos que sufri\u00f3, otra v\u00edctima de 22 a\u00f1os relat\u00f3 en una entrevista el miedo que vivi\u00f3 durante la detenci\u00f3n, pues pens\u00f3 que no sobrevivir\u00eda.<\/p>\n<p>\u201cYo cre\u00ed que me iban a matar de verdad, yo no pens\u00e9 salir viva de ah\u00ed, me impact\u00f3 mucho y nunca nunca voy a olvidar, levantaron a una se\u00f1ora y le dijeron \u2018c\u00e1llate o te voy a cortar la cabeza como lo hicimos con Karely y la voy a aventar al r\u00edo por andar de putas\u2019, de verdad me impact\u00f3\u201d, dijo.<\/p>\n<p>Karely es una joven que desapareci\u00f3 en diciembre de 2020 junto a cuatro personas m\u00e1s, luego de haberse reunido en una casa de la colonia Bajada de San Mart\u00edn, en Irapuato. Un mes despu\u00e9s de la desaparici\u00f3n, los j\u00f3venes fueron localizados sin vida.<\/p>\n<figure id=\"attachment_64189\" aria-describedby=\"caption-attachment-64189\" style=\"width: 640px\" class=\"wp-caption alignnone\"><img loading=\"lazy\" decoding=\"async\" data-attachment-id=\"64189\" data-permalink=\"https:\/\/www.grieta.org.mx\/index.php\/2022\/05\/08\/en-irapuato-la-crisis-de-inseguridad-se-agrava-con-una-policia-que-torturo-a-feministas-guanajuato\/3b6edd99-957a-42e8-b05f-83106ade4492\/\" data-orig-file=\"https:\/\/www.grieta.org.mx\/wp-content\/uploads\/2022\/05\/3B6EDD99-957A-42E8-B05F-83106ADE4492.jpeg\" data-orig-size=\"640,360\" data-comments-opened=\"0\" data-image-meta=\"{&quot;aperture&quot;:&quot;0&quot;,&quot;credit&quot;:&quot;&quot;,&quot;camera&quot;:&quot;&quot;,&quot;caption&quot;:&quot;&quot;,&quot;created_timestamp&quot;:&quot;0&quot;,&quot;copyright&quot;:&quot;&quot;,&quot;focal_length&quot;:&quot;0&quot;,&quot;iso&quot;:&quot;0&quot;,&quot;shutter_speed&quot;:&quot;0&quot;,&quot;title&quot;:&quot;&quot;,&quot;orientation&quot;:&quot;1&quot;}\" data-image-title=\"3B6EDD99-957A-42E8-B05F-83106ADE4492\" data-image-description=\"\" data-image-caption=\"&lt;p&gt;Karely fue una joven localizada sin vida en Irapuato- Imagen: POPLab&lt;\/p&gt;\n\" data-medium-file=\"https:\/\/www.grieta.org.mx\/wp-content\/uploads\/2022\/05\/3B6EDD99-957A-42E8-B05F-83106ADE4492-300x169.jpeg\" data-large-file=\"https:\/\/www.grieta.org.mx\/wp-content\/uploads\/2022\/05\/3B6EDD99-957A-42E8-B05F-83106ADE4492.jpeg\" class=\"wp-image-64189 size-full\" src=\"http:\/\/www.grieta.org.mx\/wp-content\/uploads\/2022\/05\/3B6EDD99-957A-42E8-B05F-83106ADE4492.jpeg\" alt=\"\" width=\"640\" height=\"360\" srcset=\"https:\/\/www.grieta.org.mx\/wp-content\/uploads\/2022\/05\/3B6EDD99-957A-42E8-B05F-83106ADE4492.jpeg 640w, https:\/\/www.grieta.org.mx\/wp-content\/uploads\/2022\/05\/3B6EDD99-957A-42E8-B05F-83106ADE4492-300x169.jpeg 300w\" sizes=\"auto, (max-width: 640px) 100vw, 640px\" \/><figcaption id=\"caption-attachment-64189\" class=\"wp-caption-text\">Karely fue una joven localizada sin vida en Irapuato- Imagen: POPLab<\/figcaption><\/figure>\n<p>El testimonio de la mujer confirma que le bajaron el pantal\u00f3n a una de las detenidas y le dieron nalgadas, las obligaron a tirarse al piso y a bajar la cabeza; cada que intentaban levantarla las azotaban contra el piso. Hasta ese momento las agresoras eran todas mujeres polic\u00eda.<\/p>\n<p>Luego se unieron agentes de tr\u00e1nsito, quienes al presentarse con el mando del grupo un llamado comandante 17, se ofrecieron a participar en los actos de brutalidad y abuso policial; la orden fue \u201cdenles en su madre a todas estas\u201d.<\/p>\n<p>\u201cNos avientan al piso a todas, todas est\u00e1bamos sobre las piernas de las compa\u00f1eras nos empiezan a aventar alcohol et\u00edlico directamente al cabello y fue cuando todas comenzamos a gritar no, no, y nos empiezan a decir \u2018ahora s\u00ed las voy a quemar\u201d, confirm\u00f3.<\/p>\n<p>De los polic\u00edas hombres que tambi\u00e9n llegaron a la Presidencia Municipal tambi\u00e9n recibieron amenazas y golpes. \u201cLes vamos a ense\u00f1ar a ser mujeres, ahora las voy a violar (le segu\u00edan diciendo los elementos); hubo un momento donde no sent\u00ed los golpes ya no sent\u00eda golpes, me bloque\u00e9, simplemente ped\u00eda que por favor saliera con vida\u201d.<br \/>\nMarchan por familiar desaparecido y reciben m\u00e1s violencia<\/p>\n<p>\u201cTodas empezamos a correr (despu\u00e9s de los disturbios) perdimos la vista (a mi sobrina de 10 a\u00f1os) y por eso me llevaron por buscar a mi sobrina. Yo hab\u00eda asistido a la marcha porque estaba en el bloque de desaparecidos porque tengo un familiar desaparecido\u201d record\u00f3 otra v\u00edctima mientras entrelaza sus manos, evidentemente nerviosa.<\/p>\n<p>Cuando la persecuci\u00f3n en la plaza Fundadores estaba en su momento m\u00e1s cr\u00edtico, ella buscaba con desesperaci\u00f3n a su prima y al toparse con una polic\u00eda \u00e9sta le dijo \u201cvete de aqu\u00ed, vete de aqu\u00ed culera o te va a tocar a ti\u201d.<\/p>\n<p>\u201cYo iba caminando callada, no le hac\u00eda caso y de repente me par\u00e9 con unas amigas que me dijeron que ubicaron a mi prima y fue cuando la polic\u00eda empez\u00f3 a gritar: ella tambi\u00e9n es del bloque negro, volte\u00e9 con mi amiga y le dije \u2018yo no soy del bloque negro\u2019 y me agarraron de la mano y me empezaron a pegar con la macana en los pies y en las costillas\u201d. Su amiga tambi\u00e9n fue detenida.<\/p>\n<p>Ella record\u00f3 que tras ser detenida e ingresar a la Presidencia fue recibida por una fila de polic\u00edas que le dieron cachetadas y la apoyaron contra el piso, tambi\u00e9n le quitaron su celular.<\/p>\n<figure id=\"attachment_64190\" aria-describedby=\"caption-attachment-64190\" style=\"width: 750px\" class=\"wp-caption alignnone\"><img loading=\"lazy\" decoding=\"async\" data-attachment-id=\"64190\" data-permalink=\"https:\/\/www.grieta.org.mx\/index.php\/2022\/05\/08\/en-irapuato-la-crisis-de-inseguridad-se-agrava-con-una-policia-que-torturo-a-feministas-guanajuato\/irapuato_reo\/\" data-orig-file=\"https:\/\/www.grieta.org.mx\/wp-content\/uploads\/2022\/05\/irapuato_reo.jpg\" data-orig-size=\"1920,1080\" data-comments-opened=\"0\" data-image-meta=\"{&quot;aperture&quot;:&quot;0&quot;,&quot;credit&quot;:&quot;&quot;,&quot;camera&quot;:&quot;&quot;,&quot;caption&quot;:&quot;&quot;,&quot;created_timestamp&quot;:&quot;0&quot;,&quot;copyright&quot;:&quot;&quot;,&quot;focal_length&quot;:&quot;0&quot;,&quot;iso&quot;:&quot;0&quot;,&quot;shutter_speed&quot;:&quot;0&quot;,&quot;title&quot;:&quot;&quot;,&quot;orientation&quot;:&quot;0&quot;}\" data-image-title=\"irapuato_reo\" data-image-description=\"\" data-image-caption=\"&lt;p&gt;Foto tomada de videos&lt;\/p&gt;\n\" data-medium-file=\"https:\/\/www.grieta.org.mx\/wp-content\/uploads\/2022\/05\/irapuato_reo-300x169.jpg\" data-large-file=\"https:\/\/www.grieta.org.mx\/wp-content\/uploads\/2022\/05\/irapuato_reo-1024x576.jpg\" class=\"wp-image-64190\" src=\"http:\/\/www.grieta.org.mx\/wp-content\/uploads\/2022\/05\/irapuato_reo.jpg\" alt=\"\" width=\"750\" height=\"422\" srcset=\"https:\/\/www.grieta.org.mx\/wp-content\/uploads\/2022\/05\/irapuato_reo.jpg 1920w, https:\/\/www.grieta.org.mx\/wp-content\/uploads\/2022\/05\/irapuato_reo-300x169.jpg 300w, https:\/\/www.grieta.org.mx\/wp-content\/uploads\/2022\/05\/irapuato_reo-1024x576.jpg 1024w, https:\/\/www.grieta.org.mx\/wp-content\/uploads\/2022\/05\/irapuato_reo-768x432.jpg 768w, https:\/\/www.grieta.org.mx\/wp-content\/uploads\/2022\/05\/irapuato_reo-1536x864.jpg 1536w\" sizes=\"auto, (max-width: 750px) 100vw, 750px\" \/><figcaption id=\"caption-attachment-64190\" class=\"wp-caption-text\">Foto tomada de videos<\/figcaption><\/figure>\n<p>\u201cMe quisieron pegar en mis pechos, yo me tap\u00e9 la cara para que no me pegaran\u2026 yo s\u00ed pens\u00e9 que me iba a morir, yo pens\u00e9 que ya me iba a ir, estaba dormida porque no quiero recordar nada\u201d.<\/p>\n<p>Despu\u00e9s las trasladaron en una patrulla hacia los separos, ubicados en el edificio de la Fiscal\u00eda General de Guanajuato. Como a todas, les quitaron su dinero y su celular, objetos que nunca recuper\u00f3. Tres horas despu\u00e9s de llegar, la pasaron con el m\u00e9dico legista en turno, a quien acus\u00f3 de no registrar las lesiones que ten\u00eda y s\u00f3lo les ofreci\u00f3 paracetamol para el dolor.<\/p>\n<p>Una joven de 19 a\u00f1os evidenci\u00f3 que en el ingreso a los separos, durante la revisi\u00f3n, a la mayor\u00eda de las detenidas les tocaron los pechos y confirm\u00f3 que el m\u00e9dico legista no hizo las anotaciones acordes a la situaci\u00f3n. A todas ellas las obligaron a firmar el reporte m\u00e9dico.<\/p>\n<p>\u201cNos hicieron firmarlo, lo ten\u00edamos que firmar, si no despu\u00e9s nos afectar\u00eda en el proceso; de hecho nos quer\u00edan tomar huellas dactilares, desconozco para que las quer\u00edan, quer\u00edan que firm\u00e1ramos eso y que nos tomaran fotograf\u00edas. Ninguna de mis hermanas acept\u00f3 esa petici\u00f3n de las huellas dactilares\u201d.<\/p>\n<p>Hacinadas 23 mujeres en una celda y tras mucha insistencia, durante la madrugada les prestaron una colchoneta. Pidieron agua y comida, pero nunca la recibieron, sino hasta el d\u00eda siguiente cuando pudieron ingresar sus familiares a verlas.<\/p>\n<figure id=\"attachment_64191\" aria-describedby=\"caption-attachment-64191\" style=\"width: 750px\" class=\"wp-caption alignnone\"><img loading=\"lazy\" decoding=\"async\" data-attachment-id=\"64191\" data-permalink=\"https:\/\/www.grieta.org.mx\/index.php\/2022\/05\/08\/en-irapuato-la-crisis-de-inseguridad-se-agrava-con-una-policia-que-torturo-a-feministas-guanajuato\/fe_detenidas_3\/\" data-orig-file=\"https:\/\/www.grieta.org.mx\/wp-content\/uploads\/2022\/05\/fe_detenidas_3.jpg\" data-orig-size=\"1920,1080\" data-comments-opened=\"0\" data-image-meta=\"{&quot;aperture&quot;:&quot;0&quot;,&quot;credit&quot;:&quot;&quot;,&quot;camera&quot;:&quot;&quot;,&quot;caption&quot;:&quot;&quot;,&quot;created_timestamp&quot;:&quot;0&quot;,&quot;copyright&quot;:&quot;&quot;,&quot;focal_length&quot;:&quot;0&quot;,&quot;iso&quot;:&quot;0&quot;,&quot;shutter_speed&quot;:&quot;0&quot;,&quot;title&quot;:&quot;&quot;,&quot;orientation&quot;:&quot;0&quot;}\" data-image-title=\"fe_detenidas_3\" data-image-description=\"\" data-image-caption=\"&lt;p&gt;Instalaciones de los separos en Irapuato Foto: Edith Dom\u00ednguez&lt;\/p&gt;\n\" data-medium-file=\"https:\/\/www.grieta.org.mx\/wp-content\/uploads\/2022\/05\/fe_detenidas_3-300x169.jpg\" data-large-file=\"https:\/\/www.grieta.org.mx\/wp-content\/uploads\/2022\/05\/fe_detenidas_3-1024x576.jpg\" class=\"wp-image-64191\" src=\"http:\/\/www.grieta.org.mx\/wp-content\/uploads\/2022\/05\/fe_detenidas_3.jpg\" alt=\"\" width=\"750\" height=\"422\" srcset=\"https:\/\/www.grieta.org.mx\/wp-content\/uploads\/2022\/05\/fe_detenidas_3.jpg 1920w, https:\/\/www.grieta.org.mx\/wp-content\/uploads\/2022\/05\/fe_detenidas_3-300x169.jpg 300w, https:\/\/www.grieta.org.mx\/wp-content\/uploads\/2022\/05\/fe_detenidas_3-1024x576.jpg 1024w, https:\/\/www.grieta.org.mx\/wp-content\/uploads\/2022\/05\/fe_detenidas_3-768x432.jpg 768w, https:\/\/www.grieta.org.mx\/wp-content\/uploads\/2022\/05\/fe_detenidas_3-1536x864.jpg 1536w\" sizes=\"auto, (max-width: 750px) 100vw, 750px\" \/><figcaption id=\"caption-attachment-64191\" class=\"wp-caption-text\">Instalaciones de los separos en Irapuato Foto: Edith Dom\u00ednguez<\/figcaption><\/figure>\n<p>\u201cEntr\u00e9 a ver a mi nieta, me la golpearon, tiene 13 a\u00f1os y mi hija me dijo que uno de los comandantes le dijo que si se met\u00eda le iba a mochar la cabeza, as\u00ed le dijo y a mi ni\u00f1a le duelen mucho sus costillas porque la golpearon. Tiene 13 a\u00f1os, \u00bfc\u00f3mo es posible que nos hagan \u00e9sto estos polic\u00edas?\u201d, inform\u00f3 la abuela de una joven despu\u00e9s de verla en los separos. Hoy se sabe que de las 28 detenidas, cinco eran menores de edad y todas fueron tratadas de la misma forma.<\/p>\n<p>Las manifestantes duraron casi 30 horas detenidas, despu\u00e9s de que la organizaci\u00f3n Las Libres que encabeza la activista Ver\u00f3nica Cruz S\u00e1nchez intervin\u00f3 y pidi\u00f3 informaci\u00f3n sobre cada uno de los casos. Adem\u00e1s, colectivos feministas de diferentes ciudades realizaron movilizaciones a trav\u00e9s de redes sociales para hacer la misma exigencia.<\/p>\n<p><strong>Se\u00f1ala activista probable participaci\u00f3n de polic\u00edas en desapariciones<\/strong><\/p>\n<p>A decir de Raymundo Sandoval, acad\u00e9mico e integrante de la Plataforma por la Paz y la Justicia en Guanajuato, las amenazas que hicieron los agentes municipales contra las detenidas dejan en evidencia de que podr\u00eda haber participaci\u00f3n de las corporaciones en la desaparici\u00f3n de personas en Irapuato.<\/p>\n<p>\u201cDe \u2018las vamos a quemar\u2019, que haya habido tocamientos de car\u00e1cter \u00edntimo, amenazas de contenido sexual y que se refirieron espec\u00edficamente al tema de desapariciones de mujeres parece que no solo muestra la intenci\u00f3n de ejercer da\u00f1o, sino que incluso podr\u00eda configurar la probable participaci\u00f3n de estos cuerpos policiacos en las desapariciones; no solo (podr\u00eda) alcanzar el da\u00f1o f\u00edsico, psicol\u00f3gico que infringieron contra el grupo, eventualmente podr\u00eda hasta considerarse que son afirmaciones de que han participado en otros mecanismos de desaparici\u00f3n los cuerpos policiacos de Irapuato\u201d, recalc\u00f3, en relaci\u00f3n a la menci\u00f3n de Karely.<\/p>\n<p>Raymundo Sandoval dijo que por el c\u00f3mo describieron los polic\u00edas casos particulares de desapariciones \u201cno solamente implica un modus operandi mec\u00e1nico o instrumental, sino que tiene una l\u00f3gica basada en redes de criminalidad y en el soporte que se podr\u00eda dar en este caso pertenecer a un cuerpo policiaco\u201d.<\/p>\n<figure id=\"attachment_64192\" aria-describedby=\"caption-attachment-64192\" style=\"width: 750px\" class=\"wp-caption alignnone\"><img loading=\"lazy\" decoding=\"async\" data-attachment-id=\"64192\" data-permalink=\"https:\/\/www.grieta.org.mx\/index.php\/2022\/05\/08\/en-irapuato-la-crisis-de-inseguridad-se-agrava-con-una-policia-que-torturo-a-feministas-guanajuato\/salida_fe_detenidas\/\" data-orig-file=\"https:\/\/www.grieta.org.mx\/wp-content\/uploads\/2022\/05\/salida_fe_detenidas.jpg\" data-orig-size=\"1920,1080\" data-comments-opened=\"0\" data-image-meta=\"{&quot;aperture&quot;:&quot;0&quot;,&quot;credit&quot;:&quot;&quot;,&quot;camera&quot;:&quot;&quot;,&quot;caption&quot;:&quot;&quot;,&quot;created_timestamp&quot;:&quot;0&quot;,&quot;copyright&quot;:&quot;&quot;,&quot;focal_length&quot;:&quot;0&quot;,&quot;iso&quot;:&quot;0&quot;,&quot;shutter_speed&quot;:&quot;0&quot;,&quot;title&quot;:&quot;&quot;,&quot;orientation&quot;:&quot;0&quot;}\" data-image-title=\"salida_fe_detenidas\" data-image-description=\"\" data-image-caption=\"&lt;p&gt;Reencuentro de familias tras detenci\u00f3n Foto: Edith Dom\u00ednguez&lt;\/p&gt;\n\" data-medium-file=\"https:\/\/www.grieta.org.mx\/wp-content\/uploads\/2022\/05\/salida_fe_detenidas-300x169.jpg\" data-large-file=\"https:\/\/www.grieta.org.mx\/wp-content\/uploads\/2022\/05\/salida_fe_detenidas-1024x576.jpg\" class=\"wp-image-64192\" src=\"http:\/\/www.grieta.org.mx\/wp-content\/uploads\/2022\/05\/salida_fe_detenidas.jpg\" alt=\"\" width=\"750\" height=\"422\" srcset=\"https:\/\/www.grieta.org.mx\/wp-content\/uploads\/2022\/05\/salida_fe_detenidas.jpg 1920w, https:\/\/www.grieta.org.mx\/wp-content\/uploads\/2022\/05\/salida_fe_detenidas-300x169.jpg 300w, https:\/\/www.grieta.org.mx\/wp-content\/uploads\/2022\/05\/salida_fe_detenidas-1024x576.jpg 1024w, https:\/\/www.grieta.org.mx\/wp-content\/uploads\/2022\/05\/salida_fe_detenidas-768x432.jpg 768w, https:\/\/www.grieta.org.mx\/wp-content\/uploads\/2022\/05\/salida_fe_detenidas-1536x864.jpg 1536w\" sizes=\"auto, (max-width: 750px) 100vw, 750px\" \/><figcaption id=\"caption-attachment-64192\" class=\"wp-caption-text\">Reencuentro de familias tras detenci\u00f3n Foto: Edith Dom\u00ednguez<\/figcaption><\/figure>\n<p>\u201cDescriben acciones espec\u00edficas que pueden ser parte del modus operandi de un dispositivo desaparecedor, donde el cuerpo policiaco podr\u00eda tener un papel activo\u201d, recalc\u00f3.<\/p>\n<p>Consider\u00f3 que los agentes ten\u00edan la responsabilidad de detener en flagrancia a las presuntas responsables por los presuntos da\u00f1os y lesiones, pero realizaron los aseguramientos de forma aleatoria.<\/p>\n<p>\u201cNo estaban dirigidas a configurar la flagrancia, no estaban buscando a quienes eran responsables, sino dar un mensaje de miedo e intimidaci\u00f3n y eventualmente operar el dispositivo desparecedor y de tortura sexual en contra de las feministas; eso es m\u00e1s grave que una actuaci\u00f3n policial, una estrategia orquestada desde el gobierno municipal que adem\u00e1s despu\u00e9s fue ratificada con el discurso de la propia alcaldesa\u201d.<\/p>\n<p>La presidenta municipal, Lorena Alfaro Garc\u00eda valid\u00f3 el actuar de las integrantes de la corporaci\u00f3n, aunque despu\u00e9s rectific\u00f3 y reconoci\u00f3 el abuso policial. Adem\u00e1s afirm\u00f3 que ya hay una investigaci\u00f3n a trav\u00e9s de la instancia interna de la polic\u00eda.<\/p>\n<figure id=\"attachment_64193\" aria-describedby=\"caption-attachment-64193\" style=\"width: 589px\" class=\"wp-caption alignnone\"><img loading=\"lazy\" decoding=\"async\" data-attachment-id=\"64193\" data-permalink=\"https:\/\/www.grieta.org.mx\/index.php\/2022\/05\/08\/en-irapuato-la-crisis-de-inseguridad-se-agrava-con-una-policia-que-torturo-a-feministas-guanajuato\/mensaje_de_lorena_8m\/\" data-orig-file=\"https:\/\/www.grieta.org.mx\/wp-content\/uploads\/2022\/05\/Mensaje_de_Lorena_8M.png\" data-orig-size=\"589,678\" data-comments-opened=\"0\" data-image-meta=\"{&quot;aperture&quot;:&quot;0&quot;,&quot;credit&quot;:&quot;&quot;,&quot;camera&quot;:&quot;&quot;,&quot;caption&quot;:&quot;&quot;,&quot;created_timestamp&quot;:&quot;0&quot;,&quot;copyright&quot;:&quot;&quot;,&quot;focal_length&quot;:&quot;0&quot;,&quot;iso&quot;:&quot;0&quot;,&quot;shutter_speed&quot;:&quot;0&quot;,&quot;title&quot;:&quot;&quot;,&quot;orientation&quot;:&quot;0&quot;}\" data-image-title=\"Mensaje_de_Lorena_8M\" data-image-description=\"\" data-image-caption=\"&lt;p&gt;Mensaje que comparti\u00f3 la presidenta municipal&lt;\/p&gt;\n\" data-medium-file=\"https:\/\/www.grieta.org.mx\/wp-content\/uploads\/2022\/05\/Mensaje_de_Lorena_8M-261x300.png\" data-large-file=\"https:\/\/www.grieta.org.mx\/wp-content\/uploads\/2022\/05\/Mensaje_de_Lorena_8M.png\" class=\"wp-image-64193 size-full\" src=\"http:\/\/www.grieta.org.mx\/wp-content\/uploads\/2022\/05\/Mensaje_de_Lorena_8M.png\" alt=\"\" width=\"589\" height=\"678\" srcset=\"https:\/\/www.grieta.org.mx\/wp-content\/uploads\/2022\/05\/Mensaje_de_Lorena_8M.png 589w, https:\/\/www.grieta.org.mx\/wp-content\/uploads\/2022\/05\/Mensaje_de_Lorena_8M-261x300.png 261w\" sizes=\"auto, (max-width: 589px) 100vw, 589px\" \/><figcaption id=\"caption-attachment-64193\" class=\"wp-caption-text\">Mensaje que comparti\u00f3 la presidenta municipal. Imagen: tomada de POPLab<\/figcaption><\/figure>\n<p>\u201cLo sucedido se debe ubicar desde la perspectiva de protesta social y la defensa de los derechos humanos, manifestaci\u00f3n que se realiz\u00f3 en funci\u00f3n de las desapariciones y feminicidios de mujeres. La configuraci\u00f3n de lo pac\u00edfico no necesariamente est\u00e1 configurado en funci\u00f3n del C\u00f3digo Penal, sino de un est\u00e1ndar m\u00e1s amplio que es la protesta social, ah\u00ed no es correcto utilizar la v\u00eda penal para calificar el tipo de protesta como adecuado o no\u201d, explic\u00f3 Sandoval Bautista.<\/p>\n<p>Mencion\u00f3 que primero las polic\u00edas ten\u00edan que disuadir, luego utilizar la fuerza en funci\u00f3n de una escala, pero al pasar directamente a la agresi\u00f3n f\u00edsica va contra las normas nacionales e internacionales, \u201cfuera de la legalidad\u201d y podr\u00edan configurarse \u201clas detenciones arbitrarias, el uso excesivo de la fuerza, las amenazas, la tortura f\u00edsica y la tortura sexual\u201d.<\/p>\n<p>La Corte Interamericana de los Derechos Humanos considera que la tortura sexual se confirgura generalmente a trav\u00e9s de malos tratos, la intenci\u00f3n de da\u00f1ar la integridad, la vida, la seguridad y el cuerpo de las mujeres por ser mujeres.<\/p>\n<p>A trav\u00e9s de redes sociales, la Organizaci\u00f3n de las Naciones Unidas para las Mujeres (ONU Mujeres M\u00e9xico) expres\u00f3 su preocupaci\u00f3n por el actuar de los polic\u00edas y exigi\u00f3 garant\u00edas de respeto a los est\u00e1ndares internacionales y la no repetici\u00f3n de estos actos.<\/p>\n<p>\u201cEl Estado tiene la obligaci\u00f3n de no estigmatizar a las manifestantes y de prevenir situaciones de violencia, por parte de agentes\u2026 el Estado no fue capaz de garantizar el ejercicio de la manifestaci\u00f3n o protesta.<\/p>\n<p>En caso de que la ONU env\u00ede comunicado al Comit\u00e9 contra la Tortura, explic\u00f3 Raymundo Sandoval, podr\u00eda solicitar informaci\u00f3n e iniciar el \u201cproceso de investigaci\u00f3n y el grupo de trabajo sobre Detenciones Arbitrarias\u201d que es un procedimiento especial.<\/p>\n<p>\u201cPuede enviar una carta diciendo que ha documentado el hecho. Me parece que incluso internacionalmente la propia alcaldesa podr\u00eda ser responsable de la tortura sexual y del abuso de autoridad de esos agentes\u201d, alert\u00f3 el activista.<\/p>\n<p><strong>Acompa\u00f1an Las Libres denuncias penales<\/strong><\/p>\n<p>Al no \u201chaber delito que perseguir\u201d para Las Libres, Ver\u00f3nica Cruz S\u00e1nchez asegur\u00f3 que se buscar\u00e1 que se cierren esas carpetas contra las 28 mujeres y anticip\u00f3 que tambi\u00e9n se presentar\u00e1n quejas por tortura f\u00edsica, sexual, psicol\u00f3gica y robo. Adem\u00e1s se ratificar\u00e1n denuncias ante Derechos Humanos.<\/p>\n<p>\u201cNo puede quedarse solo en ese eslab\u00f3n es quien les dio la orden, porque sabemos que as\u00ed son estas estructuras y se tiene que responsabilizar a los tomadores de decisiones, porque si no se sanciona en lo individual a las personas y ya, y no puede quedarse solo en ese nivel, si le seguimos abonando a la impunidad se va a volver a repetir\u201d, subray\u00f3.<\/p>\n<p>Cruz S\u00e1nchez consider\u00f3 que en Guanajuato hay un problema serio porque estos protocolos no han funcionado y tampoco las inversiones que se han hecho en capacitaciones. Sobre criminalizaci\u00f3n de protestas feministas existen antecedentes de represi\u00f3n en Le\u00f3n y Guanajuato capital.<\/p>\n<figure id=\"attachment_64194\" aria-describedby=\"caption-attachment-64194\" style=\"width: 750px\" class=\"wp-caption alignnone\"><img loading=\"lazy\" decoding=\"async\" data-attachment-id=\"64194\" data-permalink=\"https:\/\/www.grieta.org.mx\/index.php\/2022\/05\/08\/en-irapuato-la-crisis-de-inseguridad-se-agrava-con-una-policia-que-torturo-a-feministas-guanajuato\/ay_irapuato_1\/\" data-orig-file=\"https:\/\/www.grieta.org.mx\/wp-content\/uploads\/2022\/05\/ay_irapuato_1.jpg\" data-orig-size=\"1920,1080\" data-comments-opened=\"0\" data-image-meta=\"{&quot;aperture&quot;:&quot;0&quot;,&quot;credit&quot;:&quot;&quot;,&quot;camera&quot;:&quot;&quot;,&quot;caption&quot;:&quot;&quot;,&quot;created_timestamp&quot;:&quot;0&quot;,&quot;copyright&quot;:&quot;&quot;,&quot;focal_length&quot;:&quot;0&quot;,&quot;iso&quot;:&quot;0&quot;,&quot;shutter_speed&quot;:&quot;0&quot;,&quot;title&quot;:&quot;&quot;,&quot;orientation&quot;:&quot;0&quot;}\" data-image-title=\"ay_irapuato_1\" data-image-description=\"\" data-image-caption=\"&lt;p&gt;As\u00ed luce la presidencia municipal. Foto: POPLab&lt;\/p&gt;\n\" data-medium-file=\"https:\/\/www.grieta.org.mx\/wp-content\/uploads\/2022\/05\/ay_irapuato_1-300x169.jpg\" data-large-file=\"https:\/\/www.grieta.org.mx\/wp-content\/uploads\/2022\/05\/ay_irapuato_1-1024x576.jpg\" class=\"wp-image-64194\" src=\"http:\/\/www.grieta.org.mx\/wp-content\/uploads\/2022\/05\/ay_irapuato_1.jpg\" alt=\"\" width=\"750\" height=\"422\" srcset=\"https:\/\/www.grieta.org.mx\/wp-content\/uploads\/2022\/05\/ay_irapuato_1.jpg 1920w, https:\/\/www.grieta.org.mx\/wp-content\/uploads\/2022\/05\/ay_irapuato_1-300x169.jpg 300w, https:\/\/www.grieta.org.mx\/wp-content\/uploads\/2022\/05\/ay_irapuato_1-1024x576.jpg 1024w, https:\/\/www.grieta.org.mx\/wp-content\/uploads\/2022\/05\/ay_irapuato_1-768x432.jpg 768w, https:\/\/www.grieta.org.mx\/wp-content\/uploads\/2022\/05\/ay_irapuato_1-1536x864.jpg 1536w\" sizes=\"auto, (max-width: 750px) 100vw, 750px\" \/><figcaption id=\"caption-attachment-64194\" class=\"wp-caption-text\">As\u00ed luce la presidencia municipal. Foto: POPLab<\/figcaption><\/figure>\n<p>\u201cPor m\u00e1s sensibilizaci\u00f3n, tanto dinero que se ha gastado en este pa\u00eds, en este estado en sensibilizar en capacitar a polic\u00edas, a prestadores a legisladores a los tomadores de decisiones y vemos cuando pasan este tipo de cosas que nada ha funcionado, nada sirve, \u00bfEntonces qu\u00e9 hacemos? pues s\u00ed sancionar a quien haya ejercido estos abusos de autoridad\u201d.<\/p>\n<p>Para la activista es necesario que se garanticen los castigos a los responsables, en este caso a elementos de polic\u00edas que han repetido las agresiones a mujeres y por supuesto que la profesionalizaci\u00f3n siga, pero que se verifique su cumplimiento.<\/p>\n<p><strong>Operan en Guanajuato rede trata de mujeres<\/strong><\/p>\n<p>Bibiana Mendoza, lideresa del colectivo de b\u00fasqueda de personas Hasta Encontrarte, alert\u00f3 que existe una red de trata de mujeres en Guanajuato, pues hay una gran cantidad de mujeres desaparecidas de entre 14 y 17 a\u00f1os.<\/p>\n<p>\u201cEl contexto de desaparici\u00f3n de las mujeres no es igual al contexto de desaparici\u00f3n de los hombres; desgraciadamente a los hombres los estamos encontrando a diario en las fosas clandestinas\u2026 yo creo que el gobierno no ha querido reconocer que en Guanajuato existe la red de trata de personas y estas mujeres que salieron a marchar ese d\u00eda llevan a\u00f1os guardando todo este coraje, toda esta impotencia y que nosotros como colectivo hemos vivido\u201d.<\/p>\n<p>La activista estuvo en la protesta para exigir la liberaci\u00f3n de la detenidas y lament\u00f3 que las represi\u00f3n policial se siga replicando en la entidad. El colectivo al que pertenece sufri\u00f3 actos de violencia en una protesta en julio de 2020.<\/p>\n<p>\u201cNo se me va a olvidar que cuando vi a mis compa\u00f1eras, unas jaloneadas, otras siendo golpeadas, se me acerc\u00f3 una persona, la verdad no recuerdo el nombre: dile a tus compa\u00f1eras que si se suben a la glorieta ya no las van a golpear. Yo le cre\u00ed a esta persona que iba por parte del Gobierno del Estado y le dije a mis compa\u00f1eras que nos subamos a la glorieta que ya no nos van a golpear, ellas acceden\u201d.<\/p>\n<p>\u201c&#8230; Todas nos comenzamos a subir a la glorieta y desgraciadamente en la glorieta es donde se da el hecho de que una de mis compa\u00f1eras result\u00f3 con un pie quebrado, que hasta la fecha no ha logrado recuperarse y ya van casi dos a\u00f1os de esa fecha\u201d, agreg\u00f3.<\/p>\n<p>Aquella protesta termin\u00f3 con cuatro personas detenidas y el proceso legal contin\u00faa contra los elementos involucrados en las agresiones.<\/p>\n<p>ONU Mujeres M\u00e9xico ha pedido a las autoridades de Irapuato la no repetici\u00f3n y anticip\u00f3 que documentar\u00e1 los hechos. De comprobarse los abusos, autoridades municipales podr\u00edan enfrentarse a consecuencias internacionales.<\/p>\n<p><a href=\"https:\/\/poplab.mx\/article\/EnIrapuatolacrisisdeinseguridadseagravaconunapoliciaquetorturoafeministas\">https:\/\/poplab.mx\/article\/EnIrapuatolacrisisdeinseguridadseagravaconunapoliciaquetorturoafeministas<\/a><\/p>\n","protected":false},"excerpt":{"rendered":"<p>\u201cYo cre\u00ed que me iban a matar\u201d, narran mujeres torturadas por polic\u00edas municipales capacitadas como \u201cPolic\u00eda de g\u00e9nero\u201d que detuvieron a 28 personas en la protesta del 1 de mayo; &hellip; <a href=\"https:\/\/www.grieta.org.mx\/index.php\/2022\/05\/08\/en-irapuato-la-crisis-de-inseguridad-se-agrava-con-una-policia-que-torturo-a-feministas-guanajuato\/\" class=\"more-link\">Leer m\u00e1s<\/a><\/p>\n","protected":false},"author":2,"featured_media":21928,"comment_status":"closed","ping_status":"closed","sticky":false,"template":"","format":"standard","meta":{"ngg_post_thumbnail":0,"_jetpack_newsletter_access":"","_jetpack_dont_email_post_to_subs":false,"_jetpack_newsletter_tier_id":0,"_jetpack_memberships_contains_paywalled_content":false,"_jetpack_memberships_contains_paid_content":false,"footnotes":""},"categories":[80,1432,2106,17,2117,2910,2283,2337],"tags":[2870,3042,81,3148,3099,2317,3637,1090,381,703],"class_list":["post-64185","post","type-post","status-publish","format-standard","has-post-thumbnail","hentry","category-cintillo","category-desaparecidos-en-guanajuato","category-feminicidios-en-guanajuato","category-guanajuato","category-protestas-contra-la-militarizacion-en-guanajauato","category-resistencias-en-guanajuato","category-resistencias-y-luchas-de-las-mujeres-en-guanajuato","category-violencia-de-las-fuerzas-represivas-en-guanajuato","tag-abuso-policial","tag-colectivos-feministas","tag-feminicidios","tag-lucha-feminista","tag-luchas-de-mujeres","tag-manifestaciones-de-mujeres","tag-represion-contra-feministas","tag-represion-de-la-protesta-social","tag-violencia-de-genero","tag-violencia-policiaca","entry"],"jetpack_featured_media_url":"https:\/\/www.grieta.org.mx\/wp-content\/uploads\/2018\/03\/14524434_1106112876131411_958039263622046936_o.jpg","jetpack_sharing_enabled":true,"jetpack_shortlink":"https:\/\/wp.me\/p7ZJR4-gHf","jetpack_likes_enabled":false,"jetpack-related-posts":[{"id":65277,"url":"https:\/\/www.grieta.org.mx\/index.php\/2022\/04\/24\/marchan-en-guanajuato-contra-violencia-y-feminicidios\/","url_meta":{"origin":64185,"position":0},"title":"Marchan en Guanajuato contra violencia y feminicidios","author":"grieta","date":"24 abril, 2022","format":false,"excerpt":"Andr\u00e9s Guardiola\/Corresponsal en Guanajuato | 24-04-2022 Exc\u00e9lsior Cientos de mujeres, familias y colectivos feministas marcharon a trav\u00e9s de las calles del centro de Le\u00f3n y se plantaron a la puerta de Palacio Municipal para protestar contra las desapariciones y la violencia machista que prevalecen no solamente en Guanajuato, sino en\u2026","rel":"","context":"En &quot;Feminicidios en Guanajuato&quot;","block_context":{"text":"Feminicidios en Guanajuato","link":"https:\/\/www.grieta.org.mx\/index.php\/category\/noticias-nacionales\/guanajuato\/feminicidios-en-guanajuato\/"},"img":{"alt_text":"","src":"https:\/\/i0.wp.com\/www.grieta.org.mx\/wp-content\/uploads\/2022\/09\/2748399.jpg?resize=350%2C200&ssl=1","width":350,"height":200,"srcset":"https:\/\/i0.wp.com\/www.grieta.org.mx\/wp-content\/uploads\/2022\/09\/2748399.jpg?resize=350%2C200&ssl=1 1x, https:\/\/i0.wp.com\/www.grieta.org.mx\/wp-content\/uploads\/2022\/09\/2748399.jpg?resize=525%2C300&ssl=1 1.5x, https:\/\/i0.wp.com\/www.grieta.org.mx\/wp-content\/uploads\/2022\/09\/2748399.jpg?resize=700%2C400&ssl=1 2x"},"classes":[]},{"id":44423,"url":"https:\/\/www.grieta.org.mx\/index.php\/2020\/02\/16\/protestan-por-feminicidios-contra-amlo-en-guanajuato\/","url_meta":{"origin":64185,"position":1},"title":"Protestan por feminicidios contra AMLO en Guanajuato","author":"grieta","date":"16 febrero, 2020","format":false,"excerpt":"Aseguraron que las medidas que ha implementado la administraci\u00f3n de AMLO son \"ineficientes\" El Porvernir, 16 de febrero de 2020 ROMITA, Gto.- Con un cartel que dec\u00eda \"La vida de las mujeres vale m\u00e1s que t\u00fa pinche rifa\", un grupo de mujeres se manifest\u00f3 en la visita que realiz\u00f3 el\u2026","rel":"","context":"En &quot;CINTILLO&quot;","block_context":{"text":"CINTILLO","link":"https:\/\/www.grieta.org.mx\/index.php\/category\/cintillo\/"},"img":{"alt_text":"","src":"https:\/\/i0.wp.com\/www.grieta.org.mx\/wp-content\/uploads\/2020\/02\/feminicidios-focus-0-0-745-535.jpg?resize=350%2C200&ssl=1","width":350,"height":200,"srcset":"https:\/\/i0.wp.com\/www.grieta.org.mx\/wp-content\/uploads\/2020\/02\/feminicidios-focus-0-0-745-535.jpg?resize=350%2C200&ssl=1 1x, https:\/\/i0.wp.com\/www.grieta.org.mx\/wp-content\/uploads\/2020\/02\/feminicidios-focus-0-0-745-535.jpg?resize=525%2C300&ssl=1 1.5x, https:\/\/i0.wp.com\/www.grieta.org.mx\/wp-content\/uploads\/2020\/02\/feminicidios-focus-0-0-745-535.jpg?resize=700%2C400&ssl=1 2x"},"classes":[]},{"id":42467,"url":"https:\/\/www.grieta.org.mx\/index.php\/2019\/12\/23\/olvida-guanajuato-violencia-contra-mujeres-urgen-feministas-soluciones\/","url_meta":{"origin":64185,"position":2},"title":"&#8216;Olvida&#8217; Guanajuato violencia contra mujeres; urgen feministas soluciones","author":"grieta","date":"23 diciembre, 2019","format":false,"excerpt":"Yajaira Gasca Ram\u00edrez \/ AM Le\u00f3n Guanajuato, 23 de diciembre de 2019 Le\u00f3n.- Varios estados que encabezan las listas de asesinatos de mujeres ya han declarado la Alerta de Violencia contra las Mujeres (AVCM) y Guanajuato, que se encuentra en segundo lugar nacional con m\u00e1s muertes de mujeres, a\u00fan no\u2026","rel":"","context":"En &quot;CINTILLO&quot;","block_context":{"text":"CINTILLO","link":"https:\/\/www.grieta.org.mx\/index.php\/category\/cintillo\/"},"img":{"alt_text":"","src":"https:\/\/i0.wp.com\/www.grieta.org.mx\/wp-content\/uploads\/2019\/12\/feministas_protestan.jpg_851672003.jpg?resize=350%2C200&ssl=1","width":350,"height":200,"srcset":"https:\/\/i0.wp.com\/www.grieta.org.mx\/wp-content\/uploads\/2019\/12\/feministas_protestan.jpg_851672003.jpg?resize=350%2C200&ssl=1 1x, https:\/\/i0.wp.com\/www.grieta.org.mx\/wp-content\/uploads\/2019\/12\/feministas_protestan.jpg_851672003.jpg?resize=525%2C300&ssl=1 1.5x, https:\/\/i0.wp.com\/www.grieta.org.mx\/wp-content\/uploads\/2019\/12\/feministas_protestan.jpg_851672003.jpg?resize=700%2C400&ssl=1 2x"},"classes":[]},{"id":46046,"url":"https:\/\/www.grieta.org.mx\/index.php\/2020\/03\/04\/alerta-de-genero-ya-exigen-mujeres-desde-guanajuato-capital\/","url_meta":{"origin":64185,"position":3},"title":"&#8216;\u00a1Alerta de g\u00e9nero, ya!&#8217;, exigen mujeres desde Guanajuato capital","author":"grieta","date":"4 marzo, 2020","format":false,"excerpt":"Mujeres de la capital se unen a las protestas para exigir un alto a la violencia. Por: Yajaira Gasca\/ AM Le\u00f3n Guanajuato, 08 de Marzo de 2020 Guanajuato, Guanajuato.- Cientos de mujeres marchan en el Centro de la Capital para unirse a la marcha feminista y exigir un alto a\u2026","rel":"","context":"En &quot;CINTILLO&quot;","block_context":{"text":"CINTILLO","link":"https:\/\/www.grieta.org.mx\/index.php\/category\/cintillo\/"},"img":{"alt_text":"","src":"https:\/\/i0.wp.com\/www.grieta.org.mx\/wp-content\/uploads\/2020\/03\/marchan_en_guanajuato2.jpg_851672003.jpg?resize=350%2C200&ssl=1","width":350,"height":200,"srcset":"https:\/\/i0.wp.com\/www.grieta.org.mx\/wp-content\/uploads\/2020\/03\/marchan_en_guanajuato2.jpg_851672003.jpg?resize=350%2C200&ssl=1 1x, https:\/\/i0.wp.com\/www.grieta.org.mx\/wp-content\/uploads\/2020\/03\/marchan_en_guanajuato2.jpg_851672003.jpg?resize=525%2C300&ssl=1 1.5x, https:\/\/i0.wp.com\/www.grieta.org.mx\/wp-content\/uploads\/2020\/03\/marchan_en_guanajuato2.jpg_851672003.jpg?resize=700%2C400&ssl=1 2x"},"classes":[]},{"id":54625,"url":"https:\/\/www.grieta.org.mx\/index.php\/2020\/10\/08\/colectivos-feministas-exigen-avances-en-caso-de-nadia-a-siete-meses-de-su-asesinato\/","url_meta":{"origin":64185,"position":4},"title":"Colectivos feministas exigen avances en caso de Nadia a siete meses de su asesinato","author":"grieta","date":"8 octubre, 2020","format":false,"excerpt":"Las organizaciones exigen a las autoridades de Guanajuato continuar con las indagatorias sobre la muerte de la estudiante de 23 a\u00f1os. Azucena Rangel \/ Milenio, 08 de octubre de 2020. Colectivos feministas, activistas y mujeres utilizaron las redes sociales para exigir avances en la investigaci\u00f3n de la muerte de Nadia,\u2026","rel":"","context":"En &quot;CINTILLO&quot;","block_context":{"text":"CINTILLO","link":"https:\/\/www.grieta.org.mx\/index.php\/category\/cintillo\/"},"img":{"alt_text":"","src":"https:\/\/i0.wp.com\/www.grieta.org.mx\/wp-content\/uploads\/2020\/10\/la-estudiante-fue-asesinada-hace_0_6_1200_746.jpg?resize=350%2C200&ssl=1","width":350,"height":200,"srcset":"https:\/\/i0.wp.com\/www.grieta.org.mx\/wp-content\/uploads\/2020\/10\/la-estudiante-fue-asesinada-hace_0_6_1200_746.jpg?resize=350%2C200&ssl=1 1x, https:\/\/i0.wp.com\/www.grieta.org.mx\/wp-content\/uploads\/2020\/10\/la-estudiante-fue-asesinada-hace_0_6_1200_746.jpg?resize=525%2C300&ssl=1 1.5x, https:\/\/i0.wp.com\/www.grieta.org.mx\/wp-content\/uploads\/2020\/10\/la-estudiante-fue-asesinada-hace_0_6_1200_746.jpg?resize=700%2C400&ssl=1 2x"},"classes":[]},{"id":58155,"url":"https:\/\/www.grieta.org.mx\/index.php\/2021\/03\/14\/feministas-exigen-justicia-para-bibiana-menor-de-12-anos-asesinada-en-guanajuato\/","url_meta":{"origin":64185,"position":5},"title":"Feministas exigen justicia para Bibiana, menor de 12 a\u00f1os asesinada en Guanajuato","author":"grieta","date":"14 marzo, 2021","format":false,"excerpt":"Feministas de Silao, Guanajuato, marcharon en dicho municipio en exigencia de justicia para Bibiana Monserrat, menor de 12 a\u00f1os asesinada el 6 de marzo presuntamente por su cu\u00f1ado Ver\u00f3nica Espinoza, PROCESO, 14 de marzo de 2021 GUANAJUATO, Gto. (proceso.com.mx).- Los agravios contra mujeres provocaron por lo menos dos protestas en\u2026","rel":"","context":"En &quot;CINTILLO&quot;","block_context":{"text":"CINTILLO","link":"https:\/\/www.grieta.org.mx\/index.php\/category\/cintillo\/"},"img":{"alt_text":"","src":"https:\/\/i0.wp.com\/www.grieta.org.mx\/wp-content\/uploads\/2021\/04\/f800x450-131772_183218_5050.jpeg?resize=350%2C200&ssl=1","width":350,"height":200,"srcset":"https:\/\/i0.wp.com\/www.grieta.org.mx\/wp-content\/uploads\/2021\/04\/f800x450-131772_183218_5050.jpeg?resize=350%2C200&ssl=1 1x, https:\/\/i0.wp.com\/www.grieta.org.mx\/wp-content\/uploads\/2021\/04\/f800x450-131772_183218_5050.jpeg?resize=525%2C300&ssl=1 1.5x, https:\/\/i0.wp.com\/www.grieta.org.mx\/wp-content\/uploads\/2021\/04\/f800x450-131772_183218_5050.jpeg?resize=700%2C400&ssl=1 2x"},"classes":[]}],"_links":{"self":[{"href":"https:\/\/www.grieta.org.mx\/index.php\/wp-json\/wp\/v2\/posts\/64185","targetHints":{"allow":["GET"]}}],"collection":[{"href":"https:\/\/www.grieta.org.mx\/index.php\/wp-json\/wp\/v2\/posts"}],"about":[{"href":"https:\/\/www.grieta.org.mx\/index.php\/wp-json\/wp\/v2\/types\/post"}],"author":[{"embeddable":true,"href":"https:\/\/www.grieta.org.mx\/index.php\/wp-json\/wp\/v2\/users\/2"}],"replies":[{"embeddable":true,"href":"https:\/\/www.grieta.org.mx\/index.php\/wp-json\/wp\/v2\/comments?post=64185"}],"version-history":[{"count":1,"href":"https:\/\/www.grieta.org.mx\/index.php\/wp-json\/wp\/v2\/posts\/64185\/revisions"}],"predecessor-version":[{"id":64196,"href":"https:\/\/www.grieta.org.mx\/index.php\/wp-json\/wp\/v2\/posts\/64185\/revisions\/64196"}],"wp:featuredmedia":[{"embeddable":true,"href":"https:\/\/www.grieta.org.mx\/index.php\/wp-json\/wp\/v2\/media\/21928"}],"wp:attachment":[{"href":"https:\/\/www.grieta.org.mx\/index.php\/wp-json\/wp\/v2\/media?parent=64185"}],"wp:term":[{"taxonomy":"category","embeddable":true,"href":"https:\/\/www.grieta.org.mx\/index.php\/wp-json\/wp\/v2\/categories?post=64185"},{"taxonomy":"post_tag","embeddable":true,"href":"https:\/\/www.grieta.org.mx\/index.php\/wp-json\/wp\/v2\/tags?post=64185"}],"curies":[{"name":"wp","href":"https:\/\/api.w.org\/{rel}","templated":true}]}}