{"id":64180,"date":"2022-05-01T23:11:45","date_gmt":"2022-05-02T04:11:45","guid":{"rendered":"https:\/\/www.grieta.org.mx\/?p=64180"},"modified":"2022-05-08T23:20:24","modified_gmt":"2022-05-09T04:20:24","slug":"apelan-a-la-historia-para-defender-del-chamizal-ciudad-juarez","status":"publish","type":"post","link":"https:\/\/www.grieta.org.mx\/index.php\/2022\/05\/01\/apelan-a-la-historia-para-defender-del-chamizal-ciudad-juarez\/","title":{"rendered":"Apelan a la historia para defender del Chamizal (Ciudad Ju\u00e1rez)"},"content":{"rendered":"<header id=\"post-header\">\n<div id=\"post-info-wrap\" class=\"left relative\">\n<div class=\"post-info-out\">\n<div class=\"post-info-right left relative\">\n<div class=\"post-info-date left relative\"><span class=\"post-date updated\"><time class=\"post-date updated\" datetime=\"2022-04-26\">abril 26, 2022<\/time><\/span><\/div>\n<\/div>\n<\/div>\n<\/div>\n<div id=\"post-info-wrap\" class=\"left relative\">\n<div class=\"post-info-out\"><\/div>\n<\/div>\n<\/header>\n<div id=\"post-feat-img\" class=\"left relative\"><img loading=\"lazy\" decoding=\"async\" class=\"attachment- size- wp-post-image\" src=\"https:\/\/secureservercdn.net\/198.71.233.27\/7mx.d7a.mwp.accessdomain.com\/wp-content\/uploads\/2022\/04\/Red-de-Historiadores_El-chamizal.jpeg?time=1652057991\" sizes=\"auto, (max-width: 1040px) 100vw, 1040px\" srcset=\"https:\/\/secureservercdn.net\/198.71.233.27\/7mx.d7a.mwp.accessdomain.com\/wp-content\/uploads\/2022\/04\/Red-de-Historiadores_El-chamizal.jpeg 1040w, https:\/\/secureservercdn.net\/198.71.233.27\/7mx.d7a.mwp.accessdomain.com\/wp-content\/uploads\/2022\/04\/Red-de-Historiadores_El-chamizal-300x225.jpeg 300w, https:\/\/secureservercdn.net\/198.71.233.27\/7mx.d7a.mwp.accessdomain.com\/wp-content\/uploads\/2022\/04\/Red-de-Historiadores_El-chamizal-1024x768.jpeg 1024w, https:\/\/secureservercdn.net\/198.71.233.27\/7mx.d7a.mwp.accessdomain.com\/wp-content\/uploads\/2022\/04\/Red-de-Historiadores_El-chamizal-768x576.jpeg 768w\" alt=\"\" width=\"1040\" height=\"780\" \/><\/p>\n<div class=\"post-feat-text\"><span class=\"feat-caption\">FOTOGRAF\u00cdA: MARCO ANTONIO L\u00d3PEZ<\/span><\/div>\n<\/div>\n<div id=\"content-area\" class=\"post-30208 post type-post status-publish format-standard has-post-thumbnail hentry category-el-paso category-juarez category-la-frontera tag-el-chamizal tag-estudios-historicos tag-historiadores tag-portada tag-red-binacional\">\n<div class=\"post-cont-out\">\n<div class=\"post-cont-in\">\n<div id=\"content-main\" class=\"left relative\">\n<section class=\"social-sharing-top\">\n<div class=\"facebook-share\"><\/div>\n<div class=\"twitter-share\"><\/div>\n<div class=\"pinterest-share\"><\/div>\n<div class=\"email-share\"><\/div>\n<div>\n<h4 class=\"has-text-align-center\">POR MARCO ANTONIO L\u00d3PEZ \/\u00a0LA VERDAD<\/h4>\n<\/div>\n<div class=\"social-comments comment-click-30208\"><i class=\"fa fa-commenting fa-2\"><\/i><strong><em>Crean Red Binacional de Estudios Hist\u00f3ricos de Ciudad Ju\u00e1rez y El Paso, Paso del Norte, para generar contrapeso pol\u00edtico al proyecto empresarial que busca construir Centro de Convenciones\u00a0<\/em><\/strong><\/div>\n<\/section>\n<h4 class=\"has-text-align-center\"><\/h4>\n<p>Ciudad Ju\u00e1rez \u2013A la disputa que est\u00e1n dando integrantes de la sociedad civil por la defensa del Chamizal se sumaron historiadores de ambos lados de la frontera para dar una perspectiva hist\u00f3rica a la importancia de la permanencia de este espacio p\u00fablico, aseguraron.<\/p>\n<p>Este lunes se anunci\u00f3 la creaci\u00f3n de la Red Binacional de Estudios Hist\u00f3ricos de Ciudad Ju\u00e1rez y El Paso, Paso del Norte, cuyo principal objetivo es \u201cgenerar un contrapeso pol\u00edtico desde la perspectiva hist\u00f3rica. Nos sumamos a partir de esta lucha por el Chamizal, esta lucha binacional\u201d, dijo el historiador Iv\u00e1n Gonz\u00e1lez, uno de los integrantes de este grupo.<\/p>\n<p>Los historiadores de El Paso comparten la experiencia de la lucha que llevan a cabo en el barrio Duranguito contra el proyecto de construcci\u00f3n de un estadio de futbol que desplazar\u00eda a las familias asentadas en ese lugar.<\/p>\n<p>De acuerdo con los historiadores El Chamizal fue el espacio de paz en el que se asentaron en ambos lados de la frontera los primeros grupos ind\u00edgenas originarios entre los que destacan los Nd\u00e9, Piros, Sumas, Jumanos, Mansos, Tiguas y otros. Esto durante el periodo virreinal.<\/p>\n<p>La intenci\u00f3n de ver el desarrollo del Chamizal desde una perspectiva hist\u00f3rica fue, en principio, realizar un mapa del espacio hist\u00f3rico-cultural en ambos lados de la frontera.<\/p>\n<p>A trav\u00e9s de la evidencia recabada de diversas fuentes hist\u00f3ricas los especialistas aseguran que la versi\u00f3n empresarial que destaca que la zona conocida como Los Hoyos, donde se planea construir el Centro de Exposiciones y Convenciones, es falsa.<\/p>\n<p>\u201cLa primera academia de la Patrulla Fronteriza se estableci\u00f3 donde son Los Hoyos, el mismo gobierno norteamericano lo reconoce como Campo Chigas, parte del Chamizal, y los empresarios dicen que ah\u00ed no hay nada, que no es el Chamizal. En 1924 se cre\u00f3 la Patrulla Fronteriza. Esta es la parte donde est\u00e1n en la isla de C\u00f3rdova, el Campo Chigas se destruy\u00f3 en la reintegraci\u00f3n del Chamizal\u201d, explic\u00f3 Iv\u00e1n Gonz\u00e1lez.<\/p>\n<div class=\"wp-block-image\">\n<figure class=\"aligncenter size-full is-resized\"><img loading=\"lazy\" decoding=\"async\" class=\"wp-image-30210\" src=\"https:\/\/secureservercdn.net\/198.71.233.27\/7mx.d7a.mwp.accessdomain.com\/wp-content\/uploads\/2022\/04\/mapa.jpeg\" sizes=\"auto, (max-width: 522px) 100vw, 522px\" srcset=\"https:\/\/secureservercdn.net\/198.71.233.27\/7mx.d7a.mwp.accessdomain.com\/wp-content\/uploads\/2022\/04\/mapa.jpeg 379w, https:\/\/secureservercdn.net\/198.71.233.27\/7mx.d7a.mwp.accessdomain.com\/wp-content\/uploads\/2022\/04\/mapa-300x165.jpeg 300w\" alt=\"\" width=\"522\" height=\"286\" \/><\/figure>\n<\/div>\n<p>La palabra Chiga es la espa\u00f1olizaci\u00f3n de un t\u00e9rmino Nd\u00e9 que significa \u201cmi casa\u201d, explic\u00f3 el licenciado en Historia por la UACJ y doctor Honoris Causa por la Universidad del Norte de Tamaulipas, Juan Luis Longoria, originario de la comunidad Nd\u00e9 en Ciudad Ju\u00e1rez.<\/p>\n<p>\u201cPugnamos porque se respete el pasado, que no se utilice la historia como un argumento para adjudicarse terrenos que le pertenecen a toda la sociedad\u201d, dijo Iv\u00e1n Gonz\u00e1lez.<\/p>\n<p>Con la creaci\u00f3n de esta red binacional la lucha por la defensa del Chamizal toma una perspectiva hist\u00f3rica que adem\u00e1s servir\u00e1 para sustentar los argumentos en el campo legal a fin de evitar la construcci\u00f3n por parte de los empresarios del Centro de Convenciones en el espacio p\u00fablico, de acuerdo con Leobardo Alvarado, integrante del Frente por la Defensa del Chamizal.<\/p>\n<p>La Red Binacional de Estudios Hist\u00f3ricos de Ciudad Ju\u00e1rez y El Paso, Paso del Norte est\u00e1 conformada por historiadores de ambos lados de la frontera entre quienes se encuentran: el doctor David Romo, maestro David Mu\u00f1iz, maestro C\u00e9sar Garc\u00eda, maestro Juan Luis Longoria, y maestro Iv\u00e1n Gonz\u00e1lez.<\/p>\n<p>El espacio en disputa est\u00e1 ubicado entre la avenida Lerdo y la Costa Rica, conocido como Los Hoyos.<\/p>\n<p>Mientras un grupo empresarial impulsa el proyecto del Centro de Convenciones, el Frente en Defensa de El Chamizal se mantiene en contra del mismo.<\/p>\n<p>Por una parte los empresarios argumentan un beneficio de derrama econ\u00f3mica para la ciudad as\u00ed como un proceso de reforestaci\u00f3n y la creaci\u00f3n de un lago y un r\u00edo artificial que atraviese la zona.<\/p>\n<p>Por otra parte, el frente opositor pide el respeto del origen del parque como un espacio p\u00fablico y buscan que se establezca incluso como \u00e1rea natural protegida para evitar la privatizaci\u00f3n del lugar.<\/p>\n<\/div>\n<\/div>\n<\/div>\n<\/div>\n","protected":false},"excerpt":{"rendered":"<p>abril 26, 2022 FOTOGRAF\u00cdA: MARCO ANTONIO L\u00d3PEZ POR MARCO ANTONIO L\u00d3PEZ \/\u00a0LA VERDAD Crean Red Binacional de Estudios Hist\u00f3ricos de Ciudad Ju\u00e1rez y El Paso, Paso del Norte, para generar &hellip; <a href=\"https:\/\/www.grieta.org.mx\/index.php\/2022\/05\/01\/apelan-a-la-historia-para-defender-del-chamizal-ciudad-juarez\/\" class=\"more-link\">Leer m\u00e1s<\/a><\/p>\n","protected":false},"author":2,"featured_media":64181,"comment_status":"closed","ping_status":"closed","sticky":false,"template":"","format":"standard","meta":{"ngg_post_thumbnail":0,"_jetpack_newsletter_access":"","_jetpack_dont_email_post_to_subs":false,"_jetpack_newsletter_tier_id":0,"_jetpack_memberships_contains_paywalled_content":false,"_jetpack_memberships_contains_paid_content":false,"footnotes":""},"categories":[12,2864],"tags":[1210,184],"class_list":["post-64180","post","type-post","status-publish","format-standard","has-post-thumbnail","hentry","category-chihuahua","category-conflictos-por-desarrollos-inmobiliarios-en-chihuahua","tag-conflictos-por-desarrollos-inmobiliarios","tag-despojo","entry"],"jetpack_featured_media_url":"https:\/\/www.grieta.org.mx\/wp-content\/uploads\/2022\/05\/Red-de-Historiadores_El-chamizal.jpeg","jetpack_sharing_enabled":true,"jetpack_shortlink":"https:\/\/wp.me\/p7ZJR4-gHa","jetpack_likes_enabled":false,"jetpack-related-posts":[{"id":23033,"url":"https:\/\/www.grieta.org.mx\/index.php\/2018\/05\/07\/afectados-de-lomas-del-rubi-amenazaron-con-invadir-grupo-melo-para-asi-ser-atendidos-por-el-patas-tres-meses-despues-de-colapso-baja-california\/","url_meta":{"origin":64180,"position":0},"title":"Afectados de Lomas del Rub\u00ed amenazaron con invadir Grupo Melo para as\u00ed ser atendidos por \u201cEl Patas\u201d, tres meses despu\u00e9s de colapso (Baja California)","author":"grieta","date":"7 mayo, 2018","format":false,"excerpt":"","rel":"","context":"En &quot;Baja California&quot;","block_context":{"text":"Baja California","link":"https:\/\/www.grieta.org.mx\/index.php\/category\/noticias-nacionales\/baja-california\/"},"img":{"alt_text":"","src":"https:\/\/i0.wp.com\/www.grieta.org.mx\/wp-content\/uploads\/2018\/05\/lomasdelrubidesalojo101b.jpg?resize=350%2C200&ssl=1","width":350,"height":200,"srcset":"https:\/\/i0.wp.com\/www.grieta.org.mx\/wp-content\/uploads\/2018\/05\/lomasdelrubidesalojo101b.jpg?resize=350%2C200&ssl=1 1x, https:\/\/i0.wp.com\/www.grieta.org.mx\/wp-content\/uploads\/2018\/05\/lomasdelrubidesalojo101b.jpg?resize=525%2C300&ssl=1 1.5x"},"classes":[]},{"id":55623,"url":"https:\/\/www.grieta.org.mx\/index.php\/2020\/12\/04\/denuncian-muerte-de-fauna-silvestre-a-causa-de-fraccionamientos-jalisco\/","url_meta":{"origin":64180,"position":1},"title":"Denuncian muerte de fauna silvestre a causa de fraccionamientos (Jalisco)","author":"grieta","date":"4 diciembre, 2020","format":false,"excerpt":"Foto: Twitter @bosqueixticuil Lauto Rodr\u00edguez \/ El Diario NTR Activistas del Comit\u00e9 en Defensa del Bosque del Nixticuil denunciaron en redes sociales que la construcci\u00f3n de nuevos fraccionamientos auspiciados por el gobierno municipal de Zapopan, provoca que la fauna silvestre tenga que desplazarse y se ponga en riesgo permanente. Justo\u2026","rel":"","context":"En &quot;CINTILLO&quot;","block_context":{"text":"CINTILLO","link":"https:\/\/www.grieta.org.mx\/index.php\/category\/cintillo\/"},"img":{"alt_text":"","src":"https:\/\/i0.wp.com\/www.grieta.org.mx\/wp-content\/uploads\/2020\/12\/2020-12-04_02-12-44___2968.jpg?resize=350%2C200&ssl=1","width":350,"height":200,"srcset":"https:\/\/i0.wp.com\/www.grieta.org.mx\/wp-content\/uploads\/2020\/12\/2020-12-04_02-12-44___2968.jpg?resize=350%2C200&ssl=1 1x, https:\/\/i0.wp.com\/www.grieta.org.mx\/wp-content\/uploads\/2020\/12\/2020-12-04_02-12-44___2968.jpg?resize=525%2C300&ssl=1 1.5x, https:\/\/i0.wp.com\/www.grieta.org.mx\/wp-content\/uploads\/2020\/12\/2020-12-04_02-12-44___2968.jpg?resize=700%2C400&ssl=1 2x"},"classes":[]},{"id":33960,"url":"https:\/\/www.grieta.org.mx\/index.php\/2019\/05\/17\/exigen-vecinos-parar-construccion-de-torres-de-condominios-sinaloa\/","url_meta":{"origin":64180,"position":2},"title":"Exigen vecinos parar construcci\u00f3n de torres de condominios (Sinaloa)","author":"grieta","date":"17 mayo, 2019","format":false,"excerpt":"Vecinos de ocho fraccionamientos acusan que se est\u00e1n violentando los reglamentos de uso de suelo Marimar Toledo \/ El Sol de Sinaloa Mazatl\u00e1n,\u00a0Sinaloa.- Habitantes de ocho\u00a0fraccionamientos de Mazatl\u00e1n\u00a0firmaron un convenio de unidad para evitar social y legalmente la construcci\u00f3n de edificios de departamentos. Los vecinos del fraccionamiento S\u00e1balo Country, Gaviotas,\u2026","rel":"","context":"En &quot;CINTILLO&quot;","block_context":{"text":"CINTILLO","link":"https:\/\/www.grieta.org.mx\/index.php\/category\/cintillo\/"},"img":{"alt_text":"","src":"https:\/\/i0.wp.com\/www.grieta.org.mx\/wp-content\/uploads\/2019\/05\/gavi1-262982.jpg?resize=350%2C200&ssl=1","width":350,"height":200,"srcset":"https:\/\/i0.wp.com\/www.grieta.org.mx\/wp-content\/uploads\/2019\/05\/gavi1-262982.jpg?resize=350%2C200&ssl=1 1x, https:\/\/i0.wp.com\/www.grieta.org.mx\/wp-content\/uploads\/2019\/05\/gavi1-262982.jpg?resize=525%2C300&ssl=1 1.5x, https:\/\/i0.wp.com\/www.grieta.org.mx\/wp-content\/uploads\/2019\/05\/gavi1-262982.jpg?resize=700%2C400&ssl=1 2x, https:\/\/i0.wp.com\/www.grieta.org.mx\/wp-content\/uploads\/2019\/05\/gavi1-262982.jpg?resize=1050%2C600&ssl=1 3x, https:\/\/i0.wp.com\/www.grieta.org.mx\/wp-content\/uploads\/2019\/05\/gavi1-262982.jpg?resize=1400%2C800&ssl=1 4x"},"classes":[]},{"id":65132,"url":"https:\/\/www.grieta.org.mx\/index.php\/2022\/09\/05\/vecinos-de-el-refugio-se-oponen-a-desarrollos-inmobiliarios-en-ciudad-creativa-jalisco\/","url_meta":{"origin":64180,"position":3},"title":"Vecinos de El Refugio se oponen a desarrollos inmobiliarios en Ciudad Creativa (Jalisco)","author":"grieta","date":"5 septiembre, 2022","format":false,"excerpt":"Imagen: Lauro Rodr\u00edguez Lauro Rodr\u00edguez \/ EL Diario NTR Un grupo de vecinos representantes de la colonia El Refugio, de la zona Centro de Guadalajara, se manifestaron durante el inicio de los proyectos de vivienda en Distrito Creativo. Los vecinos precisaron que no quieren el desarrollo inmobiliario porque llegar\u00e1 a\u2026","rel":"","context":"En &quot;CINTILLO&quot;","block_context":{"text":"CINTILLO","link":"https:\/\/www.grieta.org.mx\/index.php\/category\/cintillo\/"},"img":{"alt_text":"","src":"https:\/\/i0.wp.com\/www.grieta.org.mx\/wp-content\/uploads\/2022\/09\/2022-09-05_11-09-08___5232.jpg?resize=350%2C200&ssl=1","width":350,"height":200,"srcset":"https:\/\/i0.wp.com\/www.grieta.org.mx\/wp-content\/uploads\/2022\/09\/2022-09-05_11-09-08___5232.jpg?resize=350%2C200&ssl=1 1x, https:\/\/i0.wp.com\/www.grieta.org.mx\/wp-content\/uploads\/2022\/09\/2022-09-05_11-09-08___5232.jpg?resize=525%2C300&ssl=1 1.5x, https:\/\/i0.wp.com\/www.grieta.org.mx\/wp-content\/uploads\/2022\/09\/2022-09-05_11-09-08___5232.jpg?resize=700%2C400&ssl=1 2x"},"classes":[]},{"id":5132,"url":"https:\/\/www.grieta.org.mx\/index.php\/2016\/02\/13\/protestas-contra-desarrollos-inmobiliarios-en-monterrey\/","url_meta":{"origin":64180,"position":4},"title":"Protestas contra desarrollos inmobiliarios en Monterrey","author":"grieta","date":"13 febrero, 2016","format":false,"excerpt":"13\/02\/16. Vecinos bloquean construcci\u00f3n en San PedroMilenio","rel":"","context":"En &quot;NOTICIAS NACIONALES&quot;","block_context":{"text":"NOTICIAS NACIONALES","link":"https:\/\/www.grieta.org.mx\/index.php\/category\/noticias-nacionales\/"},"img":{"alt_text":"","src":"https:\/\/i0.wp.com\/www.grieta.org.mx\/wp-content\/uploads\/2018\/03\/14524434_1106112876131411_958039263622046936_o.jpg?resize=350%2C200&ssl=1","width":350,"height":200,"srcset":"https:\/\/i0.wp.com\/www.grieta.org.mx\/wp-content\/uploads\/2018\/03\/14524434_1106112876131411_958039263622046936_o.jpg?resize=350%2C200&ssl=1 1x, https:\/\/i0.wp.com\/www.grieta.org.mx\/wp-content\/uploads\/2018\/03\/14524434_1106112876131411_958039263622046936_o.jpg?resize=525%2C300&ssl=1 1.5x, https:\/\/i0.wp.com\/www.grieta.org.mx\/wp-content\/uploads\/2018\/03\/14524434_1106112876131411_958039263622046936_o.jpg?resize=700%2C400&ssl=1 2x"},"classes":[]},{"id":45606,"url":"https:\/\/www.grieta.org.mx\/index.php\/2020\/03\/03\/denuncian-construcciones-irregulares-en-huentitan-jalisco\/","url_meta":{"origin":64180,"position":5},"title":"Denuncian construcciones irregulares en Huentit\u00e1n (Jalisco)","author":"grieta","date":"3 marzo, 2020","format":false,"excerpt":"Foto: Semarnat Jalisco El Colectivo \u00danete Huentit\u00e1n sostuvo que muchas constructoras han iniciado proyectos de casas y departamentos que violan los planes parciales del municipio Rafael Hern\u00e1ndez \/ UDGTV Integrantes del colectivo \u00danete Huentit\u00e1n, advirtieron de lo que ellos consideran el colapso de los servicios p\u00fablicos municipales\u00a0en esta zona de\u2026","rel":"","context":"En &quot;CINTILLO&quot;","block_context":{"text":"CINTILLO","link":"https:\/\/www.grieta.org.mx\/index.php\/category\/cintillo\/"},"img":{"alt_text":"","src":"https:\/\/i0.wp.com\/www.grieta.org.mx\/wp-content\/uploads\/2020\/03\/Barranca-de-Huentit%C3%A1n-Semadet-Jalisco-696x464.jpg?resize=350%2C200&ssl=1","width":350,"height":200,"srcset":"https:\/\/i0.wp.com\/www.grieta.org.mx\/wp-content\/uploads\/2020\/03\/Barranca-de-Huentit%C3%A1n-Semadet-Jalisco-696x464.jpg?resize=350%2C200&ssl=1 1x, https:\/\/i0.wp.com\/www.grieta.org.mx\/wp-content\/uploads\/2020\/03\/Barranca-de-Huentit%C3%A1n-Semadet-Jalisco-696x464.jpg?resize=525%2C300&ssl=1 1.5x"},"classes":[]}],"_links":{"self":[{"href":"https:\/\/www.grieta.org.mx\/index.php\/wp-json\/wp\/v2\/posts\/64180","targetHints":{"allow":["GET"]}}],"collection":[{"href":"https:\/\/www.grieta.org.mx\/index.php\/wp-json\/wp\/v2\/posts"}],"about":[{"href":"https:\/\/www.grieta.org.mx\/index.php\/wp-json\/wp\/v2\/types\/post"}],"author":[{"embeddable":true,"href":"https:\/\/www.grieta.org.mx\/index.php\/wp-json\/wp\/v2\/users\/2"}],"replies":[{"embeddable":true,"href":"https:\/\/www.grieta.org.mx\/index.php\/wp-json\/wp\/v2\/comments?post=64180"}],"version-history":[{"count":1,"href":"https:\/\/www.grieta.org.mx\/index.php\/wp-json\/wp\/v2\/posts\/64180\/revisions"}],"predecessor-version":[{"id":64182,"href":"https:\/\/www.grieta.org.mx\/index.php\/wp-json\/wp\/v2\/posts\/64180\/revisions\/64182"}],"wp:featuredmedia":[{"embeddable":true,"href":"https:\/\/www.grieta.org.mx\/index.php\/wp-json\/wp\/v2\/media\/64181"}],"wp:attachment":[{"href":"https:\/\/www.grieta.org.mx\/index.php\/wp-json\/wp\/v2\/media?parent=64180"}],"wp:term":[{"taxonomy":"category","embeddable":true,"href":"https:\/\/www.grieta.org.mx\/index.php\/wp-json\/wp\/v2\/categories?post=64180"},{"taxonomy":"post_tag","embeddable":true,"href":"https:\/\/www.grieta.org.mx\/index.php\/wp-json\/wp\/v2\/tags?post=64180"}],"curies":[{"name":"wp","href":"https:\/\/api.w.org\/{rel}","templated":true}]}}