{"id":64102,"date":"2022-04-30T12:29:19","date_gmt":"2022-04-30T17:29:19","guid":{"rendered":"https:\/\/www.grieta.org.mx\/?p=64102"},"modified":"2022-05-01T12:37:07","modified_gmt":"2022-05-01T17:37:07","slug":"posicionan-a-colima-en-primer-lugar-nacional-en-numero-de-feminicidios","status":"publish","type":"post","link":"https:\/\/www.grieta.org.mx\/index.php\/2022\/04\/30\/posicionan-a-colima-en-primer-lugar-nacional-en-numero-de-feminicidios\/","title":{"rendered":"Posicionan a Colima en primer lugar nacional en n\u00famero de feminicidios"},"content":{"rendered":"<p>Foto: Elizabeth Ru\u00edz<\/p>\n<p>Edgardo Zamora \/ El Occidental<\/p>\n<p>El informe de\u00a0<b>Incidencia Delictiva del Gobierno de M\u00e9xico<\/b>\u00a0posicion\u00f3 a\u00a0<b>Colima en primer lugar nacional en n\u00famero de feminicidios.<\/b><\/p>\n<p>De acuerdo al estudio han ocurrido 14 asesinatos de mujeres en los primeros tres meses de 2022.<\/p>\n<p>La puntuaci\u00f3n del informe es de 3.45 por cada 100 mil habitantes del Estado de Colima.<\/p>\n<p>Los siguientes estados son: Michoac\u00e1n que ocupa el segundo con 3.31 puntos al registrar 87 y 77 por ciento en casos fatales, por cada 100 mil habitantes.<\/p>\n<p>Mientras Baja California se ubica en tercer lugar de v\u00edctimas de homicidio doloso, solo despu\u00e9s de Guanajuato.<\/p>\n<p>Adem\u00e1s seg\u00fan el registro del Secretariado Ejecutivo del Sistema Nacional de Seguridad P\u00fablica reporta que hasta marzo, Colima conserva la tasa nacional m\u00e1s alta en el delito de violencia intrafamiliar, con 119.6 caso por cada 100 mil habitantes.<\/p>\n<p>En n\u00fameros absolutos, se han denunciado 968 casos de violencia intrafamiliar, cifra m\u00e1s altas que la registrada en caso de mayor poblaci\u00f3n como Chiapas, Zacatecas, Michoac\u00e1n y Guerrero.<\/p>\n<p>La estad\u00edstica tambi\u00e9n refiere que, en lo que va de este a\u00f1o, 11 mujeres han sido v\u00edctimas de extorsi\u00f3n, lo que ubica a la entidad en la tercera posici\u00f3n de la tasa nacional de incidencia en este delito.<\/p>\n<p>Adem\u00e1s, se han registrado 35 denuncias por violaci\u00f3n sexual; en este delito, Colima presenta una tasa de incidencia de 4.33 casos por cada 100 mil habitantes, ligeramente superior a la media nacional.<\/p>\n<p>La entidad tiene tambi\u00e9n el primer lugar nacional en la tasa de llamadas de emergencia relacionadas con incidentes de acoso u hostigamiento sexual, con 7.29 casos por cada 100 mil habitantes.<\/p>\n<p>Mientras que en las llamadas de emergencia relacionadas con incidentes de violencia familiar, Colima se encuentra en el segundo lugar, solamente detr\u00e1s de Sonora.<\/p>\n<p>Las cifras provienen de la informaci\u00f3n registrada en las carpetas de investigaci\u00f3n iniciadas ante el Ministerio P\u00fablico y son proporcionadas mes a mes por las procuradur\u00edas y fiscal\u00edas generales de las 32 entidades federativas.<\/p>\n<p>Es decir, se trata de presuntos hechos delictivos registrados en carpetas de investigaci\u00f3n iniciadas.<\/p>\n<p><a href=\"https:\/\/www.eloccidental.com.mx\/policiaca\/posicionan-a-colima-en-primer-lugar-nacional-en-numero-de-feminicidios-8216637.html\">https:\/\/www.eloccidental.com.mx\/policiaca\/posicionan-a-colima-en-primer-lugar-nacional-en-numero-de-feminicidios-8216637.html<\/a><\/p>\n","protected":false},"excerpt":{"rendered":"<p>Foto: Elizabeth Ru\u00edz Edgardo Zamora \/ El Occidental El informe de\u00a0Incidencia Delictiva del Gobierno de M\u00e9xico\u00a0posicion\u00f3 a\u00a0Colima en primer lugar nacional en n\u00famero de feminicidios. De acuerdo al estudio han &hellip; <a href=\"https:\/\/www.grieta.org.mx\/index.php\/2022\/04\/30\/posicionan-a-colima-en-primer-lugar-nacional-en-numero-de-feminicidios\/\" class=\"more-link\">Leer m\u00e1s<\/a><\/p>\n","protected":false},"author":2,"featured_media":64103,"comment_status":"closed","ping_status":"closed","sticky":false,"template":"","format":"standard","meta":{"ngg_post_thumbnail":0,"_jetpack_newsletter_access":"","_jetpack_dont_email_post_to_subs":false,"_jetpack_newsletter_tier_id":0,"_jetpack_memberships_contains_paywalled_content":false,"_jetpack_memberships_contains_paid_content":false,"footnotes":""},"categories":[80,13,84,1016,2,83],"tags":[3225,2959,2999,81,1630],"class_list":["post-64102","post","type-post","status-publish","format-standard","has-post-thumbnail","hentry","category-cintillo","category-colima","category-feminicidios","category-feminicidios-en-colima","category-noticias-nacionales","category-temas-nacionales","tag-aumento-de-la-violencia-contra-las-mujeres","tag-estadisticas-de-feminicidio","tag-feminicidio-violencia-contra-las-mujeres","tag-feminicidios","tag-violencia-contra-las-mujeres","entry"],"jetpack_featured_media_url":"https:\/\/www.grieta.org.mx\/wp-content\/uploads\/2022\/05\/Feministas.jpeg","jetpack_sharing_enabled":true,"jetpack_shortlink":"https:\/\/wp.me\/p7ZJR4-gFU","jetpack_likes_enabled":false,"jetpack-related-posts":[{"id":68605,"url":"https:\/\/www.grieta.org.mx\/index.php\/2024\/03\/08\/ocupa-colima-primer-lugar-en-homicidios-a-mujeres-a-nivel-nacional-y-segundo-en-feminicidios\/","url_meta":{"origin":64102,"position":0},"title":"Ocupa Colima primer lugar en homicidios a mujeres a nivel nacional y segundo en feminicidios","author":"grieta","date":"8 marzo, 2024","format":false,"excerpt":"Imagen: El Comentario C\u00e9sar Barrera \/ El Comentario Al registrar 8 asesinatos de mujeres y un\u00a0feminicidio\u00a0en el primer mes de este 2024, el estado de Colima ocupa el primer lugar nacional en homicidios dolosos contra mujeres y el segundo lugar en el pa\u00eds por el delito de feminicidio, de acuerdo\u2026","rel":"","context":"En &quot;CINTILLO&quot;","block_context":{"text":"CINTILLO","link":"https:\/\/www.grieta.org.mx\/index.php\/category\/cintillo\/"},"img":{"alt_text":"","src":"https:\/\/i0.wp.com\/www.grieta.org.mx\/wp-content\/uploads\/2024\/03\/b-gkdf.jpg.webp?resize=350%2C200&ssl=1","width":350,"height":200,"srcset":"https:\/\/i0.wp.com\/www.grieta.org.mx\/wp-content\/uploads\/2024\/03\/b-gkdf.jpg.webp?resize=350%2C200&ssl=1 1x, https:\/\/i0.wp.com\/www.grieta.org.mx\/wp-content\/uploads\/2024\/03\/b-gkdf.jpg.webp?resize=525%2C300&ssl=1 1.5x, https:\/\/i0.wp.com\/www.grieta.org.mx\/wp-content\/uploads\/2024\/03\/b-gkdf.jpg.webp?resize=700%2C400&ssl=1 2x, https:\/\/i0.wp.com\/www.grieta.org.mx\/wp-content\/uploads\/2024\/03\/b-gkdf.jpg.webp?resize=1050%2C600&ssl=1 3x, https:\/\/i0.wp.com\/www.grieta.org.mx\/wp-content\/uploads\/2024\/03\/b-gkdf.jpg.webp?resize=1400%2C800&ssl=1 4x"},"classes":[]},{"id":70403,"url":"https:\/\/www.grieta.org.mx\/index.php\/2024\/10\/31\/el-2024-se-perfila-como-el-mas-violento-para-las-mujeres-en-la-historia-de-colima\/","url_meta":{"origin":64102,"position":1},"title":"El 2024 se perfila como el m\u00e1s violento para las mujeres en la historia de Colima","author":"grieta","date":"31 octubre, 2024","format":false,"excerpt":"Imagen: Diario Avanzada Heidi de Le\u00f3n Guti\u00e9rrez \/ Diario Avanzada Colima, M\u00e9xico, Avanzada (31\/10\/2024).- Colima enfrenta una crisis de violencia contra las mujeres, con 96 asesinatos registrados en los primeros nueve meses de 2024, seg\u00fan datos del Secretariado Ejecutivo del Sistema Nacional de Seguridad P\u00fablica (SESNSP). De continuar esta tendencia,\u2026","rel":"","context":"En &quot;CINTILLO&quot;","block_context":{"text":"CINTILLO","link":"https:\/\/www.grieta.org.mx\/index.php\/category\/cintillo\/"},"img":{"alt_text":"","src":"https:\/\/i0.wp.com\/www.grieta.org.mx\/wp-content\/uploads\/2024\/11\/5e02817a-3f45-4ddc-891b-c4c370edc579-1.jpg?resize=350%2C200&ssl=1","width":350,"height":200,"srcset":"https:\/\/i0.wp.com\/www.grieta.org.mx\/wp-content\/uploads\/2024\/11\/5e02817a-3f45-4ddc-891b-c4c370edc579-1.jpg?resize=350%2C200&ssl=1 1x, https:\/\/i0.wp.com\/www.grieta.org.mx\/wp-content\/uploads\/2024\/11\/5e02817a-3f45-4ddc-891b-c4c370edc579-1.jpg?resize=525%2C300&ssl=1 1.5x, https:\/\/i0.wp.com\/www.grieta.org.mx\/wp-content\/uploads\/2024\/11\/5e02817a-3f45-4ddc-891b-c4c370edc579-1.jpg?resize=700%2C400&ssl=1 2x, https:\/\/i0.wp.com\/www.grieta.org.mx\/wp-content\/uploads\/2024\/11\/5e02817a-3f45-4ddc-891b-c4c370edc579-1.jpg?resize=1050%2C600&ssl=1 3x, https:\/\/i0.wp.com\/www.grieta.org.mx\/wp-content\/uploads\/2024\/11\/5e02817a-3f45-4ddc-891b-c4c370edc579-1.jpg?resize=1400%2C800&ssl=1 4x"},"classes":[]},{"id":67829,"url":"https:\/\/www.grieta.org.mx\/index.php\/2023\/09\/25\/colima-primero-en-homicidios-de-mujeres-y-violencia-familiar-segundo-en-feminicidios\/","url_meta":{"origin":64102,"position":2},"title":"Colima, primero en homicidios de mujeres y violencia familiar; segundo en feminicidios","author":"grieta","date":"25 septiembre, 2023","format":false,"excerpt":"Imagen: Tomada de la Red Heidi de Le\u00f3n Guti\u00e9rrez \/ Diario Avanzada Colima, M\u00e9xico, Avanzada (25\/09\/2023).- A pesar de haber sido declarado con Alerta de Violencia de G\u00e9nero desde 2017, el estado de Colima contin\u00faa padeciendo la ola de violencia familiar y de g\u00e9nero. Las cifras son alarmantes: seg\u00fan el\u2026","rel":"","context":"En &quot;CINTILLO&quot;","block_context":{"text":"CINTILLO","link":"https:\/\/www.grieta.org.mx\/index.php\/category\/cintillo\/"},"img":{"alt_text":"","src":"https:\/\/i0.wp.com\/www.grieta.org.mx\/wp-content\/uploads\/2023\/10\/Imagen-de-WhatsApp-2023-09-25-a-las-08.16.28-840x1024-1.webp?resize=350%2C200&ssl=1","width":350,"height":200,"srcset":"https:\/\/i0.wp.com\/www.grieta.org.mx\/wp-content\/uploads\/2023\/10\/Imagen-de-WhatsApp-2023-09-25-a-las-08.16.28-840x1024-1.webp?resize=350%2C200&ssl=1 1x, https:\/\/i0.wp.com\/www.grieta.org.mx\/wp-content\/uploads\/2023\/10\/Imagen-de-WhatsApp-2023-09-25-a-las-08.16.28-840x1024-1.webp?resize=525%2C300&ssl=1 1.5x, https:\/\/i0.wp.com\/www.grieta.org.mx\/wp-content\/uploads\/2023\/10\/Imagen-de-WhatsApp-2023-09-25-a-las-08.16.28-840x1024-1.webp?resize=700%2C400&ssl=1 2x"},"classes":[]},{"id":71698,"url":"https:\/\/www.grieta.org.mx\/index.php\/2025\/05\/05\/colima-el-estado-mas-violento-contra-las-mujeres-en-el-primer-trimestre-de-2025\/","url_meta":{"origin":64102,"position":3},"title":"Colima, el estado m\u00e1s violento contra las mujeres en el primer trimestre de 2025","author":"grieta","date":"5 mayo, 2025","format":false,"excerpt":"Imagen: fachada del Palacio de Gobierno de Colima tras la manifestaci\u00f3n feminista del 8 de marzo. Heidi de Le\u00f3n Guti\u00e9rrez \/ Diario Avanzada Colima, M\u00e9xico, Avanzada (05\/05\/2025).- Colima se posicion\u00f3 como la entidad m\u00e1s violenta del pa\u00eds para las mujeres durante el primer trimestre de 2025, al registrar la tasa\u2026","rel":"","context":"En &quot;CINTILLO&quot;","block_context":{"text":"CINTILLO","link":"https:\/\/www.grieta.org.mx\/index.php\/category\/cintillo\/"},"img":{"alt_text":"","src":"https:\/\/i0.wp.com\/www.grieta.org.mx\/wp-content\/uploads\/2025\/05\/fe1d61f4-13ba-43ec-9610-eb877e3b17a4-1.jpg?resize=350%2C200&ssl=1","width":350,"height":200,"srcset":"https:\/\/i0.wp.com\/www.grieta.org.mx\/wp-content\/uploads\/2025\/05\/fe1d61f4-13ba-43ec-9610-eb877e3b17a4-1.jpg?resize=350%2C200&ssl=1 1x, https:\/\/i0.wp.com\/www.grieta.org.mx\/wp-content\/uploads\/2025\/05\/fe1d61f4-13ba-43ec-9610-eb877e3b17a4-1.jpg?resize=525%2C300&ssl=1 1.5x, https:\/\/i0.wp.com\/www.grieta.org.mx\/wp-content\/uploads\/2025\/05\/fe1d61f4-13ba-43ec-9610-eb877e3b17a4-1.jpg?resize=700%2C400&ssl=1 2x, https:\/\/i0.wp.com\/www.grieta.org.mx\/wp-content\/uploads\/2025\/05\/fe1d61f4-13ba-43ec-9610-eb877e3b17a4-1.jpg?resize=1050%2C600&ssl=1 3x, https:\/\/i0.wp.com\/www.grieta.org.mx\/wp-content\/uploads\/2025\/05\/fe1d61f4-13ba-43ec-9610-eb877e3b17a4-1.jpg?resize=1400%2C800&ssl=1 4x"},"classes":[]},{"id":57712,"url":"https:\/\/www.grieta.org.mx\/index.php\/2021\/03\/08\/fracasa-la-proteccion-de-las-mujeres-en-colima-feminicidios-violencia-y-hostigamiento-sexual-colima\/","url_meta":{"origin":64102,"position":4},"title":"Fracasa la protecci\u00f3n de las mujeres en Colima; feminicidios, violencia y hostigamiento sexual (Colima)","author":"grieta","date":"8 marzo, 2021","format":false,"excerpt":"Foto: Diario Avanzada Heidi de Le\u00f3n Guti\u00e9rrez \/ Diario Avanzada Colima, M\u00e9xico, Avanzada (08\/03\/2021).- En Colima,\u00a0las mujeres no est\u00e1n seguras ni en su casa ni en la calle. Los datos del Secretariado Ejecutivo del Sistema Nacional de Seguridad, ubican a esta entidad con la tasa m\u00e1s alta del pa\u00eds en\u2026","rel":"","context":"En &quot;CINTILLO&quot;","block_context":{"text":"CINTILLO","link":"https:\/\/www.grieta.org.mx\/index.php\/category\/cintillo\/"},"img":{"alt_text":"","src":"https:\/\/i0.wp.com\/www.grieta.org.mx\/wp-content\/uploads\/2021\/03\/Mujer.jpg?resize=350%2C200&ssl=1","width":350,"height":200,"srcset":"https:\/\/i0.wp.com\/www.grieta.org.mx\/wp-content\/uploads\/2021\/03\/Mujer.jpg?resize=350%2C200&ssl=1 1x, https:\/\/i0.wp.com\/www.grieta.org.mx\/wp-content\/uploads\/2021\/03\/Mujer.jpg?resize=525%2C300&ssl=1 1.5x, https:\/\/i0.wp.com\/www.grieta.org.mx\/wp-content\/uploads\/2021\/03\/Mujer.jpg?resize=700%2C400&ssl=1 2x"},"classes":[]},{"id":43795,"url":"https:\/\/www.grieta.org.mx\/index.php\/2020\/01\/30\/homicidio-de-mujeres-en-colima-alcanza-el-nivel-de-epidemia-segun-oms\/","url_meta":{"origin":64102,"position":5},"title":"Homicidio de mujeres en Colima alcanza el nivel de epidemia, seg\u00fan OMS","author":"grieta","date":"30 enero, 2020","format":false,"excerpt":"Foto. Diario Avanzada Heidi de Le\u00f3n Guti\u00e9rrez \/ Diario Avanzada Colima, M\u00e9xico, Avanzada (30\/01\/2020).- Colima es el estado donde m\u00e1s asesinan mujeres por cada 100 mil habitantes en el pa\u00eds, seguido de Baja California, Chihuahua y Quintana Roo. Las cifras de homicidios contra mujeres, permiten deducir que la entidad padece\u2026","rel":"","context":"En &quot;CINTILLO&quot;","block_context":{"text":"CINTILLO","link":"https:\/\/www.grieta.org.mx\/index.php\/category\/cintillo\/"},"img":{"alt_text":"","src":"https:\/\/i0.wp.com\/www.grieta.org.mx\/wp-content\/uploads\/2020\/02\/Feminicidios.jpg?resize=350%2C200&ssl=1","width":350,"height":200,"srcset":"https:\/\/i0.wp.com\/www.grieta.org.mx\/wp-content\/uploads\/2020\/02\/Feminicidios.jpg?resize=350%2C200&ssl=1 1x, https:\/\/i0.wp.com\/www.grieta.org.mx\/wp-content\/uploads\/2020\/02\/Feminicidios.jpg?resize=525%2C300&ssl=1 1.5x, https:\/\/i0.wp.com\/www.grieta.org.mx\/wp-content\/uploads\/2020\/02\/Feminicidios.jpg?resize=700%2C400&ssl=1 2x"},"classes":[]}],"_links":{"self":[{"href":"https:\/\/www.grieta.org.mx\/index.php\/wp-json\/wp\/v2\/posts\/64102","targetHints":{"allow":["GET"]}}],"collection":[{"href":"https:\/\/www.grieta.org.mx\/index.php\/wp-json\/wp\/v2\/posts"}],"about":[{"href":"https:\/\/www.grieta.org.mx\/index.php\/wp-json\/wp\/v2\/types\/post"}],"author":[{"embeddable":true,"href":"https:\/\/www.grieta.org.mx\/index.php\/wp-json\/wp\/v2\/users\/2"}],"replies":[{"embeddable":true,"href":"https:\/\/www.grieta.org.mx\/index.php\/wp-json\/wp\/v2\/comments?post=64102"}],"version-history":[{"count":1,"href":"https:\/\/www.grieta.org.mx\/index.php\/wp-json\/wp\/v2\/posts\/64102\/revisions"}],"predecessor-version":[{"id":64104,"href":"https:\/\/www.grieta.org.mx\/index.php\/wp-json\/wp\/v2\/posts\/64102\/revisions\/64104"}],"wp:featuredmedia":[{"embeddable":true,"href":"https:\/\/www.grieta.org.mx\/index.php\/wp-json\/wp\/v2\/media\/64103"}],"wp:attachment":[{"href":"https:\/\/www.grieta.org.mx\/index.php\/wp-json\/wp\/v2\/media?parent=64102"}],"wp:term":[{"taxonomy":"category","embeddable":true,"href":"https:\/\/www.grieta.org.mx\/index.php\/wp-json\/wp\/v2\/categories?post=64102"},{"taxonomy":"post_tag","embeddable":true,"href":"https:\/\/www.grieta.org.mx\/index.php\/wp-json\/wp\/v2\/tags?post=64102"}],"curies":[{"name":"wp","href":"https:\/\/api.w.org\/{rel}","templated":true}]}}